{"id":20630,"date":"2014-11-21T16:23:43","date_gmt":"2014-11-21T19:23:43","guid":{"rendered":"https:\/\/www.blogsoestado.com\/danielmatos\/?p=20630"},"modified":"2014-11-21T16:23:43","modified_gmt":"2014-11-21T19:23:43","slug":"edivaldo-anuncia-lula-fylho-na-secretaria-de-governo-e-guilherme-marques-no-turismo","status":"publish","type":"post","link":"https:\/\/www.blogsoestado.com\/danielmatos\/edivaldo-anuncia-lula-fylho-na-secretaria-de-governo-e-guilherme-marques-no-turismo\/","title":{"rendered":"Edivaldo anuncia Lula Fylho na Secretaria de Governo e Guilherme Marques no Turismo"},"content":{"rendered":"<figure id=\"attachment_20631\" aria-describedby=\"caption-attachment-20631\" style=\"width: 448px\" class=\"wp-caption alignleft\"><a href=\"https:\/\/www.blogsoestado.com\/danielmatos\/files\/2014\/11\/lula-filho.jpg\"><img fetchpriority=\"high\" decoding=\"async\" class=\"size-full wp-image-20631\" src=\"https:\/\/www.blogsoestado.com\/danielmatos\/files\/2014\/11\/lula-filho.jpg\" alt=\"Lula Filho substitui Rodrigo Marques na Secretaria de Governo\" width=\"448\" height=\"321\" \/><\/a><figcaption id=\"caption-attachment-20631\" class=\"wp-caption-text\">Lula Filho substitui Rodrigo Marques na Secretaria Municipal de Governo<\/figcaption><\/figure>\n<p>O prefeito Edivaldo anunciou nesta sexta-feira (21) a escolha de Lula Fylho como novo secret\u00e1rio municipal de Governo. Lula Fylho exercia a titularidade da Secretaria Municipal de Turismo (Setur) e foi anunciado para o novo cargo ap\u00f3s o pedido do ex-secret\u00e1rio de Governo, Rodrigo Marques, de afastamento da fun\u00e7\u00e3o para dedicar-se a projetos na iniciativa privada.<\/p>\n<p>Lula Fylho \u00e9 administrador de empresas com p\u00f3s-gradua\u00e7\u00e3o em Did\u00e1tica e em Gest\u00e3o de Pessoas e mestrando em Administra\u00e7\u00e3o. Desde janeiro do ano passado, ele estava \u00e0 frente da Setur e agora assume o comando da Secretaria de Governo. O secret\u00e1rio reafirmou o empenho e compromisso para dar continuidade \u00e0s a\u00e7\u00f5es da pasta, garantindo o processo de melhoria da qualidade de vida da popula\u00e7\u00e3o.<\/p>\n<p>O compromisso com a cidade tamb\u00e9m foi refor\u00e7ado pelo ex-secret\u00e1rio de Governo, Rodrigo Marques, ao entregar o cargo. Ele agradeceu ao prefeito Edivaldo a oportunidade de participar da atual administra\u00e7\u00e3o municipal e colaborar com os avan\u00e7os conquistados para a cidade atrav\u00e9s do modelo de gest\u00e3o definido pelo prefeito, com foco em resultados.<\/p>\n<p>Como exemplos dos avan\u00e7os alcan\u00e7ados pela administra\u00e7\u00e3o do prefeito Edivaldo, Rodrigo Marques citou a reforma dos postos de sa\u00fade, humaniza\u00e7\u00e3o e melhoria do atendimento nos hospitais de urg\u00eancia, constru\u00e7\u00e3o de unidades habitacionais, entrega de milhares de t\u00edtulos de resid\u00eancia, constru\u00e7\u00e3o de canais, entre outras obras.<\/p>\n<p><strong>Turismo<\/strong><\/p>\n<figure id=\"attachment_20632\" aria-describedby=\"caption-attachment-20632\" style=\"width: 296px\" class=\"wp-caption alignright\"><a href=\"https:\/\/www.blogsoestado.com\/danielmatos\/files\/2014\/11\/guilherme-marques.jpg\"><img decoding=\"async\" class=\"size-full wp-image-20632\" src=\"https:\/\/www.blogsoestado.com\/danielmatos\/files\/2014\/11\/guilherme-marques.jpg\" alt=\"Guilherme Marques comandar\u00e1 pasta do Turismo na administra\u00e7\u00e3o municipal\" width=\"296\" height=\"448\" \/><\/a><figcaption id=\"caption-attachment-20632\" class=\"wp-caption-text\">Guilherme Marques comandar\u00e1 pasta do Turismo na administra\u00e7\u00e3o municipal<\/figcaption><\/figure>\n<p>No lugar de Lula Fylho, o prefeito Edivaldo anunciou o nome de Guilherme Marques como secret\u00e1rio de Turismo. Guilherme Marques ocupava o cargo de secret\u00e1rio adjunto e ao ser nomeado titular reafirmou a disposi\u00e7\u00e3o na continuidade do trabalho desenvolvido na pasta, que tem divulgado a cidade e fomentado o turismo na capital, contribuindo para a gera\u00e7\u00e3o de emprego e renda.<\/p>\n<p>Guilherme Marques \u00e9 formado em Administra\u00e7\u00e3o de Empresas e possui vasta experi\u00eancia no setor de turismo, onde trabalha h\u00e1 mais de 20 anos. \u00c9 s\u00f3cio-diretor da Glacymar Turismo e foi presidente da Associa\u00e7\u00e3o Brasileira de Ag\u00eancias de Viagens do Maranh\u00e3o (ABAV-MA) de 2009 a 2013. Ele tamb\u00e9m foi conselheiro da ABAV nacional e vice-presidente do Convention Visitors &amp; Bureax de S\u00e3o Lu\u00eds.<\/p>\n<p>Para o cargo de secret\u00e1rio adjunto da Setur foi nomeado o administrador Guilherme J\u00fanior. Ele \u00e9 formado em Administra\u00e7\u00e3o com habilita\u00e7\u00e3o em Marketing pela Faculdade S\u00e3o Lu\u00eds com MBA em Desenvolvimento e Gest\u00e3o com Pessoas. O secret\u00e1rio adjunto tamb\u00e9m tem forma\u00e7\u00e3o em coach pelo ICI (Internation Association of Coaching Institutes).<\/p>\n","protected":false},"excerpt":{"rendered":"<p>O prefeito Edivaldo anunciou nesta sexta-feira (21) a escolha de Lula Fylho como novo secret\u00e1rio municipal de Governo. Lula Fylho [&hellip;]<\/p>\n","protected":false},"author":0,"featured_media":0,"comment_status":"open","ping_status":"open","sticky":false,"template":"","format":"standard","meta":{"site-sidebar-layout":"default","site-content-layout":"","ast-site-content-layout":"default","site-content-style":"default","site-sidebar-style":"default","ast-global-header-display":"","ast-banner-title-visibility":"","ast-main-header-display":"","ast-hfb-above-header-display":"","ast-hfb-below-header-display":"","ast-hfb-mobile-header-display":"","site-post-title":"","ast-breadcrumbs-content":"","ast-featured-img":"","footer-sml-layout":"","ast-disable-related-posts":"","theme-transparent-header-meta":"","adv-header-id-meta":"","stick-header-meta":"","header-above-stick-meta":"","header-main-stick-meta":"","header-below-stick-meta":"","astra-migrate-meta-layouts":"default","ast-page-background-enabled":"default","ast-page-background-meta":{"desktop":{"background-color":"var(--ast-global-color-5)","background-image":"","background-repeat":"repeat","background-position":"center center","background-size":"auto","background-attachment":"scroll","background-type":"","background-media":"","overlay-type":"","overlay-color":"","overlay-opacity":"","overlay-gradient":""},"tablet":{"background-color":"","background-image":"","background-repeat":"repeat","background-position":"center center","background-size":"auto","background-attachment":"scroll","background-type":"","background-media":"","overlay-type":"","overlay-color":"","overlay-opacity":"","overlay-gradient":""},"mobile":{"background-color":"","background-image":"","background-repeat":"repeat","background-position":"center center","background-size":"auto","background-attachment":"scroll","background-type":"","background-media":"","overlay-type":"","overlay-color":"","overlay-opacity":"","overlay-gradient":""}},"ast-content-background-meta":{"desktop":{"background-color":"var(--ast-global-color-4)","background-image":"","background-repeat":"repeat","background-position":"center center","background-size":"auto","background-attachment":"scroll","background-type":"","background-media":"","overlay-type":"","overlay-color":"","overlay-opacity":"","overlay-gradient":""},"tablet":{"background-color":"var(--ast-global-color-4)","background-image":"","background-repeat":"repeat","background-position":"center center","background-size":"auto","background-attachment":"scroll","background-type":"","background-media":"","overlay-type":"","overlay-color":"","overlay-opacity":"","overlay-gradient":""},"mobile":{"background-color":"var(--ast-global-color-4)","background-image":"","background-repeat":"repeat","background-position":"center center","background-size":"auto","background-attachment":"scroll","background-type":"","background-media":"","overlay-type":"","overlay-color":"","overlay-opacity":"","overlay-gradient":""}},"footnotes":""},"categories":[1],"tags":[],"class_list":["post-20630","post","type-post","status-publish","format-standard","hentry","category-sem-categoria"],"yoast_head":"<!-- This site is optimized with the Yoast SEO plugin v26.6 - https:\/\/yoast.com\/wordpress\/plugins\/seo\/ -->\n<title>Edivaldo anuncia Lula Fylho na Secretaria de Governo e Guilherme Marques no Turismo - Daniel Matos<\/title>\n<meta name=\"robots\" content=\"index, follow, max-snippet:-1, max-image-preview:large, max-video-preview:-1\" \/>\n<link rel=\"canonical\" href=\"https:\/\/www.blogsoestado.com\/danielmatos\/edivaldo-anuncia-lula-fylho-na-secretaria-de-governo-e-guilherme-marques-no-turismo\/\" \/>\n<meta property=\"og:locale\" content=\"pt_BR\" \/>\n<meta property=\"og:type\" content=\"article\" \/>\n<meta property=\"og:title\" content=\"Edivaldo anuncia Lula Fylho na Secretaria de Governo e Guilherme Marques no Turismo - Daniel Matos\" \/>\n<meta property=\"og:description\" content=\"O prefeito Edivaldo anunciou nesta sexta-feira (21) a escolha de Lula Fylho como novo secret\u00e1rio municipal de Governo. Lula Fylho [&hellip;]\" \/>\n<meta property=\"og:url\" content=\"https:\/\/www.blogsoestado.com\/danielmatos\/edivaldo-anuncia-lula-fylho-na-secretaria-de-governo-e-guilherme-marques-no-turismo\/\" \/>\n<meta property=\"og:site_name\" content=\"Daniel Matos\" \/>\n<meta property=\"article:published_time\" content=\"2014-11-21T19:23:43+00:00\" \/>\n<meta property=\"og:image\" content=\"https:\/\/www.blogsoestado.com\/danielmatos\/files\/2014\/11\/lula-filho.jpg\" \/>\n<meta name=\"twitter:card\" content=\"summary_large_image\" \/>\n<meta name=\"twitter:label1\" content=\"Est. tempo de leitura\" \/>\n\t<meta name=\"twitter:data1\" content=\"2 minutos\" \/>\n<script type=\"application\/ld+json\" class=\"yoast-schema-graph\">{\"@context\":\"https:\/\/schema.org\",\"@graph\":[{\"@type\":\"WebPage\",\"@id\":\"https:\/\/www.blogsoestado.com\/danielmatos\/edivaldo-anuncia-lula-fylho-na-secretaria-de-governo-e-guilherme-marques-no-turismo\/\",\"url\":\"https:\/\/www.blogsoestado.com\/danielmatos\/edivaldo-anuncia-lula-fylho-na-secretaria-de-governo-e-guilherme-marques-no-turismo\/\",\"name\":\"Edivaldo anuncia Lula Fylho na Secretaria de Governo e Guilherme Marques no Turismo - Daniel Matos\",\"isPartOf\":{\"@id\":\"https:\/\/www.blogsoestado.com\/danielmatos\/#website\"},\"primaryImageOfPage\":{\"@id\":\"https:\/\/www.blogsoestado.com\/danielmatos\/edivaldo-anuncia-lula-fylho-na-secretaria-de-governo-e-guilherme-marques-no-turismo\/#primaryimage\"},\"image\":{\"@id\":\"https:\/\/www.blogsoestado.com\/danielmatos\/edivaldo-anuncia-lula-fylho-na-secretaria-de-governo-e-guilherme-marques-no-turismo\/#primaryimage\"},\"thumbnailUrl\":\"https:\/\/www.blogsoestado.com\/danielmatos\/files\/2014\/11\/lula-filho.jpg\",\"datePublished\":\"2014-11-21T19:23:43+00:00\",\"author\":{\"@id\":\"\"},\"breadcrumb\":{\"@id\":\"https:\/\/www.blogsoestado.com\/danielmatos\/edivaldo-anuncia-lula-fylho-na-secretaria-de-governo-e-guilherme-marques-no-turismo\/#breadcrumb\"},\"inLanguage\":\"pt-BR\",\"potentialAction\":[{\"@type\":\"ReadAction\",\"target\":[\"https:\/\/www.blogsoestado.com\/danielmatos\/edivaldo-anuncia-lula-fylho-na-secretaria-de-governo-e-guilherme-marques-no-turismo\/\"]}]},{\"@type\":\"ImageObject\",\"inLanguage\":\"pt-BR\",\"@id\":\"https:\/\/www.blogsoestado.com\/danielmatos\/edivaldo-anuncia-lula-fylho-na-secretaria-de-governo-e-guilherme-marques-no-turismo\/#primaryimage\",\"url\":\"https:\/\/www.blogsoestado.com\/danielmatos\/files\/2014\/11\/lula-filho.jpg\",\"contentUrl\":\"https:\/\/www.blogsoestado.com\/danielmatos\/files\/2014\/11\/lula-filho.jpg\"},{\"@type\":\"BreadcrumbList\",\"@id\":\"https:\/\/www.blogsoestado.com\/danielmatos\/edivaldo-anuncia-lula-fylho-na-secretaria-de-governo-e-guilherme-marques-no-turismo\/#breadcrumb\",\"itemListElement\":[{\"@type\":\"ListItem\",\"position\":1,\"name\":\"In\u00edcio\",\"item\":\"https:\/\/www.blogsoestado.com\/danielmatos\/\"},{\"@type\":\"ListItem\",\"position\":2,\"name\":\"Edivaldo anuncia Lula Fylho na Secretaria de Governo e Guilherme Marques no Turismo\"}]},{\"@type\":\"WebSite\",\"@id\":\"https:\/\/www.blogsoestado.com\/danielmatos\/#website\",\"url\":\"https:\/\/www.blogsoestado.com\/danielmatos\/\",\"name\":\"Daniel Matos\",\"description\":\"\",\"potentialAction\":[{\"@type\":\"SearchAction\",\"target\":{\"@type\":\"EntryPoint\",\"urlTemplate\":\"https:\/\/www.blogsoestado.com\/danielmatos\/?s={search_term_string}\"},\"query-input\":{\"@type\":\"PropertyValueSpecification\",\"valueRequired\":true,\"valueName\":\"search_term_string\"}}],\"inLanguage\":\"pt-BR\"}]}<\/script>\n<!-- \/ Yoast SEO plugin. -->","yoast_head_json":{"title":"Edivaldo anuncia Lula Fylho na Secretaria de Governo e Guilherme Marques no Turismo - Daniel Matos","robots":{"index":"index","follow":"follow","max-snippet":"max-snippet:-1","max-image-preview":"max-image-preview:large","max-video-preview":"max-video-preview:-1"},"canonical":"https:\/\/www.blogsoestado.com\/danielmatos\/edivaldo-anuncia-lula-fylho-na-secretaria-de-governo-e-guilherme-marques-no-turismo\/","og_locale":"pt_BR","og_type":"article","og_title":"Edivaldo anuncia Lula Fylho na Secretaria de Governo e Guilherme Marques no Turismo - Daniel Matos","og_description":"O prefeito Edivaldo anunciou nesta sexta-feira (21) a escolha de Lula Fylho como novo secret\u00e1rio municipal de Governo. Lula Fylho [&hellip;]","og_url":"https:\/\/www.blogsoestado.com\/danielmatos\/edivaldo-anuncia-lula-fylho-na-secretaria-de-governo-e-guilherme-marques-no-turismo\/","og_site_name":"Daniel Matos","article_published_time":"2014-11-21T19:23:43+00:00","og_image":[{"url":"https:\/\/www.blogsoestado.com\/danielmatos\/files\/2014\/11\/lula-filho.jpg","type":"","width":"","height":""}],"twitter_card":"summary_large_image","twitter_misc":{"Est. tempo de leitura":"2 minutos"},"schema":{"@context":"https:\/\/schema.org","@graph":[{"@type":"WebPage","@id":"https:\/\/www.blogsoestado.com\/danielmatos\/edivaldo-anuncia-lula-fylho-na-secretaria-de-governo-e-guilherme-marques-no-turismo\/","url":"https:\/\/www.blogsoestado.com\/danielmatos\/edivaldo-anuncia-lula-fylho-na-secretaria-de-governo-e-guilherme-marques-no-turismo\/","name":"Edivaldo anuncia Lula Fylho na Secretaria de Governo e Guilherme Marques no Turismo - Daniel Matos","isPartOf":{"@id":"https:\/\/www.blogsoestado.com\/danielmatos\/#website"},"primaryImageOfPage":{"@id":"https:\/\/www.blogsoestado.com\/danielmatos\/edivaldo-anuncia-lula-fylho-na-secretaria-de-governo-e-guilherme-marques-no-turismo\/#primaryimage"},"image":{"@id":"https:\/\/www.blogsoestado.com\/danielmatos\/edivaldo-anuncia-lula-fylho-na-secretaria-de-governo-e-guilherme-marques-no-turismo\/#primaryimage"},"thumbnailUrl":"https:\/\/www.blogsoestado.com\/danielmatos\/files\/2014\/11\/lula-filho.jpg","datePublished":"2014-11-21T19:23:43+00:00","author":{"@id":""},"breadcrumb":{"@id":"https:\/\/www.blogsoestado.com\/danielmatos\/edivaldo-anuncia-lula-fylho-na-secretaria-de-governo-e-guilherme-marques-no-turismo\/#breadcrumb"},"inLanguage":"pt-BR","potentialAction":[{"@type":"ReadAction","target":["https:\/\/www.blogsoestado.com\/danielmatos\/edivaldo-anuncia-lula-fylho-na-secretaria-de-governo-e-guilherme-marques-no-turismo\/"]}]},{"@type":"ImageObject","inLanguage":"pt-BR","@id":"https:\/\/www.blogsoestado.com\/danielmatos\/edivaldo-anuncia-lula-fylho-na-secretaria-de-governo-e-guilherme-marques-no-turismo\/#primaryimage","url":"https:\/\/www.blogsoestado.com\/danielmatos\/files\/2014\/11\/lula-filho.jpg","contentUrl":"https:\/\/www.blogsoestado.com\/danielmatos\/files\/2014\/11\/lula-filho.jpg"},{"@type":"BreadcrumbList","@id":"https:\/\/www.blogsoestado.com\/danielmatos\/edivaldo-anuncia-lula-fylho-na-secretaria-de-governo-e-guilherme-marques-no-turismo\/#breadcrumb","itemListElement":[{"@type":"ListItem","position":1,"name":"In\u00edcio","item":"https:\/\/www.blogsoestado.com\/danielmatos\/"},{"@type":"ListItem","position":2,"name":"Edivaldo anuncia Lula Fylho na Secretaria de Governo e Guilherme Marques no Turismo"}]},{"@type":"WebSite","@id":"https:\/\/www.blogsoestado.com\/danielmatos\/#website","url":"https:\/\/www.blogsoestado.com\/danielmatos\/","name":"Daniel Matos","description":"","potentialAction":[{"@type":"SearchAction","target":{"@type":"EntryPoint","urlTemplate":"https:\/\/www.blogsoestado.com\/danielmatos\/?s={search_term_string}"},"query-input":{"@type":"PropertyValueSpecification","valueRequired":true,"valueName":"search_term_string"}}],"inLanguage":"pt-BR"}]}},"jetpack_featured_media_url":"","_links":{"self":[{"href":"https:\/\/www.blogsoestado.com\/danielmatos\/wp-json\/wp\/v2\/posts\/20630","targetHints":{"allow":["GET"]}}],"collection":[{"href":"https:\/\/www.blogsoestado.com\/danielmatos\/wp-json\/wp\/v2\/posts"}],"about":[{"href":"https:\/\/www.blogsoestado.com\/danielmatos\/wp-json\/wp\/v2\/types\/post"}],"replies":[{"embeddable":true,"href":"https:\/\/www.blogsoestado.com\/danielmatos\/wp-json\/wp\/v2\/comments?post=20630"}],"version-history":[{"count":0,"href":"https:\/\/www.blogsoestado.com\/danielmatos\/wp-json\/wp\/v2\/posts\/20630\/revisions"}],"wp:attachment":[{"href":"https:\/\/www.blogsoestado.com\/danielmatos\/wp-json\/wp\/v2\/media?parent=20630"}],"wp:term":[{"taxonomy":"category","embeddable":true,"href":"https:\/\/www.blogsoestado.com\/danielmatos\/wp-json\/wp\/v2\/categories?post=20630"},{"taxonomy":"post_tag","embeddable":true,"href":"https:\/\/www.blogsoestado.com\/danielmatos\/wp-json\/wp\/v2\/tags?post=20630"}],"curies":[{"name":"wp","href":"https:\/\/api.w.org\/{rel}","templated":true}]}}