{"id":20634,"date":"2014-11-21T17:54:41","date_gmt":"2014-11-21T20:54:41","guid":{"rendered":"https:\/\/www.blogsoestado.com\/danielmatos\/?p=20634"},"modified":"2014-11-21T17:54:41","modified_gmt":"2014-11-21T20:54:41","slug":"flavio-dino-anuncia-mais-sete-nomes-para-equipe-de-governo","status":"publish","type":"post","link":"https:\/\/www.blogsoestado.com\/danielmatos\/flavio-dino-anuncia-mais-sete-nomes-para-equipe-de-governo\/","title":{"rendered":"Fl\u00e1vio Dino anuncia mais sete nomes para equipe de governo"},"content":{"rendered":"<p>O governador eleito Fl\u00e1vio Dino anunciou mais sete nomes nesta sexta-feira (21) para a sua equipe. S\u00e3o eles os comandantes das pol\u00edcias Militar, Civil e do Corpo de Bombeiros, o chefe do Gabinete Militar, o secret\u00e1rio de Representa\u00e7\u00e3o Institucional no Distrito Federal e o presidente do Iterma. Todas as indica\u00e7\u00f5es foram feitas atrav\u00e9s das redes sociais.<\/p>\n<p>No Programa de Governo, Fl\u00e1vio Dino apresenta quais as principais metas que pretende alcan\u00e7ar na \u00e1rea da seguran\u00e7a. Entre as quais, o combate ao tr\u00e1fico de drogas, o aumento progressivo do n\u00famero de policiais e bombeiros, al\u00e9m do investimento em equipamentos.<\/p>\n<p>Al\u00e9m disso, prop\u00f5e a implanta\u00e7\u00e3o do Pacto pela Vida para articular pol\u00edticas de preven\u00e7\u00e3o e repress\u00e3o ao crime. Apresenta tamb\u00e9m como compromisso, colocar em funcionamento as novas unidades prisionais em constru\u00e7\u00e3o com recursos federais e humaniza\u00e7\u00e3o da execu\u00e7\u00e3o penal com m\u00e9todos como a Apac &#8211; Associa\u00e7\u00e3o de Prote\u00e7\u00e3o e Assist\u00eancia aos Condenados.<\/p>\n<p>Para atuar na \u00e1rea da Seguran\u00e7a P\u00fablica do Maranh\u00e3o, Fl\u00e1vio Dino j\u00e1 havia anunciado os secret\u00e1rios Jefferson Portela (Seguran\u00e7a P\u00fablica) e Murilo Andrade (Administra\u00e7\u00e3o Penitenci\u00e1ria). Nesta sexta-feira (21), indicou os seguintes nomes para os comandos da Pol\u00edcia Militar e Corpo de Bombeiros:<\/p>\n<p>CORONEL MARCO ANTONIO ALVES DA SILVA &#8211; Comandante Geral da Pol\u00edcia Militar<\/p>\n<p>CORONEL RAIMUNDO NONATO SANTOS S\u00c1 &#8211; Subcomandante Geral da Pol\u00edcia Militar<\/p>\n<p>CORONEL C\u00c9LIO ROBERTO PINTO DE ARA\u00daJO &#8211; Comandante Geral do Corpo de Bombeiros Militar<\/p>\n<p>Conhe\u00e7a o perfil dos demais indicados desta sexta:<\/p>\n<p>MAJOR EVERALDO FERREIRA SANTANA &#8211; Chefe do Gabinete Militar<\/p>\n<p>Everaldo Ferreira Santana \u00e9 bacharel em Seguran\u00e7a P\u00fablica (UEMA), especialista em Policiamento Montado (PMDF), instrutor de Equita\u00e7\u00e3o do Ex\u00e9rcito (EsEqEx) e t\u00e9cnicas de Prote\u00e7\u00e3o de Dignit\u00e1rios (Paran\u00e1). Na carreira militar, atuou na Cavalaria, no 8\u00ba Batalh\u00e3o de Pol\u00edcia Militar e Gabinete Militar do Governo. Atualmente, est\u00e1 Corregedoria Adjunta da PMMA. Major Santana tem forma\u00e7\u00e3o em Direito, mestre em Direito Constitucional e p\u00f3s-graduando em Ci\u00eancias Penais. \u00c9 professor universit\u00e1rio de Direito Constitucional e Direito Penal.<\/p>\n<p>DOMINGOS DUTRA &#8211; Secret\u00e1rio de Representa\u00e7\u00e3o Institucional no Distrito Federal<\/p>\n<p>O deputado federal Domingos Dutra ser\u00e1 o respons\u00e1vel por representar o Governo do Maranh\u00e3o na articula\u00e7\u00e3o junto aos \u00f3rg\u00e3os do Governo Federal para efetiva\u00e7\u00e3o de programas e projetos de interesse do estado. Dutra \u00e9 formado em Direito pela Universidade Federal do Maranh\u00e3o (UFMA). Possui destaca atua\u00e7\u00e3o na C\u00e2mara Federal na defesa da popula\u00e7\u00e3o maranhense.<\/p>\n<p>MAURO JORGE \u2013 presidente do Instituto de Coloniza\u00e7\u00e3o e Terras do Maranh\u00e3o (Iterma)<\/p>\n<p>Mauro Jorge assume a presid\u00eancia do Iterma com a meta de executar a pol\u00edtica agr\u00e1ria do Estado, atuar no reconhecimento de posses leg\u00edtimas e titularizar os respectivos possuidores. O pr\u00f3ximo presidente do Iterma foi deputado estadual e vice-prefeito de Lago da Pedra. \u00c9 empres\u00e1rio e formado em Administra\u00e7\u00e3o de Empresas.<\/p>\n<p>AUGUSTO BARROS NETO &#8211; Delegado-geral da Pol\u00edcia Civil<\/p>\n<p>Augusto Barros ser\u00e1 o pr\u00f3ximo delegado-geral do Maranh\u00e3o. \u00c9 formado em Direito (UFMA) e p\u00f3s-graduando em Cidadania, Direitos Humanos e Gest\u00e3o em Seguran\u00e7a P\u00fablica. Atualmente, \u00e9 delegado-geral adjunto do Maranh\u00e3o e coordenador do Laborat\u00f3rio de Combate \u00e0 Lavagem de Dinheiro \u2013 conv\u00eanio com o Minist\u00e9rio da Justi\u00e7a a ser implantado pela Pol\u00edcia Civil no pr\u00f3ximo ano. Foi delegado de Mirinzal e Santa Helena, chefe do Departamento de Combate a Roubo de Cargas e chefe do Departamento de Opera\u00e7\u00f5es T\u00e1ticas Especiais. Atuou tamb\u00e9m como superintendente de Investiga\u00e7\u00e3o Criminal e superintendente da Superintend\u00eancia Estadual de Investiga\u00e7\u00e3o<\/p>\n","protected":false},"excerpt":{"rendered":"<p>O governador eleito Fl\u00e1vio Dino anunciou mais sete nomes nesta sexta-feira (21) para a sua equipe. S\u00e3o eles os comandantes [&hellip;]<\/p>\n","protected":false},"author":0,"featured_media":0,"comment_status":"open","ping_status":"open","sticky":false,"template":"","format":"standard","meta":{"site-sidebar-layout":"default","site-content-layout":"","ast-site-content-layout":"default","site-content-style":"default","site-sidebar-style":"default","ast-global-header-display":"","ast-banner-title-visibility":"","ast-main-header-display":"","ast-hfb-above-header-display":"","ast-hfb-below-header-display":"","ast-hfb-mobile-header-display":"","site-post-title":"","ast-breadcrumbs-content":"","ast-featured-img":"","footer-sml-layout":"","ast-disable-related-posts":"","theme-transparent-header-meta":"","adv-header-id-meta":"","stick-header-meta":"","header-above-stick-meta":"","header-main-stick-meta":"","header-below-stick-meta":"","astra-migrate-meta-layouts":"default","ast-page-background-enabled":"default","ast-page-background-meta":{"desktop":{"background-color":"var(--ast-global-color-5)","background-image":"","background-repeat":"repeat","background-position":"center center","background-size":"auto","background-attachment":"scroll","background-type":"","background-media":"","overlay-type":"","overlay-color":"","overlay-opacity":"","overlay-gradient":""},"tablet":{"background-color":"","background-image":"","background-repeat":"repeat","background-position":"center center","background-size":"auto","background-attachment":"scroll","background-type":"","background-media":"","overlay-type":"","overlay-color":"","overlay-opacity":"","overlay-gradient":""},"mobile":{"background-color":"","background-image":"","background-repeat":"repeat","background-position":"center center","background-size":"auto","background-attachment":"scroll","background-type":"","background-media":"","overlay-type":"","overlay-color":"","overlay-opacity":"","overlay-gradient":""}},"ast-content-background-meta":{"desktop":{"background-color":"var(--ast-global-color-4)","background-image":"","background-repeat":"repeat","background-position":"center center","background-size":"auto","background-attachment":"scroll","background-type":"","background-media":"","overlay-type":"","overlay-color":"","overlay-opacity":"","overlay-gradient":""},"tablet":{"background-color":"var(--ast-global-color-4)","background-image":"","background-repeat":"repeat","background-position":"center center","background-size":"auto","background-attachment":"scroll","background-type":"","background-media":"","overlay-type":"","overlay-color":"","overlay-opacity":"","overlay-gradient":""},"mobile":{"background-color":"var(--ast-global-color-4)","background-image":"","background-repeat":"repeat","background-position":"center center","background-size":"auto","background-attachment":"scroll","background-type":"","background-media":"","overlay-type":"","overlay-color":"","overlay-opacity":"","overlay-gradient":""}},"footnotes":""},"categories":[1],"tags":[],"class_list":["post-20634","post","type-post","status-publish","format-standard","hentry","category-sem-categoria"],"yoast_head":"<!-- This site is optimized with the Yoast SEO plugin v26.6 - https:\/\/yoast.com\/wordpress\/plugins\/seo\/ -->\n<title>Fl\u00e1vio Dino anuncia mais sete nomes para equipe de governo - Daniel Matos<\/title>\n<meta name=\"robots\" content=\"index, follow, max-snippet:-1, max-image-preview:large, max-video-preview:-1\" \/>\n<link rel=\"canonical\" href=\"https:\/\/www.blogsoestado.com\/danielmatos\/flavio-dino-anuncia-mais-sete-nomes-para-equipe-de-governo\/\" \/>\n<meta property=\"og:locale\" content=\"pt_BR\" \/>\n<meta property=\"og:type\" content=\"article\" \/>\n<meta property=\"og:title\" content=\"Fl\u00e1vio Dino anuncia mais sete nomes para equipe de governo - Daniel Matos\" \/>\n<meta property=\"og:description\" content=\"O governador eleito Fl\u00e1vio Dino anunciou mais sete nomes nesta sexta-feira (21) para a sua equipe. S\u00e3o eles os comandantes [&hellip;]\" \/>\n<meta property=\"og:url\" content=\"https:\/\/www.blogsoestado.com\/danielmatos\/flavio-dino-anuncia-mais-sete-nomes-para-equipe-de-governo\/\" \/>\n<meta property=\"og:site_name\" content=\"Daniel Matos\" \/>\n<meta property=\"article:published_time\" content=\"2014-11-21T20:54:41+00:00\" \/>\n<meta name=\"twitter:card\" content=\"summary_large_image\" \/>\n<meta name=\"twitter:label1\" content=\"Est. tempo de leitura\" \/>\n\t<meta name=\"twitter:data1\" content=\"3 minutos\" \/>\n<script type=\"application\/ld+json\" class=\"yoast-schema-graph\">{\"@context\":\"https:\/\/schema.org\",\"@graph\":[{\"@type\":\"WebPage\",\"@id\":\"https:\/\/www.blogsoestado.com\/danielmatos\/flavio-dino-anuncia-mais-sete-nomes-para-equipe-de-governo\/\",\"url\":\"https:\/\/www.blogsoestado.com\/danielmatos\/flavio-dino-anuncia-mais-sete-nomes-para-equipe-de-governo\/\",\"name\":\"Fl\u00e1vio Dino anuncia mais sete nomes para equipe de governo - Daniel Matos\",\"isPartOf\":{\"@id\":\"https:\/\/www.blogsoestado.com\/danielmatos\/#website\"},\"datePublished\":\"2014-11-21T20:54:41+00:00\",\"author\":{\"@id\":\"\"},\"breadcrumb\":{\"@id\":\"https:\/\/www.blogsoestado.com\/danielmatos\/flavio-dino-anuncia-mais-sete-nomes-para-equipe-de-governo\/#breadcrumb\"},\"inLanguage\":\"pt-BR\",\"potentialAction\":[{\"@type\":\"ReadAction\",\"target\":[\"https:\/\/www.blogsoestado.com\/danielmatos\/flavio-dino-anuncia-mais-sete-nomes-para-equipe-de-governo\/\"]}]},{\"@type\":\"BreadcrumbList\",\"@id\":\"https:\/\/www.blogsoestado.com\/danielmatos\/flavio-dino-anuncia-mais-sete-nomes-para-equipe-de-governo\/#breadcrumb\",\"itemListElement\":[{\"@type\":\"ListItem\",\"position\":1,\"name\":\"In\u00edcio\",\"item\":\"https:\/\/www.blogsoestado.com\/danielmatos\/\"},{\"@type\":\"ListItem\",\"position\":2,\"name\":\"Fl\u00e1vio Dino anuncia mais sete nomes para equipe de governo\"}]},{\"@type\":\"WebSite\",\"@id\":\"https:\/\/www.blogsoestado.com\/danielmatos\/#website\",\"url\":\"https:\/\/www.blogsoestado.com\/danielmatos\/\",\"name\":\"Daniel Matos\",\"description\":\"\",\"potentialAction\":[{\"@type\":\"SearchAction\",\"target\":{\"@type\":\"EntryPoint\",\"urlTemplate\":\"https:\/\/www.blogsoestado.com\/danielmatos\/?s={search_term_string}\"},\"query-input\":{\"@type\":\"PropertyValueSpecification\",\"valueRequired\":true,\"valueName\":\"search_term_string\"}}],\"inLanguage\":\"pt-BR\"}]}<\/script>\n<!-- \/ Yoast SEO plugin. -->","yoast_head_json":{"title":"Fl\u00e1vio Dino anuncia mais sete nomes para equipe de governo - Daniel Matos","robots":{"index":"index","follow":"follow","max-snippet":"max-snippet:-1","max-image-preview":"max-image-preview:large","max-video-preview":"max-video-preview:-1"},"canonical":"https:\/\/www.blogsoestado.com\/danielmatos\/flavio-dino-anuncia-mais-sete-nomes-para-equipe-de-governo\/","og_locale":"pt_BR","og_type":"article","og_title":"Fl\u00e1vio Dino anuncia mais sete nomes para equipe de governo - Daniel Matos","og_description":"O governador eleito Fl\u00e1vio Dino anunciou mais sete nomes nesta sexta-feira (21) para a sua equipe. S\u00e3o eles os comandantes [&hellip;]","og_url":"https:\/\/www.blogsoestado.com\/danielmatos\/flavio-dino-anuncia-mais-sete-nomes-para-equipe-de-governo\/","og_site_name":"Daniel Matos","article_published_time":"2014-11-21T20:54:41+00:00","twitter_card":"summary_large_image","twitter_misc":{"Est. tempo de leitura":"3 minutos"},"schema":{"@context":"https:\/\/schema.org","@graph":[{"@type":"WebPage","@id":"https:\/\/www.blogsoestado.com\/danielmatos\/flavio-dino-anuncia-mais-sete-nomes-para-equipe-de-governo\/","url":"https:\/\/www.blogsoestado.com\/danielmatos\/flavio-dino-anuncia-mais-sete-nomes-para-equipe-de-governo\/","name":"Fl\u00e1vio Dino anuncia mais sete nomes para equipe de governo - Daniel Matos","isPartOf":{"@id":"https:\/\/www.blogsoestado.com\/danielmatos\/#website"},"datePublished":"2014-11-21T20:54:41+00:00","author":{"@id":""},"breadcrumb":{"@id":"https:\/\/www.blogsoestado.com\/danielmatos\/flavio-dino-anuncia-mais-sete-nomes-para-equipe-de-governo\/#breadcrumb"},"inLanguage":"pt-BR","potentialAction":[{"@type":"ReadAction","target":["https:\/\/www.blogsoestado.com\/danielmatos\/flavio-dino-anuncia-mais-sete-nomes-para-equipe-de-governo\/"]}]},{"@type":"BreadcrumbList","@id":"https:\/\/www.blogsoestado.com\/danielmatos\/flavio-dino-anuncia-mais-sete-nomes-para-equipe-de-governo\/#breadcrumb","itemListElement":[{"@type":"ListItem","position":1,"name":"In\u00edcio","item":"https:\/\/www.blogsoestado.com\/danielmatos\/"},{"@type":"ListItem","position":2,"name":"Fl\u00e1vio Dino anuncia mais sete nomes para equipe de governo"}]},{"@type":"WebSite","@id":"https:\/\/www.blogsoestado.com\/danielmatos\/#website","url":"https:\/\/www.blogsoestado.com\/danielmatos\/","name":"Daniel Matos","description":"","potentialAction":[{"@type":"SearchAction","target":{"@type":"EntryPoint","urlTemplate":"https:\/\/www.blogsoestado.com\/danielmatos\/?s={search_term_string}"},"query-input":{"@type":"PropertyValueSpecification","valueRequired":true,"valueName":"search_term_string"}}],"inLanguage":"pt-BR"}]}},"jetpack_featured_media_url":"","_links":{"self":[{"href":"https:\/\/www.blogsoestado.com\/danielmatos\/wp-json\/wp\/v2\/posts\/20634","targetHints":{"allow":["GET"]}}],"collection":[{"href":"https:\/\/www.blogsoestado.com\/danielmatos\/wp-json\/wp\/v2\/posts"}],"about":[{"href":"https:\/\/www.blogsoestado.com\/danielmatos\/wp-json\/wp\/v2\/types\/post"}],"replies":[{"embeddable":true,"href":"https:\/\/www.blogsoestado.com\/danielmatos\/wp-json\/wp\/v2\/comments?post=20634"}],"version-history":[{"count":0,"href":"https:\/\/www.blogsoestado.com\/danielmatos\/wp-json\/wp\/v2\/posts\/20634\/revisions"}],"wp:attachment":[{"href":"https:\/\/www.blogsoestado.com\/danielmatos\/wp-json\/wp\/v2\/media?parent=20634"}],"wp:term":[{"taxonomy":"category","embeddable":true,"href":"https:\/\/www.blogsoestado.com\/danielmatos\/wp-json\/wp\/v2\/categories?post=20634"},{"taxonomy":"post_tag","embeddable":true,"href":"https:\/\/www.blogsoestado.com\/danielmatos\/wp-json\/wp\/v2\/tags?post=20634"}],"curies":[{"name":"wp","href":"https:\/\/api.w.org\/{rel}","templated":true}]}}