{"id":20662,"date":"2014-11-25T09:18:32","date_gmt":"2014-11-25T12:18:32","guid":{"rendered":"https:\/\/www.blogsoestado.com\/danielmatos\/?p=20662"},"modified":"2014-11-25T09:18:32","modified_gmt":"2014-11-25T12:18:32","slug":"servidores-do-judiciario-suspendem-greve-geral","status":"publish","type":"post","link":"https:\/\/www.blogsoestado.com\/danielmatos\/servidores-do-judiciario-suspendem-greve-geral\/","title":{"rendered":"Servidores do Judici\u00e1rio suspendem greve geral"},"content":{"rendered":"<figure id=\"attachment_20663\" aria-describedby=\"caption-attachment-20663\" style=\"width: 617px\" class=\"wp-caption aligncenter\"><a href=\"https:\/\/www.blogsoestado.com\/danielmatos\/files\/2014\/11\/fim-da-greve.jpg\"><img fetchpriority=\"high\" decoding=\"async\" class=\"size-full wp-image-20663\" src=\"https:\/\/www.blogsoestado.com\/danielmatos\/files\/2014\/11\/fim-da-greve.jpg\" alt=\"Categoria votou pelo fim da greve por ampla maioria, ap\u00f3s 11 dias de paralisa\u00e7\u00e3o\" width=\"617\" height=\"410\" \/><\/a><figcaption id=\"caption-attachment-20663\" class=\"wp-caption-text\">Em assembleia geral, categoria votou pelo fim da greve por ampla maioria, ap\u00f3s 11 dias de paralisa\u00e7\u00e3o<\/figcaption><\/figure>\n<p>Servidores do Poder Judici\u00e1rio do Maranh\u00e3o decidiram ontem suspender a greve geral da categoria, que se estendeu por 11 dias. U acordo firmado com a administra\u00e7\u00e3o do Tribunal de Justi\u00e7a e aprovado em assembleia geral, no Grand S\u00e3o Lu\u00eds Hotel, levou ao fim da paralisa\u00e7\u00e3o.\u00a0Os servidores reivindicam o pagamento dos retroativos da a\u00e7\u00e3o dos 21,7% e das perdas inflacion\u00e1rias de 4,3%, a fixa\u00e7\u00e3o do dia 1\u00ba de janeiro como data-base para a revis\u00e3o anual dos vencimentos e outras\u00a0vantagens, condi\u00e7\u00f5es dignas de trabalho,\u00a0fim do ass\u00e9dio moral e a manuten\u00e7\u00e3o da igualdade de tratamento para a concess\u00e3o do aux\u00edlio-alimenta\u00e7\u00e3o para servidores e magistrados.<\/p>\n<p>Compareceram \u00e0\u00a0assembleia caravanas das comarcas de Bacabal, Esperantinop\u00f3lis, Santa In\u00eas, Imperatriz, Caxias, Guimar\u00e3es, Timon, Balsas, C\u00e2ndido Mendes, Curupuru, Ribamar, Coroat\u00e1, Pa\u00e7o do Lumiar, Ros\u00e1rio, S\u00e3o Lu\u00eds, Pinheiro, Arari, Cedral, Morros, Alc\u00e2ntara, entre outras. Tamb\u00e9m estiveram presentes, como convidados, os advogados Roberto Henrique Ferreira Soares Cavalcante, conselheiro seccional da OAB\/MA, e Thalys Hermes do Rego, \u00a0vice-presidente da Comiss\u00e3o de Jovens Advogados da OAB\/MA.<\/p>\n<p>Abaixo os itens do acordo:<\/p>\n<p>1 &#8211; Fica garantido o pagamento de uma parcela dos retroativos dos 21,7%, mais duas parcelas dos retroativos dos 4,3%, \u00a0j\u00e1 na folha de sal\u00e1rios do corrente m\u00eas de novembro\/2014.<\/p>\n<p>2 &#8211; As demais parcelas oito parcelas retroativas dos 4,3% e mais a parcela e meia que ainda est\u00e3o restantes dos 21,7%, que ficarem pendentes, ser\u00e3o quitadas na folha de sal\u00e1rios de dezembro\/2014;<\/p>\n<p>3 &#8211; Ficou acertado que o TJMA apresentar\u00e1 o valor real da GPJ no dia 02 de dezembro e que esta ser\u00e1 quitada no dia 15 de dezembro.<\/p>\n<p>4 &#8211; A administra\u00e7\u00e3o do TJMA encaminhar\u00e1 para aprecia\u00e7\u00e3o da Comiss\u00e3o de Assuntos Legislativos o projeto de lei que fixa a DATA BASE para revis\u00e3o anual dos vencimentos dos servidores em 01 de Janeiro; Com rela\u00e7\u00e3o \u00e0 isonomia do valor do aux\u00edlio alimenta\u00e7\u00e3o pago a servidores e magistrados, ficou acertado que o Sindicato dever\u00e1 peticionar \u00e0 dire\u00e7\u00e3o do Tribunal de Justi\u00e7a para que o pedido da AMMA de pagamento de valores diferenciados para as duas categorias fique sobrestado at\u00e9 a conclus\u00e3o dos trabalhos da Comiss\u00e3o do Novo PCCV \u2013 Plano de Cargos, Carreiras e Vencimentos dos Servidores.<\/p>\n<p>Com rela\u00e7\u00e3o \u00e0 decis\u00e3o judicial que decretou a ilegalidade da greve e \u00e0 possibilidade de abono das faltas, o Sindjus peticionar\u00e1, por meio\u00a0da sua\u00a0Diretoria Jur\u00eddica, que a a\u00e7\u00e3o seja extinta por perda do objeto, em raz\u00e3o do acordo homologado entre as partes. &#8220;Temos que saber a hora de compor e chegar a um consenso que seja melhor para toda a categoria. Com toda certeza \u00e9 uma vit\u00f3ria dos servidores, como diretor desta entidade sinto-me com o dever cumprido&#8221; declarou Artur Estevam, diretor de Comunica\u00e7\u00e3o.<\/p>\n<p>&#8220;A greve est\u00e1 suspensa. O acordo foi uma vit\u00f3ria da categoria, porque atendemos a pauta econ\u00f4mica em sua integralidade, enquanto que as demais demandas ser\u00e3o encaminhadas com zelo pelo sindicato para uma resolu\u00e7\u00e3o favor\u00e1vel \u00e0 categoria. Os servidores mostraram sua capacidade de di\u00e1logo e esperam agora do tribunal o cumprimento da sua parte no acordo&#8221; declarou o presidente do Sindjus\/MA,\u00a0Anibal Lins.<\/p>\n","protected":false},"excerpt":{"rendered":"<p>Servidores do Poder Judici\u00e1rio do Maranh\u00e3o decidiram ontem suspender a greve geral da categoria, que se estendeu por 11 dias. [&hellip;]<\/p>\n","protected":false},"author":0,"featured_media":0,"comment_status":"open","ping_status":"open","sticky":false,"template":"","format":"standard","meta":{"site-sidebar-layout":"default","site-content-layout":"","ast-site-content-layout":"default","site-content-style":"default","site-sidebar-style":"default","ast-global-header-display":"","ast-banner-title-visibility":"","ast-main-header-display":"","ast-hfb-above-header-display":"","ast-hfb-below-header-display":"","ast-hfb-mobile-header-display":"","site-post-title":"","ast-breadcrumbs-content":"","ast-featured-img":"","footer-sml-layout":"","ast-disable-related-posts":"","theme-transparent-header-meta":"","adv-header-id-meta":"","stick-header-meta":"","header-above-stick-meta":"","header-main-stick-meta":"","header-below-stick-meta":"","astra-migrate-meta-layouts":"default","ast-page-background-enabled":"default","ast-page-background-meta":{"desktop":{"background-color":"var(--ast-global-color-5)","background-image":"","background-repeat":"repeat","background-position":"center center","background-size":"auto","background-attachment":"scroll","background-type":"","background-media":"","overlay-type":"","overlay-color":"","overlay-opacity":"","overlay-gradient":""},"tablet":{"background-color":"","background-image":"","background-repeat":"repeat","background-position":"center center","background-size":"auto","background-attachment":"scroll","background-type":"","background-media":"","overlay-type":"","overlay-color":"","overlay-opacity":"","overlay-gradient":""},"mobile":{"background-color":"","background-image":"","background-repeat":"repeat","background-position":"center center","background-size":"auto","background-attachment":"scroll","background-type":"","background-media":"","overlay-type":"","overlay-color":"","overlay-opacity":"","overlay-gradient":""}},"ast-content-background-meta":{"desktop":{"background-color":"var(--ast-global-color-4)","background-image":"","background-repeat":"repeat","background-position":"center center","background-size":"auto","background-attachment":"scroll","background-type":"","background-media":"","overlay-type":"","overlay-color":"","overlay-opacity":"","overlay-gradient":""},"tablet":{"background-color":"var(--ast-global-color-4)","background-image":"","background-repeat":"repeat","background-position":"center center","background-size":"auto","background-attachment":"scroll","background-type":"","background-media":"","overlay-type":"","overlay-color":"","overlay-opacity":"","overlay-gradient":""},"mobile":{"background-color":"var(--ast-global-color-4)","background-image":"","background-repeat":"repeat","background-position":"center center","background-size":"auto","background-attachment":"scroll","background-type":"","background-media":"","overlay-type":"","overlay-color":"","overlay-opacity":"","overlay-gradient":""}},"footnotes":""},"categories":[1],"tags":[],"class_list":["post-20662","post","type-post","status-publish","format-standard","hentry","category-sem-categoria"],"yoast_head":"<!-- This site is optimized with the Yoast SEO plugin v26.6 - https:\/\/yoast.com\/wordpress\/plugins\/seo\/ -->\n<title>Servidores do Judici\u00e1rio suspendem greve geral - Daniel Matos<\/title>\n<meta name=\"robots\" content=\"index, follow, max-snippet:-1, max-image-preview:large, max-video-preview:-1\" \/>\n<link rel=\"canonical\" href=\"https:\/\/www.blogsoestado.com\/danielmatos\/servidores-do-judiciario-suspendem-greve-geral\/\" \/>\n<meta property=\"og:locale\" content=\"pt_BR\" \/>\n<meta property=\"og:type\" content=\"article\" \/>\n<meta property=\"og:title\" content=\"Servidores do Judici\u00e1rio suspendem greve geral - Daniel Matos\" \/>\n<meta property=\"og:description\" content=\"Servidores do Poder Judici\u00e1rio do Maranh\u00e3o decidiram ontem suspender a greve geral da categoria, que se estendeu por 11 dias. [&hellip;]\" \/>\n<meta property=\"og:url\" content=\"https:\/\/www.blogsoestado.com\/danielmatos\/servidores-do-judiciario-suspendem-greve-geral\/\" \/>\n<meta property=\"og:site_name\" content=\"Daniel Matos\" \/>\n<meta property=\"article:published_time\" content=\"2014-11-25T12:18:32+00:00\" \/>\n<meta property=\"og:image\" content=\"https:\/\/www.blogsoestado.com\/danielmatos\/files\/2014\/11\/fim-da-greve.jpg\" \/>\n<meta name=\"twitter:card\" content=\"summary_large_image\" \/>\n<meta name=\"twitter:label1\" content=\"Est. tempo de leitura\" \/>\n\t<meta name=\"twitter:data1\" content=\"3 minutos\" \/>\n<script type=\"application\/ld+json\" class=\"yoast-schema-graph\">{\"@context\":\"https:\/\/schema.org\",\"@graph\":[{\"@type\":\"WebPage\",\"@id\":\"https:\/\/www.blogsoestado.com\/danielmatos\/servidores-do-judiciario-suspendem-greve-geral\/\",\"url\":\"https:\/\/www.blogsoestado.com\/danielmatos\/servidores-do-judiciario-suspendem-greve-geral\/\",\"name\":\"Servidores do Judici\u00e1rio suspendem greve geral - Daniel Matos\",\"isPartOf\":{\"@id\":\"https:\/\/www.blogsoestado.com\/danielmatos\/#website\"},\"primaryImageOfPage\":{\"@id\":\"https:\/\/www.blogsoestado.com\/danielmatos\/servidores-do-judiciario-suspendem-greve-geral\/#primaryimage\"},\"image\":{\"@id\":\"https:\/\/www.blogsoestado.com\/danielmatos\/servidores-do-judiciario-suspendem-greve-geral\/#primaryimage\"},\"thumbnailUrl\":\"https:\/\/www.blogsoestado.com\/danielmatos\/files\/2014\/11\/fim-da-greve.jpg\",\"datePublished\":\"2014-11-25T12:18:32+00:00\",\"author\":{\"@id\":\"\"},\"breadcrumb\":{\"@id\":\"https:\/\/www.blogsoestado.com\/danielmatos\/servidores-do-judiciario-suspendem-greve-geral\/#breadcrumb\"},\"inLanguage\":\"pt-BR\",\"potentialAction\":[{\"@type\":\"ReadAction\",\"target\":[\"https:\/\/www.blogsoestado.com\/danielmatos\/servidores-do-judiciario-suspendem-greve-geral\/\"]}]},{\"@type\":\"ImageObject\",\"inLanguage\":\"pt-BR\",\"@id\":\"https:\/\/www.blogsoestado.com\/danielmatos\/servidores-do-judiciario-suspendem-greve-geral\/#primaryimage\",\"url\":\"https:\/\/www.blogsoestado.com\/danielmatos\/files\/2014\/11\/fim-da-greve.jpg\",\"contentUrl\":\"https:\/\/www.blogsoestado.com\/danielmatos\/files\/2014\/11\/fim-da-greve.jpg\"},{\"@type\":\"BreadcrumbList\",\"@id\":\"https:\/\/www.blogsoestado.com\/danielmatos\/servidores-do-judiciario-suspendem-greve-geral\/#breadcrumb\",\"itemListElement\":[{\"@type\":\"ListItem\",\"position\":1,\"name\":\"In\u00edcio\",\"item\":\"https:\/\/www.blogsoestado.com\/danielmatos\/\"},{\"@type\":\"ListItem\",\"position\":2,\"name\":\"Servidores do Judici\u00e1rio suspendem greve geral\"}]},{\"@type\":\"WebSite\",\"@id\":\"https:\/\/www.blogsoestado.com\/danielmatos\/#website\",\"url\":\"https:\/\/www.blogsoestado.com\/danielmatos\/\",\"name\":\"Daniel Matos\",\"description\":\"\",\"potentialAction\":[{\"@type\":\"SearchAction\",\"target\":{\"@type\":\"EntryPoint\",\"urlTemplate\":\"https:\/\/www.blogsoestado.com\/danielmatos\/?s={search_term_string}\"},\"query-input\":{\"@type\":\"PropertyValueSpecification\",\"valueRequired\":true,\"valueName\":\"search_term_string\"}}],\"inLanguage\":\"pt-BR\"}]}<\/script>\n<!-- \/ Yoast SEO plugin. -->","yoast_head_json":{"title":"Servidores do Judici\u00e1rio suspendem greve geral - Daniel Matos","robots":{"index":"index","follow":"follow","max-snippet":"max-snippet:-1","max-image-preview":"max-image-preview:large","max-video-preview":"max-video-preview:-1"},"canonical":"https:\/\/www.blogsoestado.com\/danielmatos\/servidores-do-judiciario-suspendem-greve-geral\/","og_locale":"pt_BR","og_type":"article","og_title":"Servidores do Judici\u00e1rio suspendem greve geral - Daniel Matos","og_description":"Servidores do Poder Judici\u00e1rio do Maranh\u00e3o decidiram ontem suspender a greve geral da categoria, que se estendeu por 11 dias. [&hellip;]","og_url":"https:\/\/www.blogsoestado.com\/danielmatos\/servidores-do-judiciario-suspendem-greve-geral\/","og_site_name":"Daniel Matos","article_published_time":"2014-11-25T12:18:32+00:00","og_image":[{"url":"https:\/\/www.blogsoestado.com\/danielmatos\/files\/2014\/11\/fim-da-greve.jpg","type":"","width":"","height":""}],"twitter_card":"summary_large_image","twitter_misc":{"Est. tempo de leitura":"3 minutos"},"schema":{"@context":"https:\/\/schema.org","@graph":[{"@type":"WebPage","@id":"https:\/\/www.blogsoestado.com\/danielmatos\/servidores-do-judiciario-suspendem-greve-geral\/","url":"https:\/\/www.blogsoestado.com\/danielmatos\/servidores-do-judiciario-suspendem-greve-geral\/","name":"Servidores do Judici\u00e1rio suspendem greve geral - Daniel Matos","isPartOf":{"@id":"https:\/\/www.blogsoestado.com\/danielmatos\/#website"},"primaryImageOfPage":{"@id":"https:\/\/www.blogsoestado.com\/danielmatos\/servidores-do-judiciario-suspendem-greve-geral\/#primaryimage"},"image":{"@id":"https:\/\/www.blogsoestado.com\/danielmatos\/servidores-do-judiciario-suspendem-greve-geral\/#primaryimage"},"thumbnailUrl":"https:\/\/www.blogsoestado.com\/danielmatos\/files\/2014\/11\/fim-da-greve.jpg","datePublished":"2014-11-25T12:18:32+00:00","author":{"@id":""},"breadcrumb":{"@id":"https:\/\/www.blogsoestado.com\/danielmatos\/servidores-do-judiciario-suspendem-greve-geral\/#breadcrumb"},"inLanguage":"pt-BR","potentialAction":[{"@type":"ReadAction","target":["https:\/\/www.blogsoestado.com\/danielmatos\/servidores-do-judiciario-suspendem-greve-geral\/"]}]},{"@type":"ImageObject","inLanguage":"pt-BR","@id":"https:\/\/www.blogsoestado.com\/danielmatos\/servidores-do-judiciario-suspendem-greve-geral\/#primaryimage","url":"https:\/\/www.blogsoestado.com\/danielmatos\/files\/2014\/11\/fim-da-greve.jpg","contentUrl":"https:\/\/www.blogsoestado.com\/danielmatos\/files\/2014\/11\/fim-da-greve.jpg"},{"@type":"BreadcrumbList","@id":"https:\/\/www.blogsoestado.com\/danielmatos\/servidores-do-judiciario-suspendem-greve-geral\/#breadcrumb","itemListElement":[{"@type":"ListItem","position":1,"name":"In\u00edcio","item":"https:\/\/www.blogsoestado.com\/danielmatos\/"},{"@type":"ListItem","position":2,"name":"Servidores do Judici\u00e1rio suspendem greve geral"}]},{"@type":"WebSite","@id":"https:\/\/www.blogsoestado.com\/danielmatos\/#website","url":"https:\/\/www.blogsoestado.com\/danielmatos\/","name":"Daniel Matos","description":"","potentialAction":[{"@type":"SearchAction","target":{"@type":"EntryPoint","urlTemplate":"https:\/\/www.blogsoestado.com\/danielmatos\/?s={search_term_string}"},"query-input":{"@type":"PropertyValueSpecification","valueRequired":true,"valueName":"search_term_string"}}],"inLanguage":"pt-BR"}]}},"jetpack_featured_media_url":"","_links":{"self":[{"href":"https:\/\/www.blogsoestado.com\/danielmatos\/wp-json\/wp\/v2\/posts\/20662","targetHints":{"allow":["GET"]}}],"collection":[{"href":"https:\/\/www.blogsoestado.com\/danielmatos\/wp-json\/wp\/v2\/posts"}],"about":[{"href":"https:\/\/www.blogsoestado.com\/danielmatos\/wp-json\/wp\/v2\/types\/post"}],"replies":[{"embeddable":true,"href":"https:\/\/www.blogsoestado.com\/danielmatos\/wp-json\/wp\/v2\/comments?post=20662"}],"version-history":[{"count":0,"href":"https:\/\/www.blogsoestado.com\/danielmatos\/wp-json\/wp\/v2\/posts\/20662\/revisions"}],"wp:attachment":[{"href":"https:\/\/www.blogsoestado.com\/danielmatos\/wp-json\/wp\/v2\/media?parent=20662"}],"wp:term":[{"taxonomy":"category","embeddable":true,"href":"https:\/\/www.blogsoestado.com\/danielmatos\/wp-json\/wp\/v2\/categories?post=20662"},{"taxonomy":"post_tag","embeddable":true,"href":"https:\/\/www.blogsoestado.com\/danielmatos\/wp-json\/wp\/v2\/tags?post=20662"}],"curies":[{"name":"wp","href":"https:\/\/api.w.org\/{rel}","templated":true}]}}