{"id":20676,"date":"2014-11-25T11:20:35","date_gmt":"2014-11-25T14:20:35","guid":{"rendered":"https:\/\/www.blogsoestado.com\/danielmatos\/?p=20676"},"modified":"2014-11-25T11:20:35","modified_gmt":"2014-11-25T14:20:35","slug":"tj-nega-habeas-corpus-a-bandido-que-incendiou-onibus-e-matou-menina-ana-clara","status":"publish","type":"post","link":"https:\/\/www.blogsoestado.com\/danielmatos\/tj-nega-habeas-corpus-a-bandido-que-incendiou-onibus-e-matou-menina-ana-clara\/","title":{"rendered":"TJ nega habeas corpus a bandido que incendiou \u00f4nibus e matou menina Ana Clara"},"content":{"rendered":"<figure id=\"attachment_20677\" aria-describedby=\"caption-attachment-20677\" style=\"width: 611px\" class=\"wp-caption aligncenter\"><a href=\"https:\/\/www.blogsoestado.com\/danielmatos\/files\/2014\/11\/incendio-ana-clara.jpg\"><img fetchpriority=\"high\" decoding=\"async\" class=\"size-full wp-image-20677\" src=\"https:\/\/www.blogsoestado.com\/danielmatos\/files\/2014\/11\/incendio-ana-clara.jpg\" alt=\"Imagens do inc\u00eandio do \u00f4nibus onde a menina Ana Clara viajava com a m\u00e3e e uma irm\u00e3\" width=\"611\" height=\"480\" \/><\/a><figcaption id=\"caption-attachment-20677\" class=\"wp-caption-text\">Imagens mostram o\u00a0inc\u00eandio do \u00f4nibus onde a menina Ana Clara viajava com a m\u00e3e e uma irm\u00e3<\/figcaption><\/figure>\n<p>Ismael Caldas de Sousa, um dos acusados de participa\u00e7\u00e3o em inc\u00eandio de \u00f4nibus em S\u00e3o Lu\u00eds \u2013 tendo como umas das v\u00edtimas fatais a menina Ana Clara, de 6 anos \u2013 teve pedido de habeas corpus negado pela 3\u00aa C\u00e2mara Criminal do Tribunal de Justi\u00e7a do Estado (TJMA). O crime ocorreu em 3 de janeiro deste ano, na Vila Sarney.<\/p>\n<p>No pedido de habeas corpus a defesa de Ismael Caldas, conhecido como \u201cPiranha\u201d, alegou excesso de prazo para oferecimento da den\u00fancia e falta de justa causa na pris\u00e3o, por inexistir os requisitos e fundamentos da preventiva.<\/p>\n<p>Apontou tamb\u00e9m a inexist\u00eancia de elementos que comprovem o envolvimento do r\u00e9u nos crimes, afirmando que o indiciado n\u00e3o faz parte do \u201cBonde dos 40\u201d, fac\u00e7\u00e3o criminosa acusada de provocar inc\u00eandios de \u00f4nibus na capital.<\/p>\n<p>O processo teve como relator o desembargador Jos\u00e9 Joaquim Figueiredo, que entendeu n\u00e3o haver excesso de prazo pela complexidade da causa \u2013 v\u00e1rios r\u00e9us, necessidade de dilig\u00eancias e renova\u00e7\u00f5es destas ou qualquer outro relevante motivo que justifique uma demanda maior de tempo.<\/p>\n<p>Para o desembargador, somente caracteriza constrangimento ilegal quando a demora \u00e9 injustificada, fato que, no caso em quest\u00e3o, n\u00e3o se apresenta. Quanto \u00e0 negativa de autoria, o magistrado frisou que, pela via estreita do habeas corpus, n\u00e3o merece conhecimento porque demandaria revolvimento de material probat\u00f3rio.<\/p>\n<p>A n\u00e3o concess\u00e3o do habeas corpus foi justificada tamb\u00e9m pela alta periculosidade comprovada de Ismael Sousa, que supostamente pertenceria a um grupo de criminosos submetidos \u00e0 constri\u00e7\u00e3o provis\u00f3ria e muitos com pris\u00e3o por outros crimes.<\/p>\n<p>Os desembargadores Benedito Belo (presidente da C\u00e2mara) e Jos\u00e9 Bernardo acompanharam o voto do relator.<\/p>\n<p><strong>Fonte:<\/strong> Tribunal de Justi\u00e7a do Maranh\u00e3o<\/p>\n","protected":false},"excerpt":{"rendered":"<p>Ismael Caldas de Sousa, um dos acusados de participa\u00e7\u00e3o em inc\u00eandio de \u00f4nibus em S\u00e3o Lu\u00eds \u2013 tendo como umas [&hellip;]<\/p>\n","protected":false},"author":0,"featured_media":0,"comment_status":"open","ping_status":"open","sticky":false,"template":"","format":"standard","meta":{"site-sidebar-layout":"default","site-content-layout":"","ast-site-content-layout":"default","site-content-style":"default","site-sidebar-style":"default","ast-global-header-display":"","ast-banner-title-visibility":"","ast-main-header-display":"","ast-hfb-above-header-display":"","ast-hfb-below-header-display":"","ast-hfb-mobile-header-display":"","site-post-title":"","ast-breadcrumbs-content":"","ast-featured-img":"","footer-sml-layout":"","ast-disable-related-posts":"","theme-transparent-header-meta":"","adv-header-id-meta":"","stick-header-meta":"","header-above-stick-meta":"","header-main-stick-meta":"","header-below-stick-meta":"","astra-migrate-meta-layouts":"default","ast-page-background-enabled":"default","ast-page-background-meta":{"desktop":{"background-color":"var(--ast-global-color-5)","background-image":"","background-repeat":"repeat","background-position":"center center","background-size":"auto","background-attachment":"scroll","background-type":"","background-media":"","overlay-type":"","overlay-color":"","overlay-opacity":"","overlay-gradient":""},"tablet":{"background-color":"","background-image":"","background-repeat":"repeat","background-position":"center center","background-size":"auto","background-attachment":"scroll","background-type":"","background-media":"","overlay-type":"","overlay-color":"","overlay-opacity":"","overlay-gradient":""},"mobile":{"background-color":"","background-image":"","background-repeat":"repeat","background-position":"center center","background-size":"auto","background-attachment":"scroll","background-type":"","background-media":"","overlay-type":"","overlay-color":"","overlay-opacity":"","overlay-gradient":""}},"ast-content-background-meta":{"desktop":{"background-color":"var(--ast-global-color-4)","background-image":"","background-repeat":"repeat","background-position":"center center","background-size":"auto","background-attachment":"scroll","background-type":"","background-media":"","overlay-type":"","overlay-color":"","overlay-opacity":"","overlay-gradient":""},"tablet":{"background-color":"var(--ast-global-color-4)","background-image":"","background-repeat":"repeat","background-position":"center center","background-size":"auto","background-attachment":"scroll","background-type":"","background-media":"","overlay-type":"","overlay-color":"","overlay-opacity":"","overlay-gradient":""},"mobile":{"background-color":"var(--ast-global-color-4)","background-image":"","background-repeat":"repeat","background-position":"center center","background-size":"auto","background-attachment":"scroll","background-type":"","background-media":"","overlay-type":"","overlay-color":"","overlay-opacity":"","overlay-gradient":""}},"footnotes":""},"categories":[1],"tags":[],"class_list":["post-20676","post","type-post","status-publish","format-standard","hentry","category-sem-categoria"],"yoast_head":"<!-- This site is optimized with the Yoast SEO plugin v26.6 - https:\/\/yoast.com\/wordpress\/plugins\/seo\/ -->\n<title>TJ nega habeas corpus a bandido que incendiou \u00f4nibus e matou menina Ana Clara - Daniel Matos<\/title>\n<meta name=\"robots\" content=\"index, follow, max-snippet:-1, max-image-preview:large, max-video-preview:-1\" \/>\n<link rel=\"canonical\" href=\"https:\/\/www.blogsoestado.com\/danielmatos\/tj-nega-habeas-corpus-a-bandido-que-incendiou-onibus-e-matou-menina-ana-clara\/\" \/>\n<meta property=\"og:locale\" content=\"pt_BR\" \/>\n<meta property=\"og:type\" content=\"article\" \/>\n<meta property=\"og:title\" content=\"TJ nega habeas corpus a bandido que incendiou \u00f4nibus e matou menina Ana Clara - Daniel Matos\" \/>\n<meta property=\"og:description\" content=\"Ismael Caldas de Sousa, um dos acusados de participa\u00e7\u00e3o em inc\u00eandio de \u00f4nibus em S\u00e3o Lu\u00eds \u2013 tendo como umas [&hellip;]\" \/>\n<meta property=\"og:url\" content=\"https:\/\/www.blogsoestado.com\/danielmatos\/tj-nega-habeas-corpus-a-bandido-que-incendiou-onibus-e-matou-menina-ana-clara\/\" \/>\n<meta property=\"og:site_name\" content=\"Daniel Matos\" \/>\n<meta property=\"article:published_time\" content=\"2014-11-25T14:20:35+00:00\" \/>\n<meta property=\"og:image\" content=\"https:\/\/www.blogsoestado.com\/danielmatos\/files\/2014\/11\/incendio-ana-clara.jpg\" \/>\n<meta name=\"twitter:card\" content=\"summary_large_image\" \/>\n<meta name=\"twitter:label1\" content=\"Est. tempo de leitura\" \/>\n\t<meta name=\"twitter:data1\" content=\"2 minutos\" \/>\n<script type=\"application\/ld+json\" class=\"yoast-schema-graph\">{\"@context\":\"https:\/\/schema.org\",\"@graph\":[{\"@type\":\"WebPage\",\"@id\":\"https:\/\/www.blogsoestado.com\/danielmatos\/tj-nega-habeas-corpus-a-bandido-que-incendiou-onibus-e-matou-menina-ana-clara\/\",\"url\":\"https:\/\/www.blogsoestado.com\/danielmatos\/tj-nega-habeas-corpus-a-bandido-que-incendiou-onibus-e-matou-menina-ana-clara\/\",\"name\":\"TJ nega habeas corpus a bandido que incendiou \u00f4nibus e matou menina Ana Clara - Daniel Matos\",\"isPartOf\":{\"@id\":\"https:\/\/www.blogsoestado.com\/danielmatos\/#website\"},\"primaryImageOfPage\":{\"@id\":\"https:\/\/www.blogsoestado.com\/danielmatos\/tj-nega-habeas-corpus-a-bandido-que-incendiou-onibus-e-matou-menina-ana-clara\/#primaryimage\"},\"image\":{\"@id\":\"https:\/\/www.blogsoestado.com\/danielmatos\/tj-nega-habeas-corpus-a-bandido-que-incendiou-onibus-e-matou-menina-ana-clara\/#primaryimage\"},\"thumbnailUrl\":\"https:\/\/www.blogsoestado.com\/danielmatos\/files\/2014\/11\/incendio-ana-clara.jpg\",\"datePublished\":\"2014-11-25T14:20:35+00:00\",\"author\":{\"@id\":\"\"},\"breadcrumb\":{\"@id\":\"https:\/\/www.blogsoestado.com\/danielmatos\/tj-nega-habeas-corpus-a-bandido-que-incendiou-onibus-e-matou-menina-ana-clara\/#breadcrumb\"},\"inLanguage\":\"pt-BR\",\"potentialAction\":[{\"@type\":\"ReadAction\",\"target\":[\"https:\/\/www.blogsoestado.com\/danielmatos\/tj-nega-habeas-corpus-a-bandido-que-incendiou-onibus-e-matou-menina-ana-clara\/\"]}]},{\"@type\":\"ImageObject\",\"inLanguage\":\"pt-BR\",\"@id\":\"https:\/\/www.blogsoestado.com\/danielmatos\/tj-nega-habeas-corpus-a-bandido-que-incendiou-onibus-e-matou-menina-ana-clara\/#primaryimage\",\"url\":\"https:\/\/www.blogsoestado.com\/danielmatos\/files\/2014\/11\/incendio-ana-clara.jpg\",\"contentUrl\":\"https:\/\/www.blogsoestado.com\/danielmatos\/files\/2014\/11\/incendio-ana-clara.jpg\"},{\"@type\":\"BreadcrumbList\",\"@id\":\"https:\/\/www.blogsoestado.com\/danielmatos\/tj-nega-habeas-corpus-a-bandido-que-incendiou-onibus-e-matou-menina-ana-clara\/#breadcrumb\",\"itemListElement\":[{\"@type\":\"ListItem\",\"position\":1,\"name\":\"In\u00edcio\",\"item\":\"https:\/\/www.blogsoestado.com\/danielmatos\/\"},{\"@type\":\"ListItem\",\"position\":2,\"name\":\"TJ nega habeas corpus a bandido que incendiou \u00f4nibus e matou menina Ana Clara\"}]},{\"@type\":\"WebSite\",\"@id\":\"https:\/\/www.blogsoestado.com\/danielmatos\/#website\",\"url\":\"https:\/\/www.blogsoestado.com\/danielmatos\/\",\"name\":\"Daniel Matos\",\"description\":\"\",\"potentialAction\":[{\"@type\":\"SearchAction\",\"target\":{\"@type\":\"EntryPoint\",\"urlTemplate\":\"https:\/\/www.blogsoestado.com\/danielmatos\/?s={search_term_string}\"},\"query-input\":{\"@type\":\"PropertyValueSpecification\",\"valueRequired\":true,\"valueName\":\"search_term_string\"}}],\"inLanguage\":\"pt-BR\"}]}<\/script>\n<!-- \/ Yoast SEO plugin. -->","yoast_head_json":{"title":"TJ nega habeas corpus a bandido que incendiou \u00f4nibus e matou menina Ana Clara - Daniel Matos","robots":{"index":"index","follow":"follow","max-snippet":"max-snippet:-1","max-image-preview":"max-image-preview:large","max-video-preview":"max-video-preview:-1"},"canonical":"https:\/\/www.blogsoestado.com\/danielmatos\/tj-nega-habeas-corpus-a-bandido-que-incendiou-onibus-e-matou-menina-ana-clara\/","og_locale":"pt_BR","og_type":"article","og_title":"TJ nega habeas corpus a bandido que incendiou \u00f4nibus e matou menina Ana Clara - Daniel Matos","og_description":"Ismael Caldas de Sousa, um dos acusados de participa\u00e7\u00e3o em inc\u00eandio de \u00f4nibus em S\u00e3o Lu\u00eds \u2013 tendo como umas [&hellip;]","og_url":"https:\/\/www.blogsoestado.com\/danielmatos\/tj-nega-habeas-corpus-a-bandido-que-incendiou-onibus-e-matou-menina-ana-clara\/","og_site_name":"Daniel Matos","article_published_time":"2014-11-25T14:20:35+00:00","og_image":[{"url":"https:\/\/www.blogsoestado.com\/danielmatos\/files\/2014\/11\/incendio-ana-clara.jpg","type":"","width":"","height":""}],"twitter_card":"summary_large_image","twitter_misc":{"Est. tempo de leitura":"2 minutos"},"schema":{"@context":"https:\/\/schema.org","@graph":[{"@type":"WebPage","@id":"https:\/\/www.blogsoestado.com\/danielmatos\/tj-nega-habeas-corpus-a-bandido-que-incendiou-onibus-e-matou-menina-ana-clara\/","url":"https:\/\/www.blogsoestado.com\/danielmatos\/tj-nega-habeas-corpus-a-bandido-que-incendiou-onibus-e-matou-menina-ana-clara\/","name":"TJ nega habeas corpus a bandido que incendiou \u00f4nibus e matou menina Ana Clara - Daniel Matos","isPartOf":{"@id":"https:\/\/www.blogsoestado.com\/danielmatos\/#website"},"primaryImageOfPage":{"@id":"https:\/\/www.blogsoestado.com\/danielmatos\/tj-nega-habeas-corpus-a-bandido-que-incendiou-onibus-e-matou-menina-ana-clara\/#primaryimage"},"image":{"@id":"https:\/\/www.blogsoestado.com\/danielmatos\/tj-nega-habeas-corpus-a-bandido-que-incendiou-onibus-e-matou-menina-ana-clara\/#primaryimage"},"thumbnailUrl":"https:\/\/www.blogsoestado.com\/danielmatos\/files\/2014\/11\/incendio-ana-clara.jpg","datePublished":"2014-11-25T14:20:35+00:00","author":{"@id":""},"breadcrumb":{"@id":"https:\/\/www.blogsoestado.com\/danielmatos\/tj-nega-habeas-corpus-a-bandido-que-incendiou-onibus-e-matou-menina-ana-clara\/#breadcrumb"},"inLanguage":"pt-BR","potentialAction":[{"@type":"ReadAction","target":["https:\/\/www.blogsoestado.com\/danielmatos\/tj-nega-habeas-corpus-a-bandido-que-incendiou-onibus-e-matou-menina-ana-clara\/"]}]},{"@type":"ImageObject","inLanguage":"pt-BR","@id":"https:\/\/www.blogsoestado.com\/danielmatos\/tj-nega-habeas-corpus-a-bandido-que-incendiou-onibus-e-matou-menina-ana-clara\/#primaryimage","url":"https:\/\/www.blogsoestado.com\/danielmatos\/files\/2014\/11\/incendio-ana-clara.jpg","contentUrl":"https:\/\/www.blogsoestado.com\/danielmatos\/files\/2014\/11\/incendio-ana-clara.jpg"},{"@type":"BreadcrumbList","@id":"https:\/\/www.blogsoestado.com\/danielmatos\/tj-nega-habeas-corpus-a-bandido-que-incendiou-onibus-e-matou-menina-ana-clara\/#breadcrumb","itemListElement":[{"@type":"ListItem","position":1,"name":"In\u00edcio","item":"https:\/\/www.blogsoestado.com\/danielmatos\/"},{"@type":"ListItem","position":2,"name":"TJ nega habeas corpus a bandido que incendiou \u00f4nibus e matou menina Ana Clara"}]},{"@type":"WebSite","@id":"https:\/\/www.blogsoestado.com\/danielmatos\/#website","url":"https:\/\/www.blogsoestado.com\/danielmatos\/","name":"Daniel Matos","description":"","potentialAction":[{"@type":"SearchAction","target":{"@type":"EntryPoint","urlTemplate":"https:\/\/www.blogsoestado.com\/danielmatos\/?s={search_term_string}"},"query-input":{"@type":"PropertyValueSpecification","valueRequired":true,"valueName":"search_term_string"}}],"inLanguage":"pt-BR"}]}},"jetpack_featured_media_url":"","_links":{"self":[{"href":"https:\/\/www.blogsoestado.com\/danielmatos\/wp-json\/wp\/v2\/posts\/20676","targetHints":{"allow":["GET"]}}],"collection":[{"href":"https:\/\/www.blogsoestado.com\/danielmatos\/wp-json\/wp\/v2\/posts"}],"about":[{"href":"https:\/\/www.blogsoestado.com\/danielmatos\/wp-json\/wp\/v2\/types\/post"}],"replies":[{"embeddable":true,"href":"https:\/\/www.blogsoestado.com\/danielmatos\/wp-json\/wp\/v2\/comments?post=20676"}],"version-history":[{"count":0,"href":"https:\/\/www.blogsoestado.com\/danielmatos\/wp-json\/wp\/v2\/posts\/20676\/revisions"}],"wp:attachment":[{"href":"https:\/\/www.blogsoestado.com\/danielmatos\/wp-json\/wp\/v2\/media?parent=20676"}],"wp:term":[{"taxonomy":"category","embeddable":true,"href":"https:\/\/www.blogsoestado.com\/danielmatos\/wp-json\/wp\/v2\/categories?post=20676"},{"taxonomy":"post_tag","embeddable":true,"href":"https:\/\/www.blogsoestado.com\/danielmatos\/wp-json\/wp\/v2\/tags?post=20676"}],"curies":[{"name":"wp","href":"https:\/\/api.w.org\/{rel}","templated":true}]}}