{"id":20680,"date":"2014-11-25T17:07:11","date_gmt":"2014-11-25T20:07:11","guid":{"rendered":"https:\/\/www.blogsoestado.com\/danielmatos\/?p=20680"},"modified":"2014-11-25T17:07:11","modified_gmt":"2014-11-25T20:07:11","slug":"assassino-de-policiais-morre-em-confronto-com-a-pm-em-bacabal","status":"publish","type":"post","link":"https:\/\/www.blogsoestado.com\/danielmatos\/assassino-de-policiais-morre-em-confronto-com-a-pm-em-bacabal\/","title":{"rendered":"Assassino de policiais morre em confronto com a PM, em Bacabal"},"content":{"rendered":"<figure id=\"attachment_20681\" aria-describedby=\"caption-attachment-20681\" style=\"width: 360px\" class=\"wp-caption aligncenter\"><a href=\"https:\/\/www.blogsoestado.com\/danielmatos\/files\/2014\/11\/bandido-morto.jpg\"><img fetchpriority=\"high\" decoding=\"async\" class=\"size-full wp-image-20681\" src=\"https:\/\/www.blogsoestado.com\/danielmatos\/files\/2014\/11\/bandido-morto.jpg\" alt=\"Jo\u00e3o Vitor tombou ao reagir ao cerco policial\" width=\"360\" height=\"354\" \/><\/a><figcaption id=\"caption-attachment-20681\" class=\"wp-caption-text\">Jo\u00e3o Vitor tombou ao reagir ao cerco policial, em Bacabal<\/figcaption><\/figure>\n<p>O assaltante e homicida identificado como Jo\u00e3o Vitor, acusado de envolvimento no assassinato dos policiais militares Johnny David Chapui Ara\u00fajo e Jos\u00e9 Davi Sousa Du Vale, ocorrido no \u00faltimo s\u00e1bado, em Pa\u00e7o do Lumiar, foi morto hoje em confronto com uma guarni\u00e7\u00e3o da PM, em Bacabal, a 258 km de S\u00e3o Lu\u00eds. Ele pilotava um motocicleta\u00a0e tombou ao reagir ao cerco policial.<\/p>\n<p>Jo\u00e3o Vitor estava acompanhado de uma mulher que seria sua namorada quando foi abordado. Armado com uma pistola pertencente \u00e0 Pol\u00edcia Civil, o bandido\u00a0tentou reagir, mas foi alvejado e n\u00e3o resistiu aos ferimentos.<\/p>\n<figure id=\"attachment_20682\" aria-describedby=\"caption-attachment-20682\" style=\"width: 640px\" class=\"wp-caption aligncenter\"><a href=\"https:\/\/www.blogsoestado.com\/danielmatos\/files\/2014\/11\/bandido-morto2.jpg\"><img decoding=\"async\" class=\"size-full wp-image-20682\" src=\"https:\/\/www.blogsoestado.com\/danielmatos\/files\/2014\/11\/bandido-morto2.jpg\" alt=\"Corpo do bandido morto em confronto com a PM no necrot\u00e9rio\" width=\"640\" height=\"480\" \/><\/a><figcaption id=\"caption-attachment-20682\" class=\"wp-caption-text\">Corpo do bandido morto em confronto no necrot\u00e9rio: resposta \u00e0 altura\u00a0do sistema de seguran\u00e7a \u00e0 execu\u00e7\u00e3o\u00a0de policiais<\/figcaption><\/figure>\n<p>Segundo informa\u00e7\u00f5es,\u00a0foi Jo\u00e3o V\u00edtor\u00a0quem\u00a0dirigiu o carro\u00a0que levou o bando que assassinou os policiais ao local do crime, uma ch\u00e1cara na localidade Mocajituba, em Pa\u00e7o do Lumiar, onde Chapui e Du Vale, que era sobrinho do coronel Ivaldo Barbosa, chefe do Comando de Policiamento Especializado (CPE), participavam de uma confraterniza\u00e7\u00e3o.<\/p>\n<p>Ainda de acordo com a vers\u00e3o, ele teria atirado nos rostos dos dois militares\u00a0com ambos j\u00e1 ca\u00eddos no ch\u00e3o, praticamente mortos.<\/p>\n","protected":false},"excerpt":{"rendered":"<p>O assaltante e homicida identificado como Jo\u00e3o Vitor, acusado de envolvimento no assassinato dos policiais militares Johnny David Chapui Ara\u00fajo [&hellip;]<\/p>\n","protected":false},"author":0,"featured_media":0,"comment_status":"open","ping_status":"open","sticky":false,"template":"","format":"standard","meta":{"site-sidebar-layout":"default","site-content-layout":"","ast-site-content-layout":"default","site-content-style":"default","site-sidebar-style":"default","ast-global-header-display":"","ast-banner-title-visibility":"","ast-main-header-display":"","ast-hfb-above-header-display":"","ast-hfb-below-header-display":"","ast-hfb-mobile-header-display":"","site-post-title":"","ast-breadcrumbs-content":"","ast-featured-img":"","footer-sml-layout":"","ast-disable-related-posts":"","theme-transparent-header-meta":"","adv-header-id-meta":"","stick-header-meta":"","header-above-stick-meta":"","header-main-stick-meta":"","header-below-stick-meta":"","astra-migrate-meta-layouts":"default","ast-page-background-enabled":"default","ast-page-background-meta":{"desktop":{"background-color":"var(--ast-global-color-5)","background-image":"","background-repeat":"repeat","background-position":"center center","background-size":"auto","background-attachment":"scroll","background-type":"","background-media":"","overlay-type":"","overlay-color":"","overlay-opacity":"","overlay-gradient":""},"tablet":{"background-color":"","background-image":"","background-repeat":"repeat","background-position":"center center","background-size":"auto","background-attachment":"scroll","background-type":"","background-media":"","overlay-type":"","overlay-color":"","overlay-opacity":"","overlay-gradient":""},"mobile":{"background-color":"","background-image":"","background-repeat":"repeat","background-position":"center center","background-size":"auto","background-attachment":"scroll","background-type":"","background-media":"","overlay-type":"","overlay-color":"","overlay-opacity":"","overlay-gradient":""}},"ast-content-background-meta":{"desktop":{"background-color":"var(--ast-global-color-4)","background-image":"","background-repeat":"repeat","background-position":"center center","background-size":"auto","background-attachment":"scroll","background-type":"","background-media":"","overlay-type":"","overlay-color":"","overlay-opacity":"","overlay-gradient":""},"tablet":{"background-color":"var(--ast-global-color-4)","background-image":"","background-repeat":"repeat","background-position":"center center","background-size":"auto","background-attachment":"scroll","background-type":"","background-media":"","overlay-type":"","overlay-color":"","overlay-opacity":"","overlay-gradient":""},"mobile":{"background-color":"var(--ast-global-color-4)","background-image":"","background-repeat":"repeat","background-position":"center center","background-size":"auto","background-attachment":"scroll","background-type":"","background-media":"","overlay-type":"","overlay-color":"","overlay-opacity":"","overlay-gradient":""}},"footnotes":""},"categories":[1],"tags":[],"class_list":["post-20680","post","type-post","status-publish","format-standard","hentry","category-sem-categoria"],"yoast_head":"<!-- This site is optimized with the Yoast SEO plugin v26.6 - https:\/\/yoast.com\/wordpress\/plugins\/seo\/ -->\n<title>Assassino de policiais morre em confronto com a PM, em Bacabal - Daniel Matos<\/title>\n<meta name=\"robots\" content=\"index, follow, max-snippet:-1, max-image-preview:large, max-video-preview:-1\" \/>\n<link rel=\"canonical\" href=\"https:\/\/www.blogsoestado.com\/danielmatos\/assassino-de-policiais-morre-em-confronto-com-a-pm-em-bacabal\/\" \/>\n<meta property=\"og:locale\" content=\"pt_BR\" \/>\n<meta property=\"og:type\" content=\"article\" \/>\n<meta property=\"og:title\" content=\"Assassino de policiais morre em confronto com a PM, em Bacabal - Daniel Matos\" \/>\n<meta property=\"og:description\" content=\"O assaltante e homicida identificado como Jo\u00e3o Vitor, acusado de envolvimento no assassinato dos policiais militares Johnny David Chapui Ara\u00fajo [&hellip;]\" \/>\n<meta property=\"og:url\" content=\"https:\/\/www.blogsoestado.com\/danielmatos\/assassino-de-policiais-morre-em-confronto-com-a-pm-em-bacabal\/\" \/>\n<meta property=\"og:site_name\" content=\"Daniel Matos\" \/>\n<meta property=\"article:published_time\" content=\"2014-11-25T20:07:11+00:00\" \/>\n<meta property=\"og:image\" content=\"https:\/\/www.blogsoestado.com\/danielmatos\/files\/2014\/11\/bandido-morto.jpg\" \/>\n<meta name=\"twitter:card\" content=\"summary_large_image\" \/>\n<meta name=\"twitter:label1\" content=\"Est. tempo de leitura\" \/>\n\t<meta name=\"twitter:data1\" content=\"1 minuto\" \/>\n<script type=\"application\/ld+json\" class=\"yoast-schema-graph\">{\"@context\":\"https:\/\/schema.org\",\"@graph\":[{\"@type\":\"WebPage\",\"@id\":\"https:\/\/www.blogsoestado.com\/danielmatos\/assassino-de-policiais-morre-em-confronto-com-a-pm-em-bacabal\/\",\"url\":\"https:\/\/www.blogsoestado.com\/danielmatos\/assassino-de-policiais-morre-em-confronto-com-a-pm-em-bacabal\/\",\"name\":\"Assassino de policiais morre em confronto com a PM, em Bacabal - Daniel Matos\",\"isPartOf\":{\"@id\":\"https:\/\/www.blogsoestado.com\/danielmatos\/#website\"},\"primaryImageOfPage\":{\"@id\":\"https:\/\/www.blogsoestado.com\/danielmatos\/assassino-de-policiais-morre-em-confronto-com-a-pm-em-bacabal\/#primaryimage\"},\"image\":{\"@id\":\"https:\/\/www.blogsoestado.com\/danielmatos\/assassino-de-policiais-morre-em-confronto-com-a-pm-em-bacabal\/#primaryimage\"},\"thumbnailUrl\":\"https:\/\/www.blogsoestado.com\/danielmatos\/files\/2014\/11\/bandido-morto.jpg\",\"datePublished\":\"2014-11-25T20:07:11+00:00\",\"author\":{\"@id\":\"\"},\"breadcrumb\":{\"@id\":\"https:\/\/www.blogsoestado.com\/danielmatos\/assassino-de-policiais-morre-em-confronto-com-a-pm-em-bacabal\/#breadcrumb\"},\"inLanguage\":\"pt-BR\",\"potentialAction\":[{\"@type\":\"ReadAction\",\"target\":[\"https:\/\/www.blogsoestado.com\/danielmatos\/assassino-de-policiais-morre-em-confronto-com-a-pm-em-bacabal\/\"]}]},{\"@type\":\"ImageObject\",\"inLanguage\":\"pt-BR\",\"@id\":\"https:\/\/www.blogsoestado.com\/danielmatos\/assassino-de-policiais-morre-em-confronto-com-a-pm-em-bacabal\/#primaryimage\",\"url\":\"https:\/\/www.blogsoestado.com\/danielmatos\/files\/2014\/11\/bandido-morto.jpg\",\"contentUrl\":\"https:\/\/www.blogsoestado.com\/danielmatos\/files\/2014\/11\/bandido-morto.jpg\"},{\"@type\":\"BreadcrumbList\",\"@id\":\"https:\/\/www.blogsoestado.com\/danielmatos\/assassino-de-policiais-morre-em-confronto-com-a-pm-em-bacabal\/#breadcrumb\",\"itemListElement\":[{\"@type\":\"ListItem\",\"position\":1,\"name\":\"In\u00edcio\",\"item\":\"https:\/\/www.blogsoestado.com\/danielmatos\/\"},{\"@type\":\"ListItem\",\"position\":2,\"name\":\"Assassino de policiais morre em confronto com a PM, em Bacabal\"}]},{\"@type\":\"WebSite\",\"@id\":\"https:\/\/www.blogsoestado.com\/danielmatos\/#website\",\"url\":\"https:\/\/www.blogsoestado.com\/danielmatos\/\",\"name\":\"Daniel Matos\",\"description\":\"\",\"potentialAction\":[{\"@type\":\"SearchAction\",\"target\":{\"@type\":\"EntryPoint\",\"urlTemplate\":\"https:\/\/www.blogsoestado.com\/danielmatos\/?s={search_term_string}\"},\"query-input\":{\"@type\":\"PropertyValueSpecification\",\"valueRequired\":true,\"valueName\":\"search_term_string\"}}],\"inLanguage\":\"pt-BR\"}]}<\/script>\n<!-- \/ Yoast SEO plugin. -->","yoast_head_json":{"title":"Assassino de policiais morre em confronto com a PM, em Bacabal - Daniel Matos","robots":{"index":"index","follow":"follow","max-snippet":"max-snippet:-1","max-image-preview":"max-image-preview:large","max-video-preview":"max-video-preview:-1"},"canonical":"https:\/\/www.blogsoestado.com\/danielmatos\/assassino-de-policiais-morre-em-confronto-com-a-pm-em-bacabal\/","og_locale":"pt_BR","og_type":"article","og_title":"Assassino de policiais morre em confronto com a PM, em Bacabal - Daniel Matos","og_description":"O assaltante e homicida identificado como Jo\u00e3o Vitor, acusado de envolvimento no assassinato dos policiais militares Johnny David Chapui Ara\u00fajo [&hellip;]","og_url":"https:\/\/www.blogsoestado.com\/danielmatos\/assassino-de-policiais-morre-em-confronto-com-a-pm-em-bacabal\/","og_site_name":"Daniel Matos","article_published_time":"2014-11-25T20:07:11+00:00","og_image":[{"url":"https:\/\/www.blogsoestado.com\/danielmatos\/files\/2014\/11\/bandido-morto.jpg","type":"","width":"","height":""}],"twitter_card":"summary_large_image","twitter_misc":{"Est. tempo de leitura":"1 minuto"},"schema":{"@context":"https:\/\/schema.org","@graph":[{"@type":"WebPage","@id":"https:\/\/www.blogsoestado.com\/danielmatos\/assassino-de-policiais-morre-em-confronto-com-a-pm-em-bacabal\/","url":"https:\/\/www.blogsoestado.com\/danielmatos\/assassino-de-policiais-morre-em-confronto-com-a-pm-em-bacabal\/","name":"Assassino de policiais morre em confronto com a PM, em Bacabal - Daniel Matos","isPartOf":{"@id":"https:\/\/www.blogsoestado.com\/danielmatos\/#website"},"primaryImageOfPage":{"@id":"https:\/\/www.blogsoestado.com\/danielmatos\/assassino-de-policiais-morre-em-confronto-com-a-pm-em-bacabal\/#primaryimage"},"image":{"@id":"https:\/\/www.blogsoestado.com\/danielmatos\/assassino-de-policiais-morre-em-confronto-com-a-pm-em-bacabal\/#primaryimage"},"thumbnailUrl":"https:\/\/www.blogsoestado.com\/danielmatos\/files\/2014\/11\/bandido-morto.jpg","datePublished":"2014-11-25T20:07:11+00:00","author":{"@id":""},"breadcrumb":{"@id":"https:\/\/www.blogsoestado.com\/danielmatos\/assassino-de-policiais-morre-em-confronto-com-a-pm-em-bacabal\/#breadcrumb"},"inLanguage":"pt-BR","potentialAction":[{"@type":"ReadAction","target":["https:\/\/www.blogsoestado.com\/danielmatos\/assassino-de-policiais-morre-em-confronto-com-a-pm-em-bacabal\/"]}]},{"@type":"ImageObject","inLanguage":"pt-BR","@id":"https:\/\/www.blogsoestado.com\/danielmatos\/assassino-de-policiais-morre-em-confronto-com-a-pm-em-bacabal\/#primaryimage","url":"https:\/\/www.blogsoestado.com\/danielmatos\/files\/2014\/11\/bandido-morto.jpg","contentUrl":"https:\/\/www.blogsoestado.com\/danielmatos\/files\/2014\/11\/bandido-morto.jpg"},{"@type":"BreadcrumbList","@id":"https:\/\/www.blogsoestado.com\/danielmatos\/assassino-de-policiais-morre-em-confronto-com-a-pm-em-bacabal\/#breadcrumb","itemListElement":[{"@type":"ListItem","position":1,"name":"In\u00edcio","item":"https:\/\/www.blogsoestado.com\/danielmatos\/"},{"@type":"ListItem","position":2,"name":"Assassino de policiais morre em confronto com a PM, em Bacabal"}]},{"@type":"WebSite","@id":"https:\/\/www.blogsoestado.com\/danielmatos\/#website","url":"https:\/\/www.blogsoestado.com\/danielmatos\/","name":"Daniel Matos","description":"","potentialAction":[{"@type":"SearchAction","target":{"@type":"EntryPoint","urlTemplate":"https:\/\/www.blogsoestado.com\/danielmatos\/?s={search_term_string}"},"query-input":{"@type":"PropertyValueSpecification","valueRequired":true,"valueName":"search_term_string"}}],"inLanguage":"pt-BR"}]}},"jetpack_featured_media_url":"","_links":{"self":[{"href":"https:\/\/www.blogsoestado.com\/danielmatos\/wp-json\/wp\/v2\/posts\/20680","targetHints":{"allow":["GET"]}}],"collection":[{"href":"https:\/\/www.blogsoestado.com\/danielmatos\/wp-json\/wp\/v2\/posts"}],"about":[{"href":"https:\/\/www.blogsoestado.com\/danielmatos\/wp-json\/wp\/v2\/types\/post"}],"replies":[{"embeddable":true,"href":"https:\/\/www.blogsoestado.com\/danielmatos\/wp-json\/wp\/v2\/comments?post=20680"}],"version-history":[{"count":0,"href":"https:\/\/www.blogsoestado.com\/danielmatos\/wp-json\/wp\/v2\/posts\/20680\/revisions"}],"wp:attachment":[{"href":"https:\/\/www.blogsoestado.com\/danielmatos\/wp-json\/wp\/v2\/media?parent=20680"}],"wp:term":[{"taxonomy":"category","embeddable":true,"href":"https:\/\/www.blogsoestado.com\/danielmatos\/wp-json\/wp\/v2\/categories?post=20680"},{"taxonomy":"post_tag","embeddable":true,"href":"https:\/\/www.blogsoestado.com\/danielmatos\/wp-json\/wp\/v2\/tags?post=20680"}],"curies":[{"name":"wp","href":"https:\/\/api.w.org\/{rel}","templated":true}]}}