{"id":2073,"date":"2010-04-21T10:52:37","date_gmt":"2010-04-21T13:52:37","guid":{"rendered":"https:\/\/www.blogsoestado.com\/danielmatos\/?p=2073"},"modified":"2010-04-21T10:52:37","modified_gmt":"2010-04-21T13:52:37","slug":"delegado-geral-poe-fim-a-farra-de-viaturas-na-policia-civil","status":"publish","type":"post","link":"https:\/\/www.blogsoestado.com\/danielmatos\/delegado-geral-poe-fim-a-farra-de-viaturas-na-policia-civil\/","title":{"rendered":"Delegado-geral p\u00f5e fim \u00e0 farra com viaturas da Pol\u00edcia Civil"},"content":{"rendered":"<p><img fetchpriority=\"high\" decoding=\"async\" class=\"alignleft size-full wp-image-2074\" src=\"https:\/\/www.blogsoestado.com\/danielmatos\/files\/2010\/04\/viaturas.jpg\" alt=\"viaturas\" width=\"448\" height=\"280\" \/>O delegado-geral da Pol\u00edcia Civil, Nordman Ribeiro, baixou portaria impondo rigoroso controle \u00e0 circula\u00e7\u00e3o de viaturas policiais em S\u00e3o Lu\u00eds e no interior. Nordman adotou a medida ap\u00f3s tomar conhecimento de que ve\u00edculos que deveriam ser usados exclusivamente em servi\u00e7o vinham sendo vistos com freq\u00fc\u00eancia trafegando fora das circunscri\u00e7\u00f5es \u00e0s quais est\u00e3o vinculados, inclusive na capital, comprometendo as a\u00e7\u00f5es de seguran\u00e7a p\u00fablica em diferentes regi\u00f5es do estado, al\u00e9m de resultar em maior custo com combust\u00edvel e manuten\u00e7\u00e3o.<\/p>\n<p>De acordo com a portaria baixada pelo delegado-geral, de n\u00ba 001\/2010, publicada no Di\u00e1rio Oficial do Estado no \u00faltimo dia 19, todo deslocamento de viatura para fora da circunscri\u00e7\u00e3o de sua vincula\u00e7\u00e3o, seja municipal, regional ou da capital, s\u00f3 poder\u00e1 ser feito mediante pr\u00e9via autoriza\u00e7\u00e3o em forma de ordem de miss\u00e3o do superior hier\u00e1rquico ou do titular da Delegacia Regional, ou da respectiva superintend\u00eancia ou do pr\u00f3prio delegado-geral.<\/p>\n<p>Em caso de deslocamento da viatura do interior a S\u00e3o Lu\u00eds, o procedimento dever\u00e1 ser comunicado ao delegado regional e depender\u00e1 de autoriza\u00e7\u00e3o do superintendente de Pol\u00edcia Civil do Interior. Os ve\u00edculos policiais vinculados \u00e0 regi\u00e3o da Grande S\u00e3o Lu\u00eds s\u00f3 poder\u00e3o se deslocar ao interior se for expedida previamente ordem de miss\u00e3o pelos \u00f3rg\u00e3os da administra\u00e7\u00e3o superior da Pol\u00edcia Civil ou pelo delegado-geral. O mesmo dever\u00e1 ocorrer em caso de deslocamento de viaturas para outros estados.<\/p>\n<p><strong>Urg\u00eancia<\/strong><\/p>\n<p>Nos casos de necessidade urgente de deslocamento de viaturas para outra circunscri\u00e7\u00e3o, dever\u00e1 ser feito o comunicado urgente a um superior hier\u00e1rquico, quando poss\u00edvel, e posterior apresenta\u00e7\u00e3o de relat\u00f3rio expositivo da dilig\u00eancia realizada.<\/p>\n<p>Se obedecida \u00e0 risca, a portaria certamente trar\u00e1 um ganho significativo para a sociedade, que ter\u00e1 \u00e0 disposi\u00e7\u00e3o viaturas em bom estado, livres do desgaste causado por longas viagens, muitas das quais desnecess\u00e1rias e com\u00a0prop\u00f3sitos alheios \u00e0 atividade policial.<\/p>\n","protected":false},"excerpt":{"rendered":"<p>O delegado-geral da Pol\u00edcia Civil, Nordman Ribeiro, baixou portaria impondo rigoroso controle \u00e0 circula\u00e7\u00e3o de viaturas policiais em S\u00e3o Lu\u00eds [&hellip;]<\/p>\n","protected":false},"author":0,"featured_media":0,"comment_status":"open","ping_status":"open","sticky":false,"template":"","format":"standard","meta":{"site-sidebar-layout":"default","site-content-layout":"","ast-site-content-layout":"default","site-content-style":"default","site-sidebar-style":"default","ast-global-header-display":"","ast-banner-title-visibility":"","ast-main-header-display":"","ast-hfb-above-header-display":"","ast-hfb-below-header-display":"","ast-hfb-mobile-header-display":"","site-post-title":"","ast-breadcrumbs-content":"","ast-featured-img":"","footer-sml-layout":"","ast-disable-related-posts":"","theme-transparent-header-meta":"","adv-header-id-meta":"","stick-header-meta":"","header-above-stick-meta":"","header-main-stick-meta":"","header-below-stick-meta":"","astra-migrate-meta-layouts":"default","ast-page-background-enabled":"default","ast-page-background-meta":{"desktop":{"background-color":"var(--ast-global-color-5)","background-image":"","background-repeat":"repeat","background-position":"center center","background-size":"auto","background-attachment":"scroll","background-type":"","background-media":"","overlay-type":"","overlay-color":"","overlay-opacity":"","overlay-gradient":""},"tablet":{"background-color":"","background-image":"","background-repeat":"repeat","background-position":"center center","background-size":"auto","background-attachment":"scroll","background-type":"","background-media":"","overlay-type":"","overlay-color":"","overlay-opacity":"","overlay-gradient":""},"mobile":{"background-color":"","background-image":"","background-repeat":"repeat","background-position":"center center","background-size":"auto","background-attachment":"scroll","background-type":"","background-media":"","overlay-type":"","overlay-color":"","overlay-opacity":"","overlay-gradient":""}},"ast-content-background-meta":{"desktop":{"background-color":"var(--ast-global-color-4)","background-image":"","background-repeat":"repeat","background-position":"center center","background-size":"auto","background-attachment":"scroll","background-type":"","background-media":"","overlay-type":"","overlay-color":"","overlay-opacity":"","overlay-gradient":""},"tablet":{"background-color":"var(--ast-global-color-4)","background-image":"","background-repeat":"repeat","background-position":"center center","background-size":"auto","background-attachment":"scroll","background-type":"","background-media":"","overlay-type":"","overlay-color":"","overlay-opacity":"","overlay-gradient":""},"mobile":{"background-color":"var(--ast-global-color-4)","background-image":"","background-repeat":"repeat","background-position":"center center","background-size":"auto","background-attachment":"scroll","background-type":"","background-media":"","overlay-type":"","overlay-color":"","overlay-opacity":"","overlay-gradient":""}},"footnotes":""},"categories":[1],"tags":[],"class_list":["post-2073","post","type-post","status-publish","format-standard","hentry","category-sem-categoria"],"yoast_head":"<!-- This site is optimized with the Yoast SEO plugin v26.6 - https:\/\/yoast.com\/wordpress\/plugins\/seo\/ -->\n<title>Delegado-geral p\u00f5e fim \u00e0 farra com viaturas da Pol\u00edcia Civil - Daniel Matos<\/title>\n<meta name=\"robots\" content=\"index, follow, max-snippet:-1, max-image-preview:large, max-video-preview:-1\" \/>\n<link rel=\"canonical\" href=\"https:\/\/www.blogsoestado.com\/danielmatos\/delegado-geral-poe-fim-a-farra-de-viaturas-na-policia-civil\/\" \/>\n<meta property=\"og:locale\" content=\"pt_BR\" \/>\n<meta property=\"og:type\" content=\"article\" \/>\n<meta property=\"og:title\" content=\"Delegado-geral p\u00f5e fim \u00e0 farra com viaturas da Pol\u00edcia Civil - Daniel Matos\" \/>\n<meta property=\"og:description\" content=\"O delegado-geral da Pol\u00edcia Civil, Nordman Ribeiro, baixou portaria impondo rigoroso controle \u00e0 circula\u00e7\u00e3o de viaturas policiais em S\u00e3o Lu\u00eds [&hellip;]\" \/>\n<meta property=\"og:url\" content=\"https:\/\/www.blogsoestado.com\/danielmatos\/delegado-geral-poe-fim-a-farra-de-viaturas-na-policia-civil\/\" \/>\n<meta property=\"og:site_name\" content=\"Daniel Matos\" \/>\n<meta property=\"article:published_time\" content=\"2010-04-21T13:52:37+00:00\" \/>\n<meta property=\"og:image\" content=\"https:\/\/www.blogsoestado.com\/danielmatos\/files\/2010\/04\/viaturas.jpg\" \/>\n<meta name=\"twitter:card\" content=\"summary_large_image\" \/>\n<meta name=\"twitter:label1\" content=\"Est. tempo de leitura\" \/>\n\t<meta name=\"twitter:data1\" content=\"2 minutos\" \/>\n<script type=\"application\/ld+json\" class=\"yoast-schema-graph\">{\"@context\":\"https:\/\/schema.org\",\"@graph\":[{\"@type\":\"WebPage\",\"@id\":\"https:\/\/www.blogsoestado.com\/danielmatos\/delegado-geral-poe-fim-a-farra-de-viaturas-na-policia-civil\/\",\"url\":\"https:\/\/www.blogsoestado.com\/danielmatos\/delegado-geral-poe-fim-a-farra-de-viaturas-na-policia-civil\/\",\"name\":\"Delegado-geral p\u00f5e fim \u00e0 farra com viaturas da Pol\u00edcia Civil - Daniel Matos\",\"isPartOf\":{\"@id\":\"https:\/\/www.blogsoestado.com\/danielmatos\/#website\"},\"primaryImageOfPage\":{\"@id\":\"https:\/\/www.blogsoestado.com\/danielmatos\/delegado-geral-poe-fim-a-farra-de-viaturas-na-policia-civil\/#primaryimage\"},\"image\":{\"@id\":\"https:\/\/www.blogsoestado.com\/danielmatos\/delegado-geral-poe-fim-a-farra-de-viaturas-na-policia-civil\/#primaryimage\"},\"thumbnailUrl\":\"https:\/\/www.blogsoestado.com\/danielmatos\/files\/2010\/04\/viaturas.jpg\",\"datePublished\":\"2010-04-21T13:52:37+00:00\",\"author\":{\"@id\":\"\"},\"breadcrumb\":{\"@id\":\"https:\/\/www.blogsoestado.com\/danielmatos\/delegado-geral-poe-fim-a-farra-de-viaturas-na-policia-civil\/#breadcrumb\"},\"inLanguage\":\"pt-BR\",\"potentialAction\":[{\"@type\":\"ReadAction\",\"target\":[\"https:\/\/www.blogsoestado.com\/danielmatos\/delegado-geral-poe-fim-a-farra-de-viaturas-na-policia-civil\/\"]}]},{\"@type\":\"ImageObject\",\"inLanguage\":\"pt-BR\",\"@id\":\"https:\/\/www.blogsoestado.com\/danielmatos\/delegado-geral-poe-fim-a-farra-de-viaturas-na-policia-civil\/#primaryimage\",\"url\":\"https:\/\/www.blogsoestado.com\/danielmatos\/files\/2010\/04\/viaturas.jpg\",\"contentUrl\":\"https:\/\/www.blogsoestado.com\/danielmatos\/files\/2010\/04\/viaturas.jpg\"},{\"@type\":\"BreadcrumbList\",\"@id\":\"https:\/\/www.blogsoestado.com\/danielmatos\/delegado-geral-poe-fim-a-farra-de-viaturas-na-policia-civil\/#breadcrumb\",\"itemListElement\":[{\"@type\":\"ListItem\",\"position\":1,\"name\":\"In\u00edcio\",\"item\":\"https:\/\/www.blogsoestado.com\/danielmatos\/\"},{\"@type\":\"ListItem\",\"position\":2,\"name\":\"Delegado-geral p\u00f5e fim \u00e0 farra com viaturas da Pol\u00edcia Civil\"}]},{\"@type\":\"WebSite\",\"@id\":\"https:\/\/www.blogsoestado.com\/danielmatos\/#website\",\"url\":\"https:\/\/www.blogsoestado.com\/danielmatos\/\",\"name\":\"Daniel Matos\",\"description\":\"\",\"potentialAction\":[{\"@type\":\"SearchAction\",\"target\":{\"@type\":\"EntryPoint\",\"urlTemplate\":\"https:\/\/www.blogsoestado.com\/danielmatos\/?s={search_term_string}\"},\"query-input\":{\"@type\":\"PropertyValueSpecification\",\"valueRequired\":true,\"valueName\":\"search_term_string\"}}],\"inLanguage\":\"pt-BR\"}]}<\/script>\n<!-- \/ Yoast SEO plugin. -->","yoast_head_json":{"title":"Delegado-geral p\u00f5e fim \u00e0 farra com viaturas da Pol\u00edcia Civil - Daniel Matos","robots":{"index":"index","follow":"follow","max-snippet":"max-snippet:-1","max-image-preview":"max-image-preview:large","max-video-preview":"max-video-preview:-1"},"canonical":"https:\/\/www.blogsoestado.com\/danielmatos\/delegado-geral-poe-fim-a-farra-de-viaturas-na-policia-civil\/","og_locale":"pt_BR","og_type":"article","og_title":"Delegado-geral p\u00f5e fim \u00e0 farra com viaturas da Pol\u00edcia Civil - Daniel Matos","og_description":"O delegado-geral da Pol\u00edcia Civil, Nordman Ribeiro, baixou portaria impondo rigoroso controle \u00e0 circula\u00e7\u00e3o de viaturas policiais em S\u00e3o Lu\u00eds [&hellip;]","og_url":"https:\/\/www.blogsoestado.com\/danielmatos\/delegado-geral-poe-fim-a-farra-de-viaturas-na-policia-civil\/","og_site_name":"Daniel Matos","article_published_time":"2010-04-21T13:52:37+00:00","og_image":[{"url":"https:\/\/www.blogsoestado.com\/danielmatos\/files\/2010\/04\/viaturas.jpg","type":"","width":"","height":""}],"twitter_card":"summary_large_image","twitter_misc":{"Est. tempo de leitura":"2 minutos"},"schema":{"@context":"https:\/\/schema.org","@graph":[{"@type":"WebPage","@id":"https:\/\/www.blogsoestado.com\/danielmatos\/delegado-geral-poe-fim-a-farra-de-viaturas-na-policia-civil\/","url":"https:\/\/www.blogsoestado.com\/danielmatos\/delegado-geral-poe-fim-a-farra-de-viaturas-na-policia-civil\/","name":"Delegado-geral p\u00f5e fim \u00e0 farra com viaturas da Pol\u00edcia Civil - Daniel Matos","isPartOf":{"@id":"https:\/\/www.blogsoestado.com\/danielmatos\/#website"},"primaryImageOfPage":{"@id":"https:\/\/www.blogsoestado.com\/danielmatos\/delegado-geral-poe-fim-a-farra-de-viaturas-na-policia-civil\/#primaryimage"},"image":{"@id":"https:\/\/www.blogsoestado.com\/danielmatos\/delegado-geral-poe-fim-a-farra-de-viaturas-na-policia-civil\/#primaryimage"},"thumbnailUrl":"https:\/\/www.blogsoestado.com\/danielmatos\/files\/2010\/04\/viaturas.jpg","datePublished":"2010-04-21T13:52:37+00:00","author":{"@id":""},"breadcrumb":{"@id":"https:\/\/www.blogsoestado.com\/danielmatos\/delegado-geral-poe-fim-a-farra-de-viaturas-na-policia-civil\/#breadcrumb"},"inLanguage":"pt-BR","potentialAction":[{"@type":"ReadAction","target":["https:\/\/www.blogsoestado.com\/danielmatos\/delegado-geral-poe-fim-a-farra-de-viaturas-na-policia-civil\/"]}]},{"@type":"ImageObject","inLanguage":"pt-BR","@id":"https:\/\/www.blogsoestado.com\/danielmatos\/delegado-geral-poe-fim-a-farra-de-viaturas-na-policia-civil\/#primaryimage","url":"https:\/\/www.blogsoestado.com\/danielmatos\/files\/2010\/04\/viaturas.jpg","contentUrl":"https:\/\/www.blogsoestado.com\/danielmatos\/files\/2010\/04\/viaturas.jpg"},{"@type":"BreadcrumbList","@id":"https:\/\/www.blogsoestado.com\/danielmatos\/delegado-geral-poe-fim-a-farra-de-viaturas-na-policia-civil\/#breadcrumb","itemListElement":[{"@type":"ListItem","position":1,"name":"In\u00edcio","item":"https:\/\/www.blogsoestado.com\/danielmatos\/"},{"@type":"ListItem","position":2,"name":"Delegado-geral p\u00f5e fim \u00e0 farra com viaturas da Pol\u00edcia Civil"}]},{"@type":"WebSite","@id":"https:\/\/www.blogsoestado.com\/danielmatos\/#website","url":"https:\/\/www.blogsoestado.com\/danielmatos\/","name":"Daniel Matos","description":"","potentialAction":[{"@type":"SearchAction","target":{"@type":"EntryPoint","urlTemplate":"https:\/\/www.blogsoestado.com\/danielmatos\/?s={search_term_string}"},"query-input":{"@type":"PropertyValueSpecification","valueRequired":true,"valueName":"search_term_string"}}],"inLanguage":"pt-BR"}]}},"jetpack_featured_media_url":"","_links":{"self":[{"href":"https:\/\/www.blogsoestado.com\/danielmatos\/wp-json\/wp\/v2\/posts\/2073","targetHints":{"allow":["GET"]}}],"collection":[{"href":"https:\/\/www.blogsoestado.com\/danielmatos\/wp-json\/wp\/v2\/posts"}],"about":[{"href":"https:\/\/www.blogsoestado.com\/danielmatos\/wp-json\/wp\/v2\/types\/post"}],"replies":[{"embeddable":true,"href":"https:\/\/www.blogsoestado.com\/danielmatos\/wp-json\/wp\/v2\/comments?post=2073"}],"version-history":[{"count":0,"href":"https:\/\/www.blogsoestado.com\/danielmatos\/wp-json\/wp\/v2\/posts\/2073\/revisions"}],"wp:attachment":[{"href":"https:\/\/www.blogsoestado.com\/danielmatos\/wp-json\/wp\/v2\/media?parent=2073"}],"wp:term":[{"taxonomy":"category","embeddable":true,"href":"https:\/\/www.blogsoestado.com\/danielmatos\/wp-json\/wp\/v2\/categories?post=2073"},{"taxonomy":"post_tag","embeddable":true,"href":"https:\/\/www.blogsoestado.com\/danielmatos\/wp-json\/wp\/v2\/tags?post=2073"}],"curies":[{"name":"wp","href":"https:\/\/api.w.org\/{rel}","templated":true}]}}