{"id":2076,"date":"2010-04-21T15:15:23","date_gmt":"2010-04-21T18:15:23","guid":{"rendered":"https:\/\/www.blogsoestado.com\/danielmatos\/?p=2076"},"modified":"2010-04-21T15:15:23","modified_gmt":"2010-04-21T18:15:23","slug":"site-ligado-ao-pc-do-b-inclui-roseana-entre-os-governadora-que-apoiarao-dilma-rousseff","status":"publish","type":"post","link":"https:\/\/www.blogsoestado.com\/danielmatos\/site-ligado-ao-pc-do-b-inclui-roseana-entre-os-governadora-que-apoiarao-dilma-rousseff\/","title":{"rendered":"Apesar da mobiliza\u00e7\u00e3o pr\u00f3-Dino, site ligado ao PC do B inclui Roseana entre governadores que apoiar\u00e3o Dilma"},"content":{"rendered":"<p>O site <a href=\"http:\/\/www.vermelho.org.com\">www.vermelho.org.br<\/a>, mantido pela ONG\u00a0Vermelho,\u00a0em conv\u00eanio com\u00a0o PC do B do deputado federal e pr\u00e9-candidato ao governo do Maranh\u00e3o, Fl\u00e1vio Dino, publica em destaque mat\u00e9ria informando que a candidata petista \u00e0 Presid\u00eancia da Rep\u00fablica, Dilma Rousseff, ter\u00e1 o apoio da grande maioria dos governadores, incluindo Roseana Sarney. A mat\u00e9ria foi reproduzida pelo site oficial do PT (<a href=\"http:\/\/www.pt.org.br\">www.pt.org.br<\/a>).<\/p>\n<p>Segue o texto na \u00edntegra:<span>\u00a0<\/span><\/p>\n<p>Com um amplo arco de alian\u00e7as partid\u00e1rias, a pr\u00e9-candidata do PT \u00e0 presid\u00eancia da Rep\u00fablica, Dilma Rousseff, ir\u00e1 para a campanha com o apoio da maioria dos atuais governadores de estado. Tendem a apoiar a pr\u00e9-candidata petista 19 dos 27 governadores, incluindo o do Distrito Federal, eleito neste final de semana. J\u00e1 o pr\u00e9-candidato tucano ter\u00e1 o apoio formal de 7 governadores.<\/p>\n<p>Al\u00e9m dos estados governados pelo PT (AC, BA, PA e SE), Dilma deve conseguir tamb\u00e9m o apoio dos governadores do PMDB (PR, DF, ES, <strong>MA<\/strong>, MT, PB, RJ e TO) e de governadores de partidos da base aliada do governo Lula, que governam o AM, RN, PI, PE, GO, AM, CE e AP.<\/p>\n<p>O advers\u00e1rio, por sua vez, contar\u00e1 com o apoio dos estados governados pelo PSDB (RS, SC, SP, MG, AL e RR) e pelo PPS (RO).<\/p>\n<p>O \u00fanico estado onde o apoio do atual governador est\u00e1 indefinido \u00e9 o Mato Grosso do Sul. O governador Andr\u00e9 Puccinelli, que tentar\u00e1 a reelei\u00e7\u00e3o, \u00e9 do PMDB, partido que apoiar\u00e1 Dilma no plano nacional, mas os peemedebistas no estado for\u00e7am pelo apoio ao tucano para garantir um palanque ao tucano e assim impedir que o Bloco Democr\u00e1tico Reformista (BDR) \u2013 formado por PSDB, DEM e PPS \u2013 lance candidato pr\u00f3prio diminuindo as chances de reelei\u00e7\u00e3o de Puccinelli.<\/p>\n<p>Na dire\u00e7\u00e3o contr\u00e1ria est\u00e1 o Amazonas, onde o governador Omar Aziz j\u00e1 declarou que seu apoio ser\u00e1 para Dilma Rousseff mesmo que seu partido, o PMN, resolva participar da coliga\u00e7\u00e3o de Jos\u00e9 Serra.<\/p>\n","protected":false},"excerpt":{"rendered":"<p>O site www.vermelho.org.br, mantido pela ONG\u00a0Vermelho,\u00a0em conv\u00eanio com\u00a0o PC do B do deputado federal e pr\u00e9-candidato ao governo do Maranh\u00e3o, [&hellip;]<\/p>\n","protected":false},"author":0,"featured_media":0,"comment_status":"open","ping_status":"open","sticky":false,"template":"","format":"standard","meta":{"site-sidebar-layout":"default","site-content-layout":"","ast-site-content-layout":"default","site-content-style":"default","site-sidebar-style":"default","ast-global-header-display":"","ast-banner-title-visibility":"","ast-main-header-display":"","ast-hfb-above-header-display":"","ast-hfb-below-header-display":"","ast-hfb-mobile-header-display":"","site-post-title":"","ast-breadcrumbs-content":"","ast-featured-img":"","footer-sml-layout":"","ast-disable-related-posts":"","theme-transparent-header-meta":"","adv-header-id-meta":"","stick-header-meta":"","header-above-stick-meta":"","header-main-stick-meta":"","header-below-stick-meta":"","astra-migrate-meta-layouts":"default","ast-page-background-enabled":"default","ast-page-background-meta":{"desktop":{"background-color":"var(--ast-global-color-5)","background-image":"","background-repeat":"repeat","background-position":"center center","background-size":"auto","background-attachment":"scroll","background-type":"","background-media":"","overlay-type":"","overlay-color":"","overlay-opacity":"","overlay-gradient":""},"tablet":{"background-color":"","background-image":"","background-repeat":"repeat","background-position":"center center","background-size":"auto","background-attachment":"scroll","background-type":"","background-media":"","overlay-type":"","overlay-color":"","overlay-opacity":"","overlay-gradient":""},"mobile":{"background-color":"","background-image":"","background-repeat":"repeat","background-position":"center center","background-size":"auto","background-attachment":"scroll","background-type":"","background-media":"","overlay-type":"","overlay-color":"","overlay-opacity":"","overlay-gradient":""}},"ast-content-background-meta":{"desktop":{"background-color":"var(--ast-global-color-4)","background-image":"","background-repeat":"repeat","background-position":"center center","background-size":"auto","background-attachment":"scroll","background-type":"","background-media":"","overlay-type":"","overlay-color":"","overlay-opacity":"","overlay-gradient":""},"tablet":{"background-color":"var(--ast-global-color-4)","background-image":"","background-repeat":"repeat","background-position":"center center","background-size":"auto","background-attachment":"scroll","background-type":"","background-media":"","overlay-type":"","overlay-color":"","overlay-opacity":"","overlay-gradient":""},"mobile":{"background-color":"var(--ast-global-color-4)","background-image":"","background-repeat":"repeat","background-position":"center center","background-size":"auto","background-attachment":"scroll","background-type":"","background-media":"","overlay-type":"","overlay-color":"","overlay-opacity":"","overlay-gradient":""}},"footnotes":""},"categories":[1],"tags":[],"class_list":["post-2076","post","type-post","status-publish","format-standard","hentry","category-sem-categoria"],"yoast_head":"<!-- This site is optimized with the Yoast SEO plugin v26.6 - https:\/\/yoast.com\/wordpress\/plugins\/seo\/ -->\n<title>Apesar da mobiliza\u00e7\u00e3o pr\u00f3-Dino, site ligado ao PC do B inclui Roseana entre governadores que apoiar\u00e3o Dilma - Daniel Matos<\/title>\n<meta name=\"robots\" content=\"index, follow, max-snippet:-1, max-image-preview:large, max-video-preview:-1\" \/>\n<link rel=\"canonical\" href=\"https:\/\/www.blogsoestado.com\/danielmatos\/site-ligado-ao-pc-do-b-inclui-roseana-entre-os-governadora-que-apoiarao-dilma-rousseff\/\" \/>\n<meta property=\"og:locale\" content=\"pt_BR\" \/>\n<meta property=\"og:type\" content=\"article\" \/>\n<meta property=\"og:title\" content=\"Apesar da mobiliza\u00e7\u00e3o pr\u00f3-Dino, site ligado ao PC do B inclui Roseana entre governadores que apoiar\u00e3o Dilma - Daniel Matos\" \/>\n<meta property=\"og:description\" content=\"O site www.vermelho.org.br, mantido pela ONG\u00a0Vermelho,\u00a0em conv\u00eanio com\u00a0o PC do B do deputado federal e pr\u00e9-candidato ao governo do Maranh\u00e3o, [&hellip;]\" \/>\n<meta property=\"og:url\" content=\"https:\/\/www.blogsoestado.com\/danielmatos\/site-ligado-ao-pc-do-b-inclui-roseana-entre-os-governadora-que-apoiarao-dilma-rousseff\/\" \/>\n<meta property=\"og:site_name\" content=\"Daniel Matos\" \/>\n<meta property=\"article:published_time\" content=\"2010-04-21T18:15:23+00:00\" \/>\n<meta name=\"twitter:card\" content=\"summary_large_image\" \/>\n<meta name=\"twitter:label1\" content=\"Est. tempo de leitura\" \/>\n\t<meta name=\"twitter:data1\" content=\"2 minutos\" \/>\n<script type=\"application\/ld+json\" class=\"yoast-schema-graph\">{\"@context\":\"https:\/\/schema.org\",\"@graph\":[{\"@type\":\"WebPage\",\"@id\":\"https:\/\/www.blogsoestado.com\/danielmatos\/site-ligado-ao-pc-do-b-inclui-roseana-entre-os-governadora-que-apoiarao-dilma-rousseff\/\",\"url\":\"https:\/\/www.blogsoestado.com\/danielmatos\/site-ligado-ao-pc-do-b-inclui-roseana-entre-os-governadora-que-apoiarao-dilma-rousseff\/\",\"name\":\"Apesar da mobiliza\u00e7\u00e3o pr\u00f3-Dino, site ligado ao PC do B inclui Roseana entre governadores que apoiar\u00e3o Dilma - Daniel Matos\",\"isPartOf\":{\"@id\":\"https:\/\/www.blogsoestado.com\/danielmatos\/#website\"},\"datePublished\":\"2010-04-21T18:15:23+00:00\",\"author\":{\"@id\":\"\"},\"breadcrumb\":{\"@id\":\"https:\/\/www.blogsoestado.com\/danielmatos\/site-ligado-ao-pc-do-b-inclui-roseana-entre-os-governadora-que-apoiarao-dilma-rousseff\/#breadcrumb\"},\"inLanguage\":\"pt-BR\",\"potentialAction\":[{\"@type\":\"ReadAction\",\"target\":[\"https:\/\/www.blogsoestado.com\/danielmatos\/site-ligado-ao-pc-do-b-inclui-roseana-entre-os-governadora-que-apoiarao-dilma-rousseff\/\"]}]},{\"@type\":\"BreadcrumbList\",\"@id\":\"https:\/\/www.blogsoestado.com\/danielmatos\/site-ligado-ao-pc-do-b-inclui-roseana-entre-os-governadora-que-apoiarao-dilma-rousseff\/#breadcrumb\",\"itemListElement\":[{\"@type\":\"ListItem\",\"position\":1,\"name\":\"In\u00edcio\",\"item\":\"https:\/\/www.blogsoestado.com\/danielmatos\/\"},{\"@type\":\"ListItem\",\"position\":2,\"name\":\"Apesar da mobiliza\u00e7\u00e3o pr\u00f3-Dino, site ligado ao PC do B inclui Roseana entre governadores que apoiar\u00e3o Dilma\"}]},{\"@type\":\"WebSite\",\"@id\":\"https:\/\/www.blogsoestado.com\/danielmatos\/#website\",\"url\":\"https:\/\/www.blogsoestado.com\/danielmatos\/\",\"name\":\"Daniel Matos\",\"description\":\"\",\"potentialAction\":[{\"@type\":\"SearchAction\",\"target\":{\"@type\":\"EntryPoint\",\"urlTemplate\":\"https:\/\/www.blogsoestado.com\/danielmatos\/?s={search_term_string}\"},\"query-input\":{\"@type\":\"PropertyValueSpecification\",\"valueRequired\":true,\"valueName\":\"search_term_string\"}}],\"inLanguage\":\"pt-BR\"}]}<\/script>\n<!-- \/ Yoast SEO plugin. -->","yoast_head_json":{"title":"Apesar da mobiliza\u00e7\u00e3o pr\u00f3-Dino, site ligado ao PC do B inclui Roseana entre governadores que apoiar\u00e3o Dilma - Daniel Matos","robots":{"index":"index","follow":"follow","max-snippet":"max-snippet:-1","max-image-preview":"max-image-preview:large","max-video-preview":"max-video-preview:-1"},"canonical":"https:\/\/www.blogsoestado.com\/danielmatos\/site-ligado-ao-pc-do-b-inclui-roseana-entre-os-governadora-que-apoiarao-dilma-rousseff\/","og_locale":"pt_BR","og_type":"article","og_title":"Apesar da mobiliza\u00e7\u00e3o pr\u00f3-Dino, site ligado ao PC do B inclui Roseana entre governadores que apoiar\u00e3o Dilma - Daniel Matos","og_description":"O site www.vermelho.org.br, mantido pela ONG\u00a0Vermelho,\u00a0em conv\u00eanio com\u00a0o PC do B do deputado federal e pr\u00e9-candidato ao governo do Maranh\u00e3o, [&hellip;]","og_url":"https:\/\/www.blogsoestado.com\/danielmatos\/site-ligado-ao-pc-do-b-inclui-roseana-entre-os-governadora-que-apoiarao-dilma-rousseff\/","og_site_name":"Daniel Matos","article_published_time":"2010-04-21T18:15:23+00:00","twitter_card":"summary_large_image","twitter_misc":{"Est. tempo de leitura":"2 minutos"},"schema":{"@context":"https:\/\/schema.org","@graph":[{"@type":"WebPage","@id":"https:\/\/www.blogsoestado.com\/danielmatos\/site-ligado-ao-pc-do-b-inclui-roseana-entre-os-governadora-que-apoiarao-dilma-rousseff\/","url":"https:\/\/www.blogsoestado.com\/danielmatos\/site-ligado-ao-pc-do-b-inclui-roseana-entre-os-governadora-que-apoiarao-dilma-rousseff\/","name":"Apesar da mobiliza\u00e7\u00e3o pr\u00f3-Dino, site ligado ao PC do B inclui Roseana entre governadores que apoiar\u00e3o Dilma - Daniel Matos","isPartOf":{"@id":"https:\/\/www.blogsoestado.com\/danielmatos\/#website"},"datePublished":"2010-04-21T18:15:23+00:00","author":{"@id":""},"breadcrumb":{"@id":"https:\/\/www.blogsoestado.com\/danielmatos\/site-ligado-ao-pc-do-b-inclui-roseana-entre-os-governadora-que-apoiarao-dilma-rousseff\/#breadcrumb"},"inLanguage":"pt-BR","potentialAction":[{"@type":"ReadAction","target":["https:\/\/www.blogsoestado.com\/danielmatos\/site-ligado-ao-pc-do-b-inclui-roseana-entre-os-governadora-que-apoiarao-dilma-rousseff\/"]}]},{"@type":"BreadcrumbList","@id":"https:\/\/www.blogsoestado.com\/danielmatos\/site-ligado-ao-pc-do-b-inclui-roseana-entre-os-governadora-que-apoiarao-dilma-rousseff\/#breadcrumb","itemListElement":[{"@type":"ListItem","position":1,"name":"In\u00edcio","item":"https:\/\/www.blogsoestado.com\/danielmatos\/"},{"@type":"ListItem","position":2,"name":"Apesar da mobiliza\u00e7\u00e3o pr\u00f3-Dino, site ligado ao PC do B inclui Roseana entre governadores que apoiar\u00e3o Dilma"}]},{"@type":"WebSite","@id":"https:\/\/www.blogsoestado.com\/danielmatos\/#website","url":"https:\/\/www.blogsoestado.com\/danielmatos\/","name":"Daniel Matos","description":"","potentialAction":[{"@type":"SearchAction","target":{"@type":"EntryPoint","urlTemplate":"https:\/\/www.blogsoestado.com\/danielmatos\/?s={search_term_string}"},"query-input":{"@type":"PropertyValueSpecification","valueRequired":true,"valueName":"search_term_string"}}],"inLanguage":"pt-BR"}]}},"jetpack_featured_media_url":"","_links":{"self":[{"href":"https:\/\/www.blogsoestado.com\/danielmatos\/wp-json\/wp\/v2\/posts\/2076","targetHints":{"allow":["GET"]}}],"collection":[{"href":"https:\/\/www.blogsoestado.com\/danielmatos\/wp-json\/wp\/v2\/posts"}],"about":[{"href":"https:\/\/www.blogsoestado.com\/danielmatos\/wp-json\/wp\/v2\/types\/post"}],"replies":[{"embeddable":true,"href":"https:\/\/www.blogsoestado.com\/danielmatos\/wp-json\/wp\/v2\/comments?post=2076"}],"version-history":[{"count":0,"href":"https:\/\/www.blogsoestado.com\/danielmatos\/wp-json\/wp\/v2\/posts\/2076\/revisions"}],"wp:attachment":[{"href":"https:\/\/www.blogsoestado.com\/danielmatos\/wp-json\/wp\/v2\/media?parent=2076"}],"wp:term":[{"taxonomy":"category","embeddable":true,"href":"https:\/\/www.blogsoestado.com\/danielmatos\/wp-json\/wp\/v2\/categories?post=2076"},{"taxonomy":"post_tag","embeddable":true,"href":"https:\/\/www.blogsoestado.com\/danielmatos\/wp-json\/wp\/v2\/tags?post=2076"}],"curies":[{"name":"wp","href":"https:\/\/api.w.org\/{rel}","templated":true}]}}