{"id":20807,"date":"2014-12-02T08:09:48","date_gmt":"2014-12-02T11:09:48","guid":{"rendered":"https:\/\/www.blogsoestado.com\/danielmatos\/?p=20807"},"modified":"2014-12-02T08:09:48","modified_gmt":"2014-12-02T11:09:48","slug":"roseana-marca-datas-de-entrega-da-via-expressa-e-avenida-iv-centenario","status":"publish","type":"post","link":"https:\/\/www.blogsoestado.com\/danielmatos\/roseana-marca-datas-de-entrega-da-via-expressa-e-avenida-iv-centenario\/","title":{"rendered":"Roseana marca datas de entrega da Via Expressa e Avenida IV Centen\u00e1rio"},"content":{"rendered":"<figure id=\"attachment_20808\" aria-describedby=\"caption-attachment-20808\" style=\"width: 640px\" class=\"wp-caption aligncenter\"><a href=\"https:\/\/www.blogsoestado.com\/danielmatos\/files\/2014\/12\/inaugura\u00e7\u00e3o-via.jpg\"><img fetchpriority=\"high\" decoding=\"async\" class=\"size-full wp-image-20808\" src=\"https:\/\/www.blogsoestado.com\/danielmatos\/files\/2014\/12\/inaugura\u00e7\u00e3o-via.jpg\" alt=\"Avenida Jo\u00e3osinho Trinta (Via Expressa) ser\u00e1 entregue pela governadora Roseana neste domingo\" width=\"640\" height=\"399\" \/><\/a><figcaption id=\"caption-attachment-20808\" class=\"wp-caption-text\">Avenida Jo\u00e3osinho Trinta (Via Expressa) ser\u00e1 entregue pela governadora Roseana neste domingo<\/figcaption><\/figure>\n<p>A governadora Roseana Sarney entregar\u00e1obras importantes para a mobilidade urbana de S\u00e3o Lu\u00eds, como a Via Expressa, que passar\u00e1 a ser chamada de Avenida Jo\u00e3osinho Trinta, no domingo (7), e a Avenida IV Centen\u00e1rio, na sexta-feira (5).<\/p>\n<p>Ainda na capital, tamb\u00e9m ser\u00e3o entregues a\u00c1rea de Prote\u00e7\u00e3o Ambiental (APA) do Itapirac\u00f3, o Centro de Refer\u00eancia de Assist\u00eancia Social (CRAS) no Vinhais e a Adutora do Sistema Italu\u00eds. Ainda na Regi\u00e3o Metropolitana ser\u00e3o inauguradoso Centro Tecnol\u00f3gico do Maranh\u00e3o (Cetecma) em S\u00e3o Jos\u00e9 de Ribamar e o Viva Raposa.<\/p>\n<p>\u201cAs Avenidas Jo\u00e3osinho Trinta e IV Centen\u00e1rio v\u00e3o contribuir para desafogar o tr\u00e2nsito em S\u00e3o Lu\u00eds. Elas fazem parte de uma s\u00e9rie de investimentos do Governo do Estado na capital e Grande Ilha, a exemplo de obras nas \u00e1reas de sa\u00fade, educa\u00e7\u00e3o, assist\u00eancia social, seguran\u00e7a, entre outras\u201d, avaliou Roseana Sarney.<\/p>\n<p>A 2\u00aa etapa da Avenida Jo\u00e3osinho Trinta, obra executada pela Secretaria de Estado de Infraestrutura (Sinfra)contempla 6,7 km do total de 9 km da avenida. A avenida vai colaborar para desafogar o tr\u00e2nsito e interligar os bairros do Jaracati, Cohafuma, Vinhais e Maranh\u00e3o Novo, beneficiando milhares de habitantes de mais de 20 bairros em S\u00e3o Lu\u00eds.Os investimentos nos 9 km da obra s\u00e3o da ordem de R$ 125 milh\u00f5es.<\/p>\n<p><strong>IV Centen\u00e1rio<\/strong><\/p>\n<figure id=\"attachment_20809\" aria-describedby=\"caption-attachment-20809\" style=\"width: 640px\" class=\"wp-caption aligncenter\"><a href=\"https:\/\/www.blogsoestado.com\/danielmatos\/files\/2014\/12\/inaugura\u00e7\u00e3o-via2.jpg\"><img decoding=\"async\" class=\"size-full wp-image-20809\" src=\"https:\/\/www.blogsoestado.com\/danielmatos\/files\/2014\/12\/inaugura\u00e7\u00e3o-via2.jpg\" alt=\"Avenida IV Centen\u00e1rio vai desafogar o tr\u00e2nsito das avenidas Luiz Rocha e Get\u00falio Vargas, criando uma alternativa de acesso \u00e0 Beira Mar e a ponte Bandeira Tribuzzi\" width=\"640\" height=\"412\" \/><\/a><figcaption id=\"caption-attachment-20809\" class=\"wp-caption-text\">Avenida IV Centen\u00e1rio vai desafogar o tr\u00e2nsito das avenidas Luiz Rocha e Get\u00falio Vargas, criando uma alternativa de acesso \u00e0 Beira Mar e a ponte Bandeira Tribuzzi<\/figcaption><\/figure>\n<p>&nbsp;<\/p>\n<p>J\u00e1 a Avenida IV Centen\u00e1rio, executada pelaSecretaria de Cidades e Desenvolvimento Urbano (Secid), preserva o Rio Anil e promove a integra\u00e7\u00e3o f\u00edsica da maior \u00e1rea quilombola urbana da Am\u00e9rica Latina. A obra possui 3,8 quil\u00f4metros de extens\u00e3o e duas pistas, divididas em duas faixas de rolamento,passeio de pedestres e ciclovia. A avenida tem aterro hidr\u00e1ulico, um elevado de 1.090 metros de extens\u00e3o e cinco encaixes: um na Avenida dos Franceses, outro na Camboa, dois na Liberdade e um na F\u00e9 em Deus.<\/p>\n<p>O novo corredor vai desafogar o tr\u00e2nsito das avenidas Luiz Rocha e Get\u00falio Vargas, criando uma alternativa de acesso \u00e0 Beira Mar e a ponte Bandeira Tribuzzi. A avenida ainda vai melhorar a mobilidade em outra \u00e1rea da cidade, interligando bairros como Camboa e Alemanha.<\/p>\n<p><strong>Memorial<\/strong><\/p>\n<p>Juntamente com a Avenida Jo\u00e3osinho Trinta, a governadora Roseana entregar\u00e1 aos ludovicenses o Memorial do Vinhais Velho. O espa\u00e7o foi constru\u00eddo para abrigar alguns dos vest\u00edgios arqueol\u00f3gicos descobertos nas proximidades da Igreja de S\u00e3o Jo\u00e3o Batista do Vinhais, durante a etapa de terraplenagem da obra.<\/p>\n<p>Sob a coordena\u00e7\u00e3o do arque\u00f3logo Arkley Marques Bandeira, o Governo do Estado realizou o Programa de Gest\u00e3o do Patrim\u00f4nio Arqueol\u00f3gico para Implanta\u00e7\u00e3o da Via Expressa de liga\u00e7\u00e3o das Avenidas Carlos Cunha e Daniel de La Touche. A exposi\u00e7\u00e3o \u201cVinhais Velho: arqueologia, hist\u00f3ria e mem\u00f3ria\u201d ser\u00e1 aberta ao p\u00fablico no pr\u00f3ximo domingo (7).<\/p>\n<p><strong>Fonte:<\/strong> Secretaria Estadual de Comunica\u00e7\u00e3o (Secom)<\/p>\n","protected":false},"excerpt":{"rendered":"<p>A governadora Roseana Sarney entregar\u00e1obras importantes para a mobilidade urbana de S\u00e3o Lu\u00eds, como a Via Expressa, que passar\u00e1 a [&hellip;]<\/p>\n","protected":false},"author":0,"featured_media":0,"comment_status":"open","ping_status":"open","sticky":false,"template":"","format":"standard","meta":{"site-sidebar-layout":"default","site-content-layout":"","ast-site-content-layout":"default","site-content-style":"default","site-sidebar-style":"default","ast-global-header-display":"","ast-banner-title-visibility":"","ast-main-header-display":"","ast-hfb-above-header-display":"","ast-hfb-below-header-display":"","ast-hfb-mobile-header-display":"","site-post-title":"","ast-breadcrumbs-content":"","ast-featured-img":"","footer-sml-layout":"","ast-disable-related-posts":"","theme-transparent-header-meta":"","adv-header-id-meta":"","stick-header-meta":"","header-above-stick-meta":"","header-main-stick-meta":"","header-below-stick-meta":"","astra-migrate-meta-layouts":"default","ast-page-background-enabled":"default","ast-page-background-meta":{"desktop":{"background-color":"var(--ast-global-color-5)","background-image":"","background-repeat":"repeat","background-position":"center center","background-size":"auto","background-attachment":"scroll","background-type":"","background-media":"","overlay-type":"","overlay-color":"","overlay-opacity":"","overlay-gradient":""},"tablet":{"background-color":"","background-image":"","background-repeat":"repeat","background-position":"center center","background-size":"auto","background-attachment":"scroll","background-type":"","background-media":"","overlay-type":"","overlay-color":"","overlay-opacity":"","overlay-gradient":""},"mobile":{"background-color":"","background-image":"","background-repeat":"repeat","background-position":"center center","background-size":"auto","background-attachment":"scroll","background-type":"","background-media":"","overlay-type":"","overlay-color":"","overlay-opacity":"","overlay-gradient":""}},"ast-content-background-meta":{"desktop":{"background-color":"var(--ast-global-color-4)","background-image":"","background-repeat":"repeat","background-position":"center center","background-size":"auto","background-attachment":"scroll","background-type":"","background-media":"","overlay-type":"","overlay-color":"","overlay-opacity":"","overlay-gradient":""},"tablet":{"background-color":"var(--ast-global-color-4)","background-image":"","background-repeat":"repeat","background-position":"center center","background-size":"auto","background-attachment":"scroll","background-type":"","background-media":"","overlay-type":"","overlay-color":"","overlay-opacity":"","overlay-gradient":""},"mobile":{"background-color":"var(--ast-global-color-4)","background-image":"","background-repeat":"repeat","background-position":"center center","background-size":"auto","background-attachment":"scroll","background-type":"","background-media":"","overlay-type":"","overlay-color":"","overlay-opacity":"","overlay-gradient":""}},"footnotes":""},"categories":[1],"tags":[],"class_list":["post-20807","post","type-post","status-publish","format-standard","hentry","category-sem-categoria"],"yoast_head":"<!-- This site is optimized with the Yoast SEO plugin v26.6 - https:\/\/yoast.com\/wordpress\/plugins\/seo\/ -->\n<title>Roseana marca datas de entrega da Via Expressa e Avenida IV Centen\u00e1rio - Daniel Matos<\/title>\n<meta name=\"robots\" content=\"index, follow, max-snippet:-1, max-image-preview:large, max-video-preview:-1\" \/>\n<link rel=\"canonical\" href=\"https:\/\/www.blogsoestado.com\/danielmatos\/roseana-marca-datas-de-entrega-da-via-expressa-e-avenida-iv-centenario\/\" \/>\n<meta property=\"og:locale\" content=\"pt_BR\" \/>\n<meta property=\"og:type\" content=\"article\" \/>\n<meta property=\"og:title\" content=\"Roseana marca datas de entrega da Via Expressa e Avenida IV Centen\u00e1rio - Daniel Matos\" \/>\n<meta property=\"og:description\" content=\"A governadora Roseana Sarney entregar\u00e1obras importantes para a mobilidade urbana de S\u00e3o Lu\u00eds, como a Via Expressa, que passar\u00e1 a [&hellip;]\" \/>\n<meta property=\"og:url\" content=\"https:\/\/www.blogsoestado.com\/danielmatos\/roseana-marca-datas-de-entrega-da-via-expressa-e-avenida-iv-centenario\/\" \/>\n<meta property=\"og:site_name\" content=\"Daniel Matos\" \/>\n<meta property=\"article:published_time\" content=\"2014-12-02T11:09:48+00:00\" \/>\n<meta name=\"twitter:card\" content=\"summary_large_image\" \/>\n<meta name=\"twitter:label1\" content=\"Est. tempo de leitura\" \/>\n\t<meta name=\"twitter:data1\" content=\"3 minutos\" \/>\n<script type=\"application\/ld+json\" class=\"yoast-schema-graph\">{\"@context\":\"https:\/\/schema.org\",\"@graph\":[{\"@type\":\"WebPage\",\"@id\":\"https:\/\/www.blogsoestado.com\/danielmatos\/roseana-marca-datas-de-entrega-da-via-expressa-e-avenida-iv-centenario\/\",\"url\":\"https:\/\/www.blogsoestado.com\/danielmatos\/roseana-marca-datas-de-entrega-da-via-expressa-e-avenida-iv-centenario\/\",\"name\":\"Roseana marca datas de entrega da Via Expressa e Avenida IV Centen\u00e1rio - Daniel Matos\",\"isPartOf\":{\"@id\":\"https:\/\/www.blogsoestado.com\/danielmatos\/#website\"},\"datePublished\":\"2014-12-02T11:09:48+00:00\",\"author\":{\"@id\":\"\"},\"breadcrumb\":{\"@id\":\"https:\/\/www.blogsoestado.com\/danielmatos\/roseana-marca-datas-de-entrega-da-via-expressa-e-avenida-iv-centenario\/#breadcrumb\"},\"inLanguage\":\"pt-BR\",\"potentialAction\":[{\"@type\":\"ReadAction\",\"target\":[\"https:\/\/www.blogsoestado.com\/danielmatos\/roseana-marca-datas-de-entrega-da-via-expressa-e-avenida-iv-centenario\/\"]}]},{\"@type\":\"BreadcrumbList\",\"@id\":\"https:\/\/www.blogsoestado.com\/danielmatos\/roseana-marca-datas-de-entrega-da-via-expressa-e-avenida-iv-centenario\/#breadcrumb\",\"itemListElement\":[{\"@type\":\"ListItem\",\"position\":1,\"name\":\"In\u00edcio\",\"item\":\"https:\/\/www.blogsoestado.com\/danielmatos\/\"},{\"@type\":\"ListItem\",\"position\":2,\"name\":\"Roseana marca datas de entrega da Via Expressa e Avenida IV Centen\u00e1rio\"}]},{\"@type\":\"WebSite\",\"@id\":\"https:\/\/www.blogsoestado.com\/danielmatos\/#website\",\"url\":\"https:\/\/www.blogsoestado.com\/danielmatos\/\",\"name\":\"Daniel Matos\",\"description\":\"\",\"potentialAction\":[{\"@type\":\"SearchAction\",\"target\":{\"@type\":\"EntryPoint\",\"urlTemplate\":\"https:\/\/www.blogsoestado.com\/danielmatos\/?s={search_term_string}\"},\"query-input\":{\"@type\":\"PropertyValueSpecification\",\"valueRequired\":true,\"valueName\":\"search_term_string\"}}],\"inLanguage\":\"pt-BR\"}]}<\/script>\n<!-- \/ Yoast SEO plugin. -->","yoast_head_json":{"title":"Roseana marca datas de entrega da Via Expressa e Avenida IV Centen\u00e1rio - Daniel Matos","robots":{"index":"index","follow":"follow","max-snippet":"max-snippet:-1","max-image-preview":"max-image-preview:large","max-video-preview":"max-video-preview:-1"},"canonical":"https:\/\/www.blogsoestado.com\/danielmatos\/roseana-marca-datas-de-entrega-da-via-expressa-e-avenida-iv-centenario\/","og_locale":"pt_BR","og_type":"article","og_title":"Roseana marca datas de entrega da Via Expressa e Avenida IV Centen\u00e1rio - Daniel Matos","og_description":"A governadora Roseana Sarney entregar\u00e1obras importantes para a mobilidade urbana de S\u00e3o Lu\u00eds, como a Via Expressa, que passar\u00e1 a [&hellip;]","og_url":"https:\/\/www.blogsoestado.com\/danielmatos\/roseana-marca-datas-de-entrega-da-via-expressa-e-avenida-iv-centenario\/","og_site_name":"Daniel Matos","article_published_time":"2014-12-02T11:09:48+00:00","twitter_card":"summary_large_image","twitter_misc":{"Est. tempo de leitura":"3 minutos"},"schema":{"@context":"https:\/\/schema.org","@graph":[{"@type":"WebPage","@id":"https:\/\/www.blogsoestado.com\/danielmatos\/roseana-marca-datas-de-entrega-da-via-expressa-e-avenida-iv-centenario\/","url":"https:\/\/www.blogsoestado.com\/danielmatos\/roseana-marca-datas-de-entrega-da-via-expressa-e-avenida-iv-centenario\/","name":"Roseana marca datas de entrega da Via Expressa e Avenida IV Centen\u00e1rio - Daniel Matos","isPartOf":{"@id":"https:\/\/www.blogsoestado.com\/danielmatos\/#website"},"datePublished":"2014-12-02T11:09:48+00:00","author":{"@id":""},"breadcrumb":{"@id":"https:\/\/www.blogsoestado.com\/danielmatos\/roseana-marca-datas-de-entrega-da-via-expressa-e-avenida-iv-centenario\/#breadcrumb"},"inLanguage":"pt-BR","potentialAction":[{"@type":"ReadAction","target":["https:\/\/www.blogsoestado.com\/danielmatos\/roseana-marca-datas-de-entrega-da-via-expressa-e-avenida-iv-centenario\/"]}]},{"@type":"BreadcrumbList","@id":"https:\/\/www.blogsoestado.com\/danielmatos\/roseana-marca-datas-de-entrega-da-via-expressa-e-avenida-iv-centenario\/#breadcrumb","itemListElement":[{"@type":"ListItem","position":1,"name":"In\u00edcio","item":"https:\/\/www.blogsoestado.com\/danielmatos\/"},{"@type":"ListItem","position":2,"name":"Roseana marca datas de entrega da Via Expressa e Avenida IV Centen\u00e1rio"}]},{"@type":"WebSite","@id":"https:\/\/www.blogsoestado.com\/danielmatos\/#website","url":"https:\/\/www.blogsoestado.com\/danielmatos\/","name":"Daniel Matos","description":"","potentialAction":[{"@type":"SearchAction","target":{"@type":"EntryPoint","urlTemplate":"https:\/\/www.blogsoestado.com\/danielmatos\/?s={search_term_string}"},"query-input":{"@type":"PropertyValueSpecification","valueRequired":true,"valueName":"search_term_string"}}],"inLanguage":"pt-BR"}]}},"jetpack_featured_media_url":"","_links":{"self":[{"href":"https:\/\/www.blogsoestado.com\/danielmatos\/wp-json\/wp\/v2\/posts\/20807","targetHints":{"allow":["GET"]}}],"collection":[{"href":"https:\/\/www.blogsoestado.com\/danielmatos\/wp-json\/wp\/v2\/posts"}],"about":[{"href":"https:\/\/www.blogsoestado.com\/danielmatos\/wp-json\/wp\/v2\/types\/post"}],"replies":[{"embeddable":true,"href":"https:\/\/www.blogsoestado.com\/danielmatos\/wp-json\/wp\/v2\/comments?post=20807"}],"version-history":[{"count":0,"href":"https:\/\/www.blogsoestado.com\/danielmatos\/wp-json\/wp\/v2\/posts\/20807\/revisions"}],"wp:attachment":[{"href":"https:\/\/www.blogsoestado.com\/danielmatos\/wp-json\/wp\/v2\/media?parent=20807"}],"wp:term":[{"taxonomy":"category","embeddable":true,"href":"https:\/\/www.blogsoestado.com\/danielmatos\/wp-json\/wp\/v2\/categories?post=20807"},{"taxonomy":"post_tag","embeddable":true,"href":"https:\/\/www.blogsoestado.com\/danielmatos\/wp-json\/wp\/v2\/tags?post=20807"}],"curies":[{"name":"wp","href":"https:\/\/api.w.org\/{rel}","templated":true}]}}