{"id":20818,"date":"2014-12-02T09:33:25","date_gmt":"2014-12-02T12:33:25","guid":{"rendered":"https:\/\/www.blogsoestado.com\/danielmatos\/?p=20818"},"modified":"2014-12-02T09:33:25","modified_gmt":"2014-12-02T12:33:25","slug":"pf-deflagra-operacao-ferro-e-fogo-i-e-ii-contra-ilicitos-no-ibama-e-na-sema","status":"publish","type":"post","link":"https:\/\/www.blogsoestado.com\/danielmatos\/pf-deflagra-operacao-ferro-e-fogo-i-e-ii-contra-ilicitos-no-ibama-e-na-sema\/","title":{"rendered":"PF deflagra Opera\u00e7\u00e3o &#8220;Ferro e Fogo I e II&#8221; contra il\u00edcitos no Ibama e na Sema"},"content":{"rendered":"<p><strong>S\u00e3o Lu\u00eds, MA<\/strong> &#8211; A Pol\u00edcia Federal deflagrou, na manh\u00e3\u00a0desta ter\u00e7a-feira, a Opera\u00e7\u00e3o \u201cFerro e Fogo I e II\u201d*, com o fim de desbaratar organiza\u00e7\u00e3o criminosa formada por servidores p\u00fablicos do IBAMA (Instituto Brasileiro do Meio Ambiente), da SEMA (Secretaria de Estado de Meio Ambiente e Recursos Naturais) e empres\u00e1rios, por condutas reiteradas de corrup\u00e7\u00e3o no desempenho de suas fun\u00e7\u00f5es p\u00fablicas e particulares, atuantes nas cidades de S\u00e3o Luis e Imperatriz.<\/p>\n<p>As investiga\u00e7\u00f5es tiveram in\u00edcio em setembro de 2013, por meio da instaura\u00e7\u00e3o de Inqu\u00e9rito Policial, na Delegacia Especializada em Repress\u00e3o a Crimes Contra o Meio Ambiente \u2013 DELEMAPH\/SR\/DPF\/MA &#8211; em raz\u00e3o da comunica\u00e7\u00e3o feita pelo IBAMAde que alguns servidores da autarquia estariam envolvidos em atividades il\u00edcitas relacionadas, inclusive, com \u00e1reas protegidas da Amaz\u00f4nia.<\/p>\n<p>As investiga\u00e7\u00f5es revelaram desvios de condutas de 15 (quinze) servidores do IBAMA, de 01 (um) servidor do SEMA e de 02 (dois)ex-superintendentes adjuntos da SEMA,sendo que um deles ocupa hoje o cargo de Superintendente do INCRA do Estado do Maranh\u00e3o. Tais funcion\u00e1rios praticavam de forma reiterada variados atos de corrup\u00e7\u00e3o no desenrolar de suas fun\u00e7\u00f5es p\u00fablicas, em resumo: exigindo e solicitando vantagem econ\u00f4mica no desempenho das fun\u00e7\u00f5es de fiscaliza\u00e7\u00e3o; auxilio na tramita\u00e7\u00e3o de processos administrativos; repassando informa\u00e7\u00f5es privilegiadas a particulares acerca de fiscaliza\u00e7\u00f5es, fraudes em processos ambientais, entre outros.<\/p>\n<p>Est\u00e3o sendo cumpridos 02 (dois) Mandados de Pris\u00f5es Preventivas, 21 (vinte e um) Mandados de Pris\u00e3o Tempor\u00e1ria, 28 (vinte o oito) Mandados de Busca e Apreens\u00e3o e 06 (seis) Condu\u00e7\u00f5es Coercitivas de pessoas diretamente envolvidas com os fatos.<\/p>\n<p>Os investigados ser\u00e3o indiciados e responder\u00e3o, na medida de suas culpabilidades, pelos crimes de quadrilha ou bando, concuss\u00e3o, corrup\u00e7\u00e3o passiva e ativa, prevarica\u00e7\u00e3o, advocacia administrativa e viola\u00e7\u00e3o de sigilo funcional, cujas penas, somadas, podem chegar a 25 anos de reclus\u00e3o.<\/p>\n<p>Ap\u00f3s os atos de interrogat\u00f3rio os presos ser\u00e3o encaminhados ao Pres\u00eddio de Pedrinhas e ficar\u00e3o \u00e0 disposi\u00e7\u00e3o da Justi\u00e7a Federal.<\/p>\n<p>Haver\u00e1 entrevista coletiva \u00e0s 10h30, na Superintend\u00eancia Regional da PF, na Avenida Daniel de La Touche (Cohajap).<\/p>\n<p>*O nome da opera\u00e7\u00e3o remete ao livro \u201cA Ferro e Fogo\u201d do pesquisador Warren Dean. Esse livro narra com rigor hist\u00f3rico as formas de destrui\u00e7\u00e3o da floresta brasileira.<\/p>\n<p><strong>Fonte:<\/strong> Pol\u00edcia Federal<\/p>\n","protected":false},"excerpt":{"rendered":"<p>S\u00e3o Lu\u00eds, MA &#8211; A Pol\u00edcia Federal deflagrou, na manh\u00e3\u00a0desta ter\u00e7a-feira, a Opera\u00e7\u00e3o \u201cFerro e Fogo I e II\u201d*, com [&hellip;]<\/p>\n","protected":false},"author":0,"featured_media":0,"comment_status":"open","ping_status":"open","sticky":false,"template":"","format":"standard","meta":{"site-sidebar-layout":"default","site-content-layout":"","ast-site-content-layout":"default","site-content-style":"default","site-sidebar-style":"default","ast-global-header-display":"","ast-banner-title-visibility":"","ast-main-header-display":"","ast-hfb-above-header-display":"","ast-hfb-below-header-display":"","ast-hfb-mobile-header-display":"","site-post-title":"","ast-breadcrumbs-content":"","ast-featured-img":"","footer-sml-layout":"","ast-disable-related-posts":"","theme-transparent-header-meta":"","adv-header-id-meta":"","stick-header-meta":"","header-above-stick-meta":"","header-main-stick-meta":"","header-below-stick-meta":"","astra-migrate-meta-layouts":"default","ast-page-background-enabled":"default","ast-page-background-meta":{"desktop":{"background-color":"var(--ast-global-color-5)","background-image":"","background-repeat":"repeat","background-position":"center center","background-size":"auto","background-attachment":"scroll","background-type":"","background-media":"","overlay-type":"","overlay-color":"","overlay-opacity":"","overlay-gradient":""},"tablet":{"background-color":"","background-image":"","background-repeat":"repeat","background-position":"center center","background-size":"auto","background-attachment":"scroll","background-type":"","background-media":"","overlay-type":"","overlay-color":"","overlay-opacity":"","overlay-gradient":""},"mobile":{"background-color":"","background-image":"","background-repeat":"repeat","background-position":"center center","background-size":"auto","background-attachment":"scroll","background-type":"","background-media":"","overlay-type":"","overlay-color":"","overlay-opacity":"","overlay-gradient":""}},"ast-content-background-meta":{"desktop":{"background-color":"var(--ast-global-color-4)","background-image":"","background-repeat":"repeat","background-position":"center center","background-size":"auto","background-attachment":"scroll","background-type":"","background-media":"","overlay-type":"","overlay-color":"","overlay-opacity":"","overlay-gradient":""},"tablet":{"background-color":"var(--ast-global-color-4)","background-image":"","background-repeat":"repeat","background-position":"center center","background-size":"auto","background-attachment":"scroll","background-type":"","background-media":"","overlay-type":"","overlay-color":"","overlay-opacity":"","overlay-gradient":""},"mobile":{"background-color":"var(--ast-global-color-4)","background-image":"","background-repeat":"repeat","background-position":"center center","background-size":"auto","background-attachment":"scroll","background-type":"","background-media":"","overlay-type":"","overlay-color":"","overlay-opacity":"","overlay-gradient":""}},"footnotes":""},"categories":[1],"tags":[],"class_list":["post-20818","post","type-post","status-publish","format-standard","hentry","category-sem-categoria"],"yoast_head":"<!-- This site is optimized with the Yoast SEO plugin v26.6 - https:\/\/yoast.com\/wordpress\/plugins\/seo\/ -->\n<title>PF deflagra Opera\u00e7\u00e3o &quot;Ferro e Fogo I e II&quot; contra il\u00edcitos no Ibama e na Sema - Daniel Matos<\/title>\n<meta name=\"robots\" content=\"index, follow, max-snippet:-1, max-image-preview:large, max-video-preview:-1\" \/>\n<link rel=\"canonical\" href=\"https:\/\/www.blogsoestado.com\/danielmatos\/pf-deflagra-operacao-ferro-e-fogo-i-e-ii-contra-ilicitos-no-ibama-e-na-sema\/\" \/>\n<meta property=\"og:locale\" content=\"pt_BR\" \/>\n<meta property=\"og:type\" content=\"article\" \/>\n<meta property=\"og:title\" content=\"PF deflagra Opera\u00e7\u00e3o &quot;Ferro e Fogo I e II&quot; contra il\u00edcitos no Ibama e na Sema - Daniel Matos\" \/>\n<meta property=\"og:description\" content=\"S\u00e3o Lu\u00eds, MA &#8211; A Pol\u00edcia Federal deflagrou, na manh\u00e3\u00a0desta ter\u00e7a-feira, a Opera\u00e7\u00e3o \u201cFerro e Fogo I e II\u201d*, com [&hellip;]\" \/>\n<meta property=\"og:url\" content=\"https:\/\/www.blogsoestado.com\/danielmatos\/pf-deflagra-operacao-ferro-e-fogo-i-e-ii-contra-ilicitos-no-ibama-e-na-sema\/\" \/>\n<meta property=\"og:site_name\" content=\"Daniel Matos\" \/>\n<meta property=\"article:published_time\" content=\"2014-12-02T12:33:25+00:00\" \/>\n<meta name=\"twitter:card\" content=\"summary_large_image\" \/>\n<meta name=\"twitter:label1\" content=\"Est. tempo de leitura\" \/>\n\t<meta name=\"twitter:data1\" content=\"2 minutos\" \/>\n<script type=\"application\/ld+json\" class=\"yoast-schema-graph\">{\"@context\":\"https:\/\/schema.org\",\"@graph\":[{\"@type\":\"WebPage\",\"@id\":\"https:\/\/www.blogsoestado.com\/danielmatos\/pf-deflagra-operacao-ferro-e-fogo-i-e-ii-contra-ilicitos-no-ibama-e-na-sema\/\",\"url\":\"https:\/\/www.blogsoestado.com\/danielmatos\/pf-deflagra-operacao-ferro-e-fogo-i-e-ii-contra-ilicitos-no-ibama-e-na-sema\/\",\"name\":\"PF deflagra Opera\u00e7\u00e3o \\\"Ferro e Fogo I e II\\\" contra il\u00edcitos no Ibama e na Sema - Daniel Matos\",\"isPartOf\":{\"@id\":\"https:\/\/www.blogsoestado.com\/danielmatos\/#website\"},\"datePublished\":\"2014-12-02T12:33:25+00:00\",\"author\":{\"@id\":\"\"},\"breadcrumb\":{\"@id\":\"https:\/\/www.blogsoestado.com\/danielmatos\/pf-deflagra-operacao-ferro-e-fogo-i-e-ii-contra-ilicitos-no-ibama-e-na-sema\/#breadcrumb\"},\"inLanguage\":\"pt-BR\",\"potentialAction\":[{\"@type\":\"ReadAction\",\"target\":[\"https:\/\/www.blogsoestado.com\/danielmatos\/pf-deflagra-operacao-ferro-e-fogo-i-e-ii-contra-ilicitos-no-ibama-e-na-sema\/\"]}]},{\"@type\":\"BreadcrumbList\",\"@id\":\"https:\/\/www.blogsoestado.com\/danielmatos\/pf-deflagra-operacao-ferro-e-fogo-i-e-ii-contra-ilicitos-no-ibama-e-na-sema\/#breadcrumb\",\"itemListElement\":[{\"@type\":\"ListItem\",\"position\":1,\"name\":\"In\u00edcio\",\"item\":\"https:\/\/www.blogsoestado.com\/danielmatos\/\"},{\"@type\":\"ListItem\",\"position\":2,\"name\":\"PF deflagra Opera\u00e7\u00e3o &#8220;Ferro e Fogo I e II&#8221; contra il\u00edcitos no Ibama e na Sema\"}]},{\"@type\":\"WebSite\",\"@id\":\"https:\/\/www.blogsoestado.com\/danielmatos\/#website\",\"url\":\"https:\/\/www.blogsoestado.com\/danielmatos\/\",\"name\":\"Daniel Matos\",\"description\":\"\",\"potentialAction\":[{\"@type\":\"SearchAction\",\"target\":{\"@type\":\"EntryPoint\",\"urlTemplate\":\"https:\/\/www.blogsoestado.com\/danielmatos\/?s={search_term_string}\"},\"query-input\":{\"@type\":\"PropertyValueSpecification\",\"valueRequired\":true,\"valueName\":\"search_term_string\"}}],\"inLanguage\":\"pt-BR\"}]}<\/script>\n<!-- \/ Yoast SEO plugin. -->","yoast_head_json":{"title":"PF deflagra Opera\u00e7\u00e3o \"Ferro e Fogo I e II\" contra il\u00edcitos no Ibama e na Sema - Daniel Matos","robots":{"index":"index","follow":"follow","max-snippet":"max-snippet:-1","max-image-preview":"max-image-preview:large","max-video-preview":"max-video-preview:-1"},"canonical":"https:\/\/www.blogsoestado.com\/danielmatos\/pf-deflagra-operacao-ferro-e-fogo-i-e-ii-contra-ilicitos-no-ibama-e-na-sema\/","og_locale":"pt_BR","og_type":"article","og_title":"PF deflagra Opera\u00e7\u00e3o \"Ferro e Fogo I e II\" contra il\u00edcitos no Ibama e na Sema - Daniel Matos","og_description":"S\u00e3o Lu\u00eds, MA &#8211; A Pol\u00edcia Federal deflagrou, na manh\u00e3\u00a0desta ter\u00e7a-feira, a Opera\u00e7\u00e3o \u201cFerro e Fogo I e II\u201d*, com [&hellip;]","og_url":"https:\/\/www.blogsoestado.com\/danielmatos\/pf-deflagra-operacao-ferro-e-fogo-i-e-ii-contra-ilicitos-no-ibama-e-na-sema\/","og_site_name":"Daniel Matos","article_published_time":"2014-12-02T12:33:25+00:00","twitter_card":"summary_large_image","twitter_misc":{"Est. tempo de leitura":"2 minutos"},"schema":{"@context":"https:\/\/schema.org","@graph":[{"@type":"WebPage","@id":"https:\/\/www.blogsoestado.com\/danielmatos\/pf-deflagra-operacao-ferro-e-fogo-i-e-ii-contra-ilicitos-no-ibama-e-na-sema\/","url":"https:\/\/www.blogsoestado.com\/danielmatos\/pf-deflagra-operacao-ferro-e-fogo-i-e-ii-contra-ilicitos-no-ibama-e-na-sema\/","name":"PF deflagra Opera\u00e7\u00e3o \"Ferro e Fogo I e II\" contra il\u00edcitos no Ibama e na Sema - Daniel Matos","isPartOf":{"@id":"https:\/\/www.blogsoestado.com\/danielmatos\/#website"},"datePublished":"2014-12-02T12:33:25+00:00","author":{"@id":""},"breadcrumb":{"@id":"https:\/\/www.blogsoestado.com\/danielmatos\/pf-deflagra-operacao-ferro-e-fogo-i-e-ii-contra-ilicitos-no-ibama-e-na-sema\/#breadcrumb"},"inLanguage":"pt-BR","potentialAction":[{"@type":"ReadAction","target":["https:\/\/www.blogsoestado.com\/danielmatos\/pf-deflagra-operacao-ferro-e-fogo-i-e-ii-contra-ilicitos-no-ibama-e-na-sema\/"]}]},{"@type":"BreadcrumbList","@id":"https:\/\/www.blogsoestado.com\/danielmatos\/pf-deflagra-operacao-ferro-e-fogo-i-e-ii-contra-ilicitos-no-ibama-e-na-sema\/#breadcrumb","itemListElement":[{"@type":"ListItem","position":1,"name":"In\u00edcio","item":"https:\/\/www.blogsoestado.com\/danielmatos\/"},{"@type":"ListItem","position":2,"name":"PF deflagra Opera\u00e7\u00e3o &#8220;Ferro e Fogo I e II&#8221; contra il\u00edcitos no Ibama e na Sema"}]},{"@type":"WebSite","@id":"https:\/\/www.blogsoestado.com\/danielmatos\/#website","url":"https:\/\/www.blogsoestado.com\/danielmatos\/","name":"Daniel Matos","description":"","potentialAction":[{"@type":"SearchAction","target":{"@type":"EntryPoint","urlTemplate":"https:\/\/www.blogsoestado.com\/danielmatos\/?s={search_term_string}"},"query-input":{"@type":"PropertyValueSpecification","valueRequired":true,"valueName":"search_term_string"}}],"inLanguage":"pt-BR"}]}},"jetpack_featured_media_url":"","_links":{"self":[{"href":"https:\/\/www.blogsoestado.com\/danielmatos\/wp-json\/wp\/v2\/posts\/20818","targetHints":{"allow":["GET"]}}],"collection":[{"href":"https:\/\/www.blogsoestado.com\/danielmatos\/wp-json\/wp\/v2\/posts"}],"about":[{"href":"https:\/\/www.blogsoestado.com\/danielmatos\/wp-json\/wp\/v2\/types\/post"}],"replies":[{"embeddable":true,"href":"https:\/\/www.blogsoestado.com\/danielmatos\/wp-json\/wp\/v2\/comments?post=20818"}],"version-history":[{"count":0,"href":"https:\/\/www.blogsoestado.com\/danielmatos\/wp-json\/wp\/v2\/posts\/20818\/revisions"}],"wp:attachment":[{"href":"https:\/\/www.blogsoestado.com\/danielmatos\/wp-json\/wp\/v2\/media?parent=20818"}],"wp:term":[{"taxonomy":"category","embeddable":true,"href":"https:\/\/www.blogsoestado.com\/danielmatos\/wp-json\/wp\/v2\/categories?post=20818"},{"taxonomy":"post_tag","embeddable":true,"href":"https:\/\/www.blogsoestado.com\/danielmatos\/wp-json\/wp\/v2\/tags?post=20818"}],"curies":[{"name":"wp","href":"https:\/\/api.w.org\/{rel}","templated":true}]}}