{"id":20823,"date":"2014-12-02T15:15:21","date_gmt":"2014-12-02T18:15:21","guid":{"rendered":"https:\/\/www.blogsoestado.com\/danielmatos\/?p=20823"},"modified":"2014-12-02T15:15:21","modified_gmt":"2014-12-02T18:15:21","slug":"ze-inacio-visita-presidente-do-incra-em-brasilia","status":"publish","type":"post","link":"https:\/\/www.blogsoestado.com\/danielmatos\/ze-inacio-visita-presidente-do-incra-em-brasilia\/","title":{"rendered":"Z\u00e9 In\u00e1cio visita presidente do Incra, em Bras\u00edlia"},"content":{"rendered":"<figure id=\"attachment_20824\" aria-describedby=\"caption-attachment-20824\" style=\"width: 448px\" class=\"wp-caption alignright\"><a href=\"https:\/\/www.blogsoestado.com\/danielmatos\/files\/2014\/12\/ze-inacio-guedes.jpg\"><img fetchpriority=\"high\" decoding=\"async\" class=\"size-full wp-image-20824\" src=\"https:\/\/www.blogsoestado.com\/danielmatos\/files\/2014\/12\/ze-inacio-guedes.jpg\" alt=\"Z\u00e9 In\u00e1cio com o presidente nacional do Incra, Carlos Guedes\" width=\"448\" height=\"252\" \/><\/a><figcaption id=\"caption-attachment-20824\" class=\"wp-caption-text\">Z\u00e9 In\u00e1cio, em Bras\u00edlia, com o presidente nacional do Incra, Carlos Guedes<\/figcaption><\/figure>\n<p>O deputado estadual eleito Z\u00e9 In\u00e1cio (PT) visitou\u00a0o presidente do Instituto Nacional de Coloniza\u00e7\u00e3o e Reforma Agr\u00e1ria (Incra), Carlos Guedes, em Bras\u00edlia. Em conversa,\u00a0In\u00e1cio e Guedes discutiram novas possibilidades de apoio pol\u00edtico, tendo como foco principal a regulariza\u00e7\u00e3o da reforma agr\u00e1ria e latifundi\u00e1ria no Maranh\u00e3o.<\/p>\n<p>Na oportunidade, Jos\u00e9 In\u00e1cio\u00a0colocou-se \u00e0 disposi\u00e7\u00e3o enquanto deputado eleito pelo PT na defesa da pauta\u00a0discutida. \u201cA quest\u00e3o latifundi\u00e1ria e a reforma agr\u00e1ria precisam ser debatidas pelo Legislativo e pela popula\u00e7\u00e3o. E eu, como deputado, estarei \u00e0 frente dessa defesa, com o apoio do presidente do Incra, Carlos Guedes\u201d, assinalou o petista.<\/p>\n<p><strong>Incra<\/strong><\/p>\n<p>Antes de ser eleito, Z\u00e9 In\u00e1cio esteve \u00e0 frente do Incra\u00a0no Maranh\u00e3o\u00a0por quase dois anos e meio, per\u00edodo em que conseguiu significativos avan\u00e7os no \u00f3rg\u00e3o. O petista aproveitou e agradeceu o apoio que recebeu da dire\u00e7\u00e3o nacional do Incra no per\u00edodo em que esteve superintendente.<\/p>\n<p>Z\u00e9 In\u00e1cio tamb\u00e9m solicitou ao presidente do Incra mais empenho na libera\u00e7\u00e3o de recursos or\u00e7ament\u00e1rios para a reforma da sede do Incra no Maranh\u00e3o, projeto\u00a0elaborado no\u00a0per\u00edodo em que esteve como superintendente do instituto.<\/p>\n","protected":false},"excerpt":{"rendered":"<p>O deputado estadual eleito Z\u00e9 In\u00e1cio (PT) visitou\u00a0o presidente do Instituto Nacional de Coloniza\u00e7\u00e3o e Reforma Agr\u00e1ria (Incra), Carlos Guedes, [&hellip;]<\/p>\n","protected":false},"author":0,"featured_media":0,"comment_status":"open","ping_status":"open","sticky":false,"template":"","format":"standard","meta":{"site-sidebar-layout":"default","site-content-layout":"","ast-site-content-layout":"default","site-content-style":"default","site-sidebar-style":"default","ast-global-header-display":"","ast-banner-title-visibility":"","ast-main-header-display":"","ast-hfb-above-header-display":"","ast-hfb-below-header-display":"","ast-hfb-mobile-header-display":"","site-post-title":"","ast-breadcrumbs-content":"","ast-featured-img":"","footer-sml-layout":"","ast-disable-related-posts":"","theme-transparent-header-meta":"","adv-header-id-meta":"","stick-header-meta":"","header-above-stick-meta":"","header-main-stick-meta":"","header-below-stick-meta":"","astra-migrate-meta-layouts":"default","ast-page-background-enabled":"default","ast-page-background-meta":{"desktop":{"background-color":"var(--ast-global-color-5)","background-image":"","background-repeat":"repeat","background-position":"center center","background-size":"auto","background-attachment":"scroll","background-type":"","background-media":"","overlay-type":"","overlay-color":"","overlay-opacity":"","overlay-gradient":""},"tablet":{"background-color":"","background-image":"","background-repeat":"repeat","background-position":"center center","background-size":"auto","background-attachment":"scroll","background-type":"","background-media":"","overlay-type":"","overlay-color":"","overlay-opacity":"","overlay-gradient":""},"mobile":{"background-color":"","background-image":"","background-repeat":"repeat","background-position":"center center","background-size":"auto","background-attachment":"scroll","background-type":"","background-media":"","overlay-type":"","overlay-color":"","overlay-opacity":"","overlay-gradient":""}},"ast-content-background-meta":{"desktop":{"background-color":"var(--ast-global-color-4)","background-image":"","background-repeat":"repeat","background-position":"center center","background-size":"auto","background-attachment":"scroll","background-type":"","background-media":"","overlay-type":"","overlay-color":"","overlay-opacity":"","overlay-gradient":""},"tablet":{"background-color":"var(--ast-global-color-4)","background-image":"","background-repeat":"repeat","background-position":"center center","background-size":"auto","background-attachment":"scroll","background-type":"","background-media":"","overlay-type":"","overlay-color":"","overlay-opacity":"","overlay-gradient":""},"mobile":{"background-color":"var(--ast-global-color-4)","background-image":"","background-repeat":"repeat","background-position":"center center","background-size":"auto","background-attachment":"scroll","background-type":"","background-media":"","overlay-type":"","overlay-color":"","overlay-opacity":"","overlay-gradient":""}},"footnotes":""},"categories":[1],"tags":[],"class_list":["post-20823","post","type-post","status-publish","format-standard","hentry","category-sem-categoria"],"yoast_head":"<!-- This site is optimized with the Yoast SEO plugin v26.6 - https:\/\/yoast.com\/wordpress\/plugins\/seo\/ -->\n<title>Z\u00e9 In\u00e1cio visita presidente do Incra, em Bras\u00edlia - Daniel Matos<\/title>\n<meta name=\"robots\" content=\"index, follow, max-snippet:-1, max-image-preview:large, max-video-preview:-1\" \/>\n<link rel=\"canonical\" href=\"https:\/\/www.blogsoestado.com\/danielmatos\/ze-inacio-visita-presidente-do-incra-em-brasilia\/\" \/>\n<meta property=\"og:locale\" content=\"pt_BR\" \/>\n<meta property=\"og:type\" content=\"article\" \/>\n<meta property=\"og:title\" content=\"Z\u00e9 In\u00e1cio visita presidente do Incra, em Bras\u00edlia - Daniel Matos\" \/>\n<meta property=\"og:description\" content=\"O deputado estadual eleito Z\u00e9 In\u00e1cio (PT) visitou\u00a0o presidente do Instituto Nacional de Coloniza\u00e7\u00e3o e Reforma Agr\u00e1ria (Incra), Carlos Guedes, [&hellip;]\" \/>\n<meta property=\"og:url\" content=\"https:\/\/www.blogsoestado.com\/danielmatos\/ze-inacio-visita-presidente-do-incra-em-brasilia\/\" \/>\n<meta property=\"og:site_name\" content=\"Daniel Matos\" \/>\n<meta property=\"article:published_time\" content=\"2014-12-02T18:15:21+00:00\" \/>\n<meta property=\"og:image\" content=\"https:\/\/www.blogsoestado.com\/danielmatos\/files\/2014\/12\/ze-inacio-guedes.jpg\" \/>\n<meta name=\"twitter:card\" content=\"summary_large_image\" \/>\n<meta name=\"twitter:label1\" content=\"Est. tempo de leitura\" \/>\n\t<meta name=\"twitter:data1\" content=\"1 minuto\" \/>\n<script type=\"application\/ld+json\" class=\"yoast-schema-graph\">{\"@context\":\"https:\/\/schema.org\",\"@graph\":[{\"@type\":\"WebPage\",\"@id\":\"https:\/\/www.blogsoestado.com\/danielmatos\/ze-inacio-visita-presidente-do-incra-em-brasilia\/\",\"url\":\"https:\/\/www.blogsoestado.com\/danielmatos\/ze-inacio-visita-presidente-do-incra-em-brasilia\/\",\"name\":\"Z\u00e9 In\u00e1cio visita presidente do Incra, em Bras\u00edlia - Daniel Matos\",\"isPartOf\":{\"@id\":\"https:\/\/www.blogsoestado.com\/danielmatos\/#website\"},\"primaryImageOfPage\":{\"@id\":\"https:\/\/www.blogsoestado.com\/danielmatos\/ze-inacio-visita-presidente-do-incra-em-brasilia\/#primaryimage\"},\"image\":{\"@id\":\"https:\/\/www.blogsoestado.com\/danielmatos\/ze-inacio-visita-presidente-do-incra-em-brasilia\/#primaryimage\"},\"thumbnailUrl\":\"https:\/\/www.blogsoestado.com\/danielmatos\/files\/2014\/12\/ze-inacio-guedes.jpg\",\"datePublished\":\"2014-12-02T18:15:21+00:00\",\"author\":{\"@id\":\"\"},\"breadcrumb\":{\"@id\":\"https:\/\/www.blogsoestado.com\/danielmatos\/ze-inacio-visita-presidente-do-incra-em-brasilia\/#breadcrumb\"},\"inLanguage\":\"pt-BR\",\"potentialAction\":[{\"@type\":\"ReadAction\",\"target\":[\"https:\/\/www.blogsoestado.com\/danielmatos\/ze-inacio-visita-presidente-do-incra-em-brasilia\/\"]}]},{\"@type\":\"ImageObject\",\"inLanguage\":\"pt-BR\",\"@id\":\"https:\/\/www.blogsoestado.com\/danielmatos\/ze-inacio-visita-presidente-do-incra-em-brasilia\/#primaryimage\",\"url\":\"https:\/\/www.blogsoestado.com\/danielmatos\/files\/2014\/12\/ze-inacio-guedes.jpg\",\"contentUrl\":\"https:\/\/www.blogsoestado.com\/danielmatos\/files\/2014\/12\/ze-inacio-guedes.jpg\"},{\"@type\":\"BreadcrumbList\",\"@id\":\"https:\/\/www.blogsoestado.com\/danielmatos\/ze-inacio-visita-presidente-do-incra-em-brasilia\/#breadcrumb\",\"itemListElement\":[{\"@type\":\"ListItem\",\"position\":1,\"name\":\"In\u00edcio\",\"item\":\"https:\/\/www.blogsoestado.com\/danielmatos\/\"},{\"@type\":\"ListItem\",\"position\":2,\"name\":\"Z\u00e9 In\u00e1cio visita presidente do Incra, em Bras\u00edlia\"}]},{\"@type\":\"WebSite\",\"@id\":\"https:\/\/www.blogsoestado.com\/danielmatos\/#website\",\"url\":\"https:\/\/www.blogsoestado.com\/danielmatos\/\",\"name\":\"Daniel Matos\",\"description\":\"\",\"potentialAction\":[{\"@type\":\"SearchAction\",\"target\":{\"@type\":\"EntryPoint\",\"urlTemplate\":\"https:\/\/www.blogsoestado.com\/danielmatos\/?s={search_term_string}\"},\"query-input\":{\"@type\":\"PropertyValueSpecification\",\"valueRequired\":true,\"valueName\":\"search_term_string\"}}],\"inLanguage\":\"pt-BR\"}]}<\/script>\n<!-- \/ Yoast SEO plugin. -->","yoast_head_json":{"title":"Z\u00e9 In\u00e1cio visita presidente do Incra, em Bras\u00edlia - Daniel Matos","robots":{"index":"index","follow":"follow","max-snippet":"max-snippet:-1","max-image-preview":"max-image-preview:large","max-video-preview":"max-video-preview:-1"},"canonical":"https:\/\/www.blogsoestado.com\/danielmatos\/ze-inacio-visita-presidente-do-incra-em-brasilia\/","og_locale":"pt_BR","og_type":"article","og_title":"Z\u00e9 In\u00e1cio visita presidente do Incra, em Bras\u00edlia - Daniel Matos","og_description":"O deputado estadual eleito Z\u00e9 In\u00e1cio (PT) visitou\u00a0o presidente do Instituto Nacional de Coloniza\u00e7\u00e3o e Reforma Agr\u00e1ria (Incra), Carlos Guedes, [&hellip;]","og_url":"https:\/\/www.blogsoestado.com\/danielmatos\/ze-inacio-visita-presidente-do-incra-em-brasilia\/","og_site_name":"Daniel Matos","article_published_time":"2014-12-02T18:15:21+00:00","og_image":[{"url":"https:\/\/www.blogsoestado.com\/danielmatos\/files\/2014\/12\/ze-inacio-guedes.jpg","type":"","width":"","height":""}],"twitter_card":"summary_large_image","twitter_misc":{"Est. tempo de leitura":"1 minuto"},"schema":{"@context":"https:\/\/schema.org","@graph":[{"@type":"WebPage","@id":"https:\/\/www.blogsoestado.com\/danielmatos\/ze-inacio-visita-presidente-do-incra-em-brasilia\/","url":"https:\/\/www.blogsoestado.com\/danielmatos\/ze-inacio-visita-presidente-do-incra-em-brasilia\/","name":"Z\u00e9 In\u00e1cio visita presidente do Incra, em Bras\u00edlia - Daniel Matos","isPartOf":{"@id":"https:\/\/www.blogsoestado.com\/danielmatos\/#website"},"primaryImageOfPage":{"@id":"https:\/\/www.blogsoestado.com\/danielmatos\/ze-inacio-visita-presidente-do-incra-em-brasilia\/#primaryimage"},"image":{"@id":"https:\/\/www.blogsoestado.com\/danielmatos\/ze-inacio-visita-presidente-do-incra-em-brasilia\/#primaryimage"},"thumbnailUrl":"https:\/\/www.blogsoestado.com\/danielmatos\/files\/2014\/12\/ze-inacio-guedes.jpg","datePublished":"2014-12-02T18:15:21+00:00","author":{"@id":""},"breadcrumb":{"@id":"https:\/\/www.blogsoestado.com\/danielmatos\/ze-inacio-visita-presidente-do-incra-em-brasilia\/#breadcrumb"},"inLanguage":"pt-BR","potentialAction":[{"@type":"ReadAction","target":["https:\/\/www.blogsoestado.com\/danielmatos\/ze-inacio-visita-presidente-do-incra-em-brasilia\/"]}]},{"@type":"ImageObject","inLanguage":"pt-BR","@id":"https:\/\/www.blogsoestado.com\/danielmatos\/ze-inacio-visita-presidente-do-incra-em-brasilia\/#primaryimage","url":"https:\/\/www.blogsoestado.com\/danielmatos\/files\/2014\/12\/ze-inacio-guedes.jpg","contentUrl":"https:\/\/www.blogsoestado.com\/danielmatos\/files\/2014\/12\/ze-inacio-guedes.jpg"},{"@type":"BreadcrumbList","@id":"https:\/\/www.blogsoestado.com\/danielmatos\/ze-inacio-visita-presidente-do-incra-em-brasilia\/#breadcrumb","itemListElement":[{"@type":"ListItem","position":1,"name":"In\u00edcio","item":"https:\/\/www.blogsoestado.com\/danielmatos\/"},{"@type":"ListItem","position":2,"name":"Z\u00e9 In\u00e1cio visita presidente do Incra, em Bras\u00edlia"}]},{"@type":"WebSite","@id":"https:\/\/www.blogsoestado.com\/danielmatos\/#website","url":"https:\/\/www.blogsoestado.com\/danielmatos\/","name":"Daniel Matos","description":"","potentialAction":[{"@type":"SearchAction","target":{"@type":"EntryPoint","urlTemplate":"https:\/\/www.blogsoestado.com\/danielmatos\/?s={search_term_string}"},"query-input":{"@type":"PropertyValueSpecification","valueRequired":true,"valueName":"search_term_string"}}],"inLanguage":"pt-BR"}]}},"jetpack_featured_media_url":"","_links":{"self":[{"href":"https:\/\/www.blogsoestado.com\/danielmatos\/wp-json\/wp\/v2\/posts\/20823","targetHints":{"allow":["GET"]}}],"collection":[{"href":"https:\/\/www.blogsoestado.com\/danielmatos\/wp-json\/wp\/v2\/posts"}],"about":[{"href":"https:\/\/www.blogsoestado.com\/danielmatos\/wp-json\/wp\/v2\/types\/post"}],"replies":[{"embeddable":true,"href":"https:\/\/www.blogsoestado.com\/danielmatos\/wp-json\/wp\/v2\/comments?post=20823"}],"version-history":[{"count":0,"href":"https:\/\/www.blogsoestado.com\/danielmatos\/wp-json\/wp\/v2\/posts\/20823\/revisions"}],"wp:attachment":[{"href":"https:\/\/www.blogsoestado.com\/danielmatos\/wp-json\/wp\/v2\/media?parent=20823"}],"wp:term":[{"taxonomy":"category","embeddable":true,"href":"https:\/\/www.blogsoestado.com\/danielmatos\/wp-json\/wp\/v2\/categories?post=20823"},{"taxonomy":"post_tag","embeddable":true,"href":"https:\/\/www.blogsoestado.com\/danielmatos\/wp-json\/wp\/v2\/tags?post=20823"}],"curies":[{"name":"wp","href":"https:\/\/api.w.org\/{rel}","templated":true}]}}