{"id":20834,"date":"2014-12-03T08:59:42","date_gmt":"2014-12-03T11:59:42","guid":{"rendered":"https:\/\/www.blogsoestado.com\/danielmatos\/?p=20834"},"modified":"2014-12-03T08:59:42","modified_gmt":"2014-12-03T11:59:42","slug":"forca-tarefa-contra-corrupcao-em-anajatuba","status":"publish","type":"post","link":"https:\/\/www.blogsoestado.com\/danielmatos\/forca-tarefa-contra-corrupcao-em-anajatuba\/","title":{"rendered":"For\u00e7a-tarefa contra corrup\u00e7\u00e3o em Anajatuba"},"content":{"rendered":"<figure id=\"attachment_20840\" aria-describedby=\"caption-attachment-20840\" style=\"width: 640px\" class=\"wp-caption aligncenter\"><a href=\"https:\/\/www.blogsoestado.com\/danielmatos\/files\/2014\/12\/corrup\u00e7\u00e3o-anajatuba2.jpg\"><img fetchpriority=\"high\" decoding=\"async\" class=\"size-full wp-image-20840\" src=\"https:\/\/www.blogsoestado.com\/danielmatos\/files\/2014\/12\/corrup\u00e7\u00e3o-anajatuba2.jpg\" alt=\"PF, MP, CGU e PC cumpriram mandados de  busca e apreens\u00e3o\" width=\"640\" height=\"427\" \/><\/a><figcaption id=\"caption-attachment-20840\" class=\"wp-caption-text\">PF, MP, CGU e PC cumpriram mandados de busca e apreens\u00e3o opera\u00e7\u00e3o contra corrup\u00e7\u00e3o em Anajatuba<\/figcaption><\/figure>\n<p>O Grupo de Atua\u00e7\u00e3o Especial no Combate \u00e0s Organiza\u00e7\u00f5es Criminosas (Gaeco) do Minist\u00e9rio P\u00fablico do Maranh\u00e3o, em parceria com a Controladoria Geral da Uni\u00e3o, Pol\u00edcia Civil e Pol\u00edcia Federal, realizou, na manh\u00e3 desta quarta-feira, 3 de dezembro, a Opera\u00e7\u00e3o Geist (fantasma em alem\u00e3o), que cumpriu 14 mandados de busca e apreens\u00e3o em 13 endere\u00e7os em S\u00e3o Lu\u00eds e um em Itapecuru-Mirim.<\/p>\n<p>O objetivo foi recolher documentos e arquivos, entre outros materiais, para subsidiar as investiga\u00e7\u00f5es de supostas fraudes em licita\u00e7\u00f5es da Prefeitura de Anajatuba, na gest\u00e3o do atual prefeito, Helder Arag\u00e3o.<\/p>\n<p>Foram recolhidos documentos, computadores, pendrives, tal\u00f5es de cheques, carimbos, que podem ter rela\u00e7\u00e3o com as supostas fraudes. O resultado ser\u00e1 divulgado em entrevista coletiva, \u00e0s 11h, na Procuradoria Geral de Justi\u00e7a (Rua Oswaldo Cruz \u2013 1396 &#8211; Centro).<\/p>\n<p>Ao todo, nove equipes formadas por policiais, delegados e t\u00e9cnicos dos \u00f3rg\u00e3os envolvidos realizaram, simultaneamente, as a\u00e7\u00f5es de busca e apreens\u00e3o. Representando o MPMA, o promotor de justi\u00e7a Marco Aur\u00e9lio Cordeiro Rodrigues coordenou os trabalhos. Doze resid\u00eancias e dois estabelecimentos comerciais foram alvo da opera\u00e7\u00e3o, incluindo endere\u00e7os de empresas que mant\u00eam contrato com a Prefeitura de Anajatuba.<\/p>\n<p>A opera\u00e7\u00e3o de busca e apreens\u00e3o foi autorizada pelo desembargador Raimundo Nonato Magalh\u00e3es Melo.<\/p>\n<figure id=\"attachment_20841\" aria-describedby=\"caption-attachment-20841\" style=\"width: 640px\" class=\"wp-caption aligncenter\"><a href=\"https:\/\/www.blogsoestado.com\/danielmatos\/files\/2014\/12\/corrup\u00e7\u00e3o-anajatuba.jpg\"><img decoding=\"async\" class=\"size-full wp-image-20841\" src=\"https:\/\/www.blogsoestado.com\/danielmatos\/files\/2014\/12\/corrup\u00e7\u00e3o-anajatuba.jpg\" alt=\"Lista de contratos firmados pela Prefeitura de Anajatuba para o Carnaval de 2013\" width=\"640\" height=\"427\" \/><\/a><figcaption id=\"caption-attachment-20841\" class=\"wp-caption-text\">Lista de contratos firmados pela Prefeitura de Anajatuba com fornecedores para o Carnaval de 2013<\/figcaption><\/figure>\n<p>Um dos endere\u00e7os alvo da a\u00e7\u00e3o foi o apartamento do empres\u00e1rio Fabiano de Carvalho Bezerra, localizado no condom\u00ednio Lakeside (Ponta da Areia). Ele \u00e9 propriet\u00e1rio de diversas empresas, a exemplo de Vieira Bezerra Ltda (atual FF Produ\u00e7\u00f5es) e da A4. Esta \u00faltima possui contrato no valor de R$ 6 milh\u00f5es, com a prefeitura de Anajatuba para presta\u00e7\u00e3o de servi\u00e7os de transporte, incluindo o escolar, mas n\u00e3o possui um autom\u00f3vel sequer registrado em seu nome.<\/p>\n<p>No apartamento de Fabiano de Carvalho, foi encontrado um carimbo do cart\u00f3rio Celso Coutinho e, tamb\u00e9m, uma planilha apontando que uma das empresas dele teria firmado contratos, cujo montante ultrapassa R$ 12 milh\u00f5es, para a realiza\u00e7\u00e3o do carnaval 2013, em munic\u00edpios do interior do Maranh\u00e3o.<\/p>\n<p><strong>Fonte:<\/strong> Minist\u00e9rio P\u00fablico do Maranh\u00e3o<\/p>\n","protected":false},"excerpt":{"rendered":"<p>O Grupo de Atua\u00e7\u00e3o Especial no Combate \u00e0s Organiza\u00e7\u00f5es Criminosas (Gaeco) do Minist\u00e9rio P\u00fablico do Maranh\u00e3o, em parceria com a [&hellip;]<\/p>\n","protected":false},"author":0,"featured_media":0,"comment_status":"open","ping_status":"open","sticky":false,"template":"","format":"standard","meta":{"site-sidebar-layout":"default","site-content-layout":"","ast-site-content-layout":"default","site-content-style":"default","site-sidebar-style":"default","ast-global-header-display":"","ast-banner-title-visibility":"","ast-main-header-display":"","ast-hfb-above-header-display":"","ast-hfb-below-header-display":"","ast-hfb-mobile-header-display":"","site-post-title":"","ast-breadcrumbs-content":"","ast-featured-img":"","footer-sml-layout":"","ast-disable-related-posts":"","theme-transparent-header-meta":"","adv-header-id-meta":"","stick-header-meta":"","header-above-stick-meta":"","header-main-stick-meta":"","header-below-stick-meta":"","astra-migrate-meta-layouts":"default","ast-page-background-enabled":"default","ast-page-background-meta":{"desktop":{"background-color":"var(--ast-global-color-5)","background-image":"","background-repeat":"repeat","background-position":"center center","background-size":"auto","background-attachment":"scroll","background-type":"","background-media":"","overlay-type":"","overlay-color":"","overlay-opacity":"","overlay-gradient":""},"tablet":{"background-color":"","background-image":"","background-repeat":"repeat","background-position":"center center","background-size":"auto","background-attachment":"scroll","background-type":"","background-media":"","overlay-type":"","overlay-color":"","overlay-opacity":"","overlay-gradient":""},"mobile":{"background-color":"","background-image":"","background-repeat":"repeat","background-position":"center center","background-size":"auto","background-attachment":"scroll","background-type":"","background-media":"","overlay-type":"","overlay-color":"","overlay-opacity":"","overlay-gradient":""}},"ast-content-background-meta":{"desktop":{"background-color":"var(--ast-global-color-4)","background-image":"","background-repeat":"repeat","background-position":"center center","background-size":"auto","background-attachment":"scroll","background-type":"","background-media":"","overlay-type":"","overlay-color":"","overlay-opacity":"","overlay-gradient":""},"tablet":{"background-color":"var(--ast-global-color-4)","background-image":"","background-repeat":"repeat","background-position":"center center","background-size":"auto","background-attachment":"scroll","background-type":"","background-media":"","overlay-type":"","overlay-color":"","overlay-opacity":"","overlay-gradient":""},"mobile":{"background-color":"var(--ast-global-color-4)","background-image":"","background-repeat":"repeat","background-position":"center center","background-size":"auto","background-attachment":"scroll","background-type":"","background-media":"","overlay-type":"","overlay-color":"","overlay-opacity":"","overlay-gradient":""}},"footnotes":""},"categories":[1],"tags":[],"class_list":["post-20834","post","type-post","status-publish","format-standard","hentry","category-sem-categoria"],"yoast_head":"<!-- This site is optimized with the Yoast SEO plugin v26.6 - https:\/\/yoast.com\/wordpress\/plugins\/seo\/ -->\n<title>For\u00e7a-tarefa contra corrup\u00e7\u00e3o em Anajatuba - Daniel Matos<\/title>\n<meta name=\"robots\" content=\"index, follow, max-snippet:-1, max-image-preview:large, max-video-preview:-1\" \/>\n<link rel=\"canonical\" href=\"https:\/\/www.blogsoestado.com\/danielmatos\/forca-tarefa-contra-corrupcao-em-anajatuba\/\" \/>\n<meta property=\"og:locale\" content=\"pt_BR\" \/>\n<meta property=\"og:type\" content=\"article\" \/>\n<meta property=\"og:title\" content=\"For\u00e7a-tarefa contra corrup\u00e7\u00e3o em Anajatuba - Daniel Matos\" \/>\n<meta property=\"og:description\" content=\"O Grupo de Atua\u00e7\u00e3o Especial no Combate \u00e0s Organiza\u00e7\u00f5es Criminosas (Gaeco) do Minist\u00e9rio P\u00fablico do Maranh\u00e3o, em parceria com a [&hellip;]\" \/>\n<meta property=\"og:url\" content=\"https:\/\/www.blogsoestado.com\/danielmatos\/forca-tarefa-contra-corrupcao-em-anajatuba\/\" \/>\n<meta property=\"og:site_name\" content=\"Daniel Matos\" \/>\n<meta property=\"article:published_time\" content=\"2014-12-03T11:59:42+00:00\" \/>\n<meta name=\"twitter:card\" content=\"summary_large_image\" \/>\n<meta name=\"twitter:label1\" content=\"Est. tempo de leitura\" \/>\n\t<meta name=\"twitter:data1\" content=\"2 minutos\" \/>\n<script type=\"application\/ld+json\" class=\"yoast-schema-graph\">{\"@context\":\"https:\/\/schema.org\",\"@graph\":[{\"@type\":\"WebPage\",\"@id\":\"https:\/\/www.blogsoestado.com\/danielmatos\/forca-tarefa-contra-corrupcao-em-anajatuba\/\",\"url\":\"https:\/\/www.blogsoestado.com\/danielmatos\/forca-tarefa-contra-corrupcao-em-anajatuba\/\",\"name\":\"For\u00e7a-tarefa contra corrup\u00e7\u00e3o em Anajatuba - Daniel Matos\",\"isPartOf\":{\"@id\":\"https:\/\/www.blogsoestado.com\/danielmatos\/#website\"},\"datePublished\":\"2014-12-03T11:59:42+00:00\",\"author\":{\"@id\":\"\"},\"breadcrumb\":{\"@id\":\"https:\/\/www.blogsoestado.com\/danielmatos\/forca-tarefa-contra-corrupcao-em-anajatuba\/#breadcrumb\"},\"inLanguage\":\"pt-BR\",\"potentialAction\":[{\"@type\":\"ReadAction\",\"target\":[\"https:\/\/www.blogsoestado.com\/danielmatos\/forca-tarefa-contra-corrupcao-em-anajatuba\/\"]}]},{\"@type\":\"BreadcrumbList\",\"@id\":\"https:\/\/www.blogsoestado.com\/danielmatos\/forca-tarefa-contra-corrupcao-em-anajatuba\/#breadcrumb\",\"itemListElement\":[{\"@type\":\"ListItem\",\"position\":1,\"name\":\"In\u00edcio\",\"item\":\"https:\/\/www.blogsoestado.com\/danielmatos\/\"},{\"@type\":\"ListItem\",\"position\":2,\"name\":\"For\u00e7a-tarefa contra corrup\u00e7\u00e3o em Anajatuba\"}]},{\"@type\":\"WebSite\",\"@id\":\"https:\/\/www.blogsoestado.com\/danielmatos\/#website\",\"url\":\"https:\/\/www.blogsoestado.com\/danielmatos\/\",\"name\":\"Daniel Matos\",\"description\":\"\",\"potentialAction\":[{\"@type\":\"SearchAction\",\"target\":{\"@type\":\"EntryPoint\",\"urlTemplate\":\"https:\/\/www.blogsoestado.com\/danielmatos\/?s={search_term_string}\"},\"query-input\":{\"@type\":\"PropertyValueSpecification\",\"valueRequired\":true,\"valueName\":\"search_term_string\"}}],\"inLanguage\":\"pt-BR\"}]}<\/script>\n<!-- \/ Yoast SEO plugin. -->","yoast_head_json":{"title":"For\u00e7a-tarefa contra corrup\u00e7\u00e3o em Anajatuba - Daniel Matos","robots":{"index":"index","follow":"follow","max-snippet":"max-snippet:-1","max-image-preview":"max-image-preview:large","max-video-preview":"max-video-preview:-1"},"canonical":"https:\/\/www.blogsoestado.com\/danielmatos\/forca-tarefa-contra-corrupcao-em-anajatuba\/","og_locale":"pt_BR","og_type":"article","og_title":"For\u00e7a-tarefa contra corrup\u00e7\u00e3o em Anajatuba - Daniel Matos","og_description":"O Grupo de Atua\u00e7\u00e3o Especial no Combate \u00e0s Organiza\u00e7\u00f5es Criminosas (Gaeco) do Minist\u00e9rio P\u00fablico do Maranh\u00e3o, em parceria com a [&hellip;]","og_url":"https:\/\/www.blogsoestado.com\/danielmatos\/forca-tarefa-contra-corrupcao-em-anajatuba\/","og_site_name":"Daniel Matos","article_published_time":"2014-12-03T11:59:42+00:00","twitter_card":"summary_large_image","twitter_misc":{"Est. tempo de leitura":"2 minutos"},"schema":{"@context":"https:\/\/schema.org","@graph":[{"@type":"WebPage","@id":"https:\/\/www.blogsoestado.com\/danielmatos\/forca-tarefa-contra-corrupcao-em-anajatuba\/","url":"https:\/\/www.blogsoestado.com\/danielmatos\/forca-tarefa-contra-corrupcao-em-anajatuba\/","name":"For\u00e7a-tarefa contra corrup\u00e7\u00e3o em Anajatuba - Daniel Matos","isPartOf":{"@id":"https:\/\/www.blogsoestado.com\/danielmatos\/#website"},"datePublished":"2014-12-03T11:59:42+00:00","author":{"@id":""},"breadcrumb":{"@id":"https:\/\/www.blogsoestado.com\/danielmatos\/forca-tarefa-contra-corrupcao-em-anajatuba\/#breadcrumb"},"inLanguage":"pt-BR","potentialAction":[{"@type":"ReadAction","target":["https:\/\/www.blogsoestado.com\/danielmatos\/forca-tarefa-contra-corrupcao-em-anajatuba\/"]}]},{"@type":"BreadcrumbList","@id":"https:\/\/www.blogsoestado.com\/danielmatos\/forca-tarefa-contra-corrupcao-em-anajatuba\/#breadcrumb","itemListElement":[{"@type":"ListItem","position":1,"name":"In\u00edcio","item":"https:\/\/www.blogsoestado.com\/danielmatos\/"},{"@type":"ListItem","position":2,"name":"For\u00e7a-tarefa contra corrup\u00e7\u00e3o em Anajatuba"}]},{"@type":"WebSite","@id":"https:\/\/www.blogsoestado.com\/danielmatos\/#website","url":"https:\/\/www.blogsoestado.com\/danielmatos\/","name":"Daniel Matos","description":"","potentialAction":[{"@type":"SearchAction","target":{"@type":"EntryPoint","urlTemplate":"https:\/\/www.blogsoestado.com\/danielmatos\/?s={search_term_string}"},"query-input":{"@type":"PropertyValueSpecification","valueRequired":true,"valueName":"search_term_string"}}],"inLanguage":"pt-BR"}]}},"jetpack_featured_media_url":"","_links":{"self":[{"href":"https:\/\/www.blogsoestado.com\/danielmatos\/wp-json\/wp\/v2\/posts\/20834","targetHints":{"allow":["GET"]}}],"collection":[{"href":"https:\/\/www.blogsoestado.com\/danielmatos\/wp-json\/wp\/v2\/posts"}],"about":[{"href":"https:\/\/www.blogsoestado.com\/danielmatos\/wp-json\/wp\/v2\/types\/post"}],"replies":[{"embeddable":true,"href":"https:\/\/www.blogsoestado.com\/danielmatos\/wp-json\/wp\/v2\/comments?post=20834"}],"version-history":[{"count":0,"href":"https:\/\/www.blogsoestado.com\/danielmatos\/wp-json\/wp\/v2\/posts\/20834\/revisions"}],"wp:attachment":[{"href":"https:\/\/www.blogsoestado.com\/danielmatos\/wp-json\/wp\/v2\/media?parent=20834"}],"wp:term":[{"taxonomy":"category","embeddable":true,"href":"https:\/\/www.blogsoestado.com\/danielmatos\/wp-json\/wp\/v2\/categories?post=20834"},{"taxonomy":"post_tag","embeddable":true,"href":"https:\/\/www.blogsoestado.com\/danielmatos\/wp-json\/wp\/v2\/tags?post=20834"}],"curies":[{"name":"wp","href":"https:\/\/api.w.org\/{rel}","templated":true}]}}