{"id":20843,"date":"2014-12-03T11:08:32","date_gmt":"2014-12-03T14:08:32","guid":{"rendered":"https:\/\/www.blogsoestado.com\/danielmatos\/?p=20843"},"modified":"2014-12-03T11:08:32","modified_gmt":"2014-12-03T14:08:32","slug":"felipe-camarao-recebe-titulo-de-cidadao-ludovicense-da-camara","status":"publish","type":"post","link":"https:\/\/www.blogsoestado.com\/danielmatos\/felipe-camarao-recebe-titulo-de-cidadao-ludovicense-da-camara\/","title":{"rendered":"Felipe Camar\u00e3o recebe T\u00edtulo de Cidad\u00e3o Ludovicense da C\u00e2mara"},"content":{"rendered":"<figure id=\"attachment_20844\" aria-describedby=\"caption-attachment-20844\" style=\"width: 417px\" class=\"wp-caption alignright\"><a href=\"https:\/\/www.blogsoestado.com\/danielmatos\/files\/2014\/12\/felipe-cidad\u00e3o.jpg\"><img fetchpriority=\"high\" decoding=\"async\" class=\"size-full wp-image-20844\" src=\"https:\/\/www.blogsoestado.com\/danielmatos\/files\/2014\/12\/felipe-cidad\u00e3o.jpg\" alt=\"Vereador Pedro Lucas Fernandes entrega T\u00edtulo de Cidad\u00e3o Maranhense ao procurador federal Felipe Camar\u00e3o \" width=\"417\" height=\"336\" \/><\/a><figcaption id=\"caption-attachment-20844\" class=\"wp-caption-text\">Vereador Pedro Lucas Fernandes entrega T\u00edtulo de Cidad\u00e3o Maranhense ao procurador federal Felipe Camar\u00e3o<\/figcaption><\/figure>\n<p>O procurador federal Felipe Costa Camar\u00e3o foi homenageado nesta ter\u00e7a-feira (2) pela C\u00e2mara Municipal de S\u00e3o Lu\u00eds. Atendendo a proposta do vereador Pedro Lucas Fernandes (PTB) a Casa concedeu a Camar\u00e3o o T\u00edtulo de Cidad\u00e3o Ludovicense, em solenidade realizada no Plen\u00e1rio Sim\u00e3o Est\u00e1cio da Silveira.<\/p>\n<p>Em seu discurso de agradecimento Felipe Camar\u00e3o disse que aquela era a honraria mais importante que ele havia recebido. Segundo ele, munic\u00edpio \u00e9 a mais importante c\u00e9lula de uma na\u00e7\u00e3o. \u201c\u00c9 no munic\u00edpio que as coisas acontecem\u201d, afirmou.<\/p>\n<p>\u201cSinto-me lisonjeado em ter sido o autor da proposta que faz uma justa homenagem ao mais ludovicense dos cariocas. Felipe Camar\u00e3o t\u00eam relevantes servi\u00e7os prestados a S\u00e3o Lu\u00eds e ao Maranh\u00e3o, apesar de ser muito jovem, o que prova que as boas ideias n\u00e3o t\u00eam idade\u201d, afirmou Pedro Lucas.<\/p>\n<p>Filho do m\u00e9dico Phil Camar\u00e3o, que foi secret\u00e1rio de Estado e vereador de S\u00e3o Lu\u00eds, e da m\u00e9dica Rita de C\u00e1ssia, Felipe veio para o Maranh\u00e3o quando tinha apenas dois anos, e desde ent\u00e3o adotou S\u00e3o Lu\u00eds como sua terra.<\/p>\n<p>Foi professor de ingl\u00eas dos 16 aos 18 anos, a primeira profiss\u00e3o antes de graduar-se em direito pela Universidade Federal do Maranh\u00e3o (UFMA), onde posteriormente se tornou professor.<\/p>\n<p>Mestre em direito e especialista em gest\u00e3o p\u00fablica, Felipe iniciou a carreira em 2005, com apenas 22 anos, quando exerceu o cargo de gerente do Procon, tornando-se o mais jovem gestor do pa\u00eds. Naquela oportunidade aplicou as primeiras multas e ajuizou as primeiras a\u00e7\u00f5es civis p\u00fablicas da hist\u00f3ria do \u00f3rg\u00e3o no Maranh\u00e3o.<\/p>\n<p>Ap\u00f3s deixar o Procon, Felipe foi aprovado em concurso p\u00fablico do Tribunal de Justi\u00e7a para o cargo de analista judici\u00e1rio. Por l\u00e1, ele permaneceu durante dois anos. Tamb\u00e9m foi aprovado em concurso p\u00fablico para procurador federal. Assumiu o cargo em novembro de 2007.<\/p>\n<p>No fim de 2008, foi nomeado procurador-chefe da Procuradoria Federal no Maranh\u00e3o, cargo que exerceu por dois anos e meio. Durante sua gest\u00e3o reestruturou a Procuradoria Federal em S\u00e3o Lu\u00eds fazendo a unifica\u00e7\u00e3o das Procuradorias at\u00e9 ent\u00e3o separadas.<\/p>\n<p>Voltou a gerenciar o Procon em 2011, conseguindo elevar o \u00f3rg\u00e3o a um patamar de respeit\u00e1vel credibilidade junto ao povo maranhense. Em 2013 foi convidado pelo prefeito Edivaldo Holanda J\u00fanior para a Secretaria Municipal de Urbanismo e Habita\u00e7\u00e3o, mas entraves burocr\u00e1ticos n\u00e3o permitiram que ele assumisse.<\/p>\n<p>Atualmente, Felipe Camar\u00e3o \u00e9 sub-procurador-chefe da UFMA, mas j\u00e1 foi convidado pelo governador eleito Fl\u00e1vio Dino para assumir a Secretaria de Estado de Gest\u00e3o e Previd\u00eancia (Segep).<\/p>\n","protected":false},"excerpt":{"rendered":"<p>O procurador federal Felipe Costa Camar\u00e3o foi homenageado nesta ter\u00e7a-feira (2) pela C\u00e2mara Municipal de S\u00e3o Lu\u00eds. Atendendo a proposta [&hellip;]<\/p>\n","protected":false},"author":0,"featured_media":0,"comment_status":"open","ping_status":"open","sticky":false,"template":"","format":"standard","meta":{"site-sidebar-layout":"default","site-content-layout":"","ast-site-content-layout":"default","site-content-style":"default","site-sidebar-style":"default","ast-global-header-display":"","ast-banner-title-visibility":"","ast-main-header-display":"","ast-hfb-above-header-display":"","ast-hfb-below-header-display":"","ast-hfb-mobile-header-display":"","site-post-title":"","ast-breadcrumbs-content":"","ast-featured-img":"","footer-sml-layout":"","ast-disable-related-posts":"","theme-transparent-header-meta":"","adv-header-id-meta":"","stick-header-meta":"","header-above-stick-meta":"","header-main-stick-meta":"","header-below-stick-meta":"","astra-migrate-meta-layouts":"default","ast-page-background-enabled":"default","ast-page-background-meta":{"desktop":{"background-color":"var(--ast-global-color-5)","background-image":"","background-repeat":"repeat","background-position":"center center","background-size":"auto","background-attachment":"scroll","background-type":"","background-media":"","overlay-type":"","overlay-color":"","overlay-opacity":"","overlay-gradient":""},"tablet":{"background-color":"","background-image":"","background-repeat":"repeat","background-position":"center center","background-size":"auto","background-attachment":"scroll","background-type":"","background-media":"","overlay-type":"","overlay-color":"","overlay-opacity":"","overlay-gradient":""},"mobile":{"background-color":"","background-image":"","background-repeat":"repeat","background-position":"center center","background-size":"auto","background-attachment":"scroll","background-type":"","background-media":"","overlay-type":"","overlay-color":"","overlay-opacity":"","overlay-gradient":""}},"ast-content-background-meta":{"desktop":{"background-color":"var(--ast-global-color-4)","background-image":"","background-repeat":"repeat","background-position":"center center","background-size":"auto","background-attachment":"scroll","background-type":"","background-media":"","overlay-type":"","overlay-color":"","overlay-opacity":"","overlay-gradient":""},"tablet":{"background-color":"var(--ast-global-color-4)","background-image":"","background-repeat":"repeat","background-position":"center center","background-size":"auto","background-attachment":"scroll","background-type":"","background-media":"","overlay-type":"","overlay-color":"","overlay-opacity":"","overlay-gradient":""},"mobile":{"background-color":"var(--ast-global-color-4)","background-image":"","background-repeat":"repeat","background-position":"center center","background-size":"auto","background-attachment":"scroll","background-type":"","background-media":"","overlay-type":"","overlay-color":"","overlay-opacity":"","overlay-gradient":""}},"footnotes":""},"categories":[1],"tags":[],"class_list":["post-20843","post","type-post","status-publish","format-standard","hentry","category-sem-categoria"],"yoast_head":"<!-- This site is optimized with the Yoast SEO plugin v26.6 - https:\/\/yoast.com\/wordpress\/plugins\/seo\/ -->\n<title>Felipe Camar\u00e3o recebe T\u00edtulo de Cidad\u00e3o Ludovicense da C\u00e2mara - Daniel Matos<\/title>\n<meta name=\"robots\" content=\"index, follow, max-snippet:-1, max-image-preview:large, max-video-preview:-1\" \/>\n<link rel=\"canonical\" href=\"https:\/\/www.blogsoestado.com\/danielmatos\/felipe-camarao-recebe-titulo-de-cidadao-ludovicense-da-camara\/\" \/>\n<meta property=\"og:locale\" content=\"pt_BR\" \/>\n<meta property=\"og:type\" content=\"article\" \/>\n<meta property=\"og:title\" content=\"Felipe Camar\u00e3o recebe T\u00edtulo de Cidad\u00e3o Ludovicense da C\u00e2mara - Daniel Matos\" \/>\n<meta property=\"og:description\" content=\"O procurador federal Felipe Costa Camar\u00e3o foi homenageado nesta ter\u00e7a-feira (2) pela C\u00e2mara Municipal de S\u00e3o Lu\u00eds. Atendendo a proposta [&hellip;]\" \/>\n<meta property=\"og:url\" content=\"https:\/\/www.blogsoestado.com\/danielmatos\/felipe-camarao-recebe-titulo-de-cidadao-ludovicense-da-camara\/\" \/>\n<meta property=\"og:site_name\" content=\"Daniel Matos\" \/>\n<meta property=\"article:published_time\" content=\"2014-12-03T14:08:32+00:00\" \/>\n<meta name=\"twitter:card\" content=\"summary_large_image\" \/>\n<meta name=\"twitter:label1\" content=\"Est. tempo de leitura\" \/>\n\t<meta name=\"twitter:data1\" content=\"2 minutos\" \/>\n<script type=\"application\/ld+json\" class=\"yoast-schema-graph\">{\"@context\":\"https:\/\/schema.org\",\"@graph\":[{\"@type\":\"WebPage\",\"@id\":\"https:\/\/www.blogsoestado.com\/danielmatos\/felipe-camarao-recebe-titulo-de-cidadao-ludovicense-da-camara\/\",\"url\":\"https:\/\/www.blogsoestado.com\/danielmatos\/felipe-camarao-recebe-titulo-de-cidadao-ludovicense-da-camara\/\",\"name\":\"Felipe Camar\u00e3o recebe T\u00edtulo de Cidad\u00e3o Ludovicense da C\u00e2mara - Daniel Matos\",\"isPartOf\":{\"@id\":\"https:\/\/www.blogsoestado.com\/danielmatos\/#website\"},\"datePublished\":\"2014-12-03T14:08:32+00:00\",\"author\":{\"@id\":\"\"},\"breadcrumb\":{\"@id\":\"https:\/\/www.blogsoestado.com\/danielmatos\/felipe-camarao-recebe-titulo-de-cidadao-ludovicense-da-camara\/#breadcrumb\"},\"inLanguage\":\"pt-BR\",\"potentialAction\":[{\"@type\":\"ReadAction\",\"target\":[\"https:\/\/www.blogsoestado.com\/danielmatos\/felipe-camarao-recebe-titulo-de-cidadao-ludovicense-da-camara\/\"]}]},{\"@type\":\"BreadcrumbList\",\"@id\":\"https:\/\/www.blogsoestado.com\/danielmatos\/felipe-camarao-recebe-titulo-de-cidadao-ludovicense-da-camara\/#breadcrumb\",\"itemListElement\":[{\"@type\":\"ListItem\",\"position\":1,\"name\":\"In\u00edcio\",\"item\":\"https:\/\/www.blogsoestado.com\/danielmatos\/\"},{\"@type\":\"ListItem\",\"position\":2,\"name\":\"Felipe Camar\u00e3o recebe T\u00edtulo de Cidad\u00e3o Ludovicense da C\u00e2mara\"}]},{\"@type\":\"WebSite\",\"@id\":\"https:\/\/www.blogsoestado.com\/danielmatos\/#website\",\"url\":\"https:\/\/www.blogsoestado.com\/danielmatos\/\",\"name\":\"Daniel Matos\",\"description\":\"\",\"potentialAction\":[{\"@type\":\"SearchAction\",\"target\":{\"@type\":\"EntryPoint\",\"urlTemplate\":\"https:\/\/www.blogsoestado.com\/danielmatos\/?s={search_term_string}\"},\"query-input\":{\"@type\":\"PropertyValueSpecification\",\"valueRequired\":true,\"valueName\":\"search_term_string\"}}],\"inLanguage\":\"pt-BR\"}]}<\/script>\n<!-- \/ Yoast SEO plugin. -->","yoast_head_json":{"title":"Felipe Camar\u00e3o recebe T\u00edtulo de Cidad\u00e3o Ludovicense da C\u00e2mara - Daniel Matos","robots":{"index":"index","follow":"follow","max-snippet":"max-snippet:-1","max-image-preview":"max-image-preview:large","max-video-preview":"max-video-preview:-1"},"canonical":"https:\/\/www.blogsoestado.com\/danielmatos\/felipe-camarao-recebe-titulo-de-cidadao-ludovicense-da-camara\/","og_locale":"pt_BR","og_type":"article","og_title":"Felipe Camar\u00e3o recebe T\u00edtulo de Cidad\u00e3o Ludovicense da C\u00e2mara - Daniel Matos","og_description":"O procurador federal Felipe Costa Camar\u00e3o foi homenageado nesta ter\u00e7a-feira (2) pela C\u00e2mara Municipal de S\u00e3o Lu\u00eds. Atendendo a proposta [&hellip;]","og_url":"https:\/\/www.blogsoestado.com\/danielmatos\/felipe-camarao-recebe-titulo-de-cidadao-ludovicense-da-camara\/","og_site_name":"Daniel Matos","article_published_time":"2014-12-03T14:08:32+00:00","twitter_card":"summary_large_image","twitter_misc":{"Est. tempo de leitura":"2 minutos"},"schema":{"@context":"https:\/\/schema.org","@graph":[{"@type":"WebPage","@id":"https:\/\/www.blogsoestado.com\/danielmatos\/felipe-camarao-recebe-titulo-de-cidadao-ludovicense-da-camara\/","url":"https:\/\/www.blogsoestado.com\/danielmatos\/felipe-camarao-recebe-titulo-de-cidadao-ludovicense-da-camara\/","name":"Felipe Camar\u00e3o recebe T\u00edtulo de Cidad\u00e3o Ludovicense da C\u00e2mara - Daniel Matos","isPartOf":{"@id":"https:\/\/www.blogsoestado.com\/danielmatos\/#website"},"datePublished":"2014-12-03T14:08:32+00:00","author":{"@id":""},"breadcrumb":{"@id":"https:\/\/www.blogsoestado.com\/danielmatos\/felipe-camarao-recebe-titulo-de-cidadao-ludovicense-da-camara\/#breadcrumb"},"inLanguage":"pt-BR","potentialAction":[{"@type":"ReadAction","target":["https:\/\/www.blogsoestado.com\/danielmatos\/felipe-camarao-recebe-titulo-de-cidadao-ludovicense-da-camara\/"]}]},{"@type":"BreadcrumbList","@id":"https:\/\/www.blogsoestado.com\/danielmatos\/felipe-camarao-recebe-titulo-de-cidadao-ludovicense-da-camara\/#breadcrumb","itemListElement":[{"@type":"ListItem","position":1,"name":"In\u00edcio","item":"https:\/\/www.blogsoestado.com\/danielmatos\/"},{"@type":"ListItem","position":2,"name":"Felipe Camar\u00e3o recebe T\u00edtulo de Cidad\u00e3o Ludovicense da C\u00e2mara"}]},{"@type":"WebSite","@id":"https:\/\/www.blogsoestado.com\/danielmatos\/#website","url":"https:\/\/www.blogsoestado.com\/danielmatos\/","name":"Daniel Matos","description":"","potentialAction":[{"@type":"SearchAction","target":{"@type":"EntryPoint","urlTemplate":"https:\/\/www.blogsoestado.com\/danielmatos\/?s={search_term_string}"},"query-input":{"@type":"PropertyValueSpecification","valueRequired":true,"valueName":"search_term_string"}}],"inLanguage":"pt-BR"}]}},"jetpack_featured_media_url":"","_links":{"self":[{"href":"https:\/\/www.blogsoestado.com\/danielmatos\/wp-json\/wp\/v2\/posts\/20843","targetHints":{"allow":["GET"]}}],"collection":[{"href":"https:\/\/www.blogsoestado.com\/danielmatos\/wp-json\/wp\/v2\/posts"}],"about":[{"href":"https:\/\/www.blogsoestado.com\/danielmatos\/wp-json\/wp\/v2\/types\/post"}],"replies":[{"embeddable":true,"href":"https:\/\/www.blogsoestado.com\/danielmatos\/wp-json\/wp\/v2\/comments?post=20843"}],"version-history":[{"count":0,"href":"https:\/\/www.blogsoestado.com\/danielmatos\/wp-json\/wp\/v2\/posts\/20843\/revisions"}],"wp:attachment":[{"href":"https:\/\/www.blogsoestado.com\/danielmatos\/wp-json\/wp\/v2\/media?parent=20843"}],"wp:term":[{"taxonomy":"category","embeddable":true,"href":"https:\/\/www.blogsoestado.com\/danielmatos\/wp-json\/wp\/v2\/categories?post=20843"},{"taxonomy":"post_tag","embeddable":true,"href":"https:\/\/www.blogsoestado.com\/danielmatos\/wp-json\/wp\/v2\/tags?post=20843"}],"curies":[{"name":"wp","href":"https:\/\/api.w.org\/{rel}","templated":true}]}}