{"id":20850,"date":"2014-12-03T12:47:15","date_gmt":"2014-12-03T15:47:15","guid":{"rendered":"https:\/\/www.blogsoestado.com\/danielmatos\/?p=20850"},"modified":"2014-12-03T12:47:15","modified_gmt":"2014-12-03T15:47:15","slug":"sind-ufma-realiza-primeira-assembleia","status":"publish","type":"post","link":"https:\/\/www.blogsoestado.com\/danielmatos\/sind-ufma-realiza-primeira-assembleia\/","title":{"rendered":"SIND-UFMA realiza primeira assembleia"},"content":{"rendered":"<figure id=\"attachment_20851\" aria-describedby=\"caption-attachment-20851\" style=\"width: 336px\" class=\"wp-caption alignright\"><a href=\"https:\/\/www.blogsoestado.com\/danielmatos\/files\/2014\/12\/sind-ufma.jpg\"><img fetchpriority=\"high\" decoding=\"async\" class=\"size-full wp-image-20851\" src=\"https:\/\/www.blogsoestado.com\/danielmatos\/files\/2014\/12\/sind-ufma.jpg\" alt=\"Da pauta da assembleia constar\u00e1 delibera\u00e7\u00e3o sobre o valor da contribui\u00e7\u00e3o associativa e informes sobre as atividades realizadas at\u00e9 agora\" width=\"336\" height=\"372\" \/><\/a><figcaption id=\"caption-attachment-20851\" class=\"wp-caption-text\">Na\u00a0assembleia ser\u00e1 definido valor da contribui\u00e7\u00e3o associativa<\/figcaption><\/figure>\n<p>O Sindicato dos Docentes das Universidades Federais do Maranh\u00e3o &#8211; SIND-UFMA, que prop\u00f5e a renova\u00e7\u00e3o do movimento docente, realiza assembleia nesta sexta-feira, dia 05, em primeira chamada \u00e0s 16h30, no Centro Pedag\u00f3gico Paulo Freire, na Cidade Universit\u00e1ria.\u00a0Da pauta da assembleia constar\u00e1 delibera\u00e7\u00e3o sobre o valor da contribui\u00e7\u00e3o associativa e informes sobre as atividades realizadas at\u00e9 agora, entre outros assuntos. Tamb\u00e9m ser\u00e1 dada a largada para o lan\u00e7amento estadual da campanha de filia\u00e7\u00e3o ao SIND-UFMA.<\/p>\n<p>Segundo o presidente do SIND-UFMA, professor Gast\u00e3o Correia, a entidade surge como um modelo alternativo na representa\u00e7\u00e3o sindical dos professores universit\u00e1rios. \u201cA proposta \u00e9 agregar os professores que procuram novos caminhos para a constru\u00e7\u00e3o de um movimento docente de qualidade, com conte\u00fado propositivo e fundamentalmente pr\u00e1tico, para sugerir rumos para nossa universidade\u201d.<\/p>\n<p>Est\u00e1 marcado para os dias 04 e 05 de dezembro, no Hotel Luzeiros, a reuni\u00e3o do Conselho Deliberativo da Federa\u00e7\u00e3o de Sindicatos de Professores de Institui\u00e7\u00f5es Federais de Ensino Superior \u2013 PROIFES, ao qual o SIND-UFMA \u00e9 filiado, que contar\u00e1 com a presen\u00e7a do presidente da Federa\u00e7\u00e3o Eduardo Rolim de Oliveira (ADUFRGS-Sindical).<\/p>\n<p><strong>Cria\u00e7\u00e3o do sindicato <\/strong><\/p>\n<p>No dia 29 de maio de 2014, mais de 400 professores da Universidade Federal do Maranh\u00e3o manifestaram sua concord\u00e2ncia com a cria\u00e7\u00e3o do Sindicato dos Docentes das Universidades Federais do Maranh\u00e3o, SIND-UFMA. Professores do Bacanga e de todos os campi do continente, ativos e aposentados, foram un\u00e2nimes em reconhecer a import\u00e2ncia desse novo sindicato. Um antigo anseio da categoria foi consolidado: a cria\u00e7\u00e3o do sindicato de docentes da pr\u00f3pria UFMA.<\/p>\n<p>O SIND-UFMA \u00e9 um sindicato local, sustentado pela base e organizado nacionalmente na Federa\u00e7\u00e3o dos Sindicatos dos Professores de Institui\u00e7\u00f5es Federais de Ensino Superior &#8211; PROIFES. Luta, portanto, para mudar estruturas arcaicas que n\u00e3o correspondem aos reais anseios dos trabalhadores da educa\u00e7\u00e3o p\u00fablica superior, por uma renova\u00e7\u00e3o do movimento docente e por uma organiza\u00e7\u00e3o que realmente represente seus interesses, tanto nos assuntos relativos \u00e0 carreira, sal\u00e1rio e melhores condi\u00e7\u00f5es de trabalho, quanto na busca por uma educa\u00e7\u00e3o nacional de qualidade.<\/p>\n<p><strong>Filia\u00e7\u00e3o <\/strong><\/p>\n<p>A campanha de filia\u00e7\u00e3o prop\u00f5e um movimento sindical aut\u00f4nomo, um movimento que resgate a dignidade e a luta dos docentes &#8211; ativos e aposentados-, sem esquecer as necessidades b\u00e1sicas que um sindicato tem que cumprir, envolvendo ainda mais os professores e crescendo sua representatividade, inclusive pelos campi do interior do estado.<\/p>\n","protected":false},"excerpt":{"rendered":"<p>O Sindicato dos Docentes das Universidades Federais do Maranh\u00e3o &#8211; SIND-UFMA, que prop\u00f5e a renova\u00e7\u00e3o do movimento docente, realiza assembleia [&hellip;]<\/p>\n","protected":false},"author":0,"featured_media":0,"comment_status":"open","ping_status":"open","sticky":false,"template":"","format":"standard","meta":{"site-sidebar-layout":"default","site-content-layout":"","ast-site-content-layout":"default","site-content-style":"default","site-sidebar-style":"default","ast-global-header-display":"","ast-banner-title-visibility":"","ast-main-header-display":"","ast-hfb-above-header-display":"","ast-hfb-below-header-display":"","ast-hfb-mobile-header-display":"","site-post-title":"","ast-breadcrumbs-content":"","ast-featured-img":"","footer-sml-layout":"","ast-disable-related-posts":"","theme-transparent-header-meta":"","adv-header-id-meta":"","stick-header-meta":"","header-above-stick-meta":"","header-main-stick-meta":"","header-below-stick-meta":"","astra-migrate-meta-layouts":"default","ast-page-background-enabled":"default","ast-page-background-meta":{"desktop":{"background-color":"var(--ast-global-color-5)","background-image":"","background-repeat":"repeat","background-position":"center center","background-size":"auto","background-attachment":"scroll","background-type":"","background-media":"","overlay-type":"","overlay-color":"","overlay-opacity":"","overlay-gradient":""},"tablet":{"background-color":"","background-image":"","background-repeat":"repeat","background-position":"center center","background-size":"auto","background-attachment":"scroll","background-type":"","background-media":"","overlay-type":"","overlay-color":"","overlay-opacity":"","overlay-gradient":""},"mobile":{"background-color":"","background-image":"","background-repeat":"repeat","background-position":"center center","background-size":"auto","background-attachment":"scroll","background-type":"","background-media":"","overlay-type":"","overlay-color":"","overlay-opacity":"","overlay-gradient":""}},"ast-content-background-meta":{"desktop":{"background-color":"var(--ast-global-color-4)","background-image":"","background-repeat":"repeat","background-position":"center center","background-size":"auto","background-attachment":"scroll","background-type":"","background-media":"","overlay-type":"","overlay-color":"","overlay-opacity":"","overlay-gradient":""},"tablet":{"background-color":"var(--ast-global-color-4)","background-image":"","background-repeat":"repeat","background-position":"center center","background-size":"auto","background-attachment":"scroll","background-type":"","background-media":"","overlay-type":"","overlay-color":"","overlay-opacity":"","overlay-gradient":""},"mobile":{"background-color":"var(--ast-global-color-4)","background-image":"","background-repeat":"repeat","background-position":"center center","background-size":"auto","background-attachment":"scroll","background-type":"","background-media":"","overlay-type":"","overlay-color":"","overlay-opacity":"","overlay-gradient":""}},"footnotes":""},"categories":[1],"tags":[],"class_list":["post-20850","post","type-post","status-publish","format-standard","hentry","category-sem-categoria"],"yoast_head":"<!-- This site is optimized with the Yoast SEO plugin v26.6 - https:\/\/yoast.com\/wordpress\/plugins\/seo\/ -->\n<title>SIND-UFMA realiza primeira assembleia - Daniel Matos<\/title>\n<meta name=\"robots\" content=\"index, follow, max-snippet:-1, max-image-preview:large, max-video-preview:-1\" \/>\n<link rel=\"canonical\" href=\"https:\/\/www.blogsoestado.com\/danielmatos\/sind-ufma-realiza-primeira-assembleia\/\" \/>\n<meta property=\"og:locale\" content=\"pt_BR\" \/>\n<meta property=\"og:type\" content=\"article\" \/>\n<meta property=\"og:title\" content=\"SIND-UFMA realiza primeira assembleia - Daniel Matos\" \/>\n<meta property=\"og:description\" content=\"O Sindicato dos Docentes das Universidades Federais do Maranh\u00e3o &#8211; SIND-UFMA, que prop\u00f5e a renova\u00e7\u00e3o do movimento docente, realiza assembleia [&hellip;]\" \/>\n<meta property=\"og:url\" content=\"https:\/\/www.blogsoestado.com\/danielmatos\/sind-ufma-realiza-primeira-assembleia\/\" \/>\n<meta property=\"og:site_name\" content=\"Daniel Matos\" \/>\n<meta property=\"article:published_time\" content=\"2014-12-03T15:47:15+00:00\" \/>\n<meta property=\"og:image\" content=\"https:\/\/www.blogsoestado.com\/danielmatos\/files\/2014\/12\/sind-ufma.jpg\" \/>\n<meta name=\"twitter:card\" content=\"summary_large_image\" \/>\n<meta name=\"twitter:label1\" content=\"Est. tempo de leitura\" \/>\n\t<meta name=\"twitter:data1\" content=\"2 minutos\" \/>\n<script type=\"application\/ld+json\" class=\"yoast-schema-graph\">{\"@context\":\"https:\/\/schema.org\",\"@graph\":[{\"@type\":\"WebPage\",\"@id\":\"https:\/\/www.blogsoestado.com\/danielmatos\/sind-ufma-realiza-primeira-assembleia\/\",\"url\":\"https:\/\/www.blogsoestado.com\/danielmatos\/sind-ufma-realiza-primeira-assembleia\/\",\"name\":\"SIND-UFMA realiza primeira assembleia - Daniel Matos\",\"isPartOf\":{\"@id\":\"https:\/\/www.blogsoestado.com\/danielmatos\/#website\"},\"primaryImageOfPage\":{\"@id\":\"https:\/\/www.blogsoestado.com\/danielmatos\/sind-ufma-realiza-primeira-assembleia\/#primaryimage\"},\"image\":{\"@id\":\"https:\/\/www.blogsoestado.com\/danielmatos\/sind-ufma-realiza-primeira-assembleia\/#primaryimage\"},\"thumbnailUrl\":\"https:\/\/www.blogsoestado.com\/danielmatos\/files\/2014\/12\/sind-ufma.jpg\",\"datePublished\":\"2014-12-03T15:47:15+00:00\",\"author\":{\"@id\":\"\"},\"breadcrumb\":{\"@id\":\"https:\/\/www.blogsoestado.com\/danielmatos\/sind-ufma-realiza-primeira-assembleia\/#breadcrumb\"},\"inLanguage\":\"pt-BR\",\"potentialAction\":[{\"@type\":\"ReadAction\",\"target\":[\"https:\/\/www.blogsoestado.com\/danielmatos\/sind-ufma-realiza-primeira-assembleia\/\"]}]},{\"@type\":\"ImageObject\",\"inLanguage\":\"pt-BR\",\"@id\":\"https:\/\/www.blogsoestado.com\/danielmatos\/sind-ufma-realiza-primeira-assembleia\/#primaryimage\",\"url\":\"https:\/\/www.blogsoestado.com\/danielmatos\/files\/2014\/12\/sind-ufma.jpg\",\"contentUrl\":\"https:\/\/www.blogsoestado.com\/danielmatos\/files\/2014\/12\/sind-ufma.jpg\"},{\"@type\":\"BreadcrumbList\",\"@id\":\"https:\/\/www.blogsoestado.com\/danielmatos\/sind-ufma-realiza-primeira-assembleia\/#breadcrumb\",\"itemListElement\":[{\"@type\":\"ListItem\",\"position\":1,\"name\":\"In\u00edcio\",\"item\":\"https:\/\/www.blogsoestado.com\/danielmatos\/\"},{\"@type\":\"ListItem\",\"position\":2,\"name\":\"SIND-UFMA realiza primeira assembleia\"}]},{\"@type\":\"WebSite\",\"@id\":\"https:\/\/www.blogsoestado.com\/danielmatos\/#website\",\"url\":\"https:\/\/www.blogsoestado.com\/danielmatos\/\",\"name\":\"Daniel Matos\",\"description\":\"\",\"potentialAction\":[{\"@type\":\"SearchAction\",\"target\":{\"@type\":\"EntryPoint\",\"urlTemplate\":\"https:\/\/www.blogsoestado.com\/danielmatos\/?s={search_term_string}\"},\"query-input\":{\"@type\":\"PropertyValueSpecification\",\"valueRequired\":true,\"valueName\":\"search_term_string\"}}],\"inLanguage\":\"pt-BR\"}]}<\/script>\n<!-- \/ Yoast SEO plugin. -->","yoast_head_json":{"title":"SIND-UFMA realiza primeira assembleia - Daniel Matos","robots":{"index":"index","follow":"follow","max-snippet":"max-snippet:-1","max-image-preview":"max-image-preview:large","max-video-preview":"max-video-preview:-1"},"canonical":"https:\/\/www.blogsoestado.com\/danielmatos\/sind-ufma-realiza-primeira-assembleia\/","og_locale":"pt_BR","og_type":"article","og_title":"SIND-UFMA realiza primeira assembleia - Daniel Matos","og_description":"O Sindicato dos Docentes das Universidades Federais do Maranh\u00e3o &#8211; SIND-UFMA, que prop\u00f5e a renova\u00e7\u00e3o do movimento docente, realiza assembleia [&hellip;]","og_url":"https:\/\/www.blogsoestado.com\/danielmatos\/sind-ufma-realiza-primeira-assembleia\/","og_site_name":"Daniel Matos","article_published_time":"2014-12-03T15:47:15+00:00","og_image":[{"url":"https:\/\/www.blogsoestado.com\/danielmatos\/files\/2014\/12\/sind-ufma.jpg","type":"","width":"","height":""}],"twitter_card":"summary_large_image","twitter_misc":{"Est. tempo de leitura":"2 minutos"},"schema":{"@context":"https:\/\/schema.org","@graph":[{"@type":"WebPage","@id":"https:\/\/www.blogsoestado.com\/danielmatos\/sind-ufma-realiza-primeira-assembleia\/","url":"https:\/\/www.blogsoestado.com\/danielmatos\/sind-ufma-realiza-primeira-assembleia\/","name":"SIND-UFMA realiza primeira assembleia - Daniel Matos","isPartOf":{"@id":"https:\/\/www.blogsoestado.com\/danielmatos\/#website"},"primaryImageOfPage":{"@id":"https:\/\/www.blogsoestado.com\/danielmatos\/sind-ufma-realiza-primeira-assembleia\/#primaryimage"},"image":{"@id":"https:\/\/www.blogsoestado.com\/danielmatos\/sind-ufma-realiza-primeira-assembleia\/#primaryimage"},"thumbnailUrl":"https:\/\/www.blogsoestado.com\/danielmatos\/files\/2014\/12\/sind-ufma.jpg","datePublished":"2014-12-03T15:47:15+00:00","author":{"@id":""},"breadcrumb":{"@id":"https:\/\/www.blogsoestado.com\/danielmatos\/sind-ufma-realiza-primeira-assembleia\/#breadcrumb"},"inLanguage":"pt-BR","potentialAction":[{"@type":"ReadAction","target":["https:\/\/www.blogsoestado.com\/danielmatos\/sind-ufma-realiza-primeira-assembleia\/"]}]},{"@type":"ImageObject","inLanguage":"pt-BR","@id":"https:\/\/www.blogsoestado.com\/danielmatos\/sind-ufma-realiza-primeira-assembleia\/#primaryimage","url":"https:\/\/www.blogsoestado.com\/danielmatos\/files\/2014\/12\/sind-ufma.jpg","contentUrl":"https:\/\/www.blogsoestado.com\/danielmatos\/files\/2014\/12\/sind-ufma.jpg"},{"@type":"BreadcrumbList","@id":"https:\/\/www.blogsoestado.com\/danielmatos\/sind-ufma-realiza-primeira-assembleia\/#breadcrumb","itemListElement":[{"@type":"ListItem","position":1,"name":"In\u00edcio","item":"https:\/\/www.blogsoestado.com\/danielmatos\/"},{"@type":"ListItem","position":2,"name":"SIND-UFMA realiza primeira assembleia"}]},{"@type":"WebSite","@id":"https:\/\/www.blogsoestado.com\/danielmatos\/#website","url":"https:\/\/www.blogsoestado.com\/danielmatos\/","name":"Daniel Matos","description":"","potentialAction":[{"@type":"SearchAction","target":{"@type":"EntryPoint","urlTemplate":"https:\/\/www.blogsoestado.com\/danielmatos\/?s={search_term_string}"},"query-input":{"@type":"PropertyValueSpecification","valueRequired":true,"valueName":"search_term_string"}}],"inLanguage":"pt-BR"}]}},"jetpack_featured_media_url":"","_links":{"self":[{"href":"https:\/\/www.blogsoestado.com\/danielmatos\/wp-json\/wp\/v2\/posts\/20850","targetHints":{"allow":["GET"]}}],"collection":[{"href":"https:\/\/www.blogsoestado.com\/danielmatos\/wp-json\/wp\/v2\/posts"}],"about":[{"href":"https:\/\/www.blogsoestado.com\/danielmatos\/wp-json\/wp\/v2\/types\/post"}],"replies":[{"embeddable":true,"href":"https:\/\/www.blogsoestado.com\/danielmatos\/wp-json\/wp\/v2\/comments?post=20850"}],"version-history":[{"count":0,"href":"https:\/\/www.blogsoestado.com\/danielmatos\/wp-json\/wp\/v2\/posts\/20850\/revisions"}],"wp:attachment":[{"href":"https:\/\/www.blogsoestado.com\/danielmatos\/wp-json\/wp\/v2\/media?parent=20850"}],"wp:term":[{"taxonomy":"category","embeddable":true,"href":"https:\/\/www.blogsoestado.com\/danielmatos\/wp-json\/wp\/v2\/categories?post=20850"},{"taxonomy":"post_tag","embeddable":true,"href":"https:\/\/www.blogsoestado.com\/danielmatos\/wp-json\/wp\/v2\/tags?post=20850"}],"curies":[{"name":"wp","href":"https:\/\/api.w.org\/{rel}","templated":true}]}}