{"id":20854,"date":"2014-12-03T17:36:00","date_gmt":"2014-12-03T20:36:00","guid":{"rendered":"https:\/\/www.blogsoestado.com\/danielmatos\/?p=20854"},"modified":"2014-12-03T17:36:00","modified_gmt":"2014-12-03T20:36:00","slug":"eleito-flavio-dino-tenta-censurar-o-blog-mas-perde-na-justica","status":"publish","type":"post","link":"https:\/\/www.blogsoestado.com\/danielmatos\/eleito-flavio-dino-tenta-censurar-o-blog-mas-perde-na-justica\/","title":{"rendered":"Eleito, Flavio Dino tenta censurar o blog, mas perde na Justi\u00e7a"},"content":{"rendered":"<figure id=\"attachment_20855\" aria-describedby=\"caption-attachment-20855\" style=\"width: 336px\" class=\"wp-caption alignleft\"><a href=\"https:\/\/www.blogsoestado.com\/danielmatos\/files\/2014\/12\/dino-porrada.jpg\"><img fetchpriority=\"high\" decoding=\"async\" class=\"size-full wp-image-20855\" src=\"https:\/\/www.blogsoestado.com\/danielmatos\/files\/2014\/12\/dino-porrada.jpg\" alt=\"Fl\u00e1vio Dino: obsess\u00e3o em processar quem o contraria no campo das ideias\" width=\"336\" height=\"414\" \/><\/a><figcaption id=\"caption-attachment-20855\" class=\"wp-caption-text\">Fl\u00e1vio Dino: obsess\u00e3o em processar quem opina ou informa algo que o\u00a0contrarie<\/figcaption><\/figure>\n<p>N\u00e3o prosperou a tentativa do governador eleito do Maranh\u00e3o, Fl\u00e1vio Dino (PCdoB), de censurar o blog. O comunista ajuizou a\u00e7\u00e3o de indeniza\u00e7\u00e3o por danos morais em raz\u00e3o de uma mat\u00e9ria aqui postada em 13 de outubro, uma semana ap\u00f3s a sua vit\u00f3ria nas urnas, mas teve a pretens\u00e3o negada pela Justi\u00e7a. Al\u00e9m de indeniza\u00e7\u00e3o, Dino pleiteava que a postagem\u00a0fosse retirada do ar, mas esse pedido tamb\u00e9m foi indeferido.<\/p>\n<p>A mat\u00e9ria\u00a0em quest\u00e3o, introduzida pelo t\u00edtulo &#8220;<a href=\"https:\/\/www.blogsoestado.com\/danielmatos\/?s=c%C3%A9sar+bombeiro\" target=\"_blank\">Com \u201cservi\u00e7os prestados\u201d \u00e0 campanha de Fl\u00e1vio Dino, C\u00e9sar Bombeiro mira Sejap<\/a>&#8220;, revelou a movimenta\u00e7\u00e3o do agente penitenci\u00e1rio e ex-presidente do sindicato da categoria Cezar Castro Lopes, o Cezar Bombeiro, para ser nomeado por Dino secret\u00e1rio de Estado de Justi\u00e7a e Administra\u00e7\u00e3o Penitenci\u00e1ria. Como se sabe, o\u00a0plano de Cezar Bombeiro n\u00e3o deu certo, tendo o governador eleito anunciado, em 17 de novembro, o bacharel em Direito Murilo Andrade, detentor de vasta experi\u00eancia na gest\u00e3o de pres\u00eddios em\u00a0Minas Gerais, para comandar a Sejap.<\/p>\n<p>Com base em informa\u00e7\u00f5es de uma fonte e em epis\u00f3dios\u00a0observados durante a campanha, o blog associou a indica\u00e7\u00e3o almejada pelo agente penitenci\u00e1rio \u00e0 contribui\u00e7\u00e3o que ele supostamente dera em sua \u00e1rea de atua\u00e7\u00e3o ao\u00a0projeto eleitoral comunista. O autor do blog, em momento algum, agiu de forma leviana, t\u00e3o somente abordou o assunto com base em situa\u00e7\u00f5es reais e em pontos de vistas coincidentes expostos por diversas pessoas com quem manteve contato.<\/p>\n<figure id=\"attachment_20856\" aria-describedby=\"caption-attachment-20856\" style=\"width: 640px\" class=\"wp-caption aligncenter\"><a href=\"https:\/\/www.blogsoestado.com\/danielmatos\/files\/2014\/12\/dino-censura.jpg\"><img decoding=\"async\" class=\"size-full wp-image-20856\" src=\"https:\/\/www.blogsoestado.com\/danielmatos\/files\/2014\/12\/dino-censura.jpg\" alt=\"F\u00e1vio Dino ajuizou a\u00e7\u00e3o de indeniza\u00e7\u00e3o com pedido de indeniza\u00e7\u00e3o ao autor do blog \" width=\"640\" height=\"443\" \/><\/a><figcaption id=\"caption-attachment-20856\" class=\"wp-caption-text\">Depois de eleito governador, comunista\u00a0ajuizou a\u00e7\u00e3o por danos morais\u00a0com pedido de indeniza\u00e7\u00e3o ao autor do blog<\/figcaption><\/figure>\n<p>De fato, a campanha eleitoral foi marcada por sucessivas\u00a0fugas, tentativas de rebeli\u00e3o e mortes no Complexo Penitenci\u00e1rio de Pedrinhas. Tais epis\u00f3dios\u00a0desgastaram a imagem do governo Roseana Sarney e do candidato \u00e0 sucess\u00e3o estadual apoiado por ela, Lob\u00e3o Filho, principal advers\u00e1rio de Dino. Curiosamente, ap\u00f3s a elei\u00e7\u00e3o, cessaram todos os focos de tens\u00e3o no sistema prisional.<\/p>\n<p><strong>Decis\u00e3o<\/strong><\/p>\n<p>Voltando \u00e0 a\u00e7\u00e3o ajuizada por Fl\u00e1vio Dino contra o blog, o juiz Silvio Suzart dos Santos, da 11\u00aa Vara C\u00edvel da capital, foi categ\u00f3rico ao proferir a decis\u00e3o: <strong>&#8220;<em>\u00c9 bem de ver que a publica\u00e7\u00e3o hostilizada e acima transcrita n\u00e3o ultrapassa a cr\u00edtica jornal\u00edstica, tendo o r\u00e9u se limitado a externar sua opini\u00e3o a respeito de poss\u00edveis pretens\u00f5es de terceiro de ocupar cargo no futuro governo<\/em>&#8220;<\/strong>, assinalou, para mais adiante arrematar: <strong>&#8220;<em>Nada que possa, portanto, ser considerado desairoso ou propriamente ofensivo contra a honra e a dignidade do autor<\/em>&#8220;<\/strong>.<\/p>\n<figure id=\"attachment_20857\" aria-describedby=\"caption-attachment-20857\" style=\"width: 640px\" class=\"wp-caption aligncenter\"><a href=\"https:\/\/www.blogsoestado.com\/danielmatos\/files\/2014\/12\/dino-perde.jpg\"><img decoding=\"async\" class=\"size-full wp-image-20857\" src=\"https:\/\/www.blogsoestado.com\/danielmatos\/files\/2014\/12\/dino-perde.jpg\" alt=\"Juiz da 11\u00aa Vara C\u00edvel de S\u00e3o Lu\u00eds indeferiu pedido de indeniza\u00e7\u00e3o e de exclus\u00e3o da postagem\" width=\"640\" height=\"389\" \/><\/a><figcaption id=\"caption-attachment-20857\" class=\"wp-caption-text\">Juiz da 11\u00aa Vara C\u00edvel de S\u00e3o Lu\u00eds indeferiu pedido de indeniza\u00e7\u00e3o e de exclus\u00e3o da postagem feito por Dino<\/figcaption><\/figure>\n<p>Em recente entrevista que concedeu ao programa <em>Roda Viva<\/em>, da TV Cultura, Fl\u00e1vio Dino se disse contr\u00e1rio a\u00a0qualquer &#8220;tipo de\u00a0controle de conte\u00fado&#8221;, referindo-se ao\u00a0que \u00e9 publicado pelos meios de comunica\u00e7\u00e3o.\u00a0Mero discurso, contrariado pela pr\u00e1tica contumaz dos advogados do comunista de interpelar judicialmente quem publica informa\u00e7\u00e3o ou opini\u00e3o\u00a0que o\u00a0desagrade.<\/p>\n<p>A julgar pela obsess\u00e3o\u00a0de Dino e pela dilig\u00eancia de sua banca em processar quem o confronte no campo das ideias, a causa ganha pelo blog deve ser\u00a0apenas uma das primeiras a ingressar nos tribunais por iniciativa do comunista nos pr\u00f3ximos quatro anos.<\/p>\n","protected":false},"excerpt":{"rendered":"<p>N\u00e3o prosperou a tentativa do governador eleito do Maranh\u00e3o, Fl\u00e1vio Dino (PCdoB), de censurar o blog. O comunista ajuizou a\u00e7\u00e3o [&hellip;]<\/p>\n","protected":false},"author":0,"featured_media":0,"comment_status":"open","ping_status":"open","sticky":false,"template":"","format":"standard","meta":{"site-sidebar-layout":"default","site-content-layout":"","ast-site-content-layout":"default","site-content-style":"default","site-sidebar-style":"default","ast-global-header-display":"","ast-banner-title-visibility":"","ast-main-header-display":"","ast-hfb-above-header-display":"","ast-hfb-below-header-display":"","ast-hfb-mobile-header-display":"","site-post-title":"","ast-breadcrumbs-content":"","ast-featured-img":"","footer-sml-layout":"","ast-disable-related-posts":"","theme-transparent-header-meta":"","adv-header-id-meta":"","stick-header-meta":"","header-above-stick-meta":"","header-main-stick-meta":"","header-below-stick-meta":"","astra-migrate-meta-layouts":"default","ast-page-background-enabled":"default","ast-page-background-meta":{"desktop":{"background-color":"var(--ast-global-color-5)","background-image":"","background-repeat":"repeat","background-position":"center center","background-size":"auto","background-attachment":"scroll","background-type":"","background-media":"","overlay-type":"","overlay-color":"","overlay-opacity":"","overlay-gradient":""},"tablet":{"background-color":"","background-image":"","background-repeat":"repeat","background-position":"center center","background-size":"auto","background-attachment":"scroll","background-type":"","background-media":"","overlay-type":"","overlay-color":"","overlay-opacity":"","overlay-gradient":""},"mobile":{"background-color":"","background-image":"","background-repeat":"repeat","background-position":"center center","background-size":"auto","background-attachment":"scroll","background-type":"","background-media":"","overlay-type":"","overlay-color":"","overlay-opacity":"","overlay-gradient":""}},"ast-content-background-meta":{"desktop":{"background-color":"var(--ast-global-color-4)","background-image":"","background-repeat":"repeat","background-position":"center center","background-size":"auto","background-attachment":"scroll","background-type":"","background-media":"","overlay-type":"","overlay-color":"","overlay-opacity":"","overlay-gradient":""},"tablet":{"background-color":"var(--ast-global-color-4)","background-image":"","background-repeat":"repeat","background-position":"center center","background-size":"auto","background-attachment":"scroll","background-type":"","background-media":"","overlay-type":"","overlay-color":"","overlay-opacity":"","overlay-gradient":""},"mobile":{"background-color":"var(--ast-global-color-4)","background-image":"","background-repeat":"repeat","background-position":"center center","background-size":"auto","background-attachment":"scroll","background-type":"","background-media":"","overlay-type":"","overlay-color":"","overlay-opacity":"","overlay-gradient":""}},"footnotes":""},"categories":[1],"tags":[],"class_list":["post-20854","post","type-post","status-publish","format-standard","hentry","category-sem-categoria"],"yoast_head":"<!-- This site is optimized with the Yoast SEO plugin v26.6 - https:\/\/yoast.com\/wordpress\/plugins\/seo\/ -->\n<title>Eleito, Flavio Dino tenta censurar o blog, mas perde na Justi\u00e7a - Daniel Matos<\/title>\n<meta name=\"robots\" content=\"index, follow, max-snippet:-1, max-image-preview:large, max-video-preview:-1\" \/>\n<link rel=\"canonical\" href=\"https:\/\/www.blogsoestado.com\/danielmatos\/eleito-flavio-dino-tenta-censurar-o-blog-mas-perde-na-justica\/\" \/>\n<meta property=\"og:locale\" content=\"pt_BR\" \/>\n<meta property=\"og:type\" content=\"article\" \/>\n<meta property=\"og:title\" content=\"Eleito, Flavio Dino tenta censurar o blog, mas perde na Justi\u00e7a - Daniel Matos\" \/>\n<meta property=\"og:description\" content=\"N\u00e3o prosperou a tentativa do governador eleito do Maranh\u00e3o, Fl\u00e1vio Dino (PCdoB), de censurar o blog. O comunista ajuizou a\u00e7\u00e3o [&hellip;]\" \/>\n<meta property=\"og:url\" content=\"https:\/\/www.blogsoestado.com\/danielmatos\/eleito-flavio-dino-tenta-censurar-o-blog-mas-perde-na-justica\/\" \/>\n<meta property=\"og:site_name\" content=\"Daniel Matos\" \/>\n<meta property=\"article:published_time\" content=\"2014-12-03T20:36:00+00:00\" \/>\n<meta property=\"og:image\" content=\"https:\/\/www.blogsoestado.com\/danielmatos\/files\/2014\/12\/dino-porrada.jpg\" \/>\n<meta name=\"twitter:card\" content=\"summary_large_image\" \/>\n<meta name=\"twitter:label1\" content=\"Est. tempo de leitura\" \/>\n\t<meta name=\"twitter:data1\" content=\"3 minutos\" \/>\n<script type=\"application\/ld+json\" class=\"yoast-schema-graph\">{\"@context\":\"https:\/\/schema.org\",\"@graph\":[{\"@type\":\"WebPage\",\"@id\":\"https:\/\/www.blogsoestado.com\/danielmatos\/eleito-flavio-dino-tenta-censurar-o-blog-mas-perde-na-justica\/\",\"url\":\"https:\/\/www.blogsoestado.com\/danielmatos\/eleito-flavio-dino-tenta-censurar-o-blog-mas-perde-na-justica\/\",\"name\":\"Eleito, Flavio Dino tenta censurar o blog, mas perde na Justi\u00e7a - Daniel Matos\",\"isPartOf\":{\"@id\":\"https:\/\/www.blogsoestado.com\/danielmatos\/#website\"},\"primaryImageOfPage\":{\"@id\":\"https:\/\/www.blogsoestado.com\/danielmatos\/eleito-flavio-dino-tenta-censurar-o-blog-mas-perde-na-justica\/#primaryimage\"},\"image\":{\"@id\":\"https:\/\/www.blogsoestado.com\/danielmatos\/eleito-flavio-dino-tenta-censurar-o-blog-mas-perde-na-justica\/#primaryimage\"},\"thumbnailUrl\":\"https:\/\/www.blogsoestado.com\/danielmatos\/files\/2014\/12\/dino-porrada.jpg\",\"datePublished\":\"2014-12-03T20:36:00+00:00\",\"author\":{\"@id\":\"\"},\"breadcrumb\":{\"@id\":\"https:\/\/www.blogsoestado.com\/danielmatos\/eleito-flavio-dino-tenta-censurar-o-blog-mas-perde-na-justica\/#breadcrumb\"},\"inLanguage\":\"pt-BR\",\"potentialAction\":[{\"@type\":\"ReadAction\",\"target\":[\"https:\/\/www.blogsoestado.com\/danielmatos\/eleito-flavio-dino-tenta-censurar-o-blog-mas-perde-na-justica\/\"]}]},{\"@type\":\"ImageObject\",\"inLanguage\":\"pt-BR\",\"@id\":\"https:\/\/www.blogsoestado.com\/danielmatos\/eleito-flavio-dino-tenta-censurar-o-blog-mas-perde-na-justica\/#primaryimage\",\"url\":\"https:\/\/www.blogsoestado.com\/danielmatos\/files\/2014\/12\/dino-porrada.jpg\",\"contentUrl\":\"https:\/\/www.blogsoestado.com\/danielmatos\/files\/2014\/12\/dino-porrada.jpg\"},{\"@type\":\"BreadcrumbList\",\"@id\":\"https:\/\/www.blogsoestado.com\/danielmatos\/eleito-flavio-dino-tenta-censurar-o-blog-mas-perde-na-justica\/#breadcrumb\",\"itemListElement\":[{\"@type\":\"ListItem\",\"position\":1,\"name\":\"In\u00edcio\",\"item\":\"https:\/\/www.blogsoestado.com\/danielmatos\/\"},{\"@type\":\"ListItem\",\"position\":2,\"name\":\"Eleito, Flavio Dino tenta censurar o blog, mas perde na Justi\u00e7a\"}]},{\"@type\":\"WebSite\",\"@id\":\"https:\/\/www.blogsoestado.com\/danielmatos\/#website\",\"url\":\"https:\/\/www.blogsoestado.com\/danielmatos\/\",\"name\":\"Daniel Matos\",\"description\":\"\",\"potentialAction\":[{\"@type\":\"SearchAction\",\"target\":{\"@type\":\"EntryPoint\",\"urlTemplate\":\"https:\/\/www.blogsoestado.com\/danielmatos\/?s={search_term_string}\"},\"query-input\":{\"@type\":\"PropertyValueSpecification\",\"valueRequired\":true,\"valueName\":\"search_term_string\"}}],\"inLanguage\":\"pt-BR\"}]}<\/script>\n<!-- \/ Yoast SEO plugin. -->","yoast_head_json":{"title":"Eleito, Flavio Dino tenta censurar o blog, mas perde na Justi\u00e7a - Daniel Matos","robots":{"index":"index","follow":"follow","max-snippet":"max-snippet:-1","max-image-preview":"max-image-preview:large","max-video-preview":"max-video-preview:-1"},"canonical":"https:\/\/www.blogsoestado.com\/danielmatos\/eleito-flavio-dino-tenta-censurar-o-blog-mas-perde-na-justica\/","og_locale":"pt_BR","og_type":"article","og_title":"Eleito, Flavio Dino tenta censurar o blog, mas perde na Justi\u00e7a - Daniel Matos","og_description":"N\u00e3o prosperou a tentativa do governador eleito do Maranh\u00e3o, Fl\u00e1vio Dino (PCdoB), de censurar o blog. O comunista ajuizou a\u00e7\u00e3o [&hellip;]","og_url":"https:\/\/www.blogsoestado.com\/danielmatos\/eleito-flavio-dino-tenta-censurar-o-blog-mas-perde-na-justica\/","og_site_name":"Daniel Matos","article_published_time":"2014-12-03T20:36:00+00:00","og_image":[{"url":"https:\/\/www.blogsoestado.com\/danielmatos\/files\/2014\/12\/dino-porrada.jpg","type":"","width":"","height":""}],"twitter_card":"summary_large_image","twitter_misc":{"Est. tempo de leitura":"3 minutos"},"schema":{"@context":"https:\/\/schema.org","@graph":[{"@type":"WebPage","@id":"https:\/\/www.blogsoestado.com\/danielmatos\/eleito-flavio-dino-tenta-censurar-o-blog-mas-perde-na-justica\/","url":"https:\/\/www.blogsoestado.com\/danielmatos\/eleito-flavio-dino-tenta-censurar-o-blog-mas-perde-na-justica\/","name":"Eleito, Flavio Dino tenta censurar o blog, mas perde na Justi\u00e7a - Daniel Matos","isPartOf":{"@id":"https:\/\/www.blogsoestado.com\/danielmatos\/#website"},"primaryImageOfPage":{"@id":"https:\/\/www.blogsoestado.com\/danielmatos\/eleito-flavio-dino-tenta-censurar-o-blog-mas-perde-na-justica\/#primaryimage"},"image":{"@id":"https:\/\/www.blogsoestado.com\/danielmatos\/eleito-flavio-dino-tenta-censurar-o-blog-mas-perde-na-justica\/#primaryimage"},"thumbnailUrl":"https:\/\/www.blogsoestado.com\/danielmatos\/files\/2014\/12\/dino-porrada.jpg","datePublished":"2014-12-03T20:36:00+00:00","author":{"@id":""},"breadcrumb":{"@id":"https:\/\/www.blogsoestado.com\/danielmatos\/eleito-flavio-dino-tenta-censurar-o-blog-mas-perde-na-justica\/#breadcrumb"},"inLanguage":"pt-BR","potentialAction":[{"@type":"ReadAction","target":["https:\/\/www.blogsoestado.com\/danielmatos\/eleito-flavio-dino-tenta-censurar-o-blog-mas-perde-na-justica\/"]}]},{"@type":"ImageObject","inLanguage":"pt-BR","@id":"https:\/\/www.blogsoestado.com\/danielmatos\/eleito-flavio-dino-tenta-censurar-o-blog-mas-perde-na-justica\/#primaryimage","url":"https:\/\/www.blogsoestado.com\/danielmatos\/files\/2014\/12\/dino-porrada.jpg","contentUrl":"https:\/\/www.blogsoestado.com\/danielmatos\/files\/2014\/12\/dino-porrada.jpg"},{"@type":"BreadcrumbList","@id":"https:\/\/www.blogsoestado.com\/danielmatos\/eleito-flavio-dino-tenta-censurar-o-blog-mas-perde-na-justica\/#breadcrumb","itemListElement":[{"@type":"ListItem","position":1,"name":"In\u00edcio","item":"https:\/\/www.blogsoestado.com\/danielmatos\/"},{"@type":"ListItem","position":2,"name":"Eleito, Flavio Dino tenta censurar o blog, mas perde na Justi\u00e7a"}]},{"@type":"WebSite","@id":"https:\/\/www.blogsoestado.com\/danielmatos\/#website","url":"https:\/\/www.blogsoestado.com\/danielmatos\/","name":"Daniel Matos","description":"","potentialAction":[{"@type":"SearchAction","target":{"@type":"EntryPoint","urlTemplate":"https:\/\/www.blogsoestado.com\/danielmatos\/?s={search_term_string}"},"query-input":{"@type":"PropertyValueSpecification","valueRequired":true,"valueName":"search_term_string"}}],"inLanguage":"pt-BR"}]}},"jetpack_featured_media_url":"","_links":{"self":[{"href":"https:\/\/www.blogsoestado.com\/danielmatos\/wp-json\/wp\/v2\/posts\/20854","targetHints":{"allow":["GET"]}}],"collection":[{"href":"https:\/\/www.blogsoestado.com\/danielmatos\/wp-json\/wp\/v2\/posts"}],"about":[{"href":"https:\/\/www.blogsoestado.com\/danielmatos\/wp-json\/wp\/v2\/types\/post"}],"replies":[{"embeddable":true,"href":"https:\/\/www.blogsoestado.com\/danielmatos\/wp-json\/wp\/v2\/comments?post=20854"}],"version-history":[{"count":0,"href":"https:\/\/www.blogsoestado.com\/danielmatos\/wp-json\/wp\/v2\/posts\/20854\/revisions"}],"wp:attachment":[{"href":"https:\/\/www.blogsoestado.com\/danielmatos\/wp-json\/wp\/v2\/media?parent=20854"}],"wp:term":[{"taxonomy":"category","embeddable":true,"href":"https:\/\/www.blogsoestado.com\/danielmatos\/wp-json\/wp\/v2\/categories?post=20854"},{"taxonomy":"post_tag","embeddable":true,"href":"https:\/\/www.blogsoestado.com\/danielmatos\/wp-json\/wp\/v2\/tags?post=20854"}],"curies":[{"name":"wp","href":"https:\/\/api.w.org\/{rel}","templated":true}]}}