{"id":20861,"date":"2014-12-03T18:55:00","date_gmt":"2014-12-03T21:55:00","guid":{"rendered":"https:\/\/www.blogsoestado.com\/danielmatos\/?p=20861"},"modified":"2014-12-03T18:55:00","modified_gmt":"2014-12-03T21:55:00","slug":"prefeitura-recebe-37-propostas-de-empresas-interessadas-em-licitacao-do-transporte","status":"publish","type":"post","link":"https:\/\/www.blogsoestado.com\/danielmatos\/prefeitura-recebe-37-propostas-de-empresas-interessadas-em-licitacao-do-transporte\/","title":{"rendered":"Prefeitura recebe 37 propostas de empresas interessadas em licita\u00e7\u00e3o do transporte"},"content":{"rendered":"<figure id=\"attachment_20862\" aria-describedby=\"caption-attachment-20862\" style=\"width: 640px\" class=\"wp-caption aligncenter\"><a href=\"https:\/\/www.blogsoestado.com\/danielmatos\/files\/2014\/12\/licita\u00e7\u00e3o-transporte.jpg\"><img fetchpriority=\"high\" decoding=\"async\" class=\"size-full wp-image-20862\" src=\"https:\/\/www.blogsoestado.com\/danielmatos\/files\/2014\/12\/licita\u00e7\u00e3o-transporte.jpg\" alt=\" Edital de Forma\u00e7\u00e3o de Cadastro constitui mais uma etapa do processo de licita\u00e7\u00e3o de linhas do sistema de transporte coletivo\" width=\"640\" height=\"426\" \/><\/a><figcaption id=\"caption-attachment-20862\" class=\"wp-caption-text\">Edital de Forma\u00e7\u00e3o de Cadastro \u00e9\u00a0mais uma etapa do processo de licita\u00e7\u00e3o de linhas do transporte\u00a0p\u00fablico<\/figcaption><\/figure>\n<p>A Prefeitura de S\u00e3o Lu\u00eds realizou nesta semana audi\u00eancia para abertura do Edital de Forma\u00e7\u00e3o de Cadastro de empresas especializadas em transporte de passageiros interessadas em participar da licita\u00e7\u00e3o das novas linhas de \u00f4nibus do sistema integrado de transportes. A sess\u00e3o de recebimento das propostas foi realizada na sede da Secretaria de Tr\u00e2nsito e Transportes (SMTT), no Ipase, onde foram apresentadas 37 propostas.<\/p>\n<p>O titular da SMTT e presidente da Comiss\u00e3o Multidisciplinar de Licita\u00e7\u00e3o, Canind\u00e9 Barros, informou que o aviso do edital foi divulgado desde outubro em jornais de grande circula\u00e7\u00e3o e tamb\u00e9m no portal da Prefeitura de S\u00e3o Lu\u00eds (www.saoluis.ma.gov.br). \u201cA entrega das propostas ocorreu agora no in\u00edcio do m\u00eas de dezembro, conforme o aviso de edital. O prefeito Edivaldo determinou aten\u00e7\u00e3o especial da SMTT e estamos cumprindo nosso trabalho. Essa a\u00e7\u00e3o \u00e9 fundamental para avan\u00e7armos na licita\u00e7\u00e3o do sistema de transporte\u201d, informou Canind\u00e9 Barros.<\/p>\n<p>Com a apresenta\u00e7\u00e3o dos envelopes pelas empresas interessadas, a Comiss\u00e3o Multidisciplinar de Licita\u00e7\u00e3o juntamente com t\u00e9cnicos da SMTT avaliar\u00e3o os documentos enviados pelas empresas. O Edital de Forma\u00e7\u00e3o de Cadastro constitui mais uma etapa do processo de licita\u00e7\u00e3o para outorga de linhas do sistema de transporte.<\/p>\n<p>Outro passo importante para a licita\u00e7\u00e3o do sistema de transporte foi dado na semana passada com a realiza\u00e7\u00e3o de audi\u00eancia p\u00fablica para contribui\u00e7\u00f5es \u00e0 licita\u00e7\u00e3o, na sede da Associa\u00e7\u00e3o Comercial do Maranh\u00e3o (ACM), no Centro. Na ocasi\u00e3o, os secret\u00e1rios Lula Fylho (Governo) e Canind\u00e9 Barros (Tr\u00e2nsito e Transportes) apresentaram os resultados das pesquisas de opini\u00e3o que tra\u00e7am o perfil do transporte coletivo da cidade e o cronograma do processo administrativo que resultar\u00e1 na licita\u00e7\u00e3o.<\/p>\n<p><strong>\u00d4nibus novos<\/strong><\/p>\n<p>Al\u00e9m disso, o Munic\u00edpio est\u00e1 desenvolvendo a\u00e7\u00f5es para a melhoria do atual sistema. No \u00faltimo dia 26, a Prefeitura garantiu a entrega de 31 novos \u00f4nibus ao sistema de transporte coletivo da capital maranhense. A renova\u00e7\u00e3o da frota integra o remodelamento do sistema de transporte p\u00fablico, definido pelo prefeito Edivaldo.<\/p>\n<p>Os \u00f4nibus beneficiar\u00e3o os usu\u00e1rios da Cidade Oper\u00e1ria, Universidade Estadual do Maranh\u00e3o (Uema), Distrito Industrial e S\u00e3o Raimundo. A entrega dos ve\u00edculos ocorreu na quarta-feira (26), na Pra\u00e7a Maria Arag\u00e3o, no Centro. A aquisi\u00e7\u00e3o dos ve\u00edculos foi feita por seis empresas do sistema de transporte coletivo.<\/p>\n<p><strong>Fonte:<\/strong> Secretaria Municipal de Comunica\u00e7\u00e3o (Secom)<\/p>\n","protected":false},"excerpt":{"rendered":"<p>A Prefeitura de S\u00e3o Lu\u00eds realizou nesta semana audi\u00eancia para abertura do Edital de Forma\u00e7\u00e3o de Cadastro de empresas especializadas [&hellip;]<\/p>\n","protected":false},"author":0,"featured_media":0,"comment_status":"open","ping_status":"open","sticky":false,"template":"","format":"standard","meta":{"site-sidebar-layout":"default","site-content-layout":"","ast-site-content-layout":"default","site-content-style":"default","site-sidebar-style":"default","ast-global-header-display":"","ast-banner-title-visibility":"","ast-main-header-display":"","ast-hfb-above-header-display":"","ast-hfb-below-header-display":"","ast-hfb-mobile-header-display":"","site-post-title":"","ast-breadcrumbs-content":"","ast-featured-img":"","footer-sml-layout":"","ast-disable-related-posts":"","theme-transparent-header-meta":"","adv-header-id-meta":"","stick-header-meta":"","header-above-stick-meta":"","header-main-stick-meta":"","header-below-stick-meta":"","astra-migrate-meta-layouts":"default","ast-page-background-enabled":"default","ast-page-background-meta":{"desktop":{"background-color":"var(--ast-global-color-5)","background-image":"","background-repeat":"repeat","background-position":"center center","background-size":"auto","background-attachment":"scroll","background-type":"","background-media":"","overlay-type":"","overlay-color":"","overlay-opacity":"","overlay-gradient":""},"tablet":{"background-color":"","background-image":"","background-repeat":"repeat","background-position":"center center","background-size":"auto","background-attachment":"scroll","background-type":"","background-media":"","overlay-type":"","overlay-color":"","overlay-opacity":"","overlay-gradient":""},"mobile":{"background-color":"","background-image":"","background-repeat":"repeat","background-position":"center center","background-size":"auto","background-attachment":"scroll","background-type":"","background-media":"","overlay-type":"","overlay-color":"","overlay-opacity":"","overlay-gradient":""}},"ast-content-background-meta":{"desktop":{"background-color":"var(--ast-global-color-4)","background-image":"","background-repeat":"repeat","background-position":"center center","background-size":"auto","background-attachment":"scroll","background-type":"","background-media":"","overlay-type":"","overlay-color":"","overlay-opacity":"","overlay-gradient":""},"tablet":{"background-color":"var(--ast-global-color-4)","background-image":"","background-repeat":"repeat","background-position":"center center","background-size":"auto","background-attachment":"scroll","background-type":"","background-media":"","overlay-type":"","overlay-color":"","overlay-opacity":"","overlay-gradient":""},"mobile":{"background-color":"var(--ast-global-color-4)","background-image":"","background-repeat":"repeat","background-position":"center center","background-size":"auto","background-attachment":"scroll","background-type":"","background-media":"","overlay-type":"","overlay-color":"","overlay-opacity":"","overlay-gradient":""}},"footnotes":""},"categories":[1],"tags":[],"class_list":["post-20861","post","type-post","status-publish","format-standard","hentry","category-sem-categoria"],"yoast_head":"<!-- This site is optimized with the Yoast SEO plugin v26.6 - https:\/\/yoast.com\/wordpress\/plugins\/seo\/ -->\n<title>Prefeitura recebe 37 propostas de empresas interessadas em licita\u00e7\u00e3o do transporte - Daniel Matos<\/title>\n<meta name=\"robots\" content=\"index, follow, max-snippet:-1, max-image-preview:large, max-video-preview:-1\" \/>\n<link rel=\"canonical\" href=\"https:\/\/www.blogsoestado.com\/danielmatos\/prefeitura-recebe-37-propostas-de-empresas-interessadas-em-licitacao-do-transporte\/\" \/>\n<meta property=\"og:locale\" content=\"pt_BR\" \/>\n<meta property=\"og:type\" content=\"article\" \/>\n<meta property=\"og:title\" content=\"Prefeitura recebe 37 propostas de empresas interessadas em licita\u00e7\u00e3o do transporte - Daniel Matos\" \/>\n<meta property=\"og:description\" content=\"A Prefeitura de S\u00e3o Lu\u00eds realizou nesta semana audi\u00eancia para abertura do Edital de Forma\u00e7\u00e3o de Cadastro de empresas especializadas [&hellip;]\" \/>\n<meta property=\"og:url\" content=\"https:\/\/www.blogsoestado.com\/danielmatos\/prefeitura-recebe-37-propostas-de-empresas-interessadas-em-licitacao-do-transporte\/\" \/>\n<meta property=\"og:site_name\" content=\"Daniel Matos\" \/>\n<meta property=\"article:published_time\" content=\"2014-12-03T21:55:00+00:00\" \/>\n<meta name=\"twitter:card\" content=\"summary_large_image\" \/>\n<meta name=\"twitter:label1\" content=\"Est. tempo de leitura\" \/>\n\t<meta name=\"twitter:data1\" content=\"2 minutos\" \/>\n<script type=\"application\/ld+json\" class=\"yoast-schema-graph\">{\"@context\":\"https:\/\/schema.org\",\"@graph\":[{\"@type\":\"WebPage\",\"@id\":\"https:\/\/www.blogsoestado.com\/danielmatos\/prefeitura-recebe-37-propostas-de-empresas-interessadas-em-licitacao-do-transporte\/\",\"url\":\"https:\/\/www.blogsoestado.com\/danielmatos\/prefeitura-recebe-37-propostas-de-empresas-interessadas-em-licitacao-do-transporte\/\",\"name\":\"Prefeitura recebe 37 propostas de empresas interessadas em licita\u00e7\u00e3o do transporte - Daniel Matos\",\"isPartOf\":{\"@id\":\"https:\/\/www.blogsoestado.com\/danielmatos\/#website\"},\"datePublished\":\"2014-12-03T21:55:00+00:00\",\"author\":{\"@id\":\"\"},\"breadcrumb\":{\"@id\":\"https:\/\/www.blogsoestado.com\/danielmatos\/prefeitura-recebe-37-propostas-de-empresas-interessadas-em-licitacao-do-transporte\/#breadcrumb\"},\"inLanguage\":\"pt-BR\",\"potentialAction\":[{\"@type\":\"ReadAction\",\"target\":[\"https:\/\/www.blogsoestado.com\/danielmatos\/prefeitura-recebe-37-propostas-de-empresas-interessadas-em-licitacao-do-transporte\/\"]}]},{\"@type\":\"BreadcrumbList\",\"@id\":\"https:\/\/www.blogsoestado.com\/danielmatos\/prefeitura-recebe-37-propostas-de-empresas-interessadas-em-licitacao-do-transporte\/#breadcrumb\",\"itemListElement\":[{\"@type\":\"ListItem\",\"position\":1,\"name\":\"In\u00edcio\",\"item\":\"https:\/\/www.blogsoestado.com\/danielmatos\/\"},{\"@type\":\"ListItem\",\"position\":2,\"name\":\"Prefeitura recebe 37 propostas de empresas interessadas em licita\u00e7\u00e3o do transporte\"}]},{\"@type\":\"WebSite\",\"@id\":\"https:\/\/www.blogsoestado.com\/danielmatos\/#website\",\"url\":\"https:\/\/www.blogsoestado.com\/danielmatos\/\",\"name\":\"Daniel Matos\",\"description\":\"\",\"potentialAction\":[{\"@type\":\"SearchAction\",\"target\":{\"@type\":\"EntryPoint\",\"urlTemplate\":\"https:\/\/www.blogsoestado.com\/danielmatos\/?s={search_term_string}\"},\"query-input\":{\"@type\":\"PropertyValueSpecification\",\"valueRequired\":true,\"valueName\":\"search_term_string\"}}],\"inLanguage\":\"pt-BR\"}]}<\/script>\n<!-- \/ Yoast SEO plugin. -->","yoast_head_json":{"title":"Prefeitura recebe 37 propostas de empresas interessadas em licita\u00e7\u00e3o do transporte - Daniel Matos","robots":{"index":"index","follow":"follow","max-snippet":"max-snippet:-1","max-image-preview":"max-image-preview:large","max-video-preview":"max-video-preview:-1"},"canonical":"https:\/\/www.blogsoestado.com\/danielmatos\/prefeitura-recebe-37-propostas-de-empresas-interessadas-em-licitacao-do-transporte\/","og_locale":"pt_BR","og_type":"article","og_title":"Prefeitura recebe 37 propostas de empresas interessadas em licita\u00e7\u00e3o do transporte - Daniel Matos","og_description":"A Prefeitura de S\u00e3o Lu\u00eds realizou nesta semana audi\u00eancia para abertura do Edital de Forma\u00e7\u00e3o de Cadastro de empresas especializadas [&hellip;]","og_url":"https:\/\/www.blogsoestado.com\/danielmatos\/prefeitura-recebe-37-propostas-de-empresas-interessadas-em-licitacao-do-transporte\/","og_site_name":"Daniel Matos","article_published_time":"2014-12-03T21:55:00+00:00","twitter_card":"summary_large_image","twitter_misc":{"Est. tempo de leitura":"2 minutos"},"schema":{"@context":"https:\/\/schema.org","@graph":[{"@type":"WebPage","@id":"https:\/\/www.blogsoestado.com\/danielmatos\/prefeitura-recebe-37-propostas-de-empresas-interessadas-em-licitacao-do-transporte\/","url":"https:\/\/www.blogsoestado.com\/danielmatos\/prefeitura-recebe-37-propostas-de-empresas-interessadas-em-licitacao-do-transporte\/","name":"Prefeitura recebe 37 propostas de empresas interessadas em licita\u00e7\u00e3o do transporte - Daniel Matos","isPartOf":{"@id":"https:\/\/www.blogsoestado.com\/danielmatos\/#website"},"datePublished":"2014-12-03T21:55:00+00:00","author":{"@id":""},"breadcrumb":{"@id":"https:\/\/www.blogsoestado.com\/danielmatos\/prefeitura-recebe-37-propostas-de-empresas-interessadas-em-licitacao-do-transporte\/#breadcrumb"},"inLanguage":"pt-BR","potentialAction":[{"@type":"ReadAction","target":["https:\/\/www.blogsoestado.com\/danielmatos\/prefeitura-recebe-37-propostas-de-empresas-interessadas-em-licitacao-do-transporte\/"]}]},{"@type":"BreadcrumbList","@id":"https:\/\/www.blogsoestado.com\/danielmatos\/prefeitura-recebe-37-propostas-de-empresas-interessadas-em-licitacao-do-transporte\/#breadcrumb","itemListElement":[{"@type":"ListItem","position":1,"name":"In\u00edcio","item":"https:\/\/www.blogsoestado.com\/danielmatos\/"},{"@type":"ListItem","position":2,"name":"Prefeitura recebe 37 propostas de empresas interessadas em licita\u00e7\u00e3o do transporte"}]},{"@type":"WebSite","@id":"https:\/\/www.blogsoestado.com\/danielmatos\/#website","url":"https:\/\/www.blogsoestado.com\/danielmatos\/","name":"Daniel Matos","description":"","potentialAction":[{"@type":"SearchAction","target":{"@type":"EntryPoint","urlTemplate":"https:\/\/www.blogsoestado.com\/danielmatos\/?s={search_term_string}"},"query-input":{"@type":"PropertyValueSpecification","valueRequired":true,"valueName":"search_term_string"}}],"inLanguage":"pt-BR"}]}},"jetpack_featured_media_url":"","_links":{"self":[{"href":"https:\/\/www.blogsoestado.com\/danielmatos\/wp-json\/wp\/v2\/posts\/20861","targetHints":{"allow":["GET"]}}],"collection":[{"href":"https:\/\/www.blogsoestado.com\/danielmatos\/wp-json\/wp\/v2\/posts"}],"about":[{"href":"https:\/\/www.blogsoestado.com\/danielmatos\/wp-json\/wp\/v2\/types\/post"}],"replies":[{"embeddable":true,"href":"https:\/\/www.blogsoestado.com\/danielmatos\/wp-json\/wp\/v2\/comments?post=20861"}],"version-history":[{"count":0,"href":"https:\/\/www.blogsoestado.com\/danielmatos\/wp-json\/wp\/v2\/posts\/20861\/revisions"}],"wp:attachment":[{"href":"https:\/\/www.blogsoestado.com\/danielmatos\/wp-json\/wp\/v2\/media?parent=20861"}],"wp:term":[{"taxonomy":"category","embeddable":true,"href":"https:\/\/www.blogsoestado.com\/danielmatos\/wp-json\/wp\/v2\/categories?post=20861"},{"taxonomy":"post_tag","embeddable":true,"href":"https:\/\/www.blogsoestado.com\/danielmatos\/wp-json\/wp\/v2\/tags?post=20861"}],"curies":[{"name":"wp","href":"https:\/\/api.w.org\/{rel}","templated":true}]}}