{"id":20869,"date":"2014-12-04T10:27:01","date_gmt":"2014-12-04T13:27:01","guid":{"rendered":"https:\/\/www.blogsoestado.com\/danielmatos\/?p=20869"},"modified":"2014-12-04T10:27:01","modified_gmt":"2014-12-04T13:27:01","slug":"sao-luis-atinge-marca-de-1-000-mortes-violentas-em-2014","status":"publish","type":"post","link":"https:\/\/www.blogsoestado.com\/danielmatos\/sao-luis-atinge-marca-de-1-000-mortes-violentas-em-2014\/","title":{"rendered":"S\u00e3o Lu\u00eds atinge marca de 1.000 mortes violentas em 2014"},"content":{"rendered":"<figure id=\"attachment_20870\" aria-describedby=\"caption-attachment-20870\" style=\"width: 448px\" class=\"wp-caption alignright\"><a href=\"https:\/\/www.blogsoestado.com\/danielmatos\/files\/2014\/12\/homicidio-cohab.jpg\"><img fetchpriority=\"high\" decoding=\"async\" class=\"size-full wp-image-20870\" src=\"https:\/\/www.blogsoestado.com\/danielmatos\/files\/2014\/12\/homicidio-cohab.jpg\" alt=\"Mulher chora sobre o corpo do companheiro, assassinato a tiro ontem, na Cohab\" width=\"448\" height=\"297\" \/><\/a><figcaption id=\"caption-attachment-20870\" class=\"wp-caption-text\">Mulher chora sobre o corpo do companheiro, assassinado a tiro ontem, na Cohab<\/figcaption><\/figure>\n<p>A Regi\u00e3o Metropolitana de S\u00e3o Lu\u00eds atingiu hoje a marca sinistra de 1.000 mortes violentas este ano, segundo levantamento feito por rep\u00f3rteres especializados na \u00e1rea policial, como Domingos Ribeiro (R\u00e1dio Mirante AM) e Henrique Pereira (R\u00e1dio S\u00e3o Lu\u00eds AM). O dado assustador inclui homic\u00eddios dolosos, les\u00f5es corporais seguidas de morte, latroc\u00ednios, mortes decorrentes de interven\u00e7\u00e3o policial, assassinatos em pres\u00eddios, mortes a esclarecer e crimes a definir, conforme\u00a0a nomenclatura adotada pela\u00a0pr\u00f3pria Secretaria de Seguran\u00e7a P\u00fablica (SSP). A grande maioria dos crimes foi\u00a0praticada com arma de fogo, prova de\u00a0que os bandidos t\u00eam em seu poder um verdadeiro arsenal.<\/p>\n<p>S\u00f3 em novembro foram 128 mortes violentas,\u00a0de acordo com a contagem feita pelos profissionais de imprensa, um recorde hist\u00f3rico, que espera-se que n\u00e3o\u00a0seja batido t\u00e3o cedo. Por ser um m\u00eas festivo, dezembro, que at\u00e9 agora j\u00e1 registrou quatro homic\u00eddios, inspira mais preocupa\u00e7\u00e3o ainda. Cientes do risco, as pol\u00edcias est\u00e3o se\u00a0mobilizando\u00a0para evitar que a carnificina se repita.<\/p>\n<p>Vale ressaltar as a\u00e7\u00f5es\u00a0permanentes das for\u00e7as de seguran\u00e7a\u00a0para conter a criminalidade. O contingente\u00a0das pol\u00edcias Civil e Militar foi refor\u00e7ado por meio de concurso p\u00fablico e diversas opera\u00e7\u00f5es s\u00e3o desencadeadas diariamente para reprimir a bandidagem. O trabalho de intelig\u00eancia policial tamb\u00e9m tem\u00a0levado \u00e0 pris\u00e3o de muitos assaltantes, traficantes, homicidas e outros tipos de bandidos<\/p>\n<p><strong>Causas<\/strong><\/p>\n<p>A principal causa apontada pelas autoridades para o aumento do n\u00famero de mortes violentas \u00e9 o tr\u00e1fico de drogas, explorado por fac\u00e7\u00f5es criminosas que travam uma disputa sangrenta pelo controle das bocas de fumo. Cerca de 70% dos assassinatos estariam relacionados\u00a0\u00e0 venda de entorpecentes, segundo c\u00e1lculo do ex-secret\u00e1rio de Seguran\u00e7a P\u00fablica e deputado federal eleito Alu\u00edsio Mendes.<\/p>\n<p>Mas \u00e9 voz corrente entre um n\u00famero cada vez maior de gestores da seguran\u00e7a que a benevol\u00eancia da Justi\u00e7a com criminosos tamb\u00e9m est\u00e1 na raiz da viol\u00eancia excessiva que hoje aterroriza a Ilha de S\u00e3o Lu\u00eds. Delegados, coron\u00e9is e outros representantes das for\u00e7as policiais j\u00e1 se manifestaram publicamente contra a liberta\u00e7\u00e3o de bandidos, entre os quais muitos de alt\u00edssima periculosidade\u00a0e com graves antecedentes,\u00a0por decis\u00f5es judiciais, pouco depois das suas pris\u00f5es.<\/p>\n<p>A pol\u00edcia reclama que grande parte do seu trabalho \u00e9 em v\u00e3o, alegando que o Judici\u00e1rio muitas vezes trata de desfaz\u00ea-lo. As cr\u00edticas do sistema de seguran\u00e7a prenunciam uma crise institucional, uma vez que a Justi\u00e7a passou a rebat\u00ea-las com \u00eanfase.\u00a0Todavia, crise mais grave enfrenta o cidad\u00e3o comum, v\u00edtima de uma guerra que parece intermin\u00e1vel.<\/p>\n","protected":false},"excerpt":{"rendered":"<p>A Regi\u00e3o Metropolitana de S\u00e3o Lu\u00eds atingiu hoje a marca sinistra de 1.000 mortes violentas este ano, segundo levantamento feito [&hellip;]<\/p>\n","protected":false},"author":0,"featured_media":0,"comment_status":"open","ping_status":"open","sticky":false,"template":"","format":"standard","meta":{"site-sidebar-layout":"default","site-content-layout":"","ast-site-content-layout":"default","site-content-style":"default","site-sidebar-style":"default","ast-global-header-display":"","ast-banner-title-visibility":"","ast-main-header-display":"","ast-hfb-above-header-display":"","ast-hfb-below-header-display":"","ast-hfb-mobile-header-display":"","site-post-title":"","ast-breadcrumbs-content":"","ast-featured-img":"","footer-sml-layout":"","ast-disable-related-posts":"","theme-transparent-header-meta":"","adv-header-id-meta":"","stick-header-meta":"","header-above-stick-meta":"","header-main-stick-meta":"","header-below-stick-meta":"","astra-migrate-meta-layouts":"default","ast-page-background-enabled":"default","ast-page-background-meta":{"desktop":{"background-color":"var(--ast-global-color-5)","background-image":"","background-repeat":"repeat","background-position":"center center","background-size":"auto","background-attachment":"scroll","background-type":"","background-media":"","overlay-type":"","overlay-color":"","overlay-opacity":"","overlay-gradient":""},"tablet":{"background-color":"","background-image":"","background-repeat":"repeat","background-position":"center center","background-size":"auto","background-attachment":"scroll","background-type":"","background-media":"","overlay-type":"","overlay-color":"","overlay-opacity":"","overlay-gradient":""},"mobile":{"background-color":"","background-image":"","background-repeat":"repeat","background-position":"center center","background-size":"auto","background-attachment":"scroll","background-type":"","background-media":"","overlay-type":"","overlay-color":"","overlay-opacity":"","overlay-gradient":""}},"ast-content-background-meta":{"desktop":{"background-color":"var(--ast-global-color-4)","background-image":"","background-repeat":"repeat","background-position":"center center","background-size":"auto","background-attachment":"scroll","background-type":"","background-media":"","overlay-type":"","overlay-color":"","overlay-opacity":"","overlay-gradient":""},"tablet":{"background-color":"var(--ast-global-color-4)","background-image":"","background-repeat":"repeat","background-position":"center center","background-size":"auto","background-attachment":"scroll","background-type":"","background-media":"","overlay-type":"","overlay-color":"","overlay-opacity":"","overlay-gradient":""},"mobile":{"background-color":"var(--ast-global-color-4)","background-image":"","background-repeat":"repeat","background-position":"center center","background-size":"auto","background-attachment":"scroll","background-type":"","background-media":"","overlay-type":"","overlay-color":"","overlay-opacity":"","overlay-gradient":""}},"footnotes":""},"categories":[1],"tags":[],"class_list":["post-20869","post","type-post","status-publish","format-standard","hentry","category-sem-categoria"],"yoast_head":"<!-- This site is optimized with the Yoast SEO plugin v26.6 - https:\/\/yoast.com\/wordpress\/plugins\/seo\/ -->\n<title>S\u00e3o Lu\u00eds atinge marca de 1.000 mortes violentas em 2014 - Daniel Matos<\/title>\n<meta name=\"robots\" content=\"index, follow, max-snippet:-1, max-image-preview:large, max-video-preview:-1\" \/>\n<link rel=\"canonical\" href=\"https:\/\/www.blogsoestado.com\/danielmatos\/sao-luis-atinge-marca-de-1-000-mortes-violentas-em-2014\/\" \/>\n<meta property=\"og:locale\" content=\"pt_BR\" \/>\n<meta property=\"og:type\" content=\"article\" \/>\n<meta property=\"og:title\" content=\"S\u00e3o Lu\u00eds atinge marca de 1.000 mortes violentas em 2014 - Daniel Matos\" \/>\n<meta property=\"og:description\" content=\"A Regi\u00e3o Metropolitana de S\u00e3o Lu\u00eds atingiu hoje a marca sinistra de 1.000 mortes violentas este ano, segundo levantamento feito [&hellip;]\" \/>\n<meta property=\"og:url\" content=\"https:\/\/www.blogsoestado.com\/danielmatos\/sao-luis-atinge-marca-de-1-000-mortes-violentas-em-2014\/\" \/>\n<meta property=\"og:site_name\" content=\"Daniel Matos\" \/>\n<meta property=\"article:published_time\" content=\"2014-12-04T13:27:01+00:00\" \/>\n<meta property=\"og:image\" content=\"https:\/\/www.blogsoestado.com\/danielmatos\/files\/2014\/12\/homicidio-cohab.jpg\" \/>\n<meta name=\"twitter:card\" content=\"summary_large_image\" \/>\n<meta name=\"twitter:label1\" content=\"Est. tempo de leitura\" \/>\n\t<meta name=\"twitter:data1\" content=\"2 minutos\" \/>\n<script type=\"application\/ld+json\" class=\"yoast-schema-graph\">{\"@context\":\"https:\/\/schema.org\",\"@graph\":[{\"@type\":\"WebPage\",\"@id\":\"https:\/\/www.blogsoestado.com\/danielmatos\/sao-luis-atinge-marca-de-1-000-mortes-violentas-em-2014\/\",\"url\":\"https:\/\/www.blogsoestado.com\/danielmatos\/sao-luis-atinge-marca-de-1-000-mortes-violentas-em-2014\/\",\"name\":\"S\u00e3o Lu\u00eds atinge marca de 1.000 mortes violentas em 2014 - Daniel Matos\",\"isPartOf\":{\"@id\":\"https:\/\/www.blogsoestado.com\/danielmatos\/#website\"},\"primaryImageOfPage\":{\"@id\":\"https:\/\/www.blogsoestado.com\/danielmatos\/sao-luis-atinge-marca-de-1-000-mortes-violentas-em-2014\/#primaryimage\"},\"image\":{\"@id\":\"https:\/\/www.blogsoestado.com\/danielmatos\/sao-luis-atinge-marca-de-1-000-mortes-violentas-em-2014\/#primaryimage\"},\"thumbnailUrl\":\"https:\/\/www.blogsoestado.com\/danielmatos\/files\/2014\/12\/homicidio-cohab.jpg\",\"datePublished\":\"2014-12-04T13:27:01+00:00\",\"author\":{\"@id\":\"\"},\"breadcrumb\":{\"@id\":\"https:\/\/www.blogsoestado.com\/danielmatos\/sao-luis-atinge-marca-de-1-000-mortes-violentas-em-2014\/#breadcrumb\"},\"inLanguage\":\"pt-BR\",\"potentialAction\":[{\"@type\":\"ReadAction\",\"target\":[\"https:\/\/www.blogsoestado.com\/danielmatos\/sao-luis-atinge-marca-de-1-000-mortes-violentas-em-2014\/\"]}]},{\"@type\":\"ImageObject\",\"inLanguage\":\"pt-BR\",\"@id\":\"https:\/\/www.blogsoestado.com\/danielmatos\/sao-luis-atinge-marca-de-1-000-mortes-violentas-em-2014\/#primaryimage\",\"url\":\"https:\/\/www.blogsoestado.com\/danielmatos\/files\/2014\/12\/homicidio-cohab.jpg\",\"contentUrl\":\"https:\/\/www.blogsoestado.com\/danielmatos\/files\/2014\/12\/homicidio-cohab.jpg\"},{\"@type\":\"BreadcrumbList\",\"@id\":\"https:\/\/www.blogsoestado.com\/danielmatos\/sao-luis-atinge-marca-de-1-000-mortes-violentas-em-2014\/#breadcrumb\",\"itemListElement\":[{\"@type\":\"ListItem\",\"position\":1,\"name\":\"In\u00edcio\",\"item\":\"https:\/\/www.blogsoestado.com\/danielmatos\/\"},{\"@type\":\"ListItem\",\"position\":2,\"name\":\"S\u00e3o Lu\u00eds atinge marca de 1.000 mortes violentas em 2014\"}]},{\"@type\":\"WebSite\",\"@id\":\"https:\/\/www.blogsoestado.com\/danielmatos\/#website\",\"url\":\"https:\/\/www.blogsoestado.com\/danielmatos\/\",\"name\":\"Daniel Matos\",\"description\":\"\",\"potentialAction\":[{\"@type\":\"SearchAction\",\"target\":{\"@type\":\"EntryPoint\",\"urlTemplate\":\"https:\/\/www.blogsoestado.com\/danielmatos\/?s={search_term_string}\"},\"query-input\":{\"@type\":\"PropertyValueSpecification\",\"valueRequired\":true,\"valueName\":\"search_term_string\"}}],\"inLanguage\":\"pt-BR\"}]}<\/script>\n<!-- \/ Yoast SEO plugin. -->","yoast_head_json":{"title":"S\u00e3o Lu\u00eds atinge marca de 1.000 mortes violentas em 2014 - Daniel Matos","robots":{"index":"index","follow":"follow","max-snippet":"max-snippet:-1","max-image-preview":"max-image-preview:large","max-video-preview":"max-video-preview:-1"},"canonical":"https:\/\/www.blogsoestado.com\/danielmatos\/sao-luis-atinge-marca-de-1-000-mortes-violentas-em-2014\/","og_locale":"pt_BR","og_type":"article","og_title":"S\u00e3o Lu\u00eds atinge marca de 1.000 mortes violentas em 2014 - Daniel Matos","og_description":"A Regi\u00e3o Metropolitana de S\u00e3o Lu\u00eds atingiu hoje a marca sinistra de 1.000 mortes violentas este ano, segundo levantamento feito [&hellip;]","og_url":"https:\/\/www.blogsoestado.com\/danielmatos\/sao-luis-atinge-marca-de-1-000-mortes-violentas-em-2014\/","og_site_name":"Daniel Matos","article_published_time":"2014-12-04T13:27:01+00:00","og_image":[{"url":"https:\/\/www.blogsoestado.com\/danielmatos\/files\/2014\/12\/homicidio-cohab.jpg","type":"","width":"","height":""}],"twitter_card":"summary_large_image","twitter_misc":{"Est. tempo de leitura":"2 minutos"},"schema":{"@context":"https:\/\/schema.org","@graph":[{"@type":"WebPage","@id":"https:\/\/www.blogsoestado.com\/danielmatos\/sao-luis-atinge-marca-de-1-000-mortes-violentas-em-2014\/","url":"https:\/\/www.blogsoestado.com\/danielmatos\/sao-luis-atinge-marca-de-1-000-mortes-violentas-em-2014\/","name":"S\u00e3o Lu\u00eds atinge marca de 1.000 mortes violentas em 2014 - Daniel Matos","isPartOf":{"@id":"https:\/\/www.blogsoestado.com\/danielmatos\/#website"},"primaryImageOfPage":{"@id":"https:\/\/www.blogsoestado.com\/danielmatos\/sao-luis-atinge-marca-de-1-000-mortes-violentas-em-2014\/#primaryimage"},"image":{"@id":"https:\/\/www.blogsoestado.com\/danielmatos\/sao-luis-atinge-marca-de-1-000-mortes-violentas-em-2014\/#primaryimage"},"thumbnailUrl":"https:\/\/www.blogsoestado.com\/danielmatos\/files\/2014\/12\/homicidio-cohab.jpg","datePublished":"2014-12-04T13:27:01+00:00","author":{"@id":""},"breadcrumb":{"@id":"https:\/\/www.blogsoestado.com\/danielmatos\/sao-luis-atinge-marca-de-1-000-mortes-violentas-em-2014\/#breadcrumb"},"inLanguage":"pt-BR","potentialAction":[{"@type":"ReadAction","target":["https:\/\/www.blogsoestado.com\/danielmatos\/sao-luis-atinge-marca-de-1-000-mortes-violentas-em-2014\/"]}]},{"@type":"ImageObject","inLanguage":"pt-BR","@id":"https:\/\/www.blogsoestado.com\/danielmatos\/sao-luis-atinge-marca-de-1-000-mortes-violentas-em-2014\/#primaryimage","url":"https:\/\/www.blogsoestado.com\/danielmatos\/files\/2014\/12\/homicidio-cohab.jpg","contentUrl":"https:\/\/www.blogsoestado.com\/danielmatos\/files\/2014\/12\/homicidio-cohab.jpg"},{"@type":"BreadcrumbList","@id":"https:\/\/www.blogsoestado.com\/danielmatos\/sao-luis-atinge-marca-de-1-000-mortes-violentas-em-2014\/#breadcrumb","itemListElement":[{"@type":"ListItem","position":1,"name":"In\u00edcio","item":"https:\/\/www.blogsoestado.com\/danielmatos\/"},{"@type":"ListItem","position":2,"name":"S\u00e3o Lu\u00eds atinge marca de 1.000 mortes violentas em 2014"}]},{"@type":"WebSite","@id":"https:\/\/www.blogsoestado.com\/danielmatos\/#website","url":"https:\/\/www.blogsoestado.com\/danielmatos\/","name":"Daniel Matos","description":"","potentialAction":[{"@type":"SearchAction","target":{"@type":"EntryPoint","urlTemplate":"https:\/\/www.blogsoestado.com\/danielmatos\/?s={search_term_string}"},"query-input":{"@type":"PropertyValueSpecification","valueRequired":true,"valueName":"search_term_string"}}],"inLanguage":"pt-BR"}]}},"jetpack_featured_media_url":"","_links":{"self":[{"href":"https:\/\/www.blogsoestado.com\/danielmatos\/wp-json\/wp\/v2\/posts\/20869","targetHints":{"allow":["GET"]}}],"collection":[{"href":"https:\/\/www.blogsoestado.com\/danielmatos\/wp-json\/wp\/v2\/posts"}],"about":[{"href":"https:\/\/www.blogsoestado.com\/danielmatos\/wp-json\/wp\/v2\/types\/post"}],"replies":[{"embeddable":true,"href":"https:\/\/www.blogsoestado.com\/danielmatos\/wp-json\/wp\/v2\/comments?post=20869"}],"version-history":[{"count":0,"href":"https:\/\/www.blogsoestado.com\/danielmatos\/wp-json\/wp\/v2\/posts\/20869\/revisions"}],"wp:attachment":[{"href":"https:\/\/www.blogsoestado.com\/danielmatos\/wp-json\/wp\/v2\/media?parent=20869"}],"wp:term":[{"taxonomy":"category","embeddable":true,"href":"https:\/\/www.blogsoestado.com\/danielmatos\/wp-json\/wp\/v2\/categories?post=20869"},{"taxonomy":"post_tag","embeddable":true,"href":"https:\/\/www.blogsoestado.com\/danielmatos\/wp-json\/wp\/v2\/tags?post=20869"}],"curies":[{"name":"wp","href":"https:\/\/api.w.org\/{rel}","templated":true}]}}