{"id":20902,"date":"2014-12-04T17:47:15","date_gmt":"2014-12-04T20:47:15","guid":{"rendered":"https:\/\/www.blogsoestado.com\/danielmatos\/?p=20902"},"modified":"2014-12-04T17:47:15","modified_gmt":"2014-12-04T20:47:15","slug":"flavio-dino-anuncia-mais-dois-nomes-para-sua-equipe-de-governo","status":"publish","type":"post","link":"https:\/\/www.blogsoestado.com\/danielmatos\/flavio-dino-anuncia-mais-dois-nomes-para-sua-equipe-de-governo\/","title":{"rendered":"Fl\u00e1vio Dino anuncia mais dois nomes para sua equipe de governo"},"content":{"rendered":"<figure id=\"attachment_20903\" aria-describedby=\"caption-attachment-20903\" style=\"width: 208px\" class=\"wp-caption alignleft\"><a href=\"https:\/\/www.blogsoestado.com\/danielmatos\/files\/2014\/12\/anchieta.jpg\"><img fetchpriority=\"high\" decoding=\"async\" class=\"size-full wp-image-20903\" src=\"https:\/\/www.blogsoestado.com\/danielmatos\/files\/2014\/12\/anchieta.jpg\" alt=\"Sebasti\u00e3o Anchieta comandar\u00e1 Aged\" width=\"208\" height=\"307\" \/><\/a><figcaption id=\"caption-attachment-20903\" class=\"wp-caption-text\">Sebasti\u00e3o Anchieta reassumir\u00e1 Aged<\/figcaption><\/figure>\n<p>Fl\u00e1vio Dino anunciou no in\u00edcio da tarde desta quinta-feira (4) mais dois\u00a0nomes que integrar\u00e3o a sua equipe de governo a partir de 1\u00ba de janeiro. Um deles \u00e9 Sebasti\u00e3o Anchieta foi indicado, que presidir\u00e1 a Ag\u00eancia Estadual de Defesa Agropecu\u00e1ria (Aged). O outro \u00e9\u00a0Jos\u00e9 Ribamar Fernandes Sobrinho, para a Secretaria de Pesca.<\/p>\n<p>A Aged \u00e9 uma autarquia respons\u00e1vel por desenvolver a\u00e7\u00f5es para garantir a defesa sanit\u00e1ria animal e vegetal, assegurando a oferta de produtos de qualidade e contribuindo para a preserva\u00e7\u00e3o da sa\u00fade p\u00fablica e do meio ambiente. Presidindo o \u00f3rg\u00e3o, Sebasti\u00e3o Anchieta ter\u00e1 que coordenar 18 Escrit\u00f3rios Regionais, respons\u00e1veis pela defesa sanit\u00e1ria do estado.<\/p>\n<p>Conhe\u00e7a o perfil do novo indicado:<\/p>\n<p>SEBASTI\u00c3O ANCHIETA \u2013 Ag\u00eancia Estadual de Defesa Agropecu\u00e1ria (Aged)<\/p>\n<p>Sebasti\u00e3o Cardoso Anchieta Filho \u00e9 m\u00e9dico veterin\u00e1rio formado pela Escola de Medicina Veterin\u00e1ria da Federa\u00e7\u00e3o das Escolas Superiores do Maranh\u00e3o (FESSM), atual Universidade Estadual do Maranh\u00e3o (UEMA). Foi sub-secret\u00e1rio de agricultura do Maranh\u00e3o, presidente da Companhia de Defesa Agropecu\u00e1ria do Maranh\u00e3o (Codagro), diretor-t\u00e9cnico da Companhia de Desenvolvimento Agr\u00e1rio (Codeia) e diretor-geral da Ag\u00eancia de Defesa Agropecu\u00e1ria do Maranh\u00e3o (Aged).<\/p>\n<p><strong>Pesca<\/strong><\/p>\n<p>Jos\u00e9 Ribamar Fernandes Sobrinho assume a secretaria com o desafio de formular, planejar, coordenar e executar as pol\u00edticas e diretrizes para o desenvolvimento sustent\u00e1vel, integrado e participativo das atividades pesqueira e aqu\u00edcola do Maranh\u00e3o.<\/p>\n<p>Conhe\u00e7a o perfil do novo indicado:<\/p>\n<p>JOS\u00c9 RIBAMAR FERNANDES SOBRINHO \u2013 Secretaria de Pesca<\/p>\n<p>Jos\u00e9 Ribamar Fernandes Sobrinho \u00e9 engenheiro de pesca formado pela Universidade Federal Rural de Pernambuco (UFRPE). Atua como engenheiro de pesca da Secretaria de Agricultura do Estado do Maranh\u00e3o (Sagrima). Foi consultor do Sebrae e do Instituto IEDPG do Rio de Janeiro. Atualmente \u00e9 coordenador de projetos da Federa\u00e7\u00e3o das Col\u00f4nias de Pescadores do Estado do Maranh\u00e3o.<\/p>\n","protected":false},"excerpt":{"rendered":"<p>Fl\u00e1vio Dino anunciou no in\u00edcio da tarde desta quinta-feira (4) mais dois\u00a0nomes que integrar\u00e3o a sua equipe de governo a [&hellip;]<\/p>\n","protected":false},"author":0,"featured_media":0,"comment_status":"open","ping_status":"open","sticky":false,"template":"","format":"standard","meta":{"site-sidebar-layout":"default","site-content-layout":"","ast-site-content-layout":"default","site-content-style":"default","site-sidebar-style":"default","ast-global-header-display":"","ast-banner-title-visibility":"","ast-main-header-display":"","ast-hfb-above-header-display":"","ast-hfb-below-header-display":"","ast-hfb-mobile-header-display":"","site-post-title":"","ast-breadcrumbs-content":"","ast-featured-img":"","footer-sml-layout":"","ast-disable-related-posts":"","theme-transparent-header-meta":"","adv-header-id-meta":"","stick-header-meta":"","header-above-stick-meta":"","header-main-stick-meta":"","header-below-stick-meta":"","astra-migrate-meta-layouts":"default","ast-page-background-enabled":"default","ast-page-background-meta":{"desktop":{"background-color":"var(--ast-global-color-5)","background-image":"","background-repeat":"repeat","background-position":"center center","background-size":"auto","background-attachment":"scroll","background-type":"","background-media":"","overlay-type":"","overlay-color":"","overlay-opacity":"","overlay-gradient":""},"tablet":{"background-color":"","background-image":"","background-repeat":"repeat","background-position":"center center","background-size":"auto","background-attachment":"scroll","background-type":"","background-media":"","overlay-type":"","overlay-color":"","overlay-opacity":"","overlay-gradient":""},"mobile":{"background-color":"","background-image":"","background-repeat":"repeat","background-position":"center center","background-size":"auto","background-attachment":"scroll","background-type":"","background-media":"","overlay-type":"","overlay-color":"","overlay-opacity":"","overlay-gradient":""}},"ast-content-background-meta":{"desktop":{"background-color":"var(--ast-global-color-4)","background-image":"","background-repeat":"repeat","background-position":"center center","background-size":"auto","background-attachment":"scroll","background-type":"","background-media":"","overlay-type":"","overlay-color":"","overlay-opacity":"","overlay-gradient":""},"tablet":{"background-color":"var(--ast-global-color-4)","background-image":"","background-repeat":"repeat","background-position":"center center","background-size":"auto","background-attachment":"scroll","background-type":"","background-media":"","overlay-type":"","overlay-color":"","overlay-opacity":"","overlay-gradient":""},"mobile":{"background-color":"var(--ast-global-color-4)","background-image":"","background-repeat":"repeat","background-position":"center center","background-size":"auto","background-attachment":"scroll","background-type":"","background-media":"","overlay-type":"","overlay-color":"","overlay-opacity":"","overlay-gradient":""}},"footnotes":""},"categories":[1],"tags":[],"class_list":["post-20902","post","type-post","status-publish","format-standard","hentry","category-sem-categoria"],"yoast_head":"<!-- This site is optimized with the Yoast SEO plugin v26.6 - https:\/\/yoast.com\/wordpress\/plugins\/seo\/ -->\n<title>Fl\u00e1vio Dino anuncia mais dois nomes para sua equipe de governo - Daniel Matos<\/title>\n<meta name=\"robots\" content=\"index, follow, max-snippet:-1, max-image-preview:large, max-video-preview:-1\" \/>\n<link rel=\"canonical\" href=\"https:\/\/www.blogsoestado.com\/danielmatos\/flavio-dino-anuncia-mais-dois-nomes-para-sua-equipe-de-governo\/\" \/>\n<meta property=\"og:locale\" content=\"pt_BR\" \/>\n<meta property=\"og:type\" content=\"article\" \/>\n<meta property=\"og:title\" content=\"Fl\u00e1vio Dino anuncia mais dois nomes para sua equipe de governo - Daniel Matos\" \/>\n<meta property=\"og:description\" content=\"Fl\u00e1vio Dino anunciou no in\u00edcio da tarde desta quinta-feira (4) mais dois\u00a0nomes que integrar\u00e3o a sua equipe de governo a [&hellip;]\" \/>\n<meta property=\"og:url\" content=\"https:\/\/www.blogsoestado.com\/danielmatos\/flavio-dino-anuncia-mais-dois-nomes-para-sua-equipe-de-governo\/\" \/>\n<meta property=\"og:site_name\" content=\"Daniel Matos\" \/>\n<meta property=\"article:published_time\" content=\"2014-12-04T20:47:15+00:00\" \/>\n<meta property=\"og:image\" content=\"https:\/\/www.blogsoestado.com\/danielmatos\/files\/2014\/12\/anchieta.jpg\" \/>\n<meta name=\"twitter:card\" content=\"summary_large_image\" \/>\n<meta name=\"twitter:label1\" content=\"Est. tempo de leitura\" \/>\n\t<meta name=\"twitter:data1\" content=\"2 minutos\" \/>\n<script type=\"application\/ld+json\" class=\"yoast-schema-graph\">{\"@context\":\"https:\/\/schema.org\",\"@graph\":[{\"@type\":\"WebPage\",\"@id\":\"https:\/\/www.blogsoestado.com\/danielmatos\/flavio-dino-anuncia-mais-dois-nomes-para-sua-equipe-de-governo\/\",\"url\":\"https:\/\/www.blogsoestado.com\/danielmatos\/flavio-dino-anuncia-mais-dois-nomes-para-sua-equipe-de-governo\/\",\"name\":\"Fl\u00e1vio Dino anuncia mais dois nomes para sua equipe de governo - Daniel Matos\",\"isPartOf\":{\"@id\":\"https:\/\/www.blogsoestado.com\/danielmatos\/#website\"},\"primaryImageOfPage\":{\"@id\":\"https:\/\/www.blogsoestado.com\/danielmatos\/flavio-dino-anuncia-mais-dois-nomes-para-sua-equipe-de-governo\/#primaryimage\"},\"image\":{\"@id\":\"https:\/\/www.blogsoestado.com\/danielmatos\/flavio-dino-anuncia-mais-dois-nomes-para-sua-equipe-de-governo\/#primaryimage\"},\"thumbnailUrl\":\"https:\/\/www.blogsoestado.com\/danielmatos\/files\/2014\/12\/anchieta.jpg\",\"datePublished\":\"2014-12-04T20:47:15+00:00\",\"author\":{\"@id\":\"\"},\"breadcrumb\":{\"@id\":\"https:\/\/www.blogsoestado.com\/danielmatos\/flavio-dino-anuncia-mais-dois-nomes-para-sua-equipe-de-governo\/#breadcrumb\"},\"inLanguage\":\"pt-BR\",\"potentialAction\":[{\"@type\":\"ReadAction\",\"target\":[\"https:\/\/www.blogsoestado.com\/danielmatos\/flavio-dino-anuncia-mais-dois-nomes-para-sua-equipe-de-governo\/\"]}]},{\"@type\":\"ImageObject\",\"inLanguage\":\"pt-BR\",\"@id\":\"https:\/\/www.blogsoestado.com\/danielmatos\/flavio-dino-anuncia-mais-dois-nomes-para-sua-equipe-de-governo\/#primaryimage\",\"url\":\"https:\/\/www.blogsoestado.com\/danielmatos\/files\/2014\/12\/anchieta.jpg\",\"contentUrl\":\"https:\/\/www.blogsoestado.com\/danielmatos\/files\/2014\/12\/anchieta.jpg\"},{\"@type\":\"BreadcrumbList\",\"@id\":\"https:\/\/www.blogsoestado.com\/danielmatos\/flavio-dino-anuncia-mais-dois-nomes-para-sua-equipe-de-governo\/#breadcrumb\",\"itemListElement\":[{\"@type\":\"ListItem\",\"position\":1,\"name\":\"In\u00edcio\",\"item\":\"https:\/\/www.blogsoestado.com\/danielmatos\/\"},{\"@type\":\"ListItem\",\"position\":2,\"name\":\"Fl\u00e1vio Dino anuncia mais dois nomes para sua equipe de governo\"}]},{\"@type\":\"WebSite\",\"@id\":\"https:\/\/www.blogsoestado.com\/danielmatos\/#website\",\"url\":\"https:\/\/www.blogsoestado.com\/danielmatos\/\",\"name\":\"Daniel Matos\",\"description\":\"\",\"potentialAction\":[{\"@type\":\"SearchAction\",\"target\":{\"@type\":\"EntryPoint\",\"urlTemplate\":\"https:\/\/www.blogsoestado.com\/danielmatos\/?s={search_term_string}\"},\"query-input\":{\"@type\":\"PropertyValueSpecification\",\"valueRequired\":true,\"valueName\":\"search_term_string\"}}],\"inLanguage\":\"pt-BR\"}]}<\/script>\n<!-- \/ Yoast SEO plugin. -->","yoast_head_json":{"title":"Fl\u00e1vio Dino anuncia mais dois nomes para sua equipe de governo - Daniel Matos","robots":{"index":"index","follow":"follow","max-snippet":"max-snippet:-1","max-image-preview":"max-image-preview:large","max-video-preview":"max-video-preview:-1"},"canonical":"https:\/\/www.blogsoestado.com\/danielmatos\/flavio-dino-anuncia-mais-dois-nomes-para-sua-equipe-de-governo\/","og_locale":"pt_BR","og_type":"article","og_title":"Fl\u00e1vio Dino anuncia mais dois nomes para sua equipe de governo - Daniel Matos","og_description":"Fl\u00e1vio Dino anunciou no in\u00edcio da tarde desta quinta-feira (4) mais dois\u00a0nomes que integrar\u00e3o a sua equipe de governo a [&hellip;]","og_url":"https:\/\/www.blogsoestado.com\/danielmatos\/flavio-dino-anuncia-mais-dois-nomes-para-sua-equipe-de-governo\/","og_site_name":"Daniel Matos","article_published_time":"2014-12-04T20:47:15+00:00","og_image":[{"url":"https:\/\/www.blogsoestado.com\/danielmatos\/files\/2014\/12\/anchieta.jpg","type":"","width":"","height":""}],"twitter_card":"summary_large_image","twitter_misc":{"Est. tempo de leitura":"2 minutos"},"schema":{"@context":"https:\/\/schema.org","@graph":[{"@type":"WebPage","@id":"https:\/\/www.blogsoestado.com\/danielmatos\/flavio-dino-anuncia-mais-dois-nomes-para-sua-equipe-de-governo\/","url":"https:\/\/www.blogsoestado.com\/danielmatos\/flavio-dino-anuncia-mais-dois-nomes-para-sua-equipe-de-governo\/","name":"Fl\u00e1vio Dino anuncia mais dois nomes para sua equipe de governo - Daniel Matos","isPartOf":{"@id":"https:\/\/www.blogsoestado.com\/danielmatos\/#website"},"primaryImageOfPage":{"@id":"https:\/\/www.blogsoestado.com\/danielmatos\/flavio-dino-anuncia-mais-dois-nomes-para-sua-equipe-de-governo\/#primaryimage"},"image":{"@id":"https:\/\/www.blogsoestado.com\/danielmatos\/flavio-dino-anuncia-mais-dois-nomes-para-sua-equipe-de-governo\/#primaryimage"},"thumbnailUrl":"https:\/\/www.blogsoestado.com\/danielmatos\/files\/2014\/12\/anchieta.jpg","datePublished":"2014-12-04T20:47:15+00:00","author":{"@id":""},"breadcrumb":{"@id":"https:\/\/www.blogsoestado.com\/danielmatos\/flavio-dino-anuncia-mais-dois-nomes-para-sua-equipe-de-governo\/#breadcrumb"},"inLanguage":"pt-BR","potentialAction":[{"@type":"ReadAction","target":["https:\/\/www.blogsoestado.com\/danielmatos\/flavio-dino-anuncia-mais-dois-nomes-para-sua-equipe-de-governo\/"]}]},{"@type":"ImageObject","inLanguage":"pt-BR","@id":"https:\/\/www.blogsoestado.com\/danielmatos\/flavio-dino-anuncia-mais-dois-nomes-para-sua-equipe-de-governo\/#primaryimage","url":"https:\/\/www.blogsoestado.com\/danielmatos\/files\/2014\/12\/anchieta.jpg","contentUrl":"https:\/\/www.blogsoestado.com\/danielmatos\/files\/2014\/12\/anchieta.jpg"},{"@type":"BreadcrumbList","@id":"https:\/\/www.blogsoestado.com\/danielmatos\/flavio-dino-anuncia-mais-dois-nomes-para-sua-equipe-de-governo\/#breadcrumb","itemListElement":[{"@type":"ListItem","position":1,"name":"In\u00edcio","item":"https:\/\/www.blogsoestado.com\/danielmatos\/"},{"@type":"ListItem","position":2,"name":"Fl\u00e1vio Dino anuncia mais dois nomes para sua equipe de governo"}]},{"@type":"WebSite","@id":"https:\/\/www.blogsoestado.com\/danielmatos\/#website","url":"https:\/\/www.blogsoestado.com\/danielmatos\/","name":"Daniel Matos","description":"","potentialAction":[{"@type":"SearchAction","target":{"@type":"EntryPoint","urlTemplate":"https:\/\/www.blogsoestado.com\/danielmatos\/?s={search_term_string}"},"query-input":{"@type":"PropertyValueSpecification","valueRequired":true,"valueName":"search_term_string"}}],"inLanguage":"pt-BR"}]}},"jetpack_featured_media_url":"","_links":{"self":[{"href":"https:\/\/www.blogsoestado.com\/danielmatos\/wp-json\/wp\/v2\/posts\/20902","targetHints":{"allow":["GET"]}}],"collection":[{"href":"https:\/\/www.blogsoestado.com\/danielmatos\/wp-json\/wp\/v2\/posts"}],"about":[{"href":"https:\/\/www.blogsoestado.com\/danielmatos\/wp-json\/wp\/v2\/types\/post"}],"replies":[{"embeddable":true,"href":"https:\/\/www.blogsoestado.com\/danielmatos\/wp-json\/wp\/v2\/comments?post=20902"}],"version-history":[{"count":0,"href":"https:\/\/www.blogsoestado.com\/danielmatos\/wp-json\/wp\/v2\/posts\/20902\/revisions"}],"wp:attachment":[{"href":"https:\/\/www.blogsoestado.com\/danielmatos\/wp-json\/wp\/v2\/media?parent=20902"}],"wp:term":[{"taxonomy":"category","embeddable":true,"href":"https:\/\/www.blogsoestado.com\/danielmatos\/wp-json\/wp\/v2\/categories?post=20902"},{"taxonomy":"post_tag","embeddable":true,"href":"https:\/\/www.blogsoestado.com\/danielmatos\/wp-json\/wp\/v2\/tags?post=20902"}],"curies":[{"name":"wp","href":"https:\/\/api.w.org\/{rel}","templated":true}]}}