{"id":20909,"date":"2014-12-05T10:28:33","date_gmt":"2014-12-05T13:28:33","guid":{"rendered":"https:\/\/www.blogsoestado.com\/danielmatos\/?p=20909"},"modified":"2014-12-05T10:28:33","modified_gmt":"2014-12-05T13:28:33","slug":"prefeito-e-vice-de-paco-do-lumiar-sao-homenageados-com-maior-honraria-do-corpo-de-bombeiros","status":"publish","type":"post","link":"https:\/\/www.blogsoestado.com\/danielmatos\/prefeito-e-vice-de-paco-do-lumiar-sao-homenageados-com-maior-honraria-do-corpo-de-bombeiros\/","title":{"rendered":"Prefeito e vice de Pa\u00e7o do Lumiar s\u00e3o homenageados com maior honraria  do Corpo de Bombeiros"},"content":{"rendered":"<figure id=\"attachment_20910\" aria-describedby=\"caption-attachment-20910\" style=\"width: 640px\" class=\"wp-caption aligncenter\"><a href=\"https:\/\/www.blogsoestado.com\/danielmatos\/files\/2014\/12\/pa\u00e7o-medalha.jpg\"><img fetchpriority=\"high\" decoding=\"async\" class=\"size-full wp-image-20910\" src=\"https:\/\/www.blogsoestado.com\/danielmatos\/files\/2014\/12\/pa\u00e7o-medalha.jpg\" alt=\"Prefeito Josemar Sobreiro e vice, Marconi Lopes, com o coronel Wanderley Costa, comandante do Corpo de Bombeiros, e outras autoridades\" width=\"640\" height=\"427\" \/><\/a><figcaption id=\"caption-attachment-20910\" class=\"wp-caption-text\">Prefeito Josemar Sobreiro e vice, Marconi Lopes, com o coronel Wanderley Costa, comandante do Corpo de Bombeiros<\/figcaption><\/figure>\n<p>O prefeito de Pa\u00e7o do Lumiar, professor Josemar Sobreiro (PR) e o vice, Marconi Lopes (PSL) foram agraciados, na noite de ontem, 04, com a medalha \u201cAlferes Moraes Santos\u201d, maior honraria do Corpo de Bombeiros Militar do Estado do Maranh\u00e3o \u2013 CBMMA. A homenagem foi conferida a autoridades do Estado, militares e civis, durante solenidade comemorativa aos 111 anos da corpora\u00e7\u00e3o.<\/p>\n<p>Esta, \u00e9 a primeira honraria concedida a um gestor do munic\u00edpio de Pa\u00e7o do Lumiar que, de acordo com o comandante do CBMMA, Jo\u00e3o Wanderley Costa Pereira, representa a parceria e a coopera\u00e7\u00e3o do prefeito Josemar Sobreiro, enquanto professor e chefe do executivo, ao exerc\u00edcio da cidadania dos luminenses, por meio do grupamento de Bombeiros Mirins.<\/p>\n<p>O prefeito Josemar recebeu com grande alegria a homenagem. \u201c\u00c9 com grande alegria e esp\u00edrito de reconhecido que recebemos essa medalha. A concess\u00e3o dada a n\u00f3s, define o trabalho desenvolvendo com as crian\u00e7as e adolescentes em nosso munic\u00edpio, e tamb\u00e9m, \u00e0 frente da prefeitura, com pol\u00edticas em diversas \u00e1reas, promovendo a sa\u00fade, educa\u00e7\u00e3o, assist\u00eancia social,\u201d, disse.<\/p>\n<p>A solenidade foi realizada no Comando Geral do Corpo de Bombeiros, no Bacanga, e contou com v\u00e1rias autoridades, familiares e amigos dos homenageados.<\/p>\n<p><strong>Sobre a Comenda<\/strong><\/p>\n<figure id=\"attachment_20911\" aria-describedby=\"caption-attachment-20911\" style=\"width: 640px\" class=\"wp-caption aligncenter\"><a href=\"https:\/\/www.blogsoestado.com\/danielmatos\/files\/2014\/12\/pa\u00e7o-medalha2.jpg\"><img decoding=\"async\" class=\"size-full wp-image-20911\" src=\"https:\/\/www.blogsoestado.com\/danielmatos\/files\/2014\/12\/pa\u00e7o-medalha2.jpg\" alt=\"Josemar e Marconi exibem a comenda: reconhecimento aos relevantes servi\u00e7os prestados \u00e0 corpora\u00e7\u00e3o \" width=\"640\" height=\"427\" \/><\/a><figcaption id=\"caption-attachment-20911\" class=\"wp-caption-text\">Josemar e Marconi exibem comenda: reconhecimento aos relevantes servi\u00e7os prestados\u00a0ao Corpo de Bombeiros<\/figcaption><\/figure>\n<p>A medalha Alferes Moraes Santos foi institu\u00edda por meio do Decreto Estadual n\u00ba 18.430, de 03 de dezembro de 2001, com o objetivo de reconhecer dos relevantes servi\u00e7os prestados por pessoas e\/ou entidades ao CBMA.<\/p>\n<p>A comenda constitui-se numa reverencia ao Alferes An\u00edbal de Moraes Santos, primeiro Comandante da ent\u00e3o Se\u00e7\u00e3o de Bombeiros, criada pelo Decreto Estadual n\u00ba 32, de 10 de Dezembro de 1903, encarregada dos servi\u00e7os de Extin\u00e7\u00e3o de Inc\u00eandios, que foi a institui\u00e7\u00e3o precursora do Corpo de Bombeiros Militar do Maranh\u00e3o.<\/p>\n","protected":false},"excerpt":{"rendered":"<p>O prefeito de Pa\u00e7o do Lumiar, professor Josemar Sobreiro (PR) e o vice, Marconi Lopes (PSL) foram agraciados, na noite [&hellip;]<\/p>\n","protected":false},"author":0,"featured_media":0,"comment_status":"open","ping_status":"open","sticky":false,"template":"","format":"standard","meta":{"site-sidebar-layout":"default","site-content-layout":"","ast-site-content-layout":"default","site-content-style":"default","site-sidebar-style":"default","ast-global-header-display":"","ast-banner-title-visibility":"","ast-main-header-display":"","ast-hfb-above-header-display":"","ast-hfb-below-header-display":"","ast-hfb-mobile-header-display":"","site-post-title":"","ast-breadcrumbs-content":"","ast-featured-img":"","footer-sml-layout":"","ast-disable-related-posts":"","theme-transparent-header-meta":"","adv-header-id-meta":"","stick-header-meta":"","header-above-stick-meta":"","header-main-stick-meta":"","header-below-stick-meta":"","astra-migrate-meta-layouts":"default","ast-page-background-enabled":"default","ast-page-background-meta":{"desktop":{"background-color":"var(--ast-global-color-5)","background-image":"","background-repeat":"repeat","background-position":"center center","background-size":"auto","background-attachment":"scroll","background-type":"","background-media":"","overlay-type":"","overlay-color":"","overlay-opacity":"","overlay-gradient":""},"tablet":{"background-color":"","background-image":"","background-repeat":"repeat","background-position":"center center","background-size":"auto","background-attachment":"scroll","background-type":"","background-media":"","overlay-type":"","overlay-color":"","overlay-opacity":"","overlay-gradient":""},"mobile":{"background-color":"","background-image":"","background-repeat":"repeat","background-position":"center center","background-size":"auto","background-attachment":"scroll","background-type":"","background-media":"","overlay-type":"","overlay-color":"","overlay-opacity":"","overlay-gradient":""}},"ast-content-background-meta":{"desktop":{"background-color":"var(--ast-global-color-4)","background-image":"","background-repeat":"repeat","background-position":"center center","background-size":"auto","background-attachment":"scroll","background-type":"","background-media":"","overlay-type":"","overlay-color":"","overlay-opacity":"","overlay-gradient":""},"tablet":{"background-color":"var(--ast-global-color-4)","background-image":"","background-repeat":"repeat","background-position":"center center","background-size":"auto","background-attachment":"scroll","background-type":"","background-media":"","overlay-type":"","overlay-color":"","overlay-opacity":"","overlay-gradient":""},"mobile":{"background-color":"var(--ast-global-color-4)","background-image":"","background-repeat":"repeat","background-position":"center center","background-size":"auto","background-attachment":"scroll","background-type":"","background-media":"","overlay-type":"","overlay-color":"","overlay-opacity":"","overlay-gradient":""}},"footnotes":""},"categories":[1],"tags":[],"class_list":["post-20909","post","type-post","status-publish","format-standard","hentry","category-sem-categoria"],"yoast_head":"<!-- This site is optimized with the Yoast SEO plugin v26.6 - https:\/\/yoast.com\/wordpress\/plugins\/seo\/ -->\n<title>Prefeito e vice de Pa\u00e7o do Lumiar s\u00e3o homenageados com maior honraria do Corpo de Bombeiros - Daniel Matos<\/title>\n<meta name=\"robots\" content=\"index, follow, max-snippet:-1, max-image-preview:large, max-video-preview:-1\" \/>\n<link rel=\"canonical\" href=\"https:\/\/www.blogsoestado.com\/danielmatos\/prefeito-e-vice-de-paco-do-lumiar-sao-homenageados-com-maior-honraria-do-corpo-de-bombeiros\/\" \/>\n<meta property=\"og:locale\" content=\"pt_BR\" \/>\n<meta property=\"og:type\" content=\"article\" \/>\n<meta property=\"og:title\" content=\"Prefeito e vice de Pa\u00e7o do Lumiar s\u00e3o homenageados com maior honraria do Corpo de Bombeiros - Daniel Matos\" \/>\n<meta property=\"og:description\" content=\"O prefeito de Pa\u00e7o do Lumiar, professor Josemar Sobreiro (PR) e o vice, Marconi Lopes (PSL) foram agraciados, na noite [&hellip;]\" \/>\n<meta property=\"og:url\" content=\"https:\/\/www.blogsoestado.com\/danielmatos\/prefeito-e-vice-de-paco-do-lumiar-sao-homenageados-com-maior-honraria-do-corpo-de-bombeiros\/\" \/>\n<meta property=\"og:site_name\" content=\"Daniel Matos\" \/>\n<meta property=\"article:published_time\" content=\"2014-12-05T13:28:33+00:00\" \/>\n<meta name=\"twitter:card\" content=\"summary_large_image\" \/>\n<meta name=\"twitter:label1\" content=\"Est. tempo de leitura\" \/>\n\t<meta name=\"twitter:data1\" content=\"2 minutos\" \/>\n<script type=\"application\/ld+json\" class=\"yoast-schema-graph\">{\"@context\":\"https:\/\/schema.org\",\"@graph\":[{\"@type\":\"WebPage\",\"@id\":\"https:\/\/www.blogsoestado.com\/danielmatos\/prefeito-e-vice-de-paco-do-lumiar-sao-homenageados-com-maior-honraria-do-corpo-de-bombeiros\/\",\"url\":\"https:\/\/www.blogsoestado.com\/danielmatos\/prefeito-e-vice-de-paco-do-lumiar-sao-homenageados-com-maior-honraria-do-corpo-de-bombeiros\/\",\"name\":\"Prefeito e vice de Pa\u00e7o do Lumiar s\u00e3o homenageados com maior honraria do Corpo de Bombeiros - Daniel Matos\",\"isPartOf\":{\"@id\":\"https:\/\/www.blogsoestado.com\/danielmatos\/#website\"},\"datePublished\":\"2014-12-05T13:28:33+00:00\",\"author\":{\"@id\":\"\"},\"breadcrumb\":{\"@id\":\"https:\/\/www.blogsoestado.com\/danielmatos\/prefeito-e-vice-de-paco-do-lumiar-sao-homenageados-com-maior-honraria-do-corpo-de-bombeiros\/#breadcrumb\"},\"inLanguage\":\"pt-BR\",\"potentialAction\":[{\"@type\":\"ReadAction\",\"target\":[\"https:\/\/www.blogsoestado.com\/danielmatos\/prefeito-e-vice-de-paco-do-lumiar-sao-homenageados-com-maior-honraria-do-corpo-de-bombeiros\/\"]}]},{\"@type\":\"BreadcrumbList\",\"@id\":\"https:\/\/www.blogsoestado.com\/danielmatos\/prefeito-e-vice-de-paco-do-lumiar-sao-homenageados-com-maior-honraria-do-corpo-de-bombeiros\/#breadcrumb\",\"itemListElement\":[{\"@type\":\"ListItem\",\"position\":1,\"name\":\"In\u00edcio\",\"item\":\"https:\/\/www.blogsoestado.com\/danielmatos\/\"},{\"@type\":\"ListItem\",\"position\":2,\"name\":\"Prefeito e vice de Pa\u00e7o do Lumiar s\u00e3o homenageados com maior honraria do Corpo de Bombeiros\"}]},{\"@type\":\"WebSite\",\"@id\":\"https:\/\/www.blogsoestado.com\/danielmatos\/#website\",\"url\":\"https:\/\/www.blogsoestado.com\/danielmatos\/\",\"name\":\"Daniel Matos\",\"description\":\"\",\"potentialAction\":[{\"@type\":\"SearchAction\",\"target\":{\"@type\":\"EntryPoint\",\"urlTemplate\":\"https:\/\/www.blogsoestado.com\/danielmatos\/?s={search_term_string}\"},\"query-input\":{\"@type\":\"PropertyValueSpecification\",\"valueRequired\":true,\"valueName\":\"search_term_string\"}}],\"inLanguage\":\"pt-BR\"}]}<\/script>\n<!-- \/ Yoast SEO plugin. -->","yoast_head_json":{"title":"Prefeito e vice de Pa\u00e7o do Lumiar s\u00e3o homenageados com maior honraria do Corpo de Bombeiros - Daniel Matos","robots":{"index":"index","follow":"follow","max-snippet":"max-snippet:-1","max-image-preview":"max-image-preview:large","max-video-preview":"max-video-preview:-1"},"canonical":"https:\/\/www.blogsoestado.com\/danielmatos\/prefeito-e-vice-de-paco-do-lumiar-sao-homenageados-com-maior-honraria-do-corpo-de-bombeiros\/","og_locale":"pt_BR","og_type":"article","og_title":"Prefeito e vice de Pa\u00e7o do Lumiar s\u00e3o homenageados com maior honraria do Corpo de Bombeiros - Daniel Matos","og_description":"O prefeito de Pa\u00e7o do Lumiar, professor Josemar Sobreiro (PR) e o vice, Marconi Lopes (PSL) foram agraciados, na noite [&hellip;]","og_url":"https:\/\/www.blogsoestado.com\/danielmatos\/prefeito-e-vice-de-paco-do-lumiar-sao-homenageados-com-maior-honraria-do-corpo-de-bombeiros\/","og_site_name":"Daniel Matos","article_published_time":"2014-12-05T13:28:33+00:00","twitter_card":"summary_large_image","twitter_misc":{"Est. tempo de leitura":"2 minutos"},"schema":{"@context":"https:\/\/schema.org","@graph":[{"@type":"WebPage","@id":"https:\/\/www.blogsoestado.com\/danielmatos\/prefeito-e-vice-de-paco-do-lumiar-sao-homenageados-com-maior-honraria-do-corpo-de-bombeiros\/","url":"https:\/\/www.blogsoestado.com\/danielmatos\/prefeito-e-vice-de-paco-do-lumiar-sao-homenageados-com-maior-honraria-do-corpo-de-bombeiros\/","name":"Prefeito e vice de Pa\u00e7o do Lumiar s\u00e3o homenageados com maior honraria do Corpo de Bombeiros - Daniel Matos","isPartOf":{"@id":"https:\/\/www.blogsoestado.com\/danielmatos\/#website"},"datePublished":"2014-12-05T13:28:33+00:00","author":{"@id":""},"breadcrumb":{"@id":"https:\/\/www.blogsoestado.com\/danielmatos\/prefeito-e-vice-de-paco-do-lumiar-sao-homenageados-com-maior-honraria-do-corpo-de-bombeiros\/#breadcrumb"},"inLanguage":"pt-BR","potentialAction":[{"@type":"ReadAction","target":["https:\/\/www.blogsoestado.com\/danielmatos\/prefeito-e-vice-de-paco-do-lumiar-sao-homenageados-com-maior-honraria-do-corpo-de-bombeiros\/"]}]},{"@type":"BreadcrumbList","@id":"https:\/\/www.blogsoestado.com\/danielmatos\/prefeito-e-vice-de-paco-do-lumiar-sao-homenageados-com-maior-honraria-do-corpo-de-bombeiros\/#breadcrumb","itemListElement":[{"@type":"ListItem","position":1,"name":"In\u00edcio","item":"https:\/\/www.blogsoestado.com\/danielmatos\/"},{"@type":"ListItem","position":2,"name":"Prefeito e vice de Pa\u00e7o do Lumiar s\u00e3o homenageados com maior honraria do Corpo de Bombeiros"}]},{"@type":"WebSite","@id":"https:\/\/www.blogsoestado.com\/danielmatos\/#website","url":"https:\/\/www.blogsoestado.com\/danielmatos\/","name":"Daniel Matos","description":"","potentialAction":[{"@type":"SearchAction","target":{"@type":"EntryPoint","urlTemplate":"https:\/\/www.blogsoestado.com\/danielmatos\/?s={search_term_string}"},"query-input":{"@type":"PropertyValueSpecification","valueRequired":true,"valueName":"search_term_string"}}],"inLanguage":"pt-BR"}]}},"jetpack_featured_media_url":"","_links":{"self":[{"href":"https:\/\/www.blogsoestado.com\/danielmatos\/wp-json\/wp\/v2\/posts\/20909","targetHints":{"allow":["GET"]}}],"collection":[{"href":"https:\/\/www.blogsoestado.com\/danielmatos\/wp-json\/wp\/v2\/posts"}],"about":[{"href":"https:\/\/www.blogsoestado.com\/danielmatos\/wp-json\/wp\/v2\/types\/post"}],"replies":[{"embeddable":true,"href":"https:\/\/www.blogsoestado.com\/danielmatos\/wp-json\/wp\/v2\/comments?post=20909"}],"version-history":[{"count":0,"href":"https:\/\/www.blogsoestado.com\/danielmatos\/wp-json\/wp\/v2\/posts\/20909\/revisions"}],"wp:attachment":[{"href":"https:\/\/www.blogsoestado.com\/danielmatos\/wp-json\/wp\/v2\/media?parent=20909"}],"wp:term":[{"taxonomy":"category","embeddable":true,"href":"https:\/\/www.blogsoestado.com\/danielmatos\/wp-json\/wp\/v2\/categories?post=20909"},{"taxonomy":"post_tag","embeddable":true,"href":"https:\/\/www.blogsoestado.com\/danielmatos\/wp-json\/wp\/v2\/tags?post=20909"}],"curies":[{"name":"wp","href":"https:\/\/api.w.org\/{rel}","templated":true}]}}