{"id":20917,"date":"2014-12-05T17:07:20","date_gmt":"2014-12-05T20:07:20","guid":{"rendered":"https:\/\/www.blogsoestado.com\/danielmatos\/?p=20917"},"modified":"2014-12-05T17:07:20","modified_gmt":"2014-12-05T20:07:20","slug":"prg-questiona-no-supremo-norma-maranhense-que-autoriza-dar-nome-de-pessoas-vivas-a-bens-publicos","status":"publish","type":"post","link":"https:\/\/www.blogsoestado.com\/danielmatos\/prg-questiona-no-supremo-norma-maranhense-que-autoriza-dar-nome-de-pessoas-vivas-a-bens-publicos\/","title":{"rendered":"PGR questiona no Supremo norma maranhense que autoriza dar nome de pessoas vivas a bens p\u00fablicos"},"content":{"rendered":"<p>O procurador-geral da Rep\u00fablica, Rodrigo Janot, ajuizou no Supremo Tribunal Federal (STF) a A\u00e7\u00e3o Direta de Inconstitucionalidade (ADI) 5181, com pedido de medida cautelar, contra dispositivo da Constitui\u00e7\u00e3o do Estado do Maranh\u00e3o que autoriza denomina\u00e7\u00e3o de obras e logradouros p\u00fablicos com nome de pessoas vivas consagradas not\u00f3ria e internacionalmente como ilustres ou que tenham prestado relevantes servi\u00e7os \u00e0 comunidade. O ministro Celso de Mello \u00e9 o relator da a\u00e7\u00e3o.<\/p>\n<p>O procurador-geral alega que a Constitui\u00e7\u00e3o do Maranh\u00e3o, ao permitir atribui\u00e7\u00e3o de nome de pessoas vivas a obras e logradouros p\u00fablicos, sejam agentes p\u00fablicos ou n\u00e3o, viola os princ\u00edpios gerais de administra\u00e7\u00e3o p\u00fablica, em especial o da impessoalidade. \u201cA designa\u00e7\u00e3o de nome pessoal a pr\u00e9dio p\u00fablico implica promo\u00e7\u00e3o do indiv\u00edduo a quem identifique, \u00e0 custa do patrim\u00f4nio p\u00fablico&#8221;, ressalta. &#8220;Promover particulares, contudo, n\u00e3o \u00e9 nem pode ser finalidade buscada pela administra\u00e7\u00e3o p\u00fablica\u201d.<\/p>\n<p>Segundo Janot, a pr\u00f3pria Constitui\u00e7\u00e3o Federal (artigo 37, caput e par\u00e1grafo 1\u00ba) pro\u00edbe divulga\u00e7\u00e3o de nomes, s\u00edmbolos ou imagens que caracterizam promo\u00e7\u00e3o pessoal de autoridades ou servidores p\u00fablicos na publicidade de atos, programas, obras, servi\u00e7os e campanhas de \u00f3rg\u00e3os e entes p\u00fablicos. \u201cEsse dispositivo constitucional define contornos da publicidade governamental e garante n\u00e3o s\u00f3 o direito de o administrado ser informado acerca dos atos administrativos, com o que realiza o princ\u00edpio da publicidade, mas tamb\u00e9m estabelece limites a fim de evitar promo\u00e7\u00e3o pessoal de gestores p\u00fablicos, de acordo, portanto, com o princ\u00edpio da impessoalidade\u201d, afirma, apontando viola\u00e7\u00e3o tamb\u00e9m aos princ\u00edpios da moralidade e da isonomia.<\/p>\n<p>Liminarmente, o procurador-geral pede a suspens\u00e3o cautelar da efic\u00e1cia da norma questionada. No m\u00e9rito, solicita a proced\u00eancia do pedido para declarar a inconstitucionalidade da express\u00e3o \u201cexcetuando-se da aplica\u00e7\u00e3o deste dispositivo as pessoas vivas consagradas not\u00f3ria e internacionalmente como ilustres ou que tenham prestado relevantes servi\u00e7os \u00e0 comunidade na qual est\u00e1 localizada a obra ou logradouro\u201d, contida no artigo 19, par\u00e1grafo 9\u00ba, da Constitui\u00e7\u00e3o do Estado do Maranh\u00e3o, na reda\u00e7\u00e3o da Emenda Constitucional 37\/2003.<\/p>\n<p><strong>Fonte:<\/strong> Supremo Tribunal Federal (STF)<\/p>\n","protected":false},"excerpt":{"rendered":"<p>O procurador-geral da Rep\u00fablica, Rodrigo Janot, ajuizou no Supremo Tribunal Federal (STF) a A\u00e7\u00e3o Direta de Inconstitucionalidade (ADI) 5181, com [&hellip;]<\/p>\n","protected":false},"author":0,"featured_media":0,"comment_status":"open","ping_status":"open","sticky":false,"template":"","format":"standard","meta":{"site-sidebar-layout":"default","site-content-layout":"","ast-site-content-layout":"default","site-content-style":"default","site-sidebar-style":"default","ast-global-header-display":"","ast-banner-title-visibility":"","ast-main-header-display":"","ast-hfb-above-header-display":"","ast-hfb-below-header-display":"","ast-hfb-mobile-header-display":"","site-post-title":"","ast-breadcrumbs-content":"","ast-featured-img":"","footer-sml-layout":"","ast-disable-related-posts":"","theme-transparent-header-meta":"","adv-header-id-meta":"","stick-header-meta":"","header-above-stick-meta":"","header-main-stick-meta":"","header-below-stick-meta":"","astra-migrate-meta-layouts":"default","ast-page-background-enabled":"default","ast-page-background-meta":{"desktop":{"background-color":"var(--ast-global-color-5)","background-image":"","background-repeat":"repeat","background-position":"center center","background-size":"auto","background-attachment":"scroll","background-type":"","background-media":"","overlay-type":"","overlay-color":"","overlay-opacity":"","overlay-gradient":""},"tablet":{"background-color":"","background-image":"","background-repeat":"repeat","background-position":"center center","background-size":"auto","background-attachment":"scroll","background-type":"","background-media":"","overlay-type":"","overlay-color":"","overlay-opacity":"","overlay-gradient":""},"mobile":{"background-color":"","background-image":"","background-repeat":"repeat","background-position":"center center","background-size":"auto","background-attachment":"scroll","background-type":"","background-media":"","overlay-type":"","overlay-color":"","overlay-opacity":"","overlay-gradient":""}},"ast-content-background-meta":{"desktop":{"background-color":"var(--ast-global-color-4)","background-image":"","background-repeat":"repeat","background-position":"center center","background-size":"auto","background-attachment":"scroll","background-type":"","background-media":"","overlay-type":"","overlay-color":"","overlay-opacity":"","overlay-gradient":""},"tablet":{"background-color":"var(--ast-global-color-4)","background-image":"","background-repeat":"repeat","background-position":"center center","background-size":"auto","background-attachment":"scroll","background-type":"","background-media":"","overlay-type":"","overlay-color":"","overlay-opacity":"","overlay-gradient":""},"mobile":{"background-color":"var(--ast-global-color-4)","background-image":"","background-repeat":"repeat","background-position":"center center","background-size":"auto","background-attachment":"scroll","background-type":"","background-media":"","overlay-type":"","overlay-color":"","overlay-opacity":"","overlay-gradient":""}},"footnotes":""},"categories":[1],"tags":[],"class_list":["post-20917","post","type-post","status-publish","format-standard","hentry","category-sem-categoria"],"yoast_head":"<!-- This site is optimized with the Yoast SEO plugin v26.6 - https:\/\/yoast.com\/wordpress\/plugins\/seo\/ -->\n<title>PGR questiona no Supremo norma maranhense que autoriza dar nome de pessoas vivas a bens p\u00fablicos - Daniel Matos<\/title>\n<meta name=\"robots\" content=\"index, follow, max-snippet:-1, max-image-preview:large, max-video-preview:-1\" \/>\n<link rel=\"canonical\" href=\"https:\/\/www.blogsoestado.com\/danielmatos\/prg-questiona-no-supremo-norma-maranhense-que-autoriza-dar-nome-de-pessoas-vivas-a-bens-publicos\/\" \/>\n<meta property=\"og:locale\" content=\"pt_BR\" \/>\n<meta property=\"og:type\" content=\"article\" \/>\n<meta property=\"og:title\" content=\"PGR questiona no Supremo norma maranhense que autoriza dar nome de pessoas vivas a bens p\u00fablicos - Daniel Matos\" \/>\n<meta property=\"og:description\" content=\"O procurador-geral da Rep\u00fablica, Rodrigo Janot, ajuizou no Supremo Tribunal Federal (STF) a A\u00e7\u00e3o Direta de Inconstitucionalidade (ADI) 5181, com [&hellip;]\" \/>\n<meta property=\"og:url\" content=\"https:\/\/www.blogsoestado.com\/danielmatos\/prg-questiona-no-supremo-norma-maranhense-que-autoriza-dar-nome-de-pessoas-vivas-a-bens-publicos\/\" \/>\n<meta property=\"og:site_name\" content=\"Daniel Matos\" \/>\n<meta property=\"article:published_time\" content=\"2014-12-05T20:07:20+00:00\" \/>\n<meta name=\"twitter:card\" content=\"summary_large_image\" \/>\n<meta name=\"twitter:label1\" content=\"Est. tempo de leitura\" \/>\n\t<meta name=\"twitter:data1\" content=\"2 minutos\" \/>\n<script type=\"application\/ld+json\" class=\"yoast-schema-graph\">{\"@context\":\"https:\/\/schema.org\",\"@graph\":[{\"@type\":\"WebPage\",\"@id\":\"https:\/\/www.blogsoestado.com\/danielmatos\/prg-questiona-no-supremo-norma-maranhense-que-autoriza-dar-nome-de-pessoas-vivas-a-bens-publicos\/\",\"url\":\"https:\/\/www.blogsoestado.com\/danielmatos\/prg-questiona-no-supremo-norma-maranhense-que-autoriza-dar-nome-de-pessoas-vivas-a-bens-publicos\/\",\"name\":\"PGR questiona no Supremo norma maranhense que autoriza dar nome de pessoas vivas a bens p\u00fablicos - Daniel Matos\",\"isPartOf\":{\"@id\":\"https:\/\/www.blogsoestado.com\/danielmatos\/#website\"},\"datePublished\":\"2014-12-05T20:07:20+00:00\",\"author\":{\"@id\":\"\"},\"breadcrumb\":{\"@id\":\"https:\/\/www.blogsoestado.com\/danielmatos\/prg-questiona-no-supremo-norma-maranhense-que-autoriza-dar-nome-de-pessoas-vivas-a-bens-publicos\/#breadcrumb\"},\"inLanguage\":\"pt-BR\",\"potentialAction\":[{\"@type\":\"ReadAction\",\"target\":[\"https:\/\/www.blogsoestado.com\/danielmatos\/prg-questiona-no-supremo-norma-maranhense-que-autoriza-dar-nome-de-pessoas-vivas-a-bens-publicos\/\"]}]},{\"@type\":\"BreadcrumbList\",\"@id\":\"https:\/\/www.blogsoestado.com\/danielmatos\/prg-questiona-no-supremo-norma-maranhense-que-autoriza-dar-nome-de-pessoas-vivas-a-bens-publicos\/#breadcrumb\",\"itemListElement\":[{\"@type\":\"ListItem\",\"position\":1,\"name\":\"In\u00edcio\",\"item\":\"https:\/\/www.blogsoestado.com\/danielmatos\/\"},{\"@type\":\"ListItem\",\"position\":2,\"name\":\"PGR questiona no Supremo norma maranhense que autoriza dar nome de pessoas vivas a bens p\u00fablicos\"}]},{\"@type\":\"WebSite\",\"@id\":\"https:\/\/www.blogsoestado.com\/danielmatos\/#website\",\"url\":\"https:\/\/www.blogsoestado.com\/danielmatos\/\",\"name\":\"Daniel Matos\",\"description\":\"\",\"potentialAction\":[{\"@type\":\"SearchAction\",\"target\":{\"@type\":\"EntryPoint\",\"urlTemplate\":\"https:\/\/www.blogsoestado.com\/danielmatos\/?s={search_term_string}\"},\"query-input\":{\"@type\":\"PropertyValueSpecification\",\"valueRequired\":true,\"valueName\":\"search_term_string\"}}],\"inLanguage\":\"pt-BR\"}]}<\/script>\n<!-- \/ Yoast SEO plugin. -->","yoast_head_json":{"title":"PGR questiona no Supremo norma maranhense que autoriza dar nome de pessoas vivas a bens p\u00fablicos - Daniel Matos","robots":{"index":"index","follow":"follow","max-snippet":"max-snippet:-1","max-image-preview":"max-image-preview:large","max-video-preview":"max-video-preview:-1"},"canonical":"https:\/\/www.blogsoestado.com\/danielmatos\/prg-questiona-no-supremo-norma-maranhense-que-autoriza-dar-nome-de-pessoas-vivas-a-bens-publicos\/","og_locale":"pt_BR","og_type":"article","og_title":"PGR questiona no Supremo norma maranhense que autoriza dar nome de pessoas vivas a bens p\u00fablicos - Daniel Matos","og_description":"O procurador-geral da Rep\u00fablica, Rodrigo Janot, ajuizou no Supremo Tribunal Federal (STF) a A\u00e7\u00e3o Direta de Inconstitucionalidade (ADI) 5181, com [&hellip;]","og_url":"https:\/\/www.blogsoestado.com\/danielmatos\/prg-questiona-no-supremo-norma-maranhense-que-autoriza-dar-nome-de-pessoas-vivas-a-bens-publicos\/","og_site_name":"Daniel Matos","article_published_time":"2014-12-05T20:07:20+00:00","twitter_card":"summary_large_image","twitter_misc":{"Est. tempo de leitura":"2 minutos"},"schema":{"@context":"https:\/\/schema.org","@graph":[{"@type":"WebPage","@id":"https:\/\/www.blogsoestado.com\/danielmatos\/prg-questiona-no-supremo-norma-maranhense-que-autoriza-dar-nome-de-pessoas-vivas-a-bens-publicos\/","url":"https:\/\/www.blogsoestado.com\/danielmatos\/prg-questiona-no-supremo-norma-maranhense-que-autoriza-dar-nome-de-pessoas-vivas-a-bens-publicos\/","name":"PGR questiona no Supremo norma maranhense que autoriza dar nome de pessoas vivas a bens p\u00fablicos - Daniel Matos","isPartOf":{"@id":"https:\/\/www.blogsoestado.com\/danielmatos\/#website"},"datePublished":"2014-12-05T20:07:20+00:00","author":{"@id":""},"breadcrumb":{"@id":"https:\/\/www.blogsoestado.com\/danielmatos\/prg-questiona-no-supremo-norma-maranhense-que-autoriza-dar-nome-de-pessoas-vivas-a-bens-publicos\/#breadcrumb"},"inLanguage":"pt-BR","potentialAction":[{"@type":"ReadAction","target":["https:\/\/www.blogsoestado.com\/danielmatos\/prg-questiona-no-supremo-norma-maranhense-que-autoriza-dar-nome-de-pessoas-vivas-a-bens-publicos\/"]}]},{"@type":"BreadcrumbList","@id":"https:\/\/www.blogsoestado.com\/danielmatos\/prg-questiona-no-supremo-norma-maranhense-que-autoriza-dar-nome-de-pessoas-vivas-a-bens-publicos\/#breadcrumb","itemListElement":[{"@type":"ListItem","position":1,"name":"In\u00edcio","item":"https:\/\/www.blogsoestado.com\/danielmatos\/"},{"@type":"ListItem","position":2,"name":"PGR questiona no Supremo norma maranhense que autoriza dar nome de pessoas vivas a bens p\u00fablicos"}]},{"@type":"WebSite","@id":"https:\/\/www.blogsoestado.com\/danielmatos\/#website","url":"https:\/\/www.blogsoestado.com\/danielmatos\/","name":"Daniel Matos","description":"","potentialAction":[{"@type":"SearchAction","target":{"@type":"EntryPoint","urlTemplate":"https:\/\/www.blogsoestado.com\/danielmatos\/?s={search_term_string}"},"query-input":{"@type":"PropertyValueSpecification","valueRequired":true,"valueName":"search_term_string"}}],"inLanguage":"pt-BR"}]}},"jetpack_featured_media_url":"","_links":{"self":[{"href":"https:\/\/www.blogsoestado.com\/danielmatos\/wp-json\/wp\/v2\/posts\/20917","targetHints":{"allow":["GET"]}}],"collection":[{"href":"https:\/\/www.blogsoestado.com\/danielmatos\/wp-json\/wp\/v2\/posts"}],"about":[{"href":"https:\/\/www.blogsoestado.com\/danielmatos\/wp-json\/wp\/v2\/types\/post"}],"replies":[{"embeddable":true,"href":"https:\/\/www.blogsoestado.com\/danielmatos\/wp-json\/wp\/v2\/comments?post=20917"}],"version-history":[{"count":0,"href":"https:\/\/www.blogsoestado.com\/danielmatos\/wp-json\/wp\/v2\/posts\/20917\/revisions"}],"wp:attachment":[{"href":"https:\/\/www.blogsoestado.com\/danielmatos\/wp-json\/wp\/v2\/media?parent=20917"}],"wp:term":[{"taxonomy":"category","embeddable":true,"href":"https:\/\/www.blogsoestado.com\/danielmatos\/wp-json\/wp\/v2\/categories?post=20917"},{"taxonomy":"post_tag","embeddable":true,"href":"https:\/\/www.blogsoestado.com\/danielmatos\/wp-json\/wp\/v2\/tags?post=20917"}],"curies":[{"name":"wp","href":"https:\/\/api.w.org\/{rel}","templated":true}]}}