{"id":20929,"date":"2014-12-05T20:01:05","date_gmt":"2014-12-05T23:01:05","guid":{"rendered":"https:\/\/www.blogsoestado.com\/danielmatos\/?p=20929"},"modified":"2014-12-05T20:01:05","modified_gmt":"2014-12-05T23:01:05","slug":"roseana-inaugura-avenida-iv-centenario","status":"publish","type":"post","link":"https:\/\/www.blogsoestado.com\/danielmatos\/roseana-inaugura-avenida-iv-centenario\/","title":{"rendered":"Roseana inaugura Avenida IV Centen\u00e1rio"},"content":{"rendered":"<figure id=\"attachment_20930\" aria-describedby=\"caption-attachment-20930\" style=\"width: 640px\" class=\"wp-caption aligncenter\"><a href=\"https:\/\/www.blogsoestado.com\/danielmatos\/files\/2014\/12\/4-centenario.jpg\"><img fetchpriority=\"high\" decoding=\"async\" class=\"size-full wp-image-20930\" src=\"https:\/\/www.blogsoestado.com\/danielmatos\/files\/2014\/12\/4-centenario.jpg\" alt=\"Governadora Roseana e autoridades descerram a placa de inaugura\u00e7\u00e3o da Avenida IV Centen\u00e1rio\" width=\"640\" height=\"427\" \/><\/a><figcaption id=\"caption-attachment-20930\" class=\"wp-caption-text\">Governadora Roseana e autoridades descerram a placa de inaugura\u00e7\u00e3o da Avenida IV Centen\u00e1rio<\/figcaption><\/figure>\n<p>A governadora Roseana Sarney inaugurou, na tarde desta sexta-feira (5), a Avenida IV Centen\u00e1rio, mais uma importante obra projetada para melhorar a mobilidade urbana na capital maranhense e que integra o PAC Rio Anil em S\u00e3o Lu\u00eds, parceria do Governo do Estado com o Minist\u00e9rio das Cidades.<\/p>\n<p>Na presen\u00e7a de secret\u00e1rios de Estado, deputados, senadores, do coordenador do Projeto PAC Rio Anil, M\u00e1rcio Machado, do presidente da Assembleia Legislativa do Maranh\u00e3o, Arnaldo Melo, e de moradores dos bairros beneficiados pela obra, a governadora descerrou a placa e caminhou por um trecho da via.<\/p>\n<figure id=\"attachment_20931\" aria-describedby=\"caption-attachment-20931\" style=\"width: 640px\" class=\"wp-caption aligncenter\"><a href=\"https:\/\/www.blogsoestado.com\/danielmatos\/files\/2014\/12\/4-centenario2.jpg\"><img decoding=\"async\" class=\"size-full wp-image-20931\" src=\"https:\/\/www.blogsoestado.com\/danielmatos\/files\/2014\/12\/4-centenario2.jpg\" alt=\"Roseana fala sobre a import\u00e2ncia da avenida para melhorar a mobilidade urbana na cidade\" width=\"640\" height=\"427\" \/><\/a><figcaption id=\"caption-attachment-20931\" class=\"wp-caption-text\">Roseana fala sobre a import\u00e2ncia da avenida para melhorar a mobilidade urbana na cidade<\/figcaption><\/figure>\n<p>Ela disse que a nova avenida ser\u00e1 de suma import\u00e2ncia para a cidade e ajudar\u00e1 a desafogar o tr\u00e2nsito naquele trecho de S\u00e3o Lu\u00eds, bem como beneficiar\u00e1 a popula\u00e7\u00e3o residente em seu entorno, que poder\u00e1 ter uma melhor mobilidade.<\/p>\n<p>&#8220;Esta \u00e9 uma importante e esperada obra e melhorar\u00e1 o fluxo de tr\u00e2nsito, contribuindo para reduzir os engarrafamentos. Al\u00e9m disso, integra um projeto ainda maior, que \u00e9 o PAC Rio Anil, uma iniciativa mais ampla, que beneficia diversas fam\u00edlias&#8221;, disse a governadora.<\/p>\n<figure id=\"attachment_20932\" aria-describedby=\"caption-attachment-20932\" style=\"width: 640px\" class=\"wp-caption aligncenter\"><a href=\"https:\/\/www.blogsoestado.com\/danielmatos\/files\/2014\/12\/4-centenario3.jpg\"><img decoding=\"async\" class=\"size-full wp-image-20932\" src=\"https:\/\/www.blogsoestado.com\/danielmatos\/files\/2014\/12\/4-centenario3.jpg\" alt=\"Governadora Roseana percorre a Avenida IV Centen\u00e1rio ao lado da popula\u00e7\u00e3o\" width=\"640\" height=\"427\" \/><\/a><figcaption id=\"caption-attachment-20932\" class=\"wp-caption-text\">Governadora Roseana percorre a Avenida IV Centen\u00e1rio ao lado da popula\u00e7\u00e3o, que a recebeu com carinho<\/figcaption><\/figure>\n<p>De acordo com o coordenador do Projeto PAC Rio Anil, M\u00e1rcio Machado, a avenida em si n\u00e3o \u00e9 o objetivo principal do projeto PAC Rio Anil nessa \u00e1rea da cidade de S\u00e3o Lu\u00eds. &#8220;Os benef\u00edcios s\u00e3o ainda maiores, pois foi pensado para remanejar fam\u00edlias que residem em palafitas para apartamentos ou melhorar a habita\u00e7\u00e3o daqueles que n\u00e3o foram ou n\u00e3o ser\u00e3o remanejadas. Em resumo, o projeto engloba regulariza\u00e7\u00e3o fundi\u00e1ria e obra vi\u00e1ria&#8221;, disse M\u00e1rcio Machado.<\/p>\n<p>Para a popula\u00e7\u00e3o, a obra \u00e9 muito bem vinda. A dona de casa Maria da Gra\u00e7a Oliveira contou que ficou satisfeita com a obra. &#8220;Nossa expectativa \u00e9 que essa nova avenida ajude a valorizar mais os bairros que ficam nesta regi\u00e3o, pois eles v\u00e3o ficar mais acess\u00edveis, e que tamb\u00e9m ajude a melhorar o tr\u00e2nsito, pois temos muitas dificuldades de nos deslocar em hor\u00e1rio de pico&#8221;, disse a moradora.<\/p>\n<p><strong>Avenida<\/strong><\/p>\n<figure id=\"attachment_20933\" aria-describedby=\"caption-attachment-20933\" style=\"width: 640px\" class=\"wp-caption aligncenter\"><a href=\"https:\/\/www.blogsoestado.com\/danielmatos\/files\/2014\/12\/4-centenario4.jpg\"><img loading=\"lazy\" decoding=\"async\" class=\"size-full wp-image-20933\" src=\"https:\/\/www.blogsoestado.com\/danielmatos\/files\/2014\/12\/4-centenario4.jpg\" alt=\"A IV Centen\u00e1rio interliga o bairro da Camboa \u00e0 Avenida dos Franceses\" width=\"640\" height=\"385\" \/><\/a><figcaption id=\"caption-attachment-20933\" class=\"wp-caption-text\">A IV Centen\u00e1rio interliga o bairro da Camboa \u00e0 Avenida dos Franceses, desafogando o tr\u00e1fego<\/figcaption><\/figure>\n<p>Executada pela Secretaria de Estados de Cidades e Desenvolvimento Urbano (Secid), a IV Centen\u00e1rio interliga o bairro da Camboa \u00e0 Avenida dos Franceses e preserva o Rio Anil, promovendo a integra\u00e7\u00e3o f\u00edsica da maior \u00e1rea quilombola urbana da Am\u00e9rica Latina. Com 3,8 quil\u00f4metros de extens\u00e3o, a avenida possui duas pistas, divididas em duas faixas de rolamento, \u00e1reas de passeio para pedestres e ciclovia.<\/p>\n<p>A avenida tem aterro hidr\u00e1ulico, um elevado de 1.090 metros de extens\u00e3o e cinco encaixes: um na Avenida dos Franceses, outro na Camboa, dois na Liberdade e um na F\u00e9 em Deus. O novo corredor urbano contribui para desafogar o tr\u00e2nsito das avenidas Luiz Rocha e Get\u00falio Vargas, criando uma alternativa de acesso \u00e0 Beira Mar e tamb\u00e9m a ponte Bandeira Tribuzzi.<\/p>\n<p>A avenida vai melhorar a mobilidade em outra \u00e1rea da cidade, interligando bairros como Camboa e Alemanha. O PAC-Rio Anil abrange obras de saneamento b\u00e1sico, urbaniza\u00e7\u00e3o, habita\u00e7\u00e3o de interesse social, regulariza\u00e7\u00e3o fundi\u00e1ria e acompanhamento social das fam\u00edlias beneficiadas.<br \/>\nO projeto inclui a constru\u00e7\u00e3o de mais de 2.700 unidades habitacionais, melhorias habitacionais nos bairros da Camboa, Liberdade, F\u00e9 em Deus, Monte Castelo, Alemanha, Ivar Saldanha e Vila Palmeira, al\u00e9m da regulariza\u00e7\u00e3o fundi\u00e1ria nesses bairros.<\/p>\n<p><strong>Fonte:<\/strong> Secretaria Estadual de Comunica\u00e7\u00e3o (Secom)<\/p>\n","protected":false},"excerpt":{"rendered":"<p>A governadora Roseana Sarney inaugurou, na tarde desta sexta-feira (5), a Avenida IV Centen\u00e1rio, mais uma importante obra projetada para [&hellip;]<\/p>\n","protected":false},"author":0,"featured_media":0,"comment_status":"open","ping_status":"open","sticky":false,"template":"","format":"standard","meta":{"site-sidebar-layout":"default","site-content-layout":"","ast-site-content-layout":"default","site-content-style":"default","site-sidebar-style":"default","ast-global-header-display":"","ast-banner-title-visibility":"","ast-main-header-display":"","ast-hfb-above-header-display":"","ast-hfb-below-header-display":"","ast-hfb-mobile-header-display":"","site-post-title":"","ast-breadcrumbs-content":"","ast-featured-img":"","footer-sml-layout":"","ast-disable-related-posts":"","theme-transparent-header-meta":"","adv-header-id-meta":"","stick-header-meta":"","header-above-stick-meta":"","header-main-stick-meta":"","header-below-stick-meta":"","astra-migrate-meta-layouts":"default","ast-page-background-enabled":"default","ast-page-background-meta":{"desktop":{"background-color":"var(--ast-global-color-5)","background-image":"","background-repeat":"repeat","background-position":"center center","background-size":"auto","background-attachment":"scroll","background-type":"","background-media":"","overlay-type":"","overlay-color":"","overlay-opacity":"","overlay-gradient":""},"tablet":{"background-color":"","background-image":"","background-repeat":"repeat","background-position":"center center","background-size":"auto","background-attachment":"scroll","background-type":"","background-media":"","overlay-type":"","overlay-color":"","overlay-opacity":"","overlay-gradient":""},"mobile":{"background-color":"","background-image":"","background-repeat":"repeat","background-position":"center center","background-size":"auto","background-attachment":"scroll","background-type":"","background-media":"","overlay-type":"","overlay-color":"","overlay-opacity":"","overlay-gradient":""}},"ast-content-background-meta":{"desktop":{"background-color":"var(--ast-global-color-4)","background-image":"","background-repeat":"repeat","background-position":"center center","background-size":"auto","background-attachment":"scroll","background-type":"","background-media":"","overlay-type":"","overlay-color":"","overlay-opacity":"","overlay-gradient":""},"tablet":{"background-color":"var(--ast-global-color-4)","background-image":"","background-repeat":"repeat","background-position":"center center","background-size":"auto","background-attachment":"scroll","background-type":"","background-media":"","overlay-type":"","overlay-color":"","overlay-opacity":"","overlay-gradient":""},"mobile":{"background-color":"var(--ast-global-color-4)","background-image":"","background-repeat":"repeat","background-position":"center center","background-size":"auto","background-attachment":"scroll","background-type":"","background-media":"","overlay-type":"","overlay-color":"","overlay-opacity":"","overlay-gradient":""}},"footnotes":""},"categories":[1],"tags":[],"class_list":["post-20929","post","type-post","status-publish","format-standard","hentry","category-sem-categoria"],"yoast_head":"<!-- This site is optimized with the Yoast SEO plugin v26.6 - https:\/\/yoast.com\/wordpress\/plugins\/seo\/ -->\n<title>Roseana inaugura Avenida IV Centen\u00e1rio - Daniel Matos<\/title>\n<meta name=\"robots\" content=\"index, follow, max-snippet:-1, max-image-preview:large, max-video-preview:-1\" \/>\n<link rel=\"canonical\" href=\"https:\/\/www.blogsoestado.com\/danielmatos\/roseana-inaugura-avenida-iv-centenario\/\" \/>\n<meta property=\"og:locale\" content=\"pt_BR\" \/>\n<meta property=\"og:type\" content=\"article\" \/>\n<meta property=\"og:title\" content=\"Roseana inaugura Avenida IV Centen\u00e1rio - Daniel Matos\" \/>\n<meta property=\"og:description\" content=\"A governadora Roseana Sarney inaugurou, na tarde desta sexta-feira (5), a Avenida IV Centen\u00e1rio, mais uma importante obra projetada para [&hellip;]\" \/>\n<meta property=\"og:url\" content=\"https:\/\/www.blogsoestado.com\/danielmatos\/roseana-inaugura-avenida-iv-centenario\/\" \/>\n<meta property=\"og:site_name\" content=\"Daniel Matos\" \/>\n<meta property=\"article:published_time\" content=\"2014-12-05T23:01:05+00:00\" \/>\n<meta property=\"og:image\" content=\"https:\/\/www.blogsoestado.com\/danielmatos\/files\/2014\/12\/4-centenario.jpg\" \/>\n<meta name=\"twitter:card\" content=\"summary_large_image\" \/>\n<meta name=\"twitter:label1\" content=\"Est. tempo de leitura\" \/>\n\t<meta name=\"twitter:data1\" content=\"3 minutos\" \/>\n<script type=\"application\/ld+json\" class=\"yoast-schema-graph\">{\"@context\":\"https:\/\/schema.org\",\"@graph\":[{\"@type\":\"WebPage\",\"@id\":\"https:\/\/www.blogsoestado.com\/danielmatos\/roseana-inaugura-avenida-iv-centenario\/\",\"url\":\"https:\/\/www.blogsoestado.com\/danielmatos\/roseana-inaugura-avenida-iv-centenario\/\",\"name\":\"Roseana inaugura Avenida IV Centen\u00e1rio - Daniel Matos\",\"isPartOf\":{\"@id\":\"https:\/\/www.blogsoestado.com\/danielmatos\/#website\"},\"primaryImageOfPage\":{\"@id\":\"https:\/\/www.blogsoestado.com\/danielmatos\/roseana-inaugura-avenida-iv-centenario\/#primaryimage\"},\"image\":{\"@id\":\"https:\/\/www.blogsoestado.com\/danielmatos\/roseana-inaugura-avenida-iv-centenario\/#primaryimage\"},\"thumbnailUrl\":\"https:\/\/www.blogsoestado.com\/danielmatos\/files\/2014\/12\/4-centenario.jpg\",\"datePublished\":\"2014-12-05T23:01:05+00:00\",\"author\":{\"@id\":\"\"},\"breadcrumb\":{\"@id\":\"https:\/\/www.blogsoestado.com\/danielmatos\/roseana-inaugura-avenida-iv-centenario\/#breadcrumb\"},\"inLanguage\":\"pt-BR\",\"potentialAction\":[{\"@type\":\"ReadAction\",\"target\":[\"https:\/\/www.blogsoestado.com\/danielmatos\/roseana-inaugura-avenida-iv-centenario\/\"]}]},{\"@type\":\"ImageObject\",\"inLanguage\":\"pt-BR\",\"@id\":\"https:\/\/www.blogsoestado.com\/danielmatos\/roseana-inaugura-avenida-iv-centenario\/#primaryimage\",\"url\":\"https:\/\/www.blogsoestado.com\/danielmatos\/files\/2014\/12\/4-centenario.jpg\",\"contentUrl\":\"https:\/\/www.blogsoestado.com\/danielmatos\/files\/2014\/12\/4-centenario.jpg\"},{\"@type\":\"BreadcrumbList\",\"@id\":\"https:\/\/www.blogsoestado.com\/danielmatos\/roseana-inaugura-avenida-iv-centenario\/#breadcrumb\",\"itemListElement\":[{\"@type\":\"ListItem\",\"position\":1,\"name\":\"In\u00edcio\",\"item\":\"https:\/\/www.blogsoestado.com\/danielmatos\/\"},{\"@type\":\"ListItem\",\"position\":2,\"name\":\"Roseana inaugura Avenida IV Centen\u00e1rio\"}]},{\"@type\":\"WebSite\",\"@id\":\"https:\/\/www.blogsoestado.com\/danielmatos\/#website\",\"url\":\"https:\/\/www.blogsoestado.com\/danielmatos\/\",\"name\":\"Daniel Matos\",\"description\":\"\",\"potentialAction\":[{\"@type\":\"SearchAction\",\"target\":{\"@type\":\"EntryPoint\",\"urlTemplate\":\"https:\/\/www.blogsoestado.com\/danielmatos\/?s={search_term_string}\"},\"query-input\":{\"@type\":\"PropertyValueSpecification\",\"valueRequired\":true,\"valueName\":\"search_term_string\"}}],\"inLanguage\":\"pt-BR\"}]}<\/script>\n<!-- \/ Yoast SEO plugin. -->","yoast_head_json":{"title":"Roseana inaugura Avenida IV Centen\u00e1rio - Daniel Matos","robots":{"index":"index","follow":"follow","max-snippet":"max-snippet:-1","max-image-preview":"max-image-preview:large","max-video-preview":"max-video-preview:-1"},"canonical":"https:\/\/www.blogsoestado.com\/danielmatos\/roseana-inaugura-avenida-iv-centenario\/","og_locale":"pt_BR","og_type":"article","og_title":"Roseana inaugura Avenida IV Centen\u00e1rio - Daniel Matos","og_description":"A governadora Roseana Sarney inaugurou, na tarde desta sexta-feira (5), a Avenida IV Centen\u00e1rio, mais uma importante obra projetada para [&hellip;]","og_url":"https:\/\/www.blogsoestado.com\/danielmatos\/roseana-inaugura-avenida-iv-centenario\/","og_site_name":"Daniel Matos","article_published_time":"2014-12-05T23:01:05+00:00","og_image":[{"url":"https:\/\/www.blogsoestado.com\/danielmatos\/files\/2014\/12\/4-centenario.jpg","type":"","width":"","height":""}],"twitter_card":"summary_large_image","twitter_misc":{"Est. tempo de leitura":"3 minutos"},"schema":{"@context":"https:\/\/schema.org","@graph":[{"@type":"WebPage","@id":"https:\/\/www.blogsoestado.com\/danielmatos\/roseana-inaugura-avenida-iv-centenario\/","url":"https:\/\/www.blogsoestado.com\/danielmatos\/roseana-inaugura-avenida-iv-centenario\/","name":"Roseana inaugura Avenida IV Centen\u00e1rio - Daniel Matos","isPartOf":{"@id":"https:\/\/www.blogsoestado.com\/danielmatos\/#website"},"primaryImageOfPage":{"@id":"https:\/\/www.blogsoestado.com\/danielmatos\/roseana-inaugura-avenida-iv-centenario\/#primaryimage"},"image":{"@id":"https:\/\/www.blogsoestado.com\/danielmatos\/roseana-inaugura-avenida-iv-centenario\/#primaryimage"},"thumbnailUrl":"https:\/\/www.blogsoestado.com\/danielmatos\/files\/2014\/12\/4-centenario.jpg","datePublished":"2014-12-05T23:01:05+00:00","author":{"@id":""},"breadcrumb":{"@id":"https:\/\/www.blogsoestado.com\/danielmatos\/roseana-inaugura-avenida-iv-centenario\/#breadcrumb"},"inLanguage":"pt-BR","potentialAction":[{"@type":"ReadAction","target":["https:\/\/www.blogsoestado.com\/danielmatos\/roseana-inaugura-avenida-iv-centenario\/"]}]},{"@type":"ImageObject","inLanguage":"pt-BR","@id":"https:\/\/www.blogsoestado.com\/danielmatos\/roseana-inaugura-avenida-iv-centenario\/#primaryimage","url":"https:\/\/www.blogsoestado.com\/danielmatos\/files\/2014\/12\/4-centenario.jpg","contentUrl":"https:\/\/www.blogsoestado.com\/danielmatos\/files\/2014\/12\/4-centenario.jpg"},{"@type":"BreadcrumbList","@id":"https:\/\/www.blogsoestado.com\/danielmatos\/roseana-inaugura-avenida-iv-centenario\/#breadcrumb","itemListElement":[{"@type":"ListItem","position":1,"name":"In\u00edcio","item":"https:\/\/www.blogsoestado.com\/danielmatos\/"},{"@type":"ListItem","position":2,"name":"Roseana inaugura Avenida IV Centen\u00e1rio"}]},{"@type":"WebSite","@id":"https:\/\/www.blogsoestado.com\/danielmatos\/#website","url":"https:\/\/www.blogsoestado.com\/danielmatos\/","name":"Daniel Matos","description":"","potentialAction":[{"@type":"SearchAction","target":{"@type":"EntryPoint","urlTemplate":"https:\/\/www.blogsoestado.com\/danielmatos\/?s={search_term_string}"},"query-input":{"@type":"PropertyValueSpecification","valueRequired":true,"valueName":"search_term_string"}}],"inLanguage":"pt-BR"}]}},"jetpack_featured_media_url":"","_links":{"self":[{"href":"https:\/\/www.blogsoestado.com\/danielmatos\/wp-json\/wp\/v2\/posts\/20929","targetHints":{"allow":["GET"]}}],"collection":[{"href":"https:\/\/www.blogsoestado.com\/danielmatos\/wp-json\/wp\/v2\/posts"}],"about":[{"href":"https:\/\/www.blogsoestado.com\/danielmatos\/wp-json\/wp\/v2\/types\/post"}],"replies":[{"embeddable":true,"href":"https:\/\/www.blogsoestado.com\/danielmatos\/wp-json\/wp\/v2\/comments?post=20929"}],"version-history":[{"count":0,"href":"https:\/\/www.blogsoestado.com\/danielmatos\/wp-json\/wp\/v2\/posts\/20929\/revisions"}],"wp:attachment":[{"href":"https:\/\/www.blogsoestado.com\/danielmatos\/wp-json\/wp\/v2\/media?parent=20929"}],"wp:term":[{"taxonomy":"category","embeddable":true,"href":"https:\/\/www.blogsoestado.com\/danielmatos\/wp-json\/wp\/v2\/categories?post=20929"},{"taxonomy":"post_tag","embeddable":true,"href":"https:\/\/www.blogsoestado.com\/danielmatos\/wp-json\/wp\/v2\/tags?post=20929"}],"curies":[{"name":"wp","href":"https:\/\/api.w.org\/{rel}","templated":true}]}}