{"id":20936,"date":"2014-12-08T08:41:05","date_gmt":"2014-12-08T11:41:05","guid":{"rendered":"https:\/\/www.blogsoestado.com\/danielmatos\/?p=20936"},"modified":"2014-12-08T08:41:05","modified_gmt":"2014-12-08T11:41:05","slug":"apos-fuga-de-oito-presos-da-ccpj-do-anil-sejap-afasta-vigilantes-e-operador-de-cameras","status":"publish","type":"post","link":"https:\/\/www.blogsoestado.com\/danielmatos\/apos-fuga-de-oito-presos-da-ccpj-do-anil-sejap-afasta-vigilantes-e-operador-de-cameras\/","title":{"rendered":"Ap\u00f3s fuga de oito presos da CCPJ do Anil, Sejap afasta vigilantes e operador de c\u00e2meras"},"content":{"rendered":"<p><a href=\"https:\/\/www.blogsoestado.com\/danielmatos\/files\/2014\/12\/presos-ccpj-anil.jpg\"><img fetchpriority=\"high\" decoding=\"async\" class=\"aligncenter size-full wp-image-20937\" src=\"https:\/\/www.blogsoestado.com\/danielmatos\/files\/2014\/12\/presos-ccpj-anil.jpg\" alt=\"presos ccpj anil\" width=\"640\" height=\"101\" \/><\/a><\/p>\n<p>A Secretaria de Estado de Justi\u00e7a e Administra\u00e7\u00e3o Penitenci\u00e1ria (Sejap) informa que est\u00e3o sendo feitas buscas com o objetivo de recapturar detentos que fugiram, na madrugada deste domingo (7), da Central de Cust\u00f3dia de Presos de Justi\u00e7a (CCPJ) do Anil. Comunica que j\u00e1 foi determinado o afastamento de vigilantes das guaritas e do operador do videomonitoramento que estavam de plant\u00e3o no momento.<\/p>\n<p>Nas dilig\u00eancias de agentes da pol\u00edcia, est\u00e3o sendo procurados os detentos Adailton da Silva Alves, Francisco Linhares de Ara\u00fajo, Maciel Ferreira da Silva, Marco Gomes de Moraes, Natanael Nogueira Pereira, Natanael Costa Carneiro, Varderluz Gomes da Silva e Klebrson Gomes Ferreira.<\/p>\n<p>Uma sindic\u00e2ncia foi instalada para investigar as circunst\u00e2ncias da fuga e apurar responsabilidades.<\/p>\n<p><strong>Fonte:<\/strong> Secretaria Estadual de Comunica\u00e7\u00e3o (Secom)<\/p>\n","protected":false},"excerpt":{"rendered":"<p>A Secretaria de Estado de Justi\u00e7a e Administra\u00e7\u00e3o Penitenci\u00e1ria (Sejap) informa que est\u00e3o sendo feitas buscas com o objetivo de [&hellip;]<\/p>\n","protected":false},"author":0,"featured_media":0,"comment_status":"open","ping_status":"open","sticky":false,"template":"","format":"standard","meta":{"site-sidebar-layout":"default","site-content-layout":"","ast-site-content-layout":"default","site-content-style":"default","site-sidebar-style":"default","ast-global-header-display":"","ast-banner-title-visibility":"","ast-main-header-display":"","ast-hfb-above-header-display":"","ast-hfb-below-header-display":"","ast-hfb-mobile-header-display":"","site-post-title":"","ast-breadcrumbs-content":"","ast-featured-img":"","footer-sml-layout":"","ast-disable-related-posts":"","theme-transparent-header-meta":"","adv-header-id-meta":"","stick-header-meta":"","header-above-stick-meta":"","header-main-stick-meta":"","header-below-stick-meta":"","astra-migrate-meta-layouts":"default","ast-page-background-enabled":"default","ast-page-background-meta":{"desktop":{"background-color":"var(--ast-global-color-5)","background-image":"","background-repeat":"repeat","background-position":"center center","background-size":"auto","background-attachment":"scroll","background-type":"","background-media":"","overlay-type":"","overlay-color":"","overlay-opacity":"","overlay-gradient":""},"tablet":{"background-color":"","background-image":"","background-repeat":"repeat","background-position":"center center","background-size":"auto","background-attachment":"scroll","background-type":"","background-media":"","overlay-type":"","overlay-color":"","overlay-opacity":"","overlay-gradient":""},"mobile":{"background-color":"","background-image":"","background-repeat":"repeat","background-position":"center center","background-size":"auto","background-attachment":"scroll","background-type":"","background-media":"","overlay-type":"","overlay-color":"","overlay-opacity":"","overlay-gradient":""}},"ast-content-background-meta":{"desktop":{"background-color":"var(--ast-global-color-4)","background-image":"","background-repeat":"repeat","background-position":"center center","background-size":"auto","background-attachment":"scroll","background-type":"","background-media":"","overlay-type":"","overlay-color":"","overlay-opacity":"","overlay-gradient":""},"tablet":{"background-color":"var(--ast-global-color-4)","background-image":"","background-repeat":"repeat","background-position":"center center","background-size":"auto","background-attachment":"scroll","background-type":"","background-media":"","overlay-type":"","overlay-color":"","overlay-opacity":"","overlay-gradient":""},"mobile":{"background-color":"var(--ast-global-color-4)","background-image":"","background-repeat":"repeat","background-position":"center center","background-size":"auto","background-attachment":"scroll","background-type":"","background-media":"","overlay-type":"","overlay-color":"","overlay-opacity":"","overlay-gradient":""}},"footnotes":""},"categories":[1],"tags":[],"class_list":["post-20936","post","type-post","status-publish","format-standard","hentry","category-sem-categoria"],"yoast_head":"<!-- This site is optimized with the Yoast SEO plugin v26.6 - https:\/\/yoast.com\/wordpress\/plugins\/seo\/ -->\n<title>Ap\u00f3s fuga de oito presos da CCPJ do Anil, Sejap afasta vigilantes e operador de c\u00e2meras - Daniel Matos<\/title>\n<meta name=\"robots\" content=\"index, follow, max-snippet:-1, max-image-preview:large, max-video-preview:-1\" \/>\n<link rel=\"canonical\" href=\"https:\/\/www.blogsoestado.com\/danielmatos\/apos-fuga-de-oito-presos-da-ccpj-do-anil-sejap-afasta-vigilantes-e-operador-de-cameras\/\" \/>\n<meta property=\"og:locale\" content=\"pt_BR\" \/>\n<meta property=\"og:type\" content=\"article\" \/>\n<meta property=\"og:title\" content=\"Ap\u00f3s fuga de oito presos da CCPJ do Anil, Sejap afasta vigilantes e operador de c\u00e2meras - Daniel Matos\" \/>\n<meta property=\"og:description\" content=\"A Secretaria de Estado de Justi\u00e7a e Administra\u00e7\u00e3o Penitenci\u00e1ria (Sejap) informa que est\u00e3o sendo feitas buscas com o objetivo de [&hellip;]\" \/>\n<meta property=\"og:url\" content=\"https:\/\/www.blogsoestado.com\/danielmatos\/apos-fuga-de-oito-presos-da-ccpj-do-anil-sejap-afasta-vigilantes-e-operador-de-cameras\/\" \/>\n<meta property=\"og:site_name\" content=\"Daniel Matos\" \/>\n<meta property=\"article:published_time\" content=\"2014-12-08T11:41:05+00:00\" \/>\n<meta property=\"og:image\" content=\"https:\/\/www.blogsoestado.com\/danielmatos\/files\/2014\/12\/presos-ccpj-anil.jpg\" \/>\n<meta name=\"twitter:card\" content=\"summary_large_image\" \/>\n<meta name=\"twitter:label1\" content=\"Est. tempo de leitura\" \/>\n\t<meta name=\"twitter:data1\" content=\"1 minuto\" \/>\n<script type=\"application\/ld+json\" class=\"yoast-schema-graph\">{\"@context\":\"https:\/\/schema.org\",\"@graph\":[{\"@type\":\"WebPage\",\"@id\":\"https:\/\/www.blogsoestado.com\/danielmatos\/apos-fuga-de-oito-presos-da-ccpj-do-anil-sejap-afasta-vigilantes-e-operador-de-cameras\/\",\"url\":\"https:\/\/www.blogsoestado.com\/danielmatos\/apos-fuga-de-oito-presos-da-ccpj-do-anil-sejap-afasta-vigilantes-e-operador-de-cameras\/\",\"name\":\"Ap\u00f3s fuga de oito presos da CCPJ do Anil, Sejap afasta vigilantes e operador de c\u00e2meras - Daniel Matos\",\"isPartOf\":{\"@id\":\"https:\/\/www.blogsoestado.com\/danielmatos\/#website\"},\"primaryImageOfPage\":{\"@id\":\"https:\/\/www.blogsoestado.com\/danielmatos\/apos-fuga-de-oito-presos-da-ccpj-do-anil-sejap-afasta-vigilantes-e-operador-de-cameras\/#primaryimage\"},\"image\":{\"@id\":\"https:\/\/www.blogsoestado.com\/danielmatos\/apos-fuga-de-oito-presos-da-ccpj-do-anil-sejap-afasta-vigilantes-e-operador-de-cameras\/#primaryimage\"},\"thumbnailUrl\":\"https:\/\/www.blogsoestado.com\/danielmatos\/files\/2014\/12\/presos-ccpj-anil.jpg\",\"datePublished\":\"2014-12-08T11:41:05+00:00\",\"author\":{\"@id\":\"\"},\"breadcrumb\":{\"@id\":\"https:\/\/www.blogsoestado.com\/danielmatos\/apos-fuga-de-oito-presos-da-ccpj-do-anil-sejap-afasta-vigilantes-e-operador-de-cameras\/#breadcrumb\"},\"inLanguage\":\"pt-BR\",\"potentialAction\":[{\"@type\":\"ReadAction\",\"target\":[\"https:\/\/www.blogsoestado.com\/danielmatos\/apos-fuga-de-oito-presos-da-ccpj-do-anil-sejap-afasta-vigilantes-e-operador-de-cameras\/\"]}]},{\"@type\":\"ImageObject\",\"inLanguage\":\"pt-BR\",\"@id\":\"https:\/\/www.blogsoestado.com\/danielmatos\/apos-fuga-de-oito-presos-da-ccpj-do-anil-sejap-afasta-vigilantes-e-operador-de-cameras\/#primaryimage\",\"url\":\"https:\/\/www.blogsoestado.com\/danielmatos\/files\/2014\/12\/presos-ccpj-anil.jpg\",\"contentUrl\":\"https:\/\/www.blogsoestado.com\/danielmatos\/files\/2014\/12\/presos-ccpj-anil.jpg\"},{\"@type\":\"BreadcrumbList\",\"@id\":\"https:\/\/www.blogsoestado.com\/danielmatos\/apos-fuga-de-oito-presos-da-ccpj-do-anil-sejap-afasta-vigilantes-e-operador-de-cameras\/#breadcrumb\",\"itemListElement\":[{\"@type\":\"ListItem\",\"position\":1,\"name\":\"In\u00edcio\",\"item\":\"https:\/\/www.blogsoestado.com\/danielmatos\/\"},{\"@type\":\"ListItem\",\"position\":2,\"name\":\"Ap\u00f3s fuga de oito presos da CCPJ do Anil, Sejap afasta vigilantes e operador de c\u00e2meras\"}]},{\"@type\":\"WebSite\",\"@id\":\"https:\/\/www.blogsoestado.com\/danielmatos\/#website\",\"url\":\"https:\/\/www.blogsoestado.com\/danielmatos\/\",\"name\":\"Daniel Matos\",\"description\":\"\",\"potentialAction\":[{\"@type\":\"SearchAction\",\"target\":{\"@type\":\"EntryPoint\",\"urlTemplate\":\"https:\/\/www.blogsoestado.com\/danielmatos\/?s={search_term_string}\"},\"query-input\":{\"@type\":\"PropertyValueSpecification\",\"valueRequired\":true,\"valueName\":\"search_term_string\"}}],\"inLanguage\":\"pt-BR\"}]}<\/script>\n<!-- \/ Yoast SEO plugin. -->","yoast_head_json":{"title":"Ap\u00f3s fuga de oito presos da CCPJ do Anil, Sejap afasta vigilantes e operador de c\u00e2meras - Daniel Matos","robots":{"index":"index","follow":"follow","max-snippet":"max-snippet:-1","max-image-preview":"max-image-preview:large","max-video-preview":"max-video-preview:-1"},"canonical":"https:\/\/www.blogsoestado.com\/danielmatos\/apos-fuga-de-oito-presos-da-ccpj-do-anil-sejap-afasta-vigilantes-e-operador-de-cameras\/","og_locale":"pt_BR","og_type":"article","og_title":"Ap\u00f3s fuga de oito presos da CCPJ do Anil, Sejap afasta vigilantes e operador de c\u00e2meras - Daniel Matos","og_description":"A Secretaria de Estado de Justi\u00e7a e Administra\u00e7\u00e3o Penitenci\u00e1ria (Sejap) informa que est\u00e3o sendo feitas buscas com o objetivo de [&hellip;]","og_url":"https:\/\/www.blogsoestado.com\/danielmatos\/apos-fuga-de-oito-presos-da-ccpj-do-anil-sejap-afasta-vigilantes-e-operador-de-cameras\/","og_site_name":"Daniel Matos","article_published_time":"2014-12-08T11:41:05+00:00","og_image":[{"url":"https:\/\/www.blogsoestado.com\/danielmatos\/files\/2014\/12\/presos-ccpj-anil.jpg","type":"","width":"","height":""}],"twitter_card":"summary_large_image","twitter_misc":{"Est. tempo de leitura":"1 minuto"},"schema":{"@context":"https:\/\/schema.org","@graph":[{"@type":"WebPage","@id":"https:\/\/www.blogsoestado.com\/danielmatos\/apos-fuga-de-oito-presos-da-ccpj-do-anil-sejap-afasta-vigilantes-e-operador-de-cameras\/","url":"https:\/\/www.blogsoestado.com\/danielmatos\/apos-fuga-de-oito-presos-da-ccpj-do-anil-sejap-afasta-vigilantes-e-operador-de-cameras\/","name":"Ap\u00f3s fuga de oito presos da CCPJ do Anil, Sejap afasta vigilantes e operador de c\u00e2meras - Daniel Matos","isPartOf":{"@id":"https:\/\/www.blogsoestado.com\/danielmatos\/#website"},"primaryImageOfPage":{"@id":"https:\/\/www.blogsoestado.com\/danielmatos\/apos-fuga-de-oito-presos-da-ccpj-do-anil-sejap-afasta-vigilantes-e-operador-de-cameras\/#primaryimage"},"image":{"@id":"https:\/\/www.blogsoestado.com\/danielmatos\/apos-fuga-de-oito-presos-da-ccpj-do-anil-sejap-afasta-vigilantes-e-operador-de-cameras\/#primaryimage"},"thumbnailUrl":"https:\/\/www.blogsoestado.com\/danielmatos\/files\/2014\/12\/presos-ccpj-anil.jpg","datePublished":"2014-12-08T11:41:05+00:00","author":{"@id":""},"breadcrumb":{"@id":"https:\/\/www.blogsoestado.com\/danielmatos\/apos-fuga-de-oito-presos-da-ccpj-do-anil-sejap-afasta-vigilantes-e-operador-de-cameras\/#breadcrumb"},"inLanguage":"pt-BR","potentialAction":[{"@type":"ReadAction","target":["https:\/\/www.blogsoestado.com\/danielmatos\/apos-fuga-de-oito-presos-da-ccpj-do-anil-sejap-afasta-vigilantes-e-operador-de-cameras\/"]}]},{"@type":"ImageObject","inLanguage":"pt-BR","@id":"https:\/\/www.blogsoestado.com\/danielmatos\/apos-fuga-de-oito-presos-da-ccpj-do-anil-sejap-afasta-vigilantes-e-operador-de-cameras\/#primaryimage","url":"https:\/\/www.blogsoestado.com\/danielmatos\/files\/2014\/12\/presos-ccpj-anil.jpg","contentUrl":"https:\/\/www.blogsoestado.com\/danielmatos\/files\/2014\/12\/presos-ccpj-anil.jpg"},{"@type":"BreadcrumbList","@id":"https:\/\/www.blogsoestado.com\/danielmatos\/apos-fuga-de-oito-presos-da-ccpj-do-anil-sejap-afasta-vigilantes-e-operador-de-cameras\/#breadcrumb","itemListElement":[{"@type":"ListItem","position":1,"name":"In\u00edcio","item":"https:\/\/www.blogsoestado.com\/danielmatos\/"},{"@type":"ListItem","position":2,"name":"Ap\u00f3s fuga de oito presos da CCPJ do Anil, Sejap afasta vigilantes e operador de c\u00e2meras"}]},{"@type":"WebSite","@id":"https:\/\/www.blogsoestado.com\/danielmatos\/#website","url":"https:\/\/www.blogsoestado.com\/danielmatos\/","name":"Daniel Matos","description":"","potentialAction":[{"@type":"SearchAction","target":{"@type":"EntryPoint","urlTemplate":"https:\/\/www.blogsoestado.com\/danielmatos\/?s={search_term_string}"},"query-input":{"@type":"PropertyValueSpecification","valueRequired":true,"valueName":"search_term_string"}}],"inLanguage":"pt-BR"}]}},"jetpack_featured_media_url":"","_links":{"self":[{"href":"https:\/\/www.blogsoestado.com\/danielmatos\/wp-json\/wp\/v2\/posts\/20936","targetHints":{"allow":["GET"]}}],"collection":[{"href":"https:\/\/www.blogsoestado.com\/danielmatos\/wp-json\/wp\/v2\/posts"}],"about":[{"href":"https:\/\/www.blogsoestado.com\/danielmatos\/wp-json\/wp\/v2\/types\/post"}],"replies":[{"embeddable":true,"href":"https:\/\/www.blogsoestado.com\/danielmatos\/wp-json\/wp\/v2\/comments?post=20936"}],"version-history":[{"count":0,"href":"https:\/\/www.blogsoestado.com\/danielmatos\/wp-json\/wp\/v2\/posts\/20936\/revisions"}],"wp:attachment":[{"href":"https:\/\/www.blogsoestado.com\/danielmatos\/wp-json\/wp\/v2\/media?parent=20936"}],"wp:term":[{"taxonomy":"category","embeddable":true,"href":"https:\/\/www.blogsoestado.com\/danielmatos\/wp-json\/wp\/v2\/categories?post=20936"},{"taxonomy":"post_tag","embeddable":true,"href":"https:\/\/www.blogsoestado.com\/danielmatos\/wp-json\/wp\/v2\/tags?post=20936"}],"curies":[{"name":"wp","href":"https:\/\/api.w.org\/{rel}","templated":true}]}}