{"id":20939,"date":"2014-12-08T09:08:16","date_gmt":"2014-12-08T12:08:16","guid":{"rendered":"https:\/\/www.blogsoestado.com\/danielmatos\/?p=20939"},"modified":"2014-12-08T09:08:16","modified_gmt":"2014-12-08T12:08:16","slug":"roseana-entrega-2a-etapa-da-via-expressa-agora-avenida-joaosinho-trinta","status":"publish","type":"post","link":"https:\/\/www.blogsoestado.com\/danielmatos\/roseana-entrega-2a-etapa-da-via-expressa-agora-avenida-joaosinho-trinta\/","title":{"rendered":"Roseana entrega 2\u00aa etapa da Via Expressa, agora Avenida Jo\u00e3osinho Trinta"},"content":{"rendered":"<figure id=\"attachment_20940\" aria-describedby=\"caption-attachment-20940\" style=\"width: 640px\" class=\"wp-caption aligncenter\"><a href=\"https:\/\/www.blogsoestado.com\/danielmatos\/files\/2014\/12\/via-expressa-entrega.jpg\"><img fetchpriority=\"high\" decoding=\"async\" class=\"size-full wp-image-20940\" src=\"https:\/\/www.blogsoestado.com\/danielmatos\/files\/2014\/12\/via-expressa-entrega.jpg\" alt=\"Governadora Roseana e demais autoridades inauguram a Avenida Jo\u00e3osinho Trinta\" width=\"640\" height=\"427\" \/><\/a><figcaption id=\"caption-attachment-20940\" class=\"wp-caption-text\">Governadora Roseana e demais autoridades inauguram a Avenida Jo\u00e3osinho Trinta<\/figcaption><\/figure>\n<p>Em meio a uma grande festa, com presen\u00e7a de grupos carnavalescos, a governadora Roseana Sarney inaugurou, neste domingo (7), a 2\u00aa etapa da Via Expressa, que recebeu o nome de Avenida Jo\u00e3osinho Trinta. Nessa etapa s\u00e3o 6,7 quil\u00f4metros. O total \u00e9 de 9 quil\u00f4metros.<\/p>\n<p>\u201cEssa \u00e9 uma obra importante que vai melhorar muito o tr\u00e2nsito da nossa cidade, interligar v\u00e1rios bairros, contribuindo bastante com a mobilidade urbana de S\u00e3o Lu\u00eds\u201d, declarou a governadora.<\/p>\n<figure id=\"attachment_20941\" aria-describedby=\"caption-attachment-20941\" style=\"width: 640px\" class=\"wp-caption aligncenter\"><a href=\"https:\/\/www.blogsoestado.com\/danielmatos\/files\/2014\/12\/via-expressa-entrega2.jpg\"><img decoding=\"async\" class=\"size-full wp-image-20941\" src=\"https:\/\/www.blogsoestado.com\/danielmatos\/files\/2014\/12\/via-expressa-entrega2.jpg\" alt=\"Roseana Sarney, deputados e secret\u00e1rios descerram placa de inaugura\u00e7\u00e3o da Avenida Jo\u00e3osinho Trinta\" width=\"640\" height=\"427\" \/><\/a><figcaption id=\"caption-attachment-20941\" class=\"wp-caption-text\">Roseana Sarney, deputados e secret\u00e1rios descerram placa de inaugura\u00e7\u00e3o da Avenida Jo\u00e3osinho Trinta<\/figcaption><\/figure>\n<p>Roseana Sarney, acompanhada do senador Jos\u00e9 Sarney e dona Marly Sarney; do presidente da Assembleia Legislativa, Arnaldo Melo; deputados, secret\u00e1rios estaduais, entre outras autoridades, revelou que se sente feliz em entregar a obra no m\u00eas em que deixa o governo. \u201cSaio com a sensa\u00e7\u00e3o de dever cumprido. Essa \u00e9 uma obra representativa do meu governo. Procurei fazer o melhor, foi uma honra representar o povo do Maranh\u00e3o perante o Brasil\u201d, ressaltou.<\/p>\n<p>Essa nova etapa da Via Expressa come\u00e7a no bairro do Cohafuma e termina no Maranh\u00e3o Novo. Ao todo, foram constru\u00eddas 5 cinco pontes e 2 viadutos. Os investimentos nas duas etapas da obra (9 km) foram da ordem de R$ 125 milh\u00f5es.<\/p>\n<figure id=\"attachment_20942\" aria-describedby=\"caption-attachment-20942\" style=\"width: 574px\" class=\"wp-caption aligncenter\"><a href=\"https:\/\/www.blogsoestado.com\/danielmatos\/files\/2014\/12\/via-expressa3.jpg\"><img decoding=\"async\" class=\"size-full wp-image-20942\" src=\"https:\/\/www.blogsoestado.com\/danielmatos\/files\/2014\/12\/via-expressa3.jpg\" alt=\"Governadora fala sobre a obra e os benef\u00edcios que trar\u00e1 para a mobilidade urbana em S\u00e3o Lu\u00eds\" width=\"574\" height=\"480\" \/><\/a><figcaption id=\"caption-attachment-20942\" class=\"wp-caption-text\">Governadora fala sobre a obra e os benef\u00edcios que trar\u00e1 para a mobilidade urbana em S\u00e3o Lu\u00eds<\/figcaption><\/figure>\n<p>]Segundo o secret\u00e1rio de Estado de Infraestrutura, Jos\u00e9 Raimundo Fraz\u00e3o, a Avenida Jo\u00e3ozinho Trinta como uma das mais importantes para a mobilidade urbana da regi\u00e3o metropolitana de S\u00e3o Lu\u00eds. \u201cLogo essa via vai estar interligada com outras, com projeto j\u00e1 aprovado no Minist\u00e9rio das Cidades, sendo que parte da obra sob a responsabilidade da Prefeitura e outra do Governo do Estado, devendo abrir novas vias que v\u00e3o melhorar a mobilidade urbana na capital\u201d, revelou o secret\u00e1rio.<\/p>\n<p>A Jo\u00e3osinho Trinta interliga os bairros Jaracati, Cohafuma, Vinhais e Maranh\u00e3o Novo. Vai beneficiar toda a capital e, diretamente os moradores dos bairros Maranh\u00e3o Novo, Vila Cristalina (Ipase), Recanto dos Vinhais, Vinhais Velho, Cohafuma, S\u00edtio Santa Eul\u00e1lia e Jaracati, al\u00e9m dos bairros vizinhos.<\/p>\n<p><strong>Aprova\u00e7\u00e3o dos moradores<\/strong><\/p>\n<figure id=\"attachment_20943\" aria-describedby=\"caption-attachment-20943\" style=\"width: 640px\" class=\"wp-caption aligncenter\"><a href=\"https:\/\/www.blogsoestado.com\/danielmatos\/files\/2014\/12\/via-expressa4.jpg\"><img loading=\"lazy\" decoding=\"async\" class=\"size-full wp-image-20943\" src=\"https:\/\/www.blogsoestado.com\/danielmatos\/files\/2014\/12\/via-expressa4.jpg\" alt=\"Governadora fala sobre a obra e os benef\u00edcios que trar\u00e1 para a mobilidade urbana em S\u00e3o Lu\u00eds\" width=\"640\" height=\"427\" \/><\/a><figcaption id=\"caption-attachment-20943\" class=\"wp-caption-text\">Governadora fala sobre a obra e os benef\u00edcios que trar\u00e1 para a mobilidade urbana em S\u00e3o Lu\u00eds<\/figcaption><\/figure>\n<p>Para os moradores do Recanto dos Vinhais a obra representou o fim do isolamento. Para a aposentada Marlene Nascimento, nascida e criada na localidade a vida mudou. \u201cEvolu\u00edmos muito, antes and\u00e1vamos de canoa, depois t\u00ednhamos de caminhar muito para pegar o \u00f4nibus, agora temos uma bela avenida passando ao lado de nossas casas\u201d, declarou.<br \/>\nSegundo a dona de casa, Regina de F\u00e1tima de Jesus Santos, a avenida se tornou espa\u00e7o para caminhada di\u00e1ria com as vizinhas. \u201cFicamos mais perto de tudo e daqui, agora, podemos escolher qual o shopping queremos ir. Com certeza, a nossa vida mudou e nossas casas est\u00e3o mais valorizadas. Agradecemos \u00e0 governadora por essa obra\u201d, disse.<\/p>\n<p><strong>Memorial do Vinhais Velho<\/strong><\/p>\n<figure id=\"attachment_20944\" aria-describedby=\"caption-attachment-20944\" style=\"width: 640px\" class=\"wp-caption aligncenter\"><a href=\"https:\/\/www.blogsoestado.com\/danielmatos\/files\/2014\/12\/via-expressa5.jpg\"><img loading=\"lazy\" decoding=\"async\" class=\"size-full wp-image-20944\" src=\"https:\/\/www.blogsoestado.com\/danielmatos\/files\/2014\/12\/via-expressa5.jpg\" alt=\" Roseana e outras autoridades inauguram o Memorial do S\u00edtio Arqueol\u00f3gico do Vinhais Velho\" width=\"640\" height=\"433\" \/><\/a><figcaption id=\"caption-attachment-20944\" class=\"wp-caption-text\">Roseana e outras autoridades inauguram o Memorial do S\u00edtio Arqueol\u00f3gico do Vinhais Velho<\/figcaption><\/figure>\n<p>Em meio a anima\u00e7\u00e3o do tambor de crioula e de diversos grupos folcl\u00f3ricos que prestaram uma homenagem ao carnavalesco Jo\u00e3ozinho Trinta, os moradores do Recanto dos Vinhais acompanharam a governadora Roseana em caminhada at\u00e9 o Memorial do S\u00edtio Arqueol\u00f3gico do Vinhais Velho, constru\u00eddo pelo Governo do Estado, ao lado da Igreja de S\u00e3o Jo\u00e3o Batista do Vinhais.<\/p>\n<p>O local abriga alguns dos vest\u00edgios arqueol\u00f3gicos descobertos durante a etapa de terraplenagem da obra. \u201cAqui ficar\u00e1 preservado parte da nossa hist\u00f3ria que est\u00e1 registrada tamb\u00e9m no livro \u201cVinhais Velho\u201d que organizamos e deixamos para que sirva de apoio aos interessados em conhecer as descobertas arqueol\u00f3gicas dessa \u00e1rea\u201d, revelou a governadora.<\/p>\n<p>O Memorial \u00e9 resultado do trabalho do Governo do Estado no \u2018Programa de Gest\u00e3o do Patrim\u00f4nio Arqueol\u00f3gico para Implanta\u00e7\u00e3o da Via Expressa de liga\u00e7\u00e3o das Avenidas Carlos Cunha e Daniel de La Touche\u2019. A exposi\u00e7\u00e3o \u201cVinhais Velho: arqueologia, hist\u00f3ria e mem\u00f3ria\u201d ficar\u00e1 aberta ao p\u00fablico. O livro \u201cVinhais Velho\u201d ser\u00e1 distribu\u00eddo para a comunidade e disponibilizado para estudos e pesquisas em escolas e bibliotecas.<\/p>\n<p><strong>A\u00a0avenida<\/strong><\/p>\n<p>&#8211; Nessa etapa s\u00e3o mais 6,7 km. O total da Via Expressa \u00e9 de 9 km<\/p>\n<p>&#8211; Foram constru\u00eddas 5 cinco pontes e 2 viadutos. Ao todo, os investimentos nas duas etapas da obra (9 km) foram da ordem de R$ 125 milh\u00f5es<\/p>\n<p>&#8211; Investimento total \u00e9 da ordem de R$ 125 milh\u00f5es<\/p>\n<p>&#8211; Como parte dessa obra, o Governo do Estado tamb\u00e9m construiu o Memorial do Vinhais Velho, instalado ao lado da Igreja de S\u00e3o Jo\u00e3o Batista do Vinhais<\/p>\n<p>&#8211; Exposi\u00e7\u00e3o \u201cVinhais Velho: arqueologia, hist\u00f3ria e mem\u00f3ria\u201d ficar\u00e1 aberta ao p\u00fablico<\/p>\n","protected":false},"excerpt":{"rendered":"<p>Em meio a uma grande festa, com presen\u00e7a de grupos carnavalescos, a governadora Roseana Sarney inaugurou, neste domingo (7), a [&hellip;]<\/p>\n","protected":false},"author":0,"featured_media":0,"comment_status":"open","ping_status":"open","sticky":false,"template":"","format":"standard","meta":{"site-sidebar-layout":"default","site-content-layout":"","ast-site-content-layout":"default","site-content-style":"default","site-sidebar-style":"default","ast-global-header-display":"","ast-banner-title-visibility":"","ast-main-header-display":"","ast-hfb-above-header-display":"","ast-hfb-below-header-display":"","ast-hfb-mobile-header-display":"","site-post-title":"","ast-breadcrumbs-content":"","ast-featured-img":"","footer-sml-layout":"","ast-disable-related-posts":"","theme-transparent-header-meta":"","adv-header-id-meta":"","stick-header-meta":"","header-above-stick-meta":"","header-main-stick-meta":"","header-below-stick-meta":"","astra-migrate-meta-layouts":"default","ast-page-background-enabled":"default","ast-page-background-meta":{"desktop":{"background-color":"var(--ast-global-color-5)","background-image":"","background-repeat":"repeat","background-position":"center center","background-size":"auto","background-attachment":"scroll","background-type":"","background-media":"","overlay-type":"","overlay-color":"","overlay-opacity":"","overlay-gradient":""},"tablet":{"background-color":"","background-image":"","background-repeat":"repeat","background-position":"center center","background-size":"auto","background-attachment":"scroll","background-type":"","background-media":"","overlay-type":"","overlay-color":"","overlay-opacity":"","overlay-gradient":""},"mobile":{"background-color":"","background-image":"","background-repeat":"repeat","background-position":"center center","background-size":"auto","background-attachment":"scroll","background-type":"","background-media":"","overlay-type":"","overlay-color":"","overlay-opacity":"","overlay-gradient":""}},"ast-content-background-meta":{"desktop":{"background-color":"var(--ast-global-color-4)","background-image":"","background-repeat":"repeat","background-position":"center center","background-size":"auto","background-attachment":"scroll","background-type":"","background-media":"","overlay-type":"","overlay-color":"","overlay-opacity":"","overlay-gradient":""},"tablet":{"background-color":"var(--ast-global-color-4)","background-image":"","background-repeat":"repeat","background-position":"center center","background-size":"auto","background-attachment":"scroll","background-type":"","background-media":"","overlay-type":"","overlay-color":"","overlay-opacity":"","overlay-gradient":""},"mobile":{"background-color":"var(--ast-global-color-4)","background-image":"","background-repeat":"repeat","background-position":"center center","background-size":"auto","background-attachment":"scroll","background-type":"","background-media":"","overlay-type":"","overlay-color":"","overlay-opacity":"","overlay-gradient":""}},"footnotes":""},"categories":[1],"tags":[],"class_list":["post-20939","post","type-post","status-publish","format-standard","hentry","category-sem-categoria"],"yoast_head":"<!-- This site is optimized with the Yoast SEO plugin v26.6 - https:\/\/yoast.com\/wordpress\/plugins\/seo\/ -->\n<title>Roseana entrega 2\u00aa etapa da Via Expressa, agora Avenida Jo\u00e3osinho Trinta - Daniel Matos<\/title>\n<meta name=\"robots\" content=\"index, follow, max-snippet:-1, max-image-preview:large, max-video-preview:-1\" \/>\n<link rel=\"canonical\" href=\"https:\/\/www.blogsoestado.com\/danielmatos\/roseana-entrega-2a-etapa-da-via-expressa-agora-avenida-joaosinho-trinta\/\" \/>\n<meta property=\"og:locale\" content=\"pt_BR\" \/>\n<meta property=\"og:type\" content=\"article\" \/>\n<meta property=\"og:title\" content=\"Roseana entrega 2\u00aa etapa da Via Expressa, agora Avenida Jo\u00e3osinho Trinta - Daniel Matos\" \/>\n<meta property=\"og:description\" content=\"Em meio a uma grande festa, com presen\u00e7a de grupos carnavalescos, a governadora Roseana Sarney inaugurou, neste domingo (7), a [&hellip;]\" \/>\n<meta property=\"og:url\" content=\"https:\/\/www.blogsoestado.com\/danielmatos\/roseana-entrega-2a-etapa-da-via-expressa-agora-avenida-joaosinho-trinta\/\" \/>\n<meta property=\"og:site_name\" content=\"Daniel Matos\" \/>\n<meta property=\"article:published_time\" content=\"2014-12-08T12:08:16+00:00\" \/>\n<meta property=\"og:image\" content=\"https:\/\/www.blogsoestado.com\/danielmatos\/files\/2014\/12\/via-expressa-entrega.jpg\" \/>\n<meta name=\"twitter:card\" content=\"summary_large_image\" \/>\n<meta name=\"twitter:label1\" content=\"Est. tempo de leitura\" \/>\n\t<meta name=\"twitter:data1\" content=\"4 minutos\" \/>\n<script type=\"application\/ld+json\" class=\"yoast-schema-graph\">{\"@context\":\"https:\/\/schema.org\",\"@graph\":[{\"@type\":\"WebPage\",\"@id\":\"https:\/\/www.blogsoestado.com\/danielmatos\/roseana-entrega-2a-etapa-da-via-expressa-agora-avenida-joaosinho-trinta\/\",\"url\":\"https:\/\/www.blogsoestado.com\/danielmatos\/roseana-entrega-2a-etapa-da-via-expressa-agora-avenida-joaosinho-trinta\/\",\"name\":\"Roseana entrega 2\u00aa etapa da Via Expressa, agora Avenida Jo\u00e3osinho Trinta - Daniel Matos\",\"isPartOf\":{\"@id\":\"https:\/\/www.blogsoestado.com\/danielmatos\/#website\"},\"primaryImageOfPage\":{\"@id\":\"https:\/\/www.blogsoestado.com\/danielmatos\/roseana-entrega-2a-etapa-da-via-expressa-agora-avenida-joaosinho-trinta\/#primaryimage\"},\"image\":{\"@id\":\"https:\/\/www.blogsoestado.com\/danielmatos\/roseana-entrega-2a-etapa-da-via-expressa-agora-avenida-joaosinho-trinta\/#primaryimage\"},\"thumbnailUrl\":\"https:\/\/www.blogsoestado.com\/danielmatos\/files\/2014\/12\/via-expressa-entrega.jpg\",\"datePublished\":\"2014-12-08T12:08:16+00:00\",\"author\":{\"@id\":\"\"},\"breadcrumb\":{\"@id\":\"https:\/\/www.blogsoestado.com\/danielmatos\/roseana-entrega-2a-etapa-da-via-expressa-agora-avenida-joaosinho-trinta\/#breadcrumb\"},\"inLanguage\":\"pt-BR\",\"potentialAction\":[{\"@type\":\"ReadAction\",\"target\":[\"https:\/\/www.blogsoestado.com\/danielmatos\/roseana-entrega-2a-etapa-da-via-expressa-agora-avenida-joaosinho-trinta\/\"]}]},{\"@type\":\"ImageObject\",\"inLanguage\":\"pt-BR\",\"@id\":\"https:\/\/www.blogsoestado.com\/danielmatos\/roseana-entrega-2a-etapa-da-via-expressa-agora-avenida-joaosinho-trinta\/#primaryimage\",\"url\":\"https:\/\/www.blogsoestado.com\/danielmatos\/files\/2014\/12\/via-expressa-entrega.jpg\",\"contentUrl\":\"https:\/\/www.blogsoestado.com\/danielmatos\/files\/2014\/12\/via-expressa-entrega.jpg\"},{\"@type\":\"BreadcrumbList\",\"@id\":\"https:\/\/www.blogsoestado.com\/danielmatos\/roseana-entrega-2a-etapa-da-via-expressa-agora-avenida-joaosinho-trinta\/#breadcrumb\",\"itemListElement\":[{\"@type\":\"ListItem\",\"position\":1,\"name\":\"In\u00edcio\",\"item\":\"https:\/\/www.blogsoestado.com\/danielmatos\/\"},{\"@type\":\"ListItem\",\"position\":2,\"name\":\"Roseana entrega 2\u00aa etapa da Via Expressa, agora Avenida Jo\u00e3osinho Trinta\"}]},{\"@type\":\"WebSite\",\"@id\":\"https:\/\/www.blogsoestado.com\/danielmatos\/#website\",\"url\":\"https:\/\/www.blogsoestado.com\/danielmatos\/\",\"name\":\"Daniel Matos\",\"description\":\"\",\"potentialAction\":[{\"@type\":\"SearchAction\",\"target\":{\"@type\":\"EntryPoint\",\"urlTemplate\":\"https:\/\/www.blogsoestado.com\/danielmatos\/?s={search_term_string}\"},\"query-input\":{\"@type\":\"PropertyValueSpecification\",\"valueRequired\":true,\"valueName\":\"search_term_string\"}}],\"inLanguage\":\"pt-BR\"}]}<\/script>\n<!-- \/ Yoast SEO plugin. -->","yoast_head_json":{"title":"Roseana entrega 2\u00aa etapa da Via Expressa, agora Avenida Jo\u00e3osinho Trinta - Daniel Matos","robots":{"index":"index","follow":"follow","max-snippet":"max-snippet:-1","max-image-preview":"max-image-preview:large","max-video-preview":"max-video-preview:-1"},"canonical":"https:\/\/www.blogsoestado.com\/danielmatos\/roseana-entrega-2a-etapa-da-via-expressa-agora-avenida-joaosinho-trinta\/","og_locale":"pt_BR","og_type":"article","og_title":"Roseana entrega 2\u00aa etapa da Via Expressa, agora Avenida Jo\u00e3osinho Trinta - Daniel Matos","og_description":"Em meio a uma grande festa, com presen\u00e7a de grupos carnavalescos, a governadora Roseana Sarney inaugurou, neste domingo (7), a [&hellip;]","og_url":"https:\/\/www.blogsoestado.com\/danielmatos\/roseana-entrega-2a-etapa-da-via-expressa-agora-avenida-joaosinho-trinta\/","og_site_name":"Daniel Matos","article_published_time":"2014-12-08T12:08:16+00:00","og_image":[{"url":"https:\/\/www.blogsoestado.com\/danielmatos\/files\/2014\/12\/via-expressa-entrega.jpg","type":"","width":"","height":""}],"twitter_card":"summary_large_image","twitter_misc":{"Est. tempo de leitura":"4 minutos"},"schema":{"@context":"https:\/\/schema.org","@graph":[{"@type":"WebPage","@id":"https:\/\/www.blogsoestado.com\/danielmatos\/roseana-entrega-2a-etapa-da-via-expressa-agora-avenida-joaosinho-trinta\/","url":"https:\/\/www.blogsoestado.com\/danielmatos\/roseana-entrega-2a-etapa-da-via-expressa-agora-avenida-joaosinho-trinta\/","name":"Roseana entrega 2\u00aa etapa da Via Expressa, agora Avenida Jo\u00e3osinho Trinta - Daniel Matos","isPartOf":{"@id":"https:\/\/www.blogsoestado.com\/danielmatos\/#website"},"primaryImageOfPage":{"@id":"https:\/\/www.blogsoestado.com\/danielmatos\/roseana-entrega-2a-etapa-da-via-expressa-agora-avenida-joaosinho-trinta\/#primaryimage"},"image":{"@id":"https:\/\/www.blogsoestado.com\/danielmatos\/roseana-entrega-2a-etapa-da-via-expressa-agora-avenida-joaosinho-trinta\/#primaryimage"},"thumbnailUrl":"https:\/\/www.blogsoestado.com\/danielmatos\/files\/2014\/12\/via-expressa-entrega.jpg","datePublished":"2014-12-08T12:08:16+00:00","author":{"@id":""},"breadcrumb":{"@id":"https:\/\/www.blogsoestado.com\/danielmatos\/roseana-entrega-2a-etapa-da-via-expressa-agora-avenida-joaosinho-trinta\/#breadcrumb"},"inLanguage":"pt-BR","potentialAction":[{"@type":"ReadAction","target":["https:\/\/www.blogsoestado.com\/danielmatos\/roseana-entrega-2a-etapa-da-via-expressa-agora-avenida-joaosinho-trinta\/"]}]},{"@type":"ImageObject","inLanguage":"pt-BR","@id":"https:\/\/www.blogsoestado.com\/danielmatos\/roseana-entrega-2a-etapa-da-via-expressa-agora-avenida-joaosinho-trinta\/#primaryimage","url":"https:\/\/www.blogsoestado.com\/danielmatos\/files\/2014\/12\/via-expressa-entrega.jpg","contentUrl":"https:\/\/www.blogsoestado.com\/danielmatos\/files\/2014\/12\/via-expressa-entrega.jpg"},{"@type":"BreadcrumbList","@id":"https:\/\/www.blogsoestado.com\/danielmatos\/roseana-entrega-2a-etapa-da-via-expressa-agora-avenida-joaosinho-trinta\/#breadcrumb","itemListElement":[{"@type":"ListItem","position":1,"name":"In\u00edcio","item":"https:\/\/www.blogsoestado.com\/danielmatos\/"},{"@type":"ListItem","position":2,"name":"Roseana entrega 2\u00aa etapa da Via Expressa, agora Avenida Jo\u00e3osinho Trinta"}]},{"@type":"WebSite","@id":"https:\/\/www.blogsoestado.com\/danielmatos\/#website","url":"https:\/\/www.blogsoestado.com\/danielmatos\/","name":"Daniel Matos","description":"","potentialAction":[{"@type":"SearchAction","target":{"@type":"EntryPoint","urlTemplate":"https:\/\/www.blogsoestado.com\/danielmatos\/?s={search_term_string}"},"query-input":{"@type":"PropertyValueSpecification","valueRequired":true,"valueName":"search_term_string"}}],"inLanguage":"pt-BR"}]}},"jetpack_featured_media_url":"","_links":{"self":[{"href":"https:\/\/www.blogsoestado.com\/danielmatos\/wp-json\/wp\/v2\/posts\/20939","targetHints":{"allow":["GET"]}}],"collection":[{"href":"https:\/\/www.blogsoestado.com\/danielmatos\/wp-json\/wp\/v2\/posts"}],"about":[{"href":"https:\/\/www.blogsoestado.com\/danielmatos\/wp-json\/wp\/v2\/types\/post"}],"replies":[{"embeddable":true,"href":"https:\/\/www.blogsoestado.com\/danielmatos\/wp-json\/wp\/v2\/comments?post=20939"}],"version-history":[{"count":0,"href":"https:\/\/www.blogsoestado.com\/danielmatos\/wp-json\/wp\/v2\/posts\/20939\/revisions"}],"wp:attachment":[{"href":"https:\/\/www.blogsoestado.com\/danielmatos\/wp-json\/wp\/v2\/media?parent=20939"}],"wp:term":[{"taxonomy":"category","embeddable":true,"href":"https:\/\/www.blogsoestado.com\/danielmatos\/wp-json\/wp\/v2\/categories?post=20939"},{"taxonomy":"post_tag","embeddable":true,"href":"https:\/\/www.blogsoestado.com\/danielmatos\/wp-json\/wp\/v2\/tags?post=20939"}],"curies":[{"name":"wp","href":"https:\/\/api.w.org\/{rel}","templated":true}]}}