{"id":20955,"date":"2014-12-08T12:39:08","date_gmt":"2014-12-08T15:39:08","guid":{"rendered":"https:\/\/www.blogsoestado.com\/danielmatos\/?p=20955"},"modified":"2014-12-08T12:39:08","modified_gmt":"2014-12-08T15:39:08","slug":"dia-internacional-contra-a-corrupcao-sera-comemorado-no-maranhao-com-palestra-e-mobilizacao-popular","status":"publish","type":"post","link":"https:\/\/www.blogsoestado.com\/danielmatos\/dia-internacional-contra-a-corrupcao-sera-comemorado-no-maranhao-com-palestra-e-mobilizacao-popular\/","title":{"rendered":"Dia Internacional contra a Corrup\u00e7\u00e3o ser\u00e1 comemorado no Maranh\u00e3o com palestra e mobiliza\u00e7\u00e3o popular"},"content":{"rendered":"<p><a href=\"https:\/\/www.blogsoestado.com\/danielmatos\/files\/2014\/12\/corrup\u00e7\u00e3o9.jpeg\"><img fetchpriority=\"high\" decoding=\"async\" class=\"alignright size-full wp-image-20956\" src=\"https:\/\/www.blogsoestado.com\/danielmatos\/files\/2014\/12\/corrup\u00e7\u00e3o9.jpeg\" alt=\"a\" width=\"448\" height=\"307\" \/><\/a>No Maranh\u00e3o, o Dia Internacional contra a Corrup\u00e7\u00e3o (9 de dezembro) ser\u00e1 celebrado durante programa\u00e7\u00e3o que se inicia \u00e0s 8h com palestra do juiz M\u00e1rlon Reis no audit\u00f3rio do Tribunal de Contas do Estado e encerra com mobiliza\u00e7\u00e3o na Pra\u00e7a Deodoro (14h \u00e0s 17h), onde cartilhas e folders ser\u00e3o distribu\u00eddos enquanto artistas locais se apresentar\u00e3o.<\/p>\n<p>Ambos os eventos s\u00e3o abertos ao p\u00fablico interessado no tema. A iniciativa de celebrar a data \u00e9 da Controladoria-Geral da Uni\u00e3o, sindicatos, associa\u00e7\u00f5es e demais entidades que fazem parte da Rede de Controle da Gest\u00e3o P\u00fablica. Juntos, eles pretendem ampliar a divulga\u00e7\u00e3o de a\u00e7\u00f5es governamentais voltadas para o combate \u00e0 corrup\u00e7\u00e3o e sensibilizar a popula\u00e7\u00e3o sobre a import\u00e2ncia do controle social.<\/p>\n<p>A comemora\u00e7\u00e3o \u00e9 tamb\u00e9m uma oportunidade de chamar a aten\u00e7\u00e3o da sociedade maranhense acerca da import\u00e2ncia dos valores \u00e9ticos, da cidadania e da participa\u00e7\u00e3o pol\u00edtica. \u201cCombater a corrup\u00e7\u00e3o n\u00e3o \u00e9 apenas um trabalho dos \u00f3rg\u00e3os de fiscaliza\u00e7\u00e3o, mas de todos e \u00e9 por isso que convidamos quem quiser participar como parceiro, que nos procure\u201d, informa Welligton Resende (auditor da CGU).<\/p>\n<p>Minist\u00e9rios P\u00fablicos Estadual e Federal, Tribunais de Contas do Estado e da Uni\u00e3o, Corregedoria-Geral do Estado, OAB e Associa\u00e7\u00e3o dos Magistrados j\u00e1 apoiam o movimento.<\/p>\n<p><strong>Cria\u00e7\u00e3o<\/strong><\/p>\n<p>A proposta de cria\u00e7\u00e3o do Dia Internacional contra a Corrup\u00e7\u00e3o foi apresentada pela delega\u00e7\u00e3o brasileira \u00e0 \u00e9poca da vota\u00e7\u00e3o da Conven\u00e7\u00e3o das Na\u00e7\u00f5es Unidas contra a Corrup\u00e7\u00e3o, ocorrida na cidade mexicana de M\u00e9rida. Nesse dia, no ano de 2003, mais de 110 pa\u00edses assinaram a Conven\u00e7\u00e3o, entre eles, o Brasil.<\/p>\n<p>Em maio de 2005, o Congresso Nacional brasileiro aprovou o texto da Conven\u00e7\u00e3o. No dia 31 de janeiro de 2006, ela foi promulgada, passando a vigorar com for\u00e7a de lei. No Brasil, cabe \u00e0 Controladoria-Geral da Uni\u00e3o implement\u00e1-la. Desde ent\u00e3o, todos os anos a CGU promove celebra\u00e7\u00f5es do Dia Internacional contra a Corrup\u00e7\u00e3o em todas as capitais do pa\u00eds.<\/p>\n<p><strong>Servi\u00e7o<\/strong><\/p>\n<p>O qu\u00ea: Comemora\u00e7\u00e3o do Dia Internacional contra a Corrup\u00e7\u00e3o no Maranh\u00e3o<br \/>\nQuando: Dia 9 de dezembro<br \/>\nHor\u00e1rios: 8h (palestra do juiz M\u00e1rlon Reis &#8211; um dos autores da Lei da Ficha Limpa, autor dos livros O Gigante Acordado e O Nobre Deputado da editora Leya) e 14h \u00e0s 17h (mobiliza\u00e7\u00e3o popular)<br \/>\nOnde: audit\u00f3rio do TCE-MA (Avenida Carlos Cunha, s\/n- Calhau) e Pra\u00e7a Deodoro (Centro).<br \/>\nOrganiza\u00e7\u00e3o: Rede de Controle da Gest\u00e3o P\u00fablica (CGU, TCU, MPE, MPF, TCE, entre outras entidades)<\/p>\n","protected":false},"excerpt":{"rendered":"<p>No Maranh\u00e3o, o Dia Internacional contra a Corrup\u00e7\u00e3o (9 de dezembro) ser\u00e1 celebrado durante programa\u00e7\u00e3o que se inicia \u00e0s 8h [&hellip;]<\/p>\n","protected":false},"author":0,"featured_media":0,"comment_status":"open","ping_status":"open","sticky":false,"template":"","format":"standard","meta":{"site-sidebar-layout":"default","site-content-layout":"","ast-site-content-layout":"default","site-content-style":"default","site-sidebar-style":"default","ast-global-header-display":"","ast-banner-title-visibility":"","ast-main-header-display":"","ast-hfb-above-header-display":"","ast-hfb-below-header-display":"","ast-hfb-mobile-header-display":"","site-post-title":"","ast-breadcrumbs-content":"","ast-featured-img":"","footer-sml-layout":"","ast-disable-related-posts":"","theme-transparent-header-meta":"","adv-header-id-meta":"","stick-header-meta":"","header-above-stick-meta":"","header-main-stick-meta":"","header-below-stick-meta":"","astra-migrate-meta-layouts":"default","ast-page-background-enabled":"default","ast-page-background-meta":{"desktop":{"background-color":"var(--ast-global-color-5)","background-image":"","background-repeat":"repeat","background-position":"center center","background-size":"auto","background-attachment":"scroll","background-type":"","background-media":"","overlay-type":"","overlay-color":"","overlay-opacity":"","overlay-gradient":""},"tablet":{"background-color":"","background-image":"","background-repeat":"repeat","background-position":"center center","background-size":"auto","background-attachment":"scroll","background-type":"","background-media":"","overlay-type":"","overlay-color":"","overlay-opacity":"","overlay-gradient":""},"mobile":{"background-color":"","background-image":"","background-repeat":"repeat","background-position":"center center","background-size":"auto","background-attachment":"scroll","background-type":"","background-media":"","overlay-type":"","overlay-color":"","overlay-opacity":"","overlay-gradient":""}},"ast-content-background-meta":{"desktop":{"background-color":"var(--ast-global-color-4)","background-image":"","background-repeat":"repeat","background-position":"center center","background-size":"auto","background-attachment":"scroll","background-type":"","background-media":"","overlay-type":"","overlay-color":"","overlay-opacity":"","overlay-gradient":""},"tablet":{"background-color":"var(--ast-global-color-4)","background-image":"","background-repeat":"repeat","background-position":"center center","background-size":"auto","background-attachment":"scroll","background-type":"","background-media":"","overlay-type":"","overlay-color":"","overlay-opacity":"","overlay-gradient":""},"mobile":{"background-color":"var(--ast-global-color-4)","background-image":"","background-repeat":"repeat","background-position":"center center","background-size":"auto","background-attachment":"scroll","background-type":"","background-media":"","overlay-type":"","overlay-color":"","overlay-opacity":"","overlay-gradient":""}},"footnotes":""},"categories":[1],"tags":[],"class_list":["post-20955","post","type-post","status-publish","format-standard","hentry","category-sem-categoria"],"yoast_head":"<!-- This site is optimized with the Yoast SEO plugin v26.6 - https:\/\/yoast.com\/wordpress\/plugins\/seo\/ -->\n<title>Dia Internacional contra a Corrup\u00e7\u00e3o ser\u00e1 comemorado no Maranh\u00e3o com palestra e mobiliza\u00e7\u00e3o popular - Daniel Matos<\/title>\n<meta name=\"robots\" content=\"index, follow, max-snippet:-1, max-image-preview:large, max-video-preview:-1\" \/>\n<link rel=\"canonical\" href=\"https:\/\/www.blogsoestado.com\/danielmatos\/dia-internacional-contra-a-corrupcao-sera-comemorado-no-maranhao-com-palestra-e-mobilizacao-popular\/\" \/>\n<meta property=\"og:locale\" content=\"pt_BR\" \/>\n<meta property=\"og:type\" content=\"article\" \/>\n<meta property=\"og:title\" content=\"Dia Internacional contra a Corrup\u00e7\u00e3o ser\u00e1 comemorado no Maranh\u00e3o com palestra e mobiliza\u00e7\u00e3o popular - Daniel Matos\" \/>\n<meta property=\"og:description\" content=\"No Maranh\u00e3o, o Dia Internacional contra a Corrup\u00e7\u00e3o (9 de dezembro) ser\u00e1 celebrado durante programa\u00e7\u00e3o que se inicia \u00e0s 8h [&hellip;]\" \/>\n<meta property=\"og:url\" content=\"https:\/\/www.blogsoestado.com\/danielmatos\/dia-internacional-contra-a-corrupcao-sera-comemorado-no-maranhao-com-palestra-e-mobilizacao-popular\/\" \/>\n<meta property=\"og:site_name\" content=\"Daniel Matos\" \/>\n<meta property=\"article:published_time\" content=\"2014-12-08T15:39:08+00:00\" \/>\n<meta name=\"twitter:card\" content=\"summary_large_image\" \/>\n<meta name=\"twitter:label1\" content=\"Est. tempo de leitura\" \/>\n\t<meta name=\"twitter:data1\" content=\"2 minutos\" \/>\n<script type=\"application\/ld+json\" class=\"yoast-schema-graph\">{\"@context\":\"https:\/\/schema.org\",\"@graph\":[{\"@type\":\"WebPage\",\"@id\":\"https:\/\/www.blogsoestado.com\/danielmatos\/dia-internacional-contra-a-corrupcao-sera-comemorado-no-maranhao-com-palestra-e-mobilizacao-popular\/\",\"url\":\"https:\/\/www.blogsoestado.com\/danielmatos\/dia-internacional-contra-a-corrupcao-sera-comemorado-no-maranhao-com-palestra-e-mobilizacao-popular\/\",\"name\":\"Dia Internacional contra a Corrup\u00e7\u00e3o ser\u00e1 comemorado no Maranh\u00e3o com palestra e mobiliza\u00e7\u00e3o popular - Daniel Matos\",\"isPartOf\":{\"@id\":\"https:\/\/www.blogsoestado.com\/danielmatos\/#website\"},\"datePublished\":\"2014-12-08T15:39:08+00:00\",\"author\":{\"@id\":\"\"},\"breadcrumb\":{\"@id\":\"https:\/\/www.blogsoestado.com\/danielmatos\/dia-internacional-contra-a-corrupcao-sera-comemorado-no-maranhao-com-palestra-e-mobilizacao-popular\/#breadcrumb\"},\"inLanguage\":\"pt-BR\",\"potentialAction\":[{\"@type\":\"ReadAction\",\"target\":[\"https:\/\/www.blogsoestado.com\/danielmatos\/dia-internacional-contra-a-corrupcao-sera-comemorado-no-maranhao-com-palestra-e-mobilizacao-popular\/\"]}]},{\"@type\":\"BreadcrumbList\",\"@id\":\"https:\/\/www.blogsoestado.com\/danielmatos\/dia-internacional-contra-a-corrupcao-sera-comemorado-no-maranhao-com-palestra-e-mobilizacao-popular\/#breadcrumb\",\"itemListElement\":[{\"@type\":\"ListItem\",\"position\":1,\"name\":\"In\u00edcio\",\"item\":\"https:\/\/www.blogsoestado.com\/danielmatos\/\"},{\"@type\":\"ListItem\",\"position\":2,\"name\":\"Dia Internacional contra a Corrup\u00e7\u00e3o ser\u00e1 comemorado no Maranh\u00e3o com palestra e mobiliza\u00e7\u00e3o popular\"}]},{\"@type\":\"WebSite\",\"@id\":\"https:\/\/www.blogsoestado.com\/danielmatos\/#website\",\"url\":\"https:\/\/www.blogsoestado.com\/danielmatos\/\",\"name\":\"Daniel Matos\",\"description\":\"\",\"potentialAction\":[{\"@type\":\"SearchAction\",\"target\":{\"@type\":\"EntryPoint\",\"urlTemplate\":\"https:\/\/www.blogsoestado.com\/danielmatos\/?s={search_term_string}\"},\"query-input\":{\"@type\":\"PropertyValueSpecification\",\"valueRequired\":true,\"valueName\":\"search_term_string\"}}],\"inLanguage\":\"pt-BR\"}]}<\/script>\n<!-- \/ Yoast SEO plugin. -->","yoast_head_json":{"title":"Dia Internacional contra a Corrup\u00e7\u00e3o ser\u00e1 comemorado no Maranh\u00e3o com palestra e mobiliza\u00e7\u00e3o popular - Daniel Matos","robots":{"index":"index","follow":"follow","max-snippet":"max-snippet:-1","max-image-preview":"max-image-preview:large","max-video-preview":"max-video-preview:-1"},"canonical":"https:\/\/www.blogsoestado.com\/danielmatos\/dia-internacional-contra-a-corrupcao-sera-comemorado-no-maranhao-com-palestra-e-mobilizacao-popular\/","og_locale":"pt_BR","og_type":"article","og_title":"Dia Internacional contra a Corrup\u00e7\u00e3o ser\u00e1 comemorado no Maranh\u00e3o com palestra e mobiliza\u00e7\u00e3o popular - Daniel Matos","og_description":"No Maranh\u00e3o, o Dia Internacional contra a Corrup\u00e7\u00e3o (9 de dezembro) ser\u00e1 celebrado durante programa\u00e7\u00e3o que se inicia \u00e0s 8h [&hellip;]","og_url":"https:\/\/www.blogsoestado.com\/danielmatos\/dia-internacional-contra-a-corrupcao-sera-comemorado-no-maranhao-com-palestra-e-mobilizacao-popular\/","og_site_name":"Daniel Matos","article_published_time":"2014-12-08T15:39:08+00:00","twitter_card":"summary_large_image","twitter_misc":{"Est. tempo de leitura":"2 minutos"},"schema":{"@context":"https:\/\/schema.org","@graph":[{"@type":"WebPage","@id":"https:\/\/www.blogsoestado.com\/danielmatos\/dia-internacional-contra-a-corrupcao-sera-comemorado-no-maranhao-com-palestra-e-mobilizacao-popular\/","url":"https:\/\/www.blogsoestado.com\/danielmatos\/dia-internacional-contra-a-corrupcao-sera-comemorado-no-maranhao-com-palestra-e-mobilizacao-popular\/","name":"Dia Internacional contra a Corrup\u00e7\u00e3o ser\u00e1 comemorado no Maranh\u00e3o com palestra e mobiliza\u00e7\u00e3o popular - Daniel Matos","isPartOf":{"@id":"https:\/\/www.blogsoestado.com\/danielmatos\/#website"},"datePublished":"2014-12-08T15:39:08+00:00","author":{"@id":""},"breadcrumb":{"@id":"https:\/\/www.blogsoestado.com\/danielmatos\/dia-internacional-contra-a-corrupcao-sera-comemorado-no-maranhao-com-palestra-e-mobilizacao-popular\/#breadcrumb"},"inLanguage":"pt-BR","potentialAction":[{"@type":"ReadAction","target":["https:\/\/www.blogsoestado.com\/danielmatos\/dia-internacional-contra-a-corrupcao-sera-comemorado-no-maranhao-com-palestra-e-mobilizacao-popular\/"]}]},{"@type":"BreadcrumbList","@id":"https:\/\/www.blogsoestado.com\/danielmatos\/dia-internacional-contra-a-corrupcao-sera-comemorado-no-maranhao-com-palestra-e-mobilizacao-popular\/#breadcrumb","itemListElement":[{"@type":"ListItem","position":1,"name":"In\u00edcio","item":"https:\/\/www.blogsoestado.com\/danielmatos\/"},{"@type":"ListItem","position":2,"name":"Dia Internacional contra a Corrup\u00e7\u00e3o ser\u00e1 comemorado no Maranh\u00e3o com palestra e mobiliza\u00e7\u00e3o popular"}]},{"@type":"WebSite","@id":"https:\/\/www.blogsoestado.com\/danielmatos\/#website","url":"https:\/\/www.blogsoestado.com\/danielmatos\/","name":"Daniel Matos","description":"","potentialAction":[{"@type":"SearchAction","target":{"@type":"EntryPoint","urlTemplate":"https:\/\/www.blogsoestado.com\/danielmatos\/?s={search_term_string}"},"query-input":{"@type":"PropertyValueSpecification","valueRequired":true,"valueName":"search_term_string"}}],"inLanguage":"pt-BR"}]}},"jetpack_featured_media_url":"","_links":{"self":[{"href":"https:\/\/www.blogsoestado.com\/danielmatos\/wp-json\/wp\/v2\/posts\/20955","targetHints":{"allow":["GET"]}}],"collection":[{"href":"https:\/\/www.blogsoestado.com\/danielmatos\/wp-json\/wp\/v2\/posts"}],"about":[{"href":"https:\/\/www.blogsoestado.com\/danielmatos\/wp-json\/wp\/v2\/types\/post"}],"replies":[{"embeddable":true,"href":"https:\/\/www.blogsoestado.com\/danielmatos\/wp-json\/wp\/v2\/comments?post=20955"}],"version-history":[{"count":0,"href":"https:\/\/www.blogsoestado.com\/danielmatos\/wp-json\/wp\/v2\/posts\/20955\/revisions"}],"wp:attachment":[{"href":"https:\/\/www.blogsoestado.com\/danielmatos\/wp-json\/wp\/v2\/media?parent=20955"}],"wp:term":[{"taxonomy":"category","embeddable":true,"href":"https:\/\/www.blogsoestado.com\/danielmatos\/wp-json\/wp\/v2\/categories?post=20955"},{"taxonomy":"post_tag","embeddable":true,"href":"https:\/\/www.blogsoestado.com\/danielmatos\/wp-json\/wp\/v2\/tags?post=20955"}],"curies":[{"name":"wp","href":"https:\/\/api.w.org\/{rel}","templated":true}]}}