{"id":20958,"date":"2014-12-09T08:02:34","date_gmt":"2014-12-09T11:02:34","guid":{"rendered":"https:\/\/www.blogsoestado.com\/danielmatos\/?p=20958"},"modified":"2014-12-09T08:02:34","modified_gmt":"2014-12-09T11:02:34","slug":"desfile-marca-comemoracao-dos-28-anos-da-vila-epitacio-cafeteira-em-paco-do-lumiar","status":"publish","type":"post","link":"https:\/\/www.blogsoestado.com\/danielmatos\/desfile-marca-comemoracao-dos-28-anos-da-vila-epitacio-cafeteira-em-paco-do-lumiar\/","title":{"rendered":"Desfile marca comemora\u00e7\u00e3o dos 28 anos da Vila Epit\u00e1cio Cafeteira, em Pa\u00e7o do Lumiar"},"content":{"rendered":"<figure id=\"attachment_20959\" aria-describedby=\"caption-attachment-20959\" style=\"width: 640px\" class=\"wp-caption aligncenter\"><a href=\"https:\/\/www.blogsoestado.com\/danielmatos\/files\/2014\/12\/vila-cafeteira.jpg\"><img fetchpriority=\"high\" decoding=\"async\" class=\"size-full wp-image-20959\" src=\"https:\/\/www.blogsoestado.com\/danielmatos\/files\/2014\/12\/vila-cafeteira.jpg\" alt=\"Cerca de duzentos alunos apresentaram os valores sociais e culturais peculiares do bairro\" width=\"640\" height=\"427\" \/><\/a><figcaption id=\"caption-attachment-20959\" class=\"wp-caption-text\">Cerca de duzentos alunos apresentaram os valores sociais e culturais peculiares\u00a0\u00e0 Vila Cafeteira<\/figcaption><\/figure>\n<p>Para comemorar os 28 anos da Vila Epit\u00e1cio Cafeteira, em Pa\u00e7o do Lumiar, escolas da regi\u00e3o e a comunidade realizaram um grande desfile estudantil, na ultima sexta-feira, 5. Cerca de duzentos alunos apresentaram os valores sociais e culturais peculiares do bairro.<\/p>\n<p>O prefeito de Pa\u00e7o do Lumiar, professor Josemar Sobreiro (PR), acompanhado do seu secretariado e dos vereadores, Leonardo Bruno (PPS) e Wellington Sousa (PSB) assistiram ao desfile e aproveitaram para vistoriar as vias asfaltadas, e tamb\u00e9m, a obra de constru\u00e7\u00e3o da quadra poliesportiva da UEB Jos\u00e9 Carlos Costa Pereira.<\/p>\n<p>\u201cA Vila Cafeteira \u00e9 um dos bairros de maior contingentes populacional do munic\u00edpio de Pa\u00e7o do Lumiar e que \u00e9 via de acesso a v\u00e1rios outros. Melhorias na sa\u00fade, educa\u00e7\u00e3o e infraestrutura j\u00e1 podem ser visualizadas, como a inaugura\u00e7\u00e3o da UBS de Vila Cafeteira, a aquisi\u00e7\u00e3o de carteiras mais modernas para as escolas, a constru\u00e7\u00e3o da quadra poliesportiva, com conclus\u00e3o prevista para fevereiro de 2015, e o asfaltamento de ruas\u201d, frisou o prefeito.<\/p>\n<figure id=\"attachment_20960\" aria-describedby=\"caption-attachment-20960\" style=\"width: 640px\" class=\"wp-caption aligncenter\"><a href=\"https:\/\/www.blogsoestado.com\/danielmatos\/files\/2014\/12\/vila-cafeteira2.jpg\"><img decoding=\"async\" class=\"size-full wp-image-20960\" src=\"https:\/\/www.blogsoestado.com\/danielmatos\/files\/2014\/12\/vila-cafeteira2.jpg\" alt=\"desfile foi puxado pela banda municipal Corpora\u00e7\u00e3o Musical La Roque, que executou dobrados militares e m\u00fasicas populares\" width=\"640\" height=\"427\" \/><\/a><figcaption id=\"caption-attachment-20960\" class=\"wp-caption-text\">Desfile foi puxado pela banda Corpora\u00e7\u00e3o Musical La Roque, que executou dobrados militares e m\u00fasicas populares<\/figcaption><\/figure>\n<p>De acordo com Ronilson Botelho, organizador do desfile, a programa\u00e7\u00e3o j\u00e1 faz parte do calend\u00e1rio festivo da Vila Cafeteira, e que, todos os anos, a comunidade, escolas e parceiros se re\u00fanem para que a festa, realizada h\u00e1 mais de 10 anos, n\u00e3o perca a sua tradi\u00e7\u00e3o. A comunidade voltou a ter motivos para comemorar, estamos recebendo melhorias da gest\u00e3o municipal, pois temos um prefeito comprometido\u201d, destacou.<\/p>\n<p>O desfile foi puxado pela banda municipal Corpora\u00e7\u00e3o Musical La Roque, que executou dobrados militares e m\u00fasicas populares durante todo o percurso. No encerramento, estudantes e moradores cantaram os hinos Nacional e Municipal, e ainda, o tradicional \u201cParab\u00e9ns\u201d, sob uma queima de fogos.<\/p>\n","protected":false},"excerpt":{"rendered":"<p>Para comemorar os 28 anos da Vila Epit\u00e1cio Cafeteira, em Pa\u00e7o do Lumiar, escolas da regi\u00e3o e a comunidade realizaram [&hellip;]<\/p>\n","protected":false},"author":0,"featured_media":0,"comment_status":"open","ping_status":"open","sticky":false,"template":"","format":"standard","meta":{"site-sidebar-layout":"default","site-content-layout":"","ast-site-content-layout":"default","site-content-style":"default","site-sidebar-style":"default","ast-global-header-display":"","ast-banner-title-visibility":"","ast-main-header-display":"","ast-hfb-above-header-display":"","ast-hfb-below-header-display":"","ast-hfb-mobile-header-display":"","site-post-title":"","ast-breadcrumbs-content":"","ast-featured-img":"","footer-sml-layout":"","ast-disable-related-posts":"","theme-transparent-header-meta":"","adv-header-id-meta":"","stick-header-meta":"","header-above-stick-meta":"","header-main-stick-meta":"","header-below-stick-meta":"","astra-migrate-meta-layouts":"default","ast-page-background-enabled":"default","ast-page-background-meta":{"desktop":{"background-color":"var(--ast-global-color-5)","background-image":"","background-repeat":"repeat","background-position":"center center","background-size":"auto","background-attachment":"scroll","background-type":"","background-media":"","overlay-type":"","overlay-color":"","overlay-opacity":"","overlay-gradient":""},"tablet":{"background-color":"","background-image":"","background-repeat":"repeat","background-position":"center center","background-size":"auto","background-attachment":"scroll","background-type":"","background-media":"","overlay-type":"","overlay-color":"","overlay-opacity":"","overlay-gradient":""},"mobile":{"background-color":"","background-image":"","background-repeat":"repeat","background-position":"center center","background-size":"auto","background-attachment":"scroll","background-type":"","background-media":"","overlay-type":"","overlay-color":"","overlay-opacity":"","overlay-gradient":""}},"ast-content-background-meta":{"desktop":{"background-color":"var(--ast-global-color-4)","background-image":"","background-repeat":"repeat","background-position":"center center","background-size":"auto","background-attachment":"scroll","background-type":"","background-media":"","overlay-type":"","overlay-color":"","overlay-opacity":"","overlay-gradient":""},"tablet":{"background-color":"var(--ast-global-color-4)","background-image":"","background-repeat":"repeat","background-position":"center center","background-size":"auto","background-attachment":"scroll","background-type":"","background-media":"","overlay-type":"","overlay-color":"","overlay-opacity":"","overlay-gradient":""},"mobile":{"background-color":"var(--ast-global-color-4)","background-image":"","background-repeat":"repeat","background-position":"center center","background-size":"auto","background-attachment":"scroll","background-type":"","background-media":"","overlay-type":"","overlay-color":"","overlay-opacity":"","overlay-gradient":""}},"footnotes":""},"categories":[1],"tags":[],"class_list":["post-20958","post","type-post","status-publish","format-standard","hentry","category-sem-categoria"],"yoast_head":"<!-- This site is optimized with the Yoast SEO plugin v26.6 - https:\/\/yoast.com\/wordpress\/plugins\/seo\/ -->\n<title>Desfile marca comemora\u00e7\u00e3o dos 28 anos da Vila Epit\u00e1cio Cafeteira, em Pa\u00e7o do Lumiar - Daniel Matos<\/title>\n<meta name=\"robots\" content=\"index, follow, max-snippet:-1, max-image-preview:large, max-video-preview:-1\" \/>\n<link rel=\"canonical\" href=\"https:\/\/www.blogsoestado.com\/danielmatos\/desfile-marca-comemoracao-dos-28-anos-da-vila-epitacio-cafeteira-em-paco-do-lumiar\/\" \/>\n<meta property=\"og:locale\" content=\"pt_BR\" \/>\n<meta property=\"og:type\" content=\"article\" \/>\n<meta property=\"og:title\" content=\"Desfile marca comemora\u00e7\u00e3o dos 28 anos da Vila Epit\u00e1cio Cafeteira, em Pa\u00e7o do Lumiar - Daniel Matos\" \/>\n<meta property=\"og:description\" content=\"Para comemorar os 28 anos da Vila Epit\u00e1cio Cafeteira, em Pa\u00e7o do Lumiar, escolas da regi\u00e3o e a comunidade realizaram [&hellip;]\" \/>\n<meta property=\"og:url\" content=\"https:\/\/www.blogsoestado.com\/danielmatos\/desfile-marca-comemoracao-dos-28-anos-da-vila-epitacio-cafeteira-em-paco-do-lumiar\/\" \/>\n<meta property=\"og:site_name\" content=\"Daniel Matos\" \/>\n<meta property=\"article:published_time\" content=\"2014-12-09T11:02:34+00:00\" \/>\n<meta property=\"og:image\" content=\"https:\/\/www.blogsoestado.com\/danielmatos\/files\/2014\/12\/vila-cafeteira.jpg\" \/>\n<meta name=\"twitter:card\" content=\"summary_large_image\" \/>\n<meta name=\"twitter:label1\" content=\"Est. tempo de leitura\" \/>\n\t<meta name=\"twitter:data1\" content=\"2 minutos\" \/>\n<script type=\"application\/ld+json\" class=\"yoast-schema-graph\">{\"@context\":\"https:\/\/schema.org\",\"@graph\":[{\"@type\":\"WebPage\",\"@id\":\"https:\/\/www.blogsoestado.com\/danielmatos\/desfile-marca-comemoracao-dos-28-anos-da-vila-epitacio-cafeteira-em-paco-do-lumiar\/\",\"url\":\"https:\/\/www.blogsoestado.com\/danielmatos\/desfile-marca-comemoracao-dos-28-anos-da-vila-epitacio-cafeteira-em-paco-do-lumiar\/\",\"name\":\"Desfile marca comemora\u00e7\u00e3o dos 28 anos da Vila Epit\u00e1cio Cafeteira, em Pa\u00e7o do Lumiar - Daniel Matos\",\"isPartOf\":{\"@id\":\"https:\/\/www.blogsoestado.com\/danielmatos\/#website\"},\"primaryImageOfPage\":{\"@id\":\"https:\/\/www.blogsoestado.com\/danielmatos\/desfile-marca-comemoracao-dos-28-anos-da-vila-epitacio-cafeteira-em-paco-do-lumiar\/#primaryimage\"},\"image\":{\"@id\":\"https:\/\/www.blogsoestado.com\/danielmatos\/desfile-marca-comemoracao-dos-28-anos-da-vila-epitacio-cafeteira-em-paco-do-lumiar\/#primaryimage\"},\"thumbnailUrl\":\"https:\/\/www.blogsoestado.com\/danielmatos\/files\/2014\/12\/vila-cafeteira.jpg\",\"datePublished\":\"2014-12-09T11:02:34+00:00\",\"author\":{\"@id\":\"\"},\"breadcrumb\":{\"@id\":\"https:\/\/www.blogsoestado.com\/danielmatos\/desfile-marca-comemoracao-dos-28-anos-da-vila-epitacio-cafeteira-em-paco-do-lumiar\/#breadcrumb\"},\"inLanguage\":\"pt-BR\",\"potentialAction\":[{\"@type\":\"ReadAction\",\"target\":[\"https:\/\/www.blogsoestado.com\/danielmatos\/desfile-marca-comemoracao-dos-28-anos-da-vila-epitacio-cafeteira-em-paco-do-lumiar\/\"]}]},{\"@type\":\"ImageObject\",\"inLanguage\":\"pt-BR\",\"@id\":\"https:\/\/www.blogsoestado.com\/danielmatos\/desfile-marca-comemoracao-dos-28-anos-da-vila-epitacio-cafeteira-em-paco-do-lumiar\/#primaryimage\",\"url\":\"https:\/\/www.blogsoestado.com\/danielmatos\/files\/2014\/12\/vila-cafeteira.jpg\",\"contentUrl\":\"https:\/\/www.blogsoestado.com\/danielmatos\/files\/2014\/12\/vila-cafeteira.jpg\"},{\"@type\":\"BreadcrumbList\",\"@id\":\"https:\/\/www.blogsoestado.com\/danielmatos\/desfile-marca-comemoracao-dos-28-anos-da-vila-epitacio-cafeteira-em-paco-do-lumiar\/#breadcrumb\",\"itemListElement\":[{\"@type\":\"ListItem\",\"position\":1,\"name\":\"In\u00edcio\",\"item\":\"https:\/\/www.blogsoestado.com\/danielmatos\/\"},{\"@type\":\"ListItem\",\"position\":2,\"name\":\"Desfile marca comemora\u00e7\u00e3o dos 28 anos da Vila Epit\u00e1cio Cafeteira, em Pa\u00e7o do Lumiar\"}]},{\"@type\":\"WebSite\",\"@id\":\"https:\/\/www.blogsoestado.com\/danielmatos\/#website\",\"url\":\"https:\/\/www.blogsoestado.com\/danielmatos\/\",\"name\":\"Daniel Matos\",\"description\":\"\",\"potentialAction\":[{\"@type\":\"SearchAction\",\"target\":{\"@type\":\"EntryPoint\",\"urlTemplate\":\"https:\/\/www.blogsoestado.com\/danielmatos\/?s={search_term_string}\"},\"query-input\":{\"@type\":\"PropertyValueSpecification\",\"valueRequired\":true,\"valueName\":\"search_term_string\"}}],\"inLanguage\":\"pt-BR\"}]}<\/script>\n<!-- \/ Yoast SEO plugin. -->","yoast_head_json":{"title":"Desfile marca comemora\u00e7\u00e3o dos 28 anos da Vila Epit\u00e1cio Cafeteira, em Pa\u00e7o do Lumiar - Daniel Matos","robots":{"index":"index","follow":"follow","max-snippet":"max-snippet:-1","max-image-preview":"max-image-preview:large","max-video-preview":"max-video-preview:-1"},"canonical":"https:\/\/www.blogsoestado.com\/danielmatos\/desfile-marca-comemoracao-dos-28-anos-da-vila-epitacio-cafeteira-em-paco-do-lumiar\/","og_locale":"pt_BR","og_type":"article","og_title":"Desfile marca comemora\u00e7\u00e3o dos 28 anos da Vila Epit\u00e1cio Cafeteira, em Pa\u00e7o do Lumiar - Daniel Matos","og_description":"Para comemorar os 28 anos da Vila Epit\u00e1cio Cafeteira, em Pa\u00e7o do Lumiar, escolas da regi\u00e3o e a comunidade realizaram [&hellip;]","og_url":"https:\/\/www.blogsoestado.com\/danielmatos\/desfile-marca-comemoracao-dos-28-anos-da-vila-epitacio-cafeteira-em-paco-do-lumiar\/","og_site_name":"Daniel Matos","article_published_time":"2014-12-09T11:02:34+00:00","og_image":[{"url":"https:\/\/www.blogsoestado.com\/danielmatos\/files\/2014\/12\/vila-cafeteira.jpg","type":"","width":"","height":""}],"twitter_card":"summary_large_image","twitter_misc":{"Est. tempo de leitura":"2 minutos"},"schema":{"@context":"https:\/\/schema.org","@graph":[{"@type":"WebPage","@id":"https:\/\/www.blogsoestado.com\/danielmatos\/desfile-marca-comemoracao-dos-28-anos-da-vila-epitacio-cafeteira-em-paco-do-lumiar\/","url":"https:\/\/www.blogsoestado.com\/danielmatos\/desfile-marca-comemoracao-dos-28-anos-da-vila-epitacio-cafeteira-em-paco-do-lumiar\/","name":"Desfile marca comemora\u00e7\u00e3o dos 28 anos da Vila Epit\u00e1cio Cafeteira, em Pa\u00e7o do Lumiar - Daniel Matos","isPartOf":{"@id":"https:\/\/www.blogsoestado.com\/danielmatos\/#website"},"primaryImageOfPage":{"@id":"https:\/\/www.blogsoestado.com\/danielmatos\/desfile-marca-comemoracao-dos-28-anos-da-vila-epitacio-cafeteira-em-paco-do-lumiar\/#primaryimage"},"image":{"@id":"https:\/\/www.blogsoestado.com\/danielmatos\/desfile-marca-comemoracao-dos-28-anos-da-vila-epitacio-cafeteira-em-paco-do-lumiar\/#primaryimage"},"thumbnailUrl":"https:\/\/www.blogsoestado.com\/danielmatos\/files\/2014\/12\/vila-cafeteira.jpg","datePublished":"2014-12-09T11:02:34+00:00","author":{"@id":""},"breadcrumb":{"@id":"https:\/\/www.blogsoestado.com\/danielmatos\/desfile-marca-comemoracao-dos-28-anos-da-vila-epitacio-cafeteira-em-paco-do-lumiar\/#breadcrumb"},"inLanguage":"pt-BR","potentialAction":[{"@type":"ReadAction","target":["https:\/\/www.blogsoestado.com\/danielmatos\/desfile-marca-comemoracao-dos-28-anos-da-vila-epitacio-cafeteira-em-paco-do-lumiar\/"]}]},{"@type":"ImageObject","inLanguage":"pt-BR","@id":"https:\/\/www.blogsoestado.com\/danielmatos\/desfile-marca-comemoracao-dos-28-anos-da-vila-epitacio-cafeteira-em-paco-do-lumiar\/#primaryimage","url":"https:\/\/www.blogsoestado.com\/danielmatos\/files\/2014\/12\/vila-cafeteira.jpg","contentUrl":"https:\/\/www.blogsoestado.com\/danielmatos\/files\/2014\/12\/vila-cafeteira.jpg"},{"@type":"BreadcrumbList","@id":"https:\/\/www.blogsoestado.com\/danielmatos\/desfile-marca-comemoracao-dos-28-anos-da-vila-epitacio-cafeteira-em-paco-do-lumiar\/#breadcrumb","itemListElement":[{"@type":"ListItem","position":1,"name":"In\u00edcio","item":"https:\/\/www.blogsoestado.com\/danielmatos\/"},{"@type":"ListItem","position":2,"name":"Desfile marca comemora\u00e7\u00e3o dos 28 anos da Vila Epit\u00e1cio Cafeteira, em Pa\u00e7o do Lumiar"}]},{"@type":"WebSite","@id":"https:\/\/www.blogsoestado.com\/danielmatos\/#website","url":"https:\/\/www.blogsoestado.com\/danielmatos\/","name":"Daniel Matos","description":"","potentialAction":[{"@type":"SearchAction","target":{"@type":"EntryPoint","urlTemplate":"https:\/\/www.blogsoestado.com\/danielmatos\/?s={search_term_string}"},"query-input":{"@type":"PropertyValueSpecification","valueRequired":true,"valueName":"search_term_string"}}],"inLanguage":"pt-BR"}]}},"jetpack_featured_media_url":"","_links":{"self":[{"href":"https:\/\/www.blogsoestado.com\/danielmatos\/wp-json\/wp\/v2\/posts\/20958","targetHints":{"allow":["GET"]}}],"collection":[{"href":"https:\/\/www.blogsoestado.com\/danielmatos\/wp-json\/wp\/v2\/posts"}],"about":[{"href":"https:\/\/www.blogsoestado.com\/danielmatos\/wp-json\/wp\/v2\/types\/post"}],"replies":[{"embeddable":true,"href":"https:\/\/www.blogsoestado.com\/danielmatos\/wp-json\/wp\/v2\/comments?post=20958"}],"version-history":[{"count":0,"href":"https:\/\/www.blogsoestado.com\/danielmatos\/wp-json\/wp\/v2\/posts\/20958\/revisions"}],"wp:attachment":[{"href":"https:\/\/www.blogsoestado.com\/danielmatos\/wp-json\/wp\/v2\/media?parent=20958"}],"wp:term":[{"taxonomy":"category","embeddable":true,"href":"https:\/\/www.blogsoestado.com\/danielmatos\/wp-json\/wp\/v2\/categories?post=20958"},{"taxonomy":"post_tag","embeddable":true,"href":"https:\/\/www.blogsoestado.com\/danielmatos\/wp-json\/wp\/v2\/tags?post=20958"}],"curies":[{"name":"wp","href":"https:\/\/api.w.org\/{rel}","templated":true}]}}