{"id":20987,"date":"2014-12-09T15:25:07","date_gmt":"2014-12-09T18:25:07","guid":{"rendered":"https:\/\/www.blogsoestado.com\/danielmatos\/?p=20987"},"modified":"2014-12-09T15:25:07","modified_gmt":"2014-12-09T18:25:07","slug":"corregedoria-de-justica-instaura-sindicancia-para-apurar-conduta-de-juiz","status":"publish","type":"post","link":"https:\/\/www.blogsoestado.com\/danielmatos\/corregedoria-de-justica-instaura-sindicancia-para-apurar-conduta-de-juiz\/","title":{"rendered":"Corregedoria de Justi\u00e7a instaura sindic\u00e2ncia para apurar conduta de juiz"},"content":{"rendered":"<figure id=\"attachment_20988\" aria-describedby=\"caption-attachment-20988\" style=\"width: 411px\" class=\"wp-caption alignright\"><a href=\"https:\/\/www.blogsoestado.com\/danielmatos\/files\/2014\/12\/baldochi.jpg\"><img fetchpriority=\"high\" decoding=\"async\" class=\"size-full wp-image-20988\" src=\"https:\/\/www.blogsoestado.com\/danielmatos\/files\/2014\/12\/baldochi.jpg\" alt=\"Juiz Marcelo Baldochi teria cometido atos incompat\u00edveis com a magistratura \" width=\"411\" height=\"336\" \/><\/a><figcaption id=\"caption-attachment-20988\" class=\"wp-caption-text\">Juiz Marcelo Baldochi teria cometido atos incompat\u00edveis com a magistratura<\/figcaption><\/figure>\n<p>A Corregedoria Geral da Justi\u00e7a do Maranh\u00e3o vai apurar a conduta do juiz Marcelo Testa Baldochi, titular da 4\u00aa Vara C\u00edvel da Comarca de Imperatriz (665km da capital), em fato ocorrido no \u00faltimo dia 6, no aeroporto da cidade.<\/p>\n<p>Segundo informa\u00e7\u00f5es que chegaram ao conhecimento do \u00f3rg\u00e3o \u2013 respons\u00e1vel por fiscalizar e administrar a Justi\u00e7a de 1\u00ba grau \u2013 o magistrado teria dado voz de pris\u00e3o a funcion\u00e1rios da companhia a\u00e9rea TAM ap\u00f3s uma discuss\u00e3o.<\/p>\n<p>Na Portaria 4824\/2014, que instaura a sindic\u00e2ncia, o corregedor em exerc\u00edcio, desembargador Antonio Fernando Bayma Ara\u00fajo, destaca que h\u00e1 \u201cfortes ind\u00edcios de conduta incompat\u00edvel com o exerc\u00edcio da magistratura, por transgress\u00e3o ao disposto no art. 35, VIII, da Lei Org\u00e2nica da Magistratura Nacional (Lei Complementar n\u00ba. 35, de 14 de mar\u00e7o de 1979); art. 37 do C\u00f3digo de \u00c9tica da Magistratura; e art. 85, VIII, do C\u00f3digo de Divis\u00e3o e Organiza\u00e7\u00e3o Judici\u00e1rias do Maranh\u00e3o (Lc 14\/91\u201d.<\/p>\n<p><strong>Provid\u00eancias<\/strong><\/p>\n<p>Bayma Ara\u00fajo \u2013 que substitui a corregedora Nelma Sarney, que participa de um congresso internacional durante esta semana \u2013 informa tamb\u00e9m que as provid\u00eancias legais s\u00f3 foram tomadas na manh\u00e3 desta ter\u00e7a-feira (09) em decorr\u00eancia do fato ter ocorrido no fim de semana, que foi estendido pelo feriado de Nossa Senhora da Concei\u00e7\u00e3o, data que tamb\u00e9m se comemora o Dia da Justi\u00e7a.<\/p>\n<p>A ado\u00e7\u00e3o das provid\u00eancias legais j\u00e1 foi informada \u00e0 corregedora nacional da Justi\u00e7a, ministra Nancy Andrighi. A sindic\u00e2ncia ser\u00e1 presidida pelo corregedor em exerc\u00edcio, que designou os ju\u00edzes corregedores Jos\u00e9 Am\u00e9rico e Tyrone Jos\u00e9 para conduzir os trabalhos.<\/p>\n<p>A comiss\u00e3o dever\u00e1 desembarcar na Cidade de Imperatriz nesta quinta-feira (11), quando os trabalhos de apura\u00e7\u00e3o do fato dever\u00e3o ser iniciados.<\/p>\n<p>O procedimento investigativo tem como base o art. 6\u00ba, incisos IX, XXI, XXIV, XXV, do C\u00f3digo de Normas da Corregedoria, combinado com o art. 173, par\u00e1grafo \u00fanico do Regimento Interno do Tribunal de Justi\u00e7a do Maranh\u00e3o e o art. 8\u00ba, par\u00e1grafo \u00fanico, da Resolu\u00e7\u00e3o n\u00ba 135 do Conselho Nacional de Justi\u00e7a.<\/p>\n<p><strong>Prazo<\/strong><\/p>\n<p>O prazo regular para a realiza\u00e7\u00e3o dos trabalhos da sindic\u00e2ncia \u00e9 de 30 (trinta) dias, podendo ser prorrogado uma \u00fanica vez. Ao final, dever\u00e1 ser apresentado um relat\u00f3rio conclusivo do caso.<\/p>\n<p>Entenda o caso \u2013 Segundo informa\u00e7\u00f5es levantadas pela Corregedoria, bem como aquelas recebidas por meio da imprensa, o juiz Marcelo Testa Baldochi se envolveu em uma discuss\u00e3o com funcion\u00e1rios da TAM no aeroporto de Imperatriz.<\/p>\n<p>O magistrado teria se apresentado com atraso para embarcar, mas foi impedido pelos funcion\u00e1rios porque o procedimento de embarque j\u00e1 teria sido encerrado e as portas do avi\u00e3o fechadas.<\/p>\n<p>A companhia a\u00e9rea se manifestou informando que segue as normas estabelecidas para o setor e que est\u00e1 colaborando com a presta\u00e7\u00e3o dos esclarecimentos \u00e0s autoridades.<\/p>\n<p><strong>Fonte:<\/strong> Corregedoria Geral de Justi\u00e7a<\/p>\n","protected":false},"excerpt":{"rendered":"<p>A Corregedoria Geral da Justi\u00e7a do Maranh\u00e3o vai apurar a conduta do juiz Marcelo Testa Baldochi, titular da 4\u00aa Vara [&hellip;]<\/p>\n","protected":false},"author":0,"featured_media":0,"comment_status":"open","ping_status":"open","sticky":false,"template":"","format":"standard","meta":{"site-sidebar-layout":"default","site-content-layout":"","ast-site-content-layout":"default","site-content-style":"default","site-sidebar-style":"default","ast-global-header-display":"","ast-banner-title-visibility":"","ast-main-header-display":"","ast-hfb-above-header-display":"","ast-hfb-below-header-display":"","ast-hfb-mobile-header-display":"","site-post-title":"","ast-breadcrumbs-content":"","ast-featured-img":"","footer-sml-layout":"","ast-disable-related-posts":"","theme-transparent-header-meta":"","adv-header-id-meta":"","stick-header-meta":"","header-above-stick-meta":"","header-main-stick-meta":"","header-below-stick-meta":"","astra-migrate-meta-layouts":"default","ast-page-background-enabled":"default","ast-page-background-meta":{"desktop":{"background-color":"var(--ast-global-color-5)","background-image":"","background-repeat":"repeat","background-position":"center center","background-size":"auto","background-attachment":"scroll","background-type":"","background-media":"","overlay-type":"","overlay-color":"","overlay-opacity":"","overlay-gradient":""},"tablet":{"background-color":"","background-image":"","background-repeat":"repeat","background-position":"center center","background-size":"auto","background-attachment":"scroll","background-type":"","background-media":"","overlay-type":"","overlay-color":"","overlay-opacity":"","overlay-gradient":""},"mobile":{"background-color":"","background-image":"","background-repeat":"repeat","background-position":"center center","background-size":"auto","background-attachment":"scroll","background-type":"","background-media":"","overlay-type":"","overlay-color":"","overlay-opacity":"","overlay-gradient":""}},"ast-content-background-meta":{"desktop":{"background-color":"var(--ast-global-color-4)","background-image":"","background-repeat":"repeat","background-position":"center center","background-size":"auto","background-attachment":"scroll","background-type":"","background-media":"","overlay-type":"","overlay-color":"","overlay-opacity":"","overlay-gradient":""},"tablet":{"background-color":"var(--ast-global-color-4)","background-image":"","background-repeat":"repeat","background-position":"center center","background-size":"auto","background-attachment":"scroll","background-type":"","background-media":"","overlay-type":"","overlay-color":"","overlay-opacity":"","overlay-gradient":""},"mobile":{"background-color":"var(--ast-global-color-4)","background-image":"","background-repeat":"repeat","background-position":"center center","background-size":"auto","background-attachment":"scroll","background-type":"","background-media":"","overlay-type":"","overlay-color":"","overlay-opacity":"","overlay-gradient":""}},"footnotes":""},"categories":[1],"tags":[],"class_list":["post-20987","post","type-post","status-publish","format-standard","hentry","category-sem-categoria"],"yoast_head":"<!-- This site is optimized with the Yoast SEO plugin v26.6 - https:\/\/yoast.com\/wordpress\/plugins\/seo\/ -->\n<title>Corregedoria de Justi\u00e7a instaura sindic\u00e2ncia para apurar conduta de juiz - Daniel Matos<\/title>\n<meta name=\"robots\" content=\"index, follow, max-snippet:-1, max-image-preview:large, max-video-preview:-1\" \/>\n<link rel=\"canonical\" href=\"https:\/\/www.blogsoestado.com\/danielmatos\/corregedoria-de-justica-instaura-sindicancia-para-apurar-conduta-de-juiz\/\" \/>\n<meta property=\"og:locale\" content=\"pt_BR\" \/>\n<meta property=\"og:type\" content=\"article\" \/>\n<meta property=\"og:title\" content=\"Corregedoria de Justi\u00e7a instaura sindic\u00e2ncia para apurar conduta de juiz - Daniel Matos\" \/>\n<meta property=\"og:description\" content=\"A Corregedoria Geral da Justi\u00e7a do Maranh\u00e3o vai apurar a conduta do juiz Marcelo Testa Baldochi, titular da 4\u00aa Vara [&hellip;]\" \/>\n<meta property=\"og:url\" content=\"https:\/\/www.blogsoestado.com\/danielmatos\/corregedoria-de-justica-instaura-sindicancia-para-apurar-conduta-de-juiz\/\" \/>\n<meta property=\"og:site_name\" content=\"Daniel Matos\" \/>\n<meta property=\"article:published_time\" content=\"2014-12-09T18:25:07+00:00\" \/>\n<meta property=\"og:image\" content=\"https:\/\/www.blogsoestado.com\/danielmatos\/files\/2014\/12\/baldochi.jpg\" \/>\n<meta name=\"twitter:card\" content=\"summary_large_image\" \/>\n<meta name=\"twitter:label1\" content=\"Est. tempo de leitura\" \/>\n\t<meta name=\"twitter:data1\" content=\"3 minutos\" \/>\n<script type=\"application\/ld+json\" class=\"yoast-schema-graph\">{\"@context\":\"https:\/\/schema.org\",\"@graph\":[{\"@type\":\"WebPage\",\"@id\":\"https:\/\/www.blogsoestado.com\/danielmatos\/corregedoria-de-justica-instaura-sindicancia-para-apurar-conduta-de-juiz\/\",\"url\":\"https:\/\/www.blogsoestado.com\/danielmatos\/corregedoria-de-justica-instaura-sindicancia-para-apurar-conduta-de-juiz\/\",\"name\":\"Corregedoria de Justi\u00e7a instaura sindic\u00e2ncia para apurar conduta de juiz - Daniel Matos\",\"isPartOf\":{\"@id\":\"https:\/\/www.blogsoestado.com\/danielmatos\/#website\"},\"primaryImageOfPage\":{\"@id\":\"https:\/\/www.blogsoestado.com\/danielmatos\/corregedoria-de-justica-instaura-sindicancia-para-apurar-conduta-de-juiz\/#primaryimage\"},\"image\":{\"@id\":\"https:\/\/www.blogsoestado.com\/danielmatos\/corregedoria-de-justica-instaura-sindicancia-para-apurar-conduta-de-juiz\/#primaryimage\"},\"thumbnailUrl\":\"https:\/\/www.blogsoestado.com\/danielmatos\/files\/2014\/12\/baldochi.jpg\",\"datePublished\":\"2014-12-09T18:25:07+00:00\",\"author\":{\"@id\":\"\"},\"breadcrumb\":{\"@id\":\"https:\/\/www.blogsoestado.com\/danielmatos\/corregedoria-de-justica-instaura-sindicancia-para-apurar-conduta-de-juiz\/#breadcrumb\"},\"inLanguage\":\"pt-BR\",\"potentialAction\":[{\"@type\":\"ReadAction\",\"target\":[\"https:\/\/www.blogsoestado.com\/danielmatos\/corregedoria-de-justica-instaura-sindicancia-para-apurar-conduta-de-juiz\/\"]}]},{\"@type\":\"ImageObject\",\"inLanguage\":\"pt-BR\",\"@id\":\"https:\/\/www.blogsoestado.com\/danielmatos\/corregedoria-de-justica-instaura-sindicancia-para-apurar-conduta-de-juiz\/#primaryimage\",\"url\":\"https:\/\/www.blogsoestado.com\/danielmatos\/files\/2014\/12\/baldochi.jpg\",\"contentUrl\":\"https:\/\/www.blogsoestado.com\/danielmatos\/files\/2014\/12\/baldochi.jpg\"},{\"@type\":\"BreadcrumbList\",\"@id\":\"https:\/\/www.blogsoestado.com\/danielmatos\/corregedoria-de-justica-instaura-sindicancia-para-apurar-conduta-de-juiz\/#breadcrumb\",\"itemListElement\":[{\"@type\":\"ListItem\",\"position\":1,\"name\":\"In\u00edcio\",\"item\":\"https:\/\/www.blogsoestado.com\/danielmatos\/\"},{\"@type\":\"ListItem\",\"position\":2,\"name\":\"Corregedoria de Justi\u00e7a instaura sindic\u00e2ncia para apurar conduta de juiz\"}]},{\"@type\":\"WebSite\",\"@id\":\"https:\/\/www.blogsoestado.com\/danielmatos\/#website\",\"url\":\"https:\/\/www.blogsoestado.com\/danielmatos\/\",\"name\":\"Daniel Matos\",\"description\":\"\",\"potentialAction\":[{\"@type\":\"SearchAction\",\"target\":{\"@type\":\"EntryPoint\",\"urlTemplate\":\"https:\/\/www.blogsoestado.com\/danielmatos\/?s={search_term_string}\"},\"query-input\":{\"@type\":\"PropertyValueSpecification\",\"valueRequired\":true,\"valueName\":\"search_term_string\"}}],\"inLanguage\":\"pt-BR\"}]}<\/script>\n<!-- \/ Yoast SEO plugin. -->","yoast_head_json":{"title":"Corregedoria de Justi\u00e7a instaura sindic\u00e2ncia para apurar conduta de juiz - Daniel Matos","robots":{"index":"index","follow":"follow","max-snippet":"max-snippet:-1","max-image-preview":"max-image-preview:large","max-video-preview":"max-video-preview:-1"},"canonical":"https:\/\/www.blogsoestado.com\/danielmatos\/corregedoria-de-justica-instaura-sindicancia-para-apurar-conduta-de-juiz\/","og_locale":"pt_BR","og_type":"article","og_title":"Corregedoria de Justi\u00e7a instaura sindic\u00e2ncia para apurar conduta de juiz - Daniel Matos","og_description":"A Corregedoria Geral da Justi\u00e7a do Maranh\u00e3o vai apurar a conduta do juiz Marcelo Testa Baldochi, titular da 4\u00aa Vara [&hellip;]","og_url":"https:\/\/www.blogsoestado.com\/danielmatos\/corregedoria-de-justica-instaura-sindicancia-para-apurar-conduta-de-juiz\/","og_site_name":"Daniel Matos","article_published_time":"2014-12-09T18:25:07+00:00","og_image":[{"url":"https:\/\/www.blogsoestado.com\/danielmatos\/files\/2014\/12\/baldochi.jpg","type":"","width":"","height":""}],"twitter_card":"summary_large_image","twitter_misc":{"Est. tempo de leitura":"3 minutos"},"schema":{"@context":"https:\/\/schema.org","@graph":[{"@type":"WebPage","@id":"https:\/\/www.blogsoestado.com\/danielmatos\/corregedoria-de-justica-instaura-sindicancia-para-apurar-conduta-de-juiz\/","url":"https:\/\/www.blogsoestado.com\/danielmatos\/corregedoria-de-justica-instaura-sindicancia-para-apurar-conduta-de-juiz\/","name":"Corregedoria de Justi\u00e7a instaura sindic\u00e2ncia para apurar conduta de juiz - Daniel Matos","isPartOf":{"@id":"https:\/\/www.blogsoestado.com\/danielmatos\/#website"},"primaryImageOfPage":{"@id":"https:\/\/www.blogsoestado.com\/danielmatos\/corregedoria-de-justica-instaura-sindicancia-para-apurar-conduta-de-juiz\/#primaryimage"},"image":{"@id":"https:\/\/www.blogsoestado.com\/danielmatos\/corregedoria-de-justica-instaura-sindicancia-para-apurar-conduta-de-juiz\/#primaryimage"},"thumbnailUrl":"https:\/\/www.blogsoestado.com\/danielmatos\/files\/2014\/12\/baldochi.jpg","datePublished":"2014-12-09T18:25:07+00:00","author":{"@id":""},"breadcrumb":{"@id":"https:\/\/www.blogsoestado.com\/danielmatos\/corregedoria-de-justica-instaura-sindicancia-para-apurar-conduta-de-juiz\/#breadcrumb"},"inLanguage":"pt-BR","potentialAction":[{"@type":"ReadAction","target":["https:\/\/www.blogsoestado.com\/danielmatos\/corregedoria-de-justica-instaura-sindicancia-para-apurar-conduta-de-juiz\/"]}]},{"@type":"ImageObject","inLanguage":"pt-BR","@id":"https:\/\/www.blogsoestado.com\/danielmatos\/corregedoria-de-justica-instaura-sindicancia-para-apurar-conduta-de-juiz\/#primaryimage","url":"https:\/\/www.blogsoestado.com\/danielmatos\/files\/2014\/12\/baldochi.jpg","contentUrl":"https:\/\/www.blogsoestado.com\/danielmatos\/files\/2014\/12\/baldochi.jpg"},{"@type":"BreadcrumbList","@id":"https:\/\/www.blogsoestado.com\/danielmatos\/corregedoria-de-justica-instaura-sindicancia-para-apurar-conduta-de-juiz\/#breadcrumb","itemListElement":[{"@type":"ListItem","position":1,"name":"In\u00edcio","item":"https:\/\/www.blogsoestado.com\/danielmatos\/"},{"@type":"ListItem","position":2,"name":"Corregedoria de Justi\u00e7a instaura sindic\u00e2ncia para apurar conduta de juiz"}]},{"@type":"WebSite","@id":"https:\/\/www.blogsoestado.com\/danielmatos\/#website","url":"https:\/\/www.blogsoestado.com\/danielmatos\/","name":"Daniel Matos","description":"","potentialAction":[{"@type":"SearchAction","target":{"@type":"EntryPoint","urlTemplate":"https:\/\/www.blogsoestado.com\/danielmatos\/?s={search_term_string}"},"query-input":{"@type":"PropertyValueSpecification","valueRequired":true,"valueName":"search_term_string"}}],"inLanguage":"pt-BR"}]}},"jetpack_featured_media_url":"","_links":{"self":[{"href":"https:\/\/www.blogsoestado.com\/danielmatos\/wp-json\/wp\/v2\/posts\/20987","targetHints":{"allow":["GET"]}}],"collection":[{"href":"https:\/\/www.blogsoestado.com\/danielmatos\/wp-json\/wp\/v2\/posts"}],"about":[{"href":"https:\/\/www.blogsoestado.com\/danielmatos\/wp-json\/wp\/v2\/types\/post"}],"replies":[{"embeddable":true,"href":"https:\/\/www.blogsoestado.com\/danielmatos\/wp-json\/wp\/v2\/comments?post=20987"}],"version-history":[{"count":0,"href":"https:\/\/www.blogsoestado.com\/danielmatos\/wp-json\/wp\/v2\/posts\/20987\/revisions"}],"wp:attachment":[{"href":"https:\/\/www.blogsoestado.com\/danielmatos\/wp-json\/wp\/v2\/media?parent=20987"}],"wp:term":[{"taxonomy":"category","embeddable":true,"href":"https:\/\/www.blogsoestado.com\/danielmatos\/wp-json\/wp\/v2\/categories?post=20987"},{"taxonomy":"post_tag","embeddable":true,"href":"https:\/\/www.blogsoestado.com\/danielmatos\/wp-json\/wp\/v2\/tags?post=20987"}],"curies":[{"name":"wp","href":"https:\/\/api.w.org\/{rel}","templated":true}]}}