{"id":20991,"date":"2014-12-09T18:54:23","date_gmt":"2014-12-09T21:54:23","guid":{"rendered":"https:\/\/www.blogsoestado.com\/danielmatos\/?p=20991"},"modified":"2014-12-09T18:54:23","modified_gmt":"2014-12-09T21:54:23","slug":"10-onibus-biarticulados-chegam-a-sao-luis","status":"publish","type":"post","link":"https:\/\/www.blogsoestado.com\/danielmatos\/10-onibus-biarticulados-chegam-a-sao-luis\/","title":{"rendered":"10 \u00f4nibus biarticulados chegam a S\u00e3o Lu\u00eds"},"content":{"rendered":"<p>A empresa Maranhense, uma das que det\u00eam\u00a0concess\u00f5es de linhas do transporte p\u00fablico em S\u00e3o Lu\u00eds, recebeu 10 \u00f4nibus biarticulados. As aquisi\u00e7\u00f5es fazem parte do projeto de renova\u00e7\u00e3o da frota de coletivos da capital maranhense, com 500 novos coletivos, apresentado em junho, durante as negocia\u00e7\u00f5es que encerraram a greve no servi\u00e7o, que se estendeu por longos 16 dias.<\/p>\n<p>Os ve\u00edculos foram levados hoje ao p\u00e1tio da Secretaria Municipal de Tr\u00e2nsito e Transportes (SMTT), onde foram inspecionados. Ainda n\u00e3o foi divulgada a data em que os \u00f4nibus come\u00e7ar\u00e3o a circular.<\/p>\n<p>De acordo com o cronograma apresentado pelo Sindicato das Empresas de Transporte de Passageiros de S\u00e3o Lu\u00eds (SET), a cidade ter\u00e1 250 novos coletivos em circula\u00e7\u00e3o at\u00e9 31 de janeiro de 2015. A outra metade ser\u00e1 adicionada \u00e0 frota at\u00e9 o fim do ano. At\u00e9 o\u00a0momento, nem 50 \u00f4nibus novos foram comprados pelos empres\u00e1rios, o que p\u00f5em em xeque o cumprimento da promessa.<\/p>\n<figure id=\"attachment_20992\" aria-describedby=\"caption-attachment-20992\" style=\"width: 640px\" class=\"wp-caption aligncenter\"><a href=\"https:\/\/www.blogsoestado.com\/danielmatos\/files\/2014\/12\/\u00f4nibus-biarticulado2.jpg\"><img fetchpriority=\"high\" decoding=\"async\" class=\"size-full wp-image-20992\" src=\"https:\/\/www.blogsoestado.com\/danielmatos\/files\/2014\/12\/\u00f4nibus-biarticulado2.jpg\" alt=\"\u00d4nibus biarticulados foram levados hoje ao p\u00e1tio da SMTT, onde passaram por vistoria\" width=\"640\" height=\"480\" \/><\/a><figcaption id=\"caption-attachment-20992\" class=\"wp-caption-text\">\u00d4nibus biarticulados comprados pela Maranhense foram levados ao p\u00e1tio da SMTT, onde passaram por vistoria<\/figcaption><\/figure>\n<figure id=\"attachment_20993\" aria-describedby=\"caption-attachment-20993\" style=\"width: 640px\" class=\"wp-caption aligncenter\"><a href=\"https:\/\/www.blogsoestado.com\/danielmatos\/files\/2014\/12\/\u00f4nibus-biarticulado.jpg\"><img decoding=\"async\" class=\"size-full wp-image-20993\" src=\"https:\/\/www.blogsoestado.com\/danielmatos\/files\/2014\/12\/\u00f4nibus-biarticulado.jpg\" alt=\"Apesar da aquisi\u00e7\u00e3o, a promessa de renova\u00e7\u00e3o da frota da capital com 50 0 novos \u00f4nibus ainda est\u00e1 longe de ser cumprida\" width=\"640\" height=\"480\" \/><\/a><figcaption id=\"caption-attachment-20993\" class=\"wp-caption-text\">Apesar da aquisi\u00e7\u00e3o, promessa de renova\u00e7\u00e3o da frota com 500 novos \u00f4nibus ainda est\u00e1 longe de ser cumprida<\/figcaption><\/figure>\n","protected":false},"excerpt":{"rendered":"<p>A empresa Maranhense, uma das que det\u00eam\u00a0concess\u00f5es de linhas do transporte p\u00fablico em S\u00e3o Lu\u00eds, recebeu 10 \u00f4nibus biarticulados. As [&hellip;]<\/p>\n","protected":false},"author":0,"featured_media":0,"comment_status":"open","ping_status":"open","sticky":false,"template":"","format":"standard","meta":{"site-sidebar-layout":"default","site-content-layout":"","ast-site-content-layout":"default","site-content-style":"default","site-sidebar-style":"default","ast-global-header-display":"","ast-banner-title-visibility":"","ast-main-header-display":"","ast-hfb-above-header-display":"","ast-hfb-below-header-display":"","ast-hfb-mobile-header-display":"","site-post-title":"","ast-breadcrumbs-content":"","ast-featured-img":"","footer-sml-layout":"","ast-disable-related-posts":"","theme-transparent-header-meta":"","adv-header-id-meta":"","stick-header-meta":"","header-above-stick-meta":"","header-main-stick-meta":"","header-below-stick-meta":"","astra-migrate-meta-layouts":"default","ast-page-background-enabled":"default","ast-page-background-meta":{"desktop":{"background-color":"var(--ast-global-color-5)","background-image":"","background-repeat":"repeat","background-position":"center center","background-size":"auto","background-attachment":"scroll","background-type":"","background-media":"","overlay-type":"","overlay-color":"","overlay-opacity":"","overlay-gradient":""},"tablet":{"background-color":"","background-image":"","background-repeat":"repeat","background-position":"center center","background-size":"auto","background-attachment":"scroll","background-type":"","background-media":"","overlay-type":"","overlay-color":"","overlay-opacity":"","overlay-gradient":""},"mobile":{"background-color":"","background-image":"","background-repeat":"repeat","background-position":"center center","background-size":"auto","background-attachment":"scroll","background-type":"","background-media":"","overlay-type":"","overlay-color":"","overlay-opacity":"","overlay-gradient":""}},"ast-content-background-meta":{"desktop":{"background-color":"var(--ast-global-color-4)","background-image":"","background-repeat":"repeat","background-position":"center center","background-size":"auto","background-attachment":"scroll","background-type":"","background-media":"","overlay-type":"","overlay-color":"","overlay-opacity":"","overlay-gradient":""},"tablet":{"background-color":"var(--ast-global-color-4)","background-image":"","background-repeat":"repeat","background-position":"center center","background-size":"auto","background-attachment":"scroll","background-type":"","background-media":"","overlay-type":"","overlay-color":"","overlay-opacity":"","overlay-gradient":""},"mobile":{"background-color":"var(--ast-global-color-4)","background-image":"","background-repeat":"repeat","background-position":"center center","background-size":"auto","background-attachment":"scroll","background-type":"","background-media":"","overlay-type":"","overlay-color":"","overlay-opacity":"","overlay-gradient":""}},"footnotes":""},"categories":[1],"tags":[],"class_list":["post-20991","post","type-post","status-publish","format-standard","hentry","category-sem-categoria"],"yoast_head":"<!-- This site is optimized with the Yoast SEO plugin v26.6 - https:\/\/yoast.com\/wordpress\/plugins\/seo\/ -->\n<title>10 \u00f4nibus biarticulados chegam a S\u00e3o Lu\u00eds - Daniel Matos<\/title>\n<meta name=\"robots\" content=\"index, follow, max-snippet:-1, max-image-preview:large, max-video-preview:-1\" \/>\n<link rel=\"canonical\" href=\"https:\/\/www.blogsoestado.com\/danielmatos\/10-onibus-biarticulados-chegam-a-sao-luis\/\" \/>\n<meta property=\"og:locale\" content=\"pt_BR\" \/>\n<meta property=\"og:type\" content=\"article\" \/>\n<meta property=\"og:title\" content=\"10 \u00f4nibus biarticulados chegam a S\u00e3o Lu\u00eds - Daniel Matos\" \/>\n<meta property=\"og:description\" content=\"A empresa Maranhense, uma das que det\u00eam\u00a0concess\u00f5es de linhas do transporte p\u00fablico em S\u00e3o Lu\u00eds, recebeu 10 \u00f4nibus biarticulados. As [&hellip;]\" \/>\n<meta property=\"og:url\" content=\"https:\/\/www.blogsoestado.com\/danielmatos\/10-onibus-biarticulados-chegam-a-sao-luis\/\" \/>\n<meta property=\"og:site_name\" content=\"Daniel Matos\" \/>\n<meta property=\"article:published_time\" content=\"2014-12-09T21:54:23+00:00\" \/>\n<meta name=\"twitter:card\" content=\"summary_large_image\" \/>\n<meta name=\"twitter:label1\" content=\"Est. tempo de leitura\" \/>\n\t<meta name=\"twitter:data1\" content=\"1 minuto\" \/>\n<script type=\"application\/ld+json\" class=\"yoast-schema-graph\">{\"@context\":\"https:\/\/schema.org\",\"@graph\":[{\"@type\":\"WebPage\",\"@id\":\"https:\/\/www.blogsoestado.com\/danielmatos\/10-onibus-biarticulados-chegam-a-sao-luis\/\",\"url\":\"https:\/\/www.blogsoestado.com\/danielmatos\/10-onibus-biarticulados-chegam-a-sao-luis\/\",\"name\":\"10 \u00f4nibus biarticulados chegam a S\u00e3o Lu\u00eds - Daniel Matos\",\"isPartOf\":{\"@id\":\"https:\/\/www.blogsoestado.com\/danielmatos\/#website\"},\"datePublished\":\"2014-12-09T21:54:23+00:00\",\"author\":{\"@id\":\"\"},\"breadcrumb\":{\"@id\":\"https:\/\/www.blogsoestado.com\/danielmatos\/10-onibus-biarticulados-chegam-a-sao-luis\/#breadcrumb\"},\"inLanguage\":\"pt-BR\",\"potentialAction\":[{\"@type\":\"ReadAction\",\"target\":[\"https:\/\/www.blogsoestado.com\/danielmatos\/10-onibus-biarticulados-chegam-a-sao-luis\/\"]}]},{\"@type\":\"BreadcrumbList\",\"@id\":\"https:\/\/www.blogsoestado.com\/danielmatos\/10-onibus-biarticulados-chegam-a-sao-luis\/#breadcrumb\",\"itemListElement\":[{\"@type\":\"ListItem\",\"position\":1,\"name\":\"In\u00edcio\",\"item\":\"https:\/\/www.blogsoestado.com\/danielmatos\/\"},{\"@type\":\"ListItem\",\"position\":2,\"name\":\"10 \u00f4nibus biarticulados chegam a S\u00e3o Lu\u00eds\"}]},{\"@type\":\"WebSite\",\"@id\":\"https:\/\/www.blogsoestado.com\/danielmatos\/#website\",\"url\":\"https:\/\/www.blogsoestado.com\/danielmatos\/\",\"name\":\"Daniel Matos\",\"description\":\"\",\"potentialAction\":[{\"@type\":\"SearchAction\",\"target\":{\"@type\":\"EntryPoint\",\"urlTemplate\":\"https:\/\/www.blogsoestado.com\/danielmatos\/?s={search_term_string}\"},\"query-input\":{\"@type\":\"PropertyValueSpecification\",\"valueRequired\":true,\"valueName\":\"search_term_string\"}}],\"inLanguage\":\"pt-BR\"}]}<\/script>\n<!-- \/ Yoast SEO plugin. -->","yoast_head_json":{"title":"10 \u00f4nibus biarticulados chegam a S\u00e3o Lu\u00eds - Daniel Matos","robots":{"index":"index","follow":"follow","max-snippet":"max-snippet:-1","max-image-preview":"max-image-preview:large","max-video-preview":"max-video-preview:-1"},"canonical":"https:\/\/www.blogsoestado.com\/danielmatos\/10-onibus-biarticulados-chegam-a-sao-luis\/","og_locale":"pt_BR","og_type":"article","og_title":"10 \u00f4nibus biarticulados chegam a S\u00e3o Lu\u00eds - Daniel Matos","og_description":"A empresa Maranhense, uma das que det\u00eam\u00a0concess\u00f5es de linhas do transporte p\u00fablico em S\u00e3o Lu\u00eds, recebeu 10 \u00f4nibus biarticulados. As [&hellip;]","og_url":"https:\/\/www.blogsoestado.com\/danielmatos\/10-onibus-biarticulados-chegam-a-sao-luis\/","og_site_name":"Daniel Matos","article_published_time":"2014-12-09T21:54:23+00:00","twitter_card":"summary_large_image","twitter_misc":{"Est. tempo de leitura":"1 minuto"},"schema":{"@context":"https:\/\/schema.org","@graph":[{"@type":"WebPage","@id":"https:\/\/www.blogsoestado.com\/danielmatos\/10-onibus-biarticulados-chegam-a-sao-luis\/","url":"https:\/\/www.blogsoestado.com\/danielmatos\/10-onibus-biarticulados-chegam-a-sao-luis\/","name":"10 \u00f4nibus biarticulados chegam a S\u00e3o Lu\u00eds - Daniel Matos","isPartOf":{"@id":"https:\/\/www.blogsoestado.com\/danielmatos\/#website"},"datePublished":"2014-12-09T21:54:23+00:00","author":{"@id":""},"breadcrumb":{"@id":"https:\/\/www.blogsoestado.com\/danielmatos\/10-onibus-biarticulados-chegam-a-sao-luis\/#breadcrumb"},"inLanguage":"pt-BR","potentialAction":[{"@type":"ReadAction","target":["https:\/\/www.blogsoestado.com\/danielmatos\/10-onibus-biarticulados-chegam-a-sao-luis\/"]}]},{"@type":"BreadcrumbList","@id":"https:\/\/www.blogsoestado.com\/danielmatos\/10-onibus-biarticulados-chegam-a-sao-luis\/#breadcrumb","itemListElement":[{"@type":"ListItem","position":1,"name":"In\u00edcio","item":"https:\/\/www.blogsoestado.com\/danielmatos\/"},{"@type":"ListItem","position":2,"name":"10 \u00f4nibus biarticulados chegam a S\u00e3o Lu\u00eds"}]},{"@type":"WebSite","@id":"https:\/\/www.blogsoestado.com\/danielmatos\/#website","url":"https:\/\/www.blogsoestado.com\/danielmatos\/","name":"Daniel Matos","description":"","potentialAction":[{"@type":"SearchAction","target":{"@type":"EntryPoint","urlTemplate":"https:\/\/www.blogsoestado.com\/danielmatos\/?s={search_term_string}"},"query-input":{"@type":"PropertyValueSpecification","valueRequired":true,"valueName":"search_term_string"}}],"inLanguage":"pt-BR"}]}},"jetpack_featured_media_url":"","_links":{"self":[{"href":"https:\/\/www.blogsoestado.com\/danielmatos\/wp-json\/wp\/v2\/posts\/20991","targetHints":{"allow":["GET"]}}],"collection":[{"href":"https:\/\/www.blogsoestado.com\/danielmatos\/wp-json\/wp\/v2\/posts"}],"about":[{"href":"https:\/\/www.blogsoestado.com\/danielmatos\/wp-json\/wp\/v2\/types\/post"}],"replies":[{"embeddable":true,"href":"https:\/\/www.blogsoestado.com\/danielmatos\/wp-json\/wp\/v2\/comments?post=20991"}],"version-history":[{"count":0,"href":"https:\/\/www.blogsoestado.com\/danielmatos\/wp-json\/wp\/v2\/posts\/20991\/revisions"}],"wp:attachment":[{"href":"https:\/\/www.blogsoestado.com\/danielmatos\/wp-json\/wp\/v2\/media?parent=20991"}],"wp:term":[{"taxonomy":"category","embeddable":true,"href":"https:\/\/www.blogsoestado.com\/danielmatos\/wp-json\/wp\/v2\/categories?post=20991"},{"taxonomy":"post_tag","embeddable":true,"href":"https:\/\/www.blogsoestado.com\/danielmatos\/wp-json\/wp\/v2\/tags?post=20991"}],"curies":[{"name":"wp","href":"https:\/\/api.w.org\/{rel}","templated":true}]}}