{"id":20998,"date":"2014-12-09T19:09:30","date_gmt":"2014-12-09T22:09:30","guid":{"rendered":"https:\/\/www.blogsoestado.com\/danielmatos\/?p=20998"},"modified":"2014-12-09T19:09:30","modified_gmt":"2014-12-09T22:09:30","slug":"andre-campos-inaugura-posto-de-atendimento-avancado-do-detran-na-cohab","status":"publish","type":"post","link":"https:\/\/www.blogsoestado.com\/danielmatos\/andre-campos-inaugura-posto-de-atendimento-avancado-do-detran-na-cohab\/","title":{"rendered":"Andr\u00e9 Campos inaugura posto de atendimento  avan\u00e7ado do Detran na Cohab"},"content":{"rendered":"<figure id=\"attachment_20999\" aria-describedby=\"caption-attachment-20999\" style=\"width: 640px\" class=\"wp-caption aligncenter\"><a href=\"https:\/\/www.blogsoestado.com\/danielmatos\/files\/2014\/12\/detran-cohab.jpg\"><img fetchpriority=\"high\" decoding=\"async\" class=\"size-full wp-image-20999\" src=\"https:\/\/www.blogsoestado.com\/danielmatos\/files\/2014\/12\/detran-cohab.jpg\" alt=\"Diretor-geral, Andr\u00e9 Campos, descerra placa de inaugura\u00e7\u00e3o do posto avan\u00e7ado do Detran na Cohab\" width=\"640\" height=\"426\" \/><\/a><figcaption id=\"caption-attachment-20999\" class=\"wp-caption-text\">Diretor-geral, Andr\u00e9 Campos, descerra placa de inaugura\u00e7\u00e3o do posto avan\u00e7ado do Detran na Cohab<\/figcaption><\/figure>\n<p>O diretor-geral do Detran-MA, Andr\u00e9 Campos inaugurou na manh\u00e3 desta ter\u00e7a-feira (9\/12), o novo posto avan\u00e7ado de atendimento do Detran-MA, localizado no Shopping Dal Plaza, em S\u00e3o Lu\u00eds, que foi totalmente reformado e readequado.<br \/>\nO posto agora conta com seis guich\u00eas de atendimento, sistema informatizado de senhas para atendimento que conta inclusive com opini\u00f4metro, onde cada usu\u00e1rio vai poder demonstrar sua satisfa\u00e7\u00e3o no atendimento, al\u00e9m de um conjunto mobiliado novo que garantir\u00e1 mais conforto ao usu\u00e1rio na espera de atendimento.<\/p>\n<p>Localizado no 1\u00ba piso do Shopping Dal Plaza, o posto de atendimento do Detran-MA conta com uma \u00e1rea de 40 metros quadrados devidamente climatizada e atende usu\u00e1rios que buscam os servi\u00e7os de habilita\u00e7\u00e3o e consulta de multas. Segundo estimativas aproximadamente s\u00e3o atendidos 300 usu\u00e1rios por dia no posto.<\/p>\n<p>O novo posto do Detran-MA no Dal Plaza \u00e9 mais amplo e segue o mesmo padr\u00e3o utilizado na reforma da sede do \u00f3rg\u00e3o na Vila Palmeira. Para a padroniza\u00e7\u00e3o do espa\u00e7o foi adquirida uma nova mob\u00edlia e a retirada das divis\u00f3rias, o que tornou o ambiente tamb\u00e9m mais arejado. O local recebeu uma nova pintura, restaura\u00e7\u00e3o de piso, projeto de ilumina\u00e7\u00e3o e climatiza\u00e7\u00e3o. O novo espa\u00e7o recebeu tamb\u00e9m uma nova rede l\u00f3gica com um novo cabeamento, al\u00e9m de computadores e impressoras novas.<\/p>\n<p>Dion\u00e9ia Machado, supervisora do posto do Detran-Ma no Shopping Dal Plaza, na Cohab, explica que agora o espa\u00e7o \u00e9 maior, a climatiza\u00e7\u00e3o tamb\u00e9m est\u00e1 adequada. &#8220;Antes muitos usu\u00e1rios ficavam aguardando atendimento do lado de fora, agora, o local ficou mais amplo e todos usu\u00e1rios aguardam atendimento sentados. Foi implementado tamb\u00e9m sistema de senhas, ningu\u00e9m mais tem que ficar em p\u00e9 em uma fila&#8221;, destacou a supervisora Dion\u00e9ia. \u201cFoi uma grata surpresa ver a mudan\u00e7a do posto aqui da Cohab! Vim aqui semana retrasada e acho que o posto ficou muito confort\u00e1vel\u201d, destacou a estudante Vanessa Beckman, a primeira usu\u00e1ria atendida na inaugura\u00e7\u00e3o.<\/p>\n<figure id=\"attachment_21000\" aria-describedby=\"caption-attachment-21000\" style=\"width: 640px\" class=\"wp-caption aligncenter\"><a href=\"https:\/\/www.blogsoestado.com\/danielmatos\/files\/2014\/12\/detran-cohab2.jpg\"><img decoding=\"async\" class=\"size-full wp-image-21000\" src=\"https:\/\/www.blogsoestado.com\/danielmatos\/files\/2014\/12\/detran-cohab2.jpg\" alt=\"Sagu\u00e3o do posto, onde usu\u00e1rios aguardar\u00e3o atendimento com conforto, em ambiente organizado\" width=\"640\" height=\"426\" \/><\/a><figcaption id=\"caption-attachment-21000\" class=\"wp-caption-text\">Sagu\u00e3o do posto avan\u00e7ado, onde usu\u00e1rios aguardar\u00e3o atendimento com conforto, em ambiente organizado<\/figcaption><\/figure>\n<p>\u201cEstamos trabalhando at\u00e9 o dia 31 de dezembro para entregar ao usu\u00e1rio esse e outros postos totalmente reformado e moderno de atendimento do Detran para a popula\u00e7\u00e3o S\u00e3o Lu\u00eds! Esse \u00e9 o modelo de posto de atendimento que estamos implantando inclusive nas Ciretrans!\u201d, destacou o Diretor Geral do Detran-MA, Andr\u00e9 Campos que fez a inaugura\u00e7\u00e3o juntamente com o diretor Operacional, M\u00e1rcio Cavalcante, a Diretora Financeira Gra\u00e7a Paz, a chefa de recursos humanos do Detran, Gra\u00e7a Reis, a chefa da Vistoria, L\u00facia Macedo, a Chefa da Habilita\u00e7\u00e3o, Nazar\u00e9 Nunes, o Chefe da Inform\u00e1tica, Cleyton Soares, a Assessora de Planejamento, Cristiane Silva, al\u00e9m dos usu\u00e1rios que estavam sendo atendidos no posto.<\/p>\n<p><strong>Cronograma de inaugura\u00e7\u00f5es:<\/strong><\/p>\n<p>Dia 9.12 \u2013 Inaugura\u00e7\u00e3o do Posto Avan\u00e7ado Detran Dal Plaza \u2013 Cohab<br \/>\nDia 12.12- Inaugura\u00e7\u00e3o do Posto Avan\u00e7ado Detran Shopping do Autom\u00f3vel &#8211; Calhau<br \/>\nDia 15.12 &#8211; Inaugura\u00e7\u00e3o do Posto Avan\u00e7ado Detran Pa\u00e7o do Lumiar \u2013 Estrada de Ribamar<br \/>\nDia 16.12 &#8211; Inaugura\u00e7\u00e3o do novo pr\u00e9dio e galp\u00e3o da Vistoria da sede Detran- Vila Palmeira<br \/>\nDia 19.12 \u2013 Inaugura\u00e7\u00e3o da nova Ciretran de Balsas<br \/>\nDia 29.12 \u2013 Inaugura\u00e7\u00e3o da nova Ciretran de Imperatriz<\/p>\n<p><strong>Fonte:<\/strong> Detran<\/p>\n","protected":false},"excerpt":{"rendered":"<p>O diretor-geral do Detran-MA, Andr\u00e9 Campos inaugurou na manh\u00e3 desta ter\u00e7a-feira (9\/12), o novo posto avan\u00e7ado de atendimento do Detran-MA, [&hellip;]<\/p>\n","protected":false},"author":0,"featured_media":0,"comment_status":"open","ping_status":"open","sticky":false,"template":"","format":"standard","meta":{"site-sidebar-layout":"default","site-content-layout":"","ast-site-content-layout":"default","site-content-style":"default","site-sidebar-style":"default","ast-global-header-display":"","ast-banner-title-visibility":"","ast-main-header-display":"","ast-hfb-above-header-display":"","ast-hfb-below-header-display":"","ast-hfb-mobile-header-display":"","site-post-title":"","ast-breadcrumbs-content":"","ast-featured-img":"","footer-sml-layout":"","ast-disable-related-posts":"","theme-transparent-header-meta":"","adv-header-id-meta":"","stick-header-meta":"","header-above-stick-meta":"","header-main-stick-meta":"","header-below-stick-meta":"","astra-migrate-meta-layouts":"default","ast-page-background-enabled":"default","ast-page-background-meta":{"desktop":{"background-color":"var(--ast-global-color-5)","background-image":"","background-repeat":"repeat","background-position":"center center","background-size":"auto","background-attachment":"scroll","background-type":"","background-media":"","overlay-type":"","overlay-color":"","overlay-opacity":"","overlay-gradient":""},"tablet":{"background-color":"","background-image":"","background-repeat":"repeat","background-position":"center center","background-size":"auto","background-attachment":"scroll","background-type":"","background-media":"","overlay-type":"","overlay-color":"","overlay-opacity":"","overlay-gradient":""},"mobile":{"background-color":"","background-image":"","background-repeat":"repeat","background-position":"center center","background-size":"auto","background-attachment":"scroll","background-type":"","background-media":"","overlay-type":"","overlay-color":"","overlay-opacity":"","overlay-gradient":""}},"ast-content-background-meta":{"desktop":{"background-color":"var(--ast-global-color-4)","background-image":"","background-repeat":"repeat","background-position":"center center","background-size":"auto","background-attachment":"scroll","background-type":"","background-media":"","overlay-type":"","overlay-color":"","overlay-opacity":"","overlay-gradient":""},"tablet":{"background-color":"var(--ast-global-color-4)","background-image":"","background-repeat":"repeat","background-position":"center center","background-size":"auto","background-attachment":"scroll","background-type":"","background-media":"","overlay-type":"","overlay-color":"","overlay-opacity":"","overlay-gradient":""},"mobile":{"background-color":"var(--ast-global-color-4)","background-image":"","background-repeat":"repeat","background-position":"center center","background-size":"auto","background-attachment":"scroll","background-type":"","background-media":"","overlay-type":"","overlay-color":"","overlay-opacity":"","overlay-gradient":""}},"footnotes":""},"categories":[1],"tags":[],"class_list":["post-20998","post","type-post","status-publish","format-standard","hentry","category-sem-categoria"],"yoast_head":"<!-- This site is optimized with the Yoast SEO plugin v26.6 - https:\/\/yoast.com\/wordpress\/plugins\/seo\/ -->\n<title>Andr\u00e9 Campos inaugura posto de atendimento avan\u00e7ado do Detran na Cohab - Daniel Matos<\/title>\n<meta name=\"robots\" content=\"index, follow, max-snippet:-1, max-image-preview:large, max-video-preview:-1\" \/>\n<link rel=\"canonical\" href=\"https:\/\/www.blogsoestado.com\/danielmatos\/andre-campos-inaugura-posto-de-atendimento-avancado-do-detran-na-cohab\/\" \/>\n<meta property=\"og:locale\" content=\"pt_BR\" \/>\n<meta property=\"og:type\" content=\"article\" \/>\n<meta property=\"og:title\" content=\"Andr\u00e9 Campos inaugura posto de atendimento avan\u00e7ado do Detran na Cohab - Daniel Matos\" \/>\n<meta property=\"og:description\" content=\"O diretor-geral do Detran-MA, Andr\u00e9 Campos inaugurou na manh\u00e3 desta ter\u00e7a-feira (9\/12), o novo posto avan\u00e7ado de atendimento do Detran-MA, [&hellip;]\" \/>\n<meta property=\"og:url\" content=\"https:\/\/www.blogsoestado.com\/danielmatos\/andre-campos-inaugura-posto-de-atendimento-avancado-do-detran-na-cohab\/\" \/>\n<meta property=\"og:site_name\" content=\"Daniel Matos\" \/>\n<meta property=\"article:published_time\" content=\"2014-12-09T22:09:30+00:00\" \/>\n<meta property=\"og:image\" content=\"https:\/\/www.blogsoestado.com\/danielmatos\/files\/2014\/12\/detran-cohab.jpg\" \/>\n<meta name=\"twitter:card\" content=\"summary_large_image\" \/>\n<meta name=\"twitter:label1\" content=\"Est. tempo de leitura\" \/>\n\t<meta name=\"twitter:data1\" content=\"3 minutos\" \/>\n<script type=\"application\/ld+json\" class=\"yoast-schema-graph\">{\"@context\":\"https:\/\/schema.org\",\"@graph\":[{\"@type\":\"WebPage\",\"@id\":\"https:\/\/www.blogsoestado.com\/danielmatos\/andre-campos-inaugura-posto-de-atendimento-avancado-do-detran-na-cohab\/\",\"url\":\"https:\/\/www.blogsoestado.com\/danielmatos\/andre-campos-inaugura-posto-de-atendimento-avancado-do-detran-na-cohab\/\",\"name\":\"Andr\u00e9 Campos inaugura posto de atendimento avan\u00e7ado do Detran na Cohab - Daniel Matos\",\"isPartOf\":{\"@id\":\"https:\/\/www.blogsoestado.com\/danielmatos\/#website\"},\"primaryImageOfPage\":{\"@id\":\"https:\/\/www.blogsoestado.com\/danielmatos\/andre-campos-inaugura-posto-de-atendimento-avancado-do-detran-na-cohab\/#primaryimage\"},\"image\":{\"@id\":\"https:\/\/www.blogsoestado.com\/danielmatos\/andre-campos-inaugura-posto-de-atendimento-avancado-do-detran-na-cohab\/#primaryimage\"},\"thumbnailUrl\":\"https:\/\/www.blogsoestado.com\/danielmatos\/files\/2014\/12\/detran-cohab.jpg\",\"datePublished\":\"2014-12-09T22:09:30+00:00\",\"author\":{\"@id\":\"\"},\"breadcrumb\":{\"@id\":\"https:\/\/www.blogsoestado.com\/danielmatos\/andre-campos-inaugura-posto-de-atendimento-avancado-do-detran-na-cohab\/#breadcrumb\"},\"inLanguage\":\"pt-BR\",\"potentialAction\":[{\"@type\":\"ReadAction\",\"target\":[\"https:\/\/www.blogsoestado.com\/danielmatos\/andre-campos-inaugura-posto-de-atendimento-avancado-do-detran-na-cohab\/\"]}]},{\"@type\":\"ImageObject\",\"inLanguage\":\"pt-BR\",\"@id\":\"https:\/\/www.blogsoestado.com\/danielmatos\/andre-campos-inaugura-posto-de-atendimento-avancado-do-detran-na-cohab\/#primaryimage\",\"url\":\"https:\/\/www.blogsoestado.com\/danielmatos\/files\/2014\/12\/detran-cohab.jpg\",\"contentUrl\":\"https:\/\/www.blogsoestado.com\/danielmatos\/files\/2014\/12\/detran-cohab.jpg\"},{\"@type\":\"BreadcrumbList\",\"@id\":\"https:\/\/www.blogsoestado.com\/danielmatos\/andre-campos-inaugura-posto-de-atendimento-avancado-do-detran-na-cohab\/#breadcrumb\",\"itemListElement\":[{\"@type\":\"ListItem\",\"position\":1,\"name\":\"In\u00edcio\",\"item\":\"https:\/\/www.blogsoestado.com\/danielmatos\/\"},{\"@type\":\"ListItem\",\"position\":2,\"name\":\"Andr\u00e9 Campos inaugura posto de atendimento avan\u00e7ado do Detran na Cohab\"}]},{\"@type\":\"WebSite\",\"@id\":\"https:\/\/www.blogsoestado.com\/danielmatos\/#website\",\"url\":\"https:\/\/www.blogsoestado.com\/danielmatos\/\",\"name\":\"Daniel Matos\",\"description\":\"\",\"potentialAction\":[{\"@type\":\"SearchAction\",\"target\":{\"@type\":\"EntryPoint\",\"urlTemplate\":\"https:\/\/www.blogsoestado.com\/danielmatos\/?s={search_term_string}\"},\"query-input\":{\"@type\":\"PropertyValueSpecification\",\"valueRequired\":true,\"valueName\":\"search_term_string\"}}],\"inLanguage\":\"pt-BR\"}]}<\/script>\n<!-- \/ Yoast SEO plugin. -->","yoast_head_json":{"title":"Andr\u00e9 Campos inaugura posto de atendimento avan\u00e7ado do Detran na Cohab - Daniel Matos","robots":{"index":"index","follow":"follow","max-snippet":"max-snippet:-1","max-image-preview":"max-image-preview:large","max-video-preview":"max-video-preview:-1"},"canonical":"https:\/\/www.blogsoestado.com\/danielmatos\/andre-campos-inaugura-posto-de-atendimento-avancado-do-detran-na-cohab\/","og_locale":"pt_BR","og_type":"article","og_title":"Andr\u00e9 Campos inaugura posto de atendimento avan\u00e7ado do Detran na Cohab - Daniel Matos","og_description":"O diretor-geral do Detran-MA, Andr\u00e9 Campos inaugurou na manh\u00e3 desta ter\u00e7a-feira (9\/12), o novo posto avan\u00e7ado de atendimento do Detran-MA, [&hellip;]","og_url":"https:\/\/www.blogsoestado.com\/danielmatos\/andre-campos-inaugura-posto-de-atendimento-avancado-do-detran-na-cohab\/","og_site_name":"Daniel Matos","article_published_time":"2014-12-09T22:09:30+00:00","og_image":[{"url":"https:\/\/www.blogsoestado.com\/danielmatos\/files\/2014\/12\/detran-cohab.jpg","type":"","width":"","height":""}],"twitter_card":"summary_large_image","twitter_misc":{"Est. tempo de leitura":"3 minutos"},"schema":{"@context":"https:\/\/schema.org","@graph":[{"@type":"WebPage","@id":"https:\/\/www.blogsoestado.com\/danielmatos\/andre-campos-inaugura-posto-de-atendimento-avancado-do-detran-na-cohab\/","url":"https:\/\/www.blogsoestado.com\/danielmatos\/andre-campos-inaugura-posto-de-atendimento-avancado-do-detran-na-cohab\/","name":"Andr\u00e9 Campos inaugura posto de atendimento avan\u00e7ado do Detran na Cohab - Daniel Matos","isPartOf":{"@id":"https:\/\/www.blogsoestado.com\/danielmatos\/#website"},"primaryImageOfPage":{"@id":"https:\/\/www.blogsoestado.com\/danielmatos\/andre-campos-inaugura-posto-de-atendimento-avancado-do-detran-na-cohab\/#primaryimage"},"image":{"@id":"https:\/\/www.blogsoestado.com\/danielmatos\/andre-campos-inaugura-posto-de-atendimento-avancado-do-detran-na-cohab\/#primaryimage"},"thumbnailUrl":"https:\/\/www.blogsoestado.com\/danielmatos\/files\/2014\/12\/detran-cohab.jpg","datePublished":"2014-12-09T22:09:30+00:00","author":{"@id":""},"breadcrumb":{"@id":"https:\/\/www.blogsoestado.com\/danielmatos\/andre-campos-inaugura-posto-de-atendimento-avancado-do-detran-na-cohab\/#breadcrumb"},"inLanguage":"pt-BR","potentialAction":[{"@type":"ReadAction","target":["https:\/\/www.blogsoestado.com\/danielmatos\/andre-campos-inaugura-posto-de-atendimento-avancado-do-detran-na-cohab\/"]}]},{"@type":"ImageObject","inLanguage":"pt-BR","@id":"https:\/\/www.blogsoestado.com\/danielmatos\/andre-campos-inaugura-posto-de-atendimento-avancado-do-detran-na-cohab\/#primaryimage","url":"https:\/\/www.blogsoestado.com\/danielmatos\/files\/2014\/12\/detran-cohab.jpg","contentUrl":"https:\/\/www.blogsoestado.com\/danielmatos\/files\/2014\/12\/detran-cohab.jpg"},{"@type":"BreadcrumbList","@id":"https:\/\/www.blogsoestado.com\/danielmatos\/andre-campos-inaugura-posto-de-atendimento-avancado-do-detran-na-cohab\/#breadcrumb","itemListElement":[{"@type":"ListItem","position":1,"name":"In\u00edcio","item":"https:\/\/www.blogsoestado.com\/danielmatos\/"},{"@type":"ListItem","position":2,"name":"Andr\u00e9 Campos inaugura posto de atendimento avan\u00e7ado do Detran na Cohab"}]},{"@type":"WebSite","@id":"https:\/\/www.blogsoestado.com\/danielmatos\/#website","url":"https:\/\/www.blogsoestado.com\/danielmatos\/","name":"Daniel Matos","description":"","potentialAction":[{"@type":"SearchAction","target":{"@type":"EntryPoint","urlTemplate":"https:\/\/www.blogsoestado.com\/danielmatos\/?s={search_term_string}"},"query-input":{"@type":"PropertyValueSpecification","valueRequired":true,"valueName":"search_term_string"}}],"inLanguage":"pt-BR"}]}},"jetpack_featured_media_url":"","_links":{"self":[{"href":"https:\/\/www.blogsoestado.com\/danielmatos\/wp-json\/wp\/v2\/posts\/20998","targetHints":{"allow":["GET"]}}],"collection":[{"href":"https:\/\/www.blogsoestado.com\/danielmatos\/wp-json\/wp\/v2\/posts"}],"about":[{"href":"https:\/\/www.blogsoestado.com\/danielmatos\/wp-json\/wp\/v2\/types\/post"}],"replies":[{"embeddable":true,"href":"https:\/\/www.blogsoestado.com\/danielmatos\/wp-json\/wp\/v2\/comments?post=20998"}],"version-history":[{"count":0,"href":"https:\/\/www.blogsoestado.com\/danielmatos\/wp-json\/wp\/v2\/posts\/20998\/revisions"}],"wp:attachment":[{"href":"https:\/\/www.blogsoestado.com\/danielmatos\/wp-json\/wp\/v2\/media?parent=20998"}],"wp:term":[{"taxonomy":"category","embeddable":true,"href":"https:\/\/www.blogsoestado.com\/danielmatos\/wp-json\/wp\/v2\/categories?post=20998"},{"taxonomy":"post_tag","embeddable":true,"href":"https:\/\/www.blogsoestado.com\/danielmatos\/wp-json\/wp\/v2\/tags?post=20998"}],"curies":[{"name":"wp","href":"https:\/\/api.w.org\/{rel}","templated":true}]}}