{"id":21007,"date":"2014-12-10T08:42:58","date_gmt":"2014-12-10T11:42:58","guid":{"rendered":"https:\/\/www.blogsoestado.com\/danielmatos\/?p=21007"},"modified":"2014-12-10T08:42:58","modified_gmt":"2014-12-10T11:42:58","slug":"em-carta-de-renuncia-roseana-diz-que-se-recolhera-para-cuidar-da-saude","status":"publish","type":"post","link":"https:\/\/www.blogsoestado.com\/danielmatos\/em-carta-de-renuncia-roseana-diz-que-se-recolhera-para-cuidar-da-saude\/","title":{"rendered":"Em carta de ren\u00fancia, Roseana diz que se recolher\u00e1 para cuidar da sa\u00fade"},"content":{"rendered":"<figure id=\"attachment_21010\" aria-describedby=\"caption-attachment-21010\" style=\"width: 640px\" class=\"wp-caption aligncenter\"><a href=\"https:\/\/www.blogsoestado.com\/danielmatos\/files\/2014\/12\/roseana-sarney-renuncia2.jpg\"><img fetchpriority=\"high\" decoding=\"async\" class=\"size-full wp-image-21010\" src=\"https:\/\/www.blogsoestado.com\/danielmatos\/files\/2014\/12\/roseana-sarney-renuncia2.jpg\" alt=\"Roseana l\u00ea carta de ren\u00fancia ao lado do pai, Jos\u00e9 Sarney, do marido, Jorge Murad, dos netos e do deputado Arnaldo Melo, que a suceder\u00e1 \" width=\"640\" height=\"360\" \/><\/a><figcaption id=\"caption-attachment-21010\" class=\"wp-caption-text\">Roseana l\u00ea carta de ren\u00fancia ao lado do pai, Jos\u00e9 Sarney, do marido, Jorge Murad, dos netos e do deputado Arnaldo Melo, que a suceder\u00e1 (<strong>Foto:<\/strong> Ribamar Cunha)<\/figcaption><\/figure>\n<p>A governadora Roseana Sarney anuncia, nesta quarta-feira (10), que deixar\u00e1 o Governo do Estado do Maranh\u00e3o.<\/p>\n<p>\u201cForam anos de muito trabalho. Nos \u00faltimos meses, cumpri uma extensa agenda de visitas, vistorias e inaugura\u00e7\u00f5es de obras em dezenas de cidades do Maranh\u00e3o. Agora, por recomenda\u00e7\u00f5es m\u00e9dicas, me recolho para um descanso necess\u00e1rio, pelo bem da minha sa\u00fade. Aos maranhenses e \u00e0queles que escolheram nosso estado para viver, o meu muito obrigada por terem me dado a honra de represent\u00e1-los. Pe\u00e7o a Deus que aben\u00e7oe a todos e que ilumine os nossos futuros governantes.\u201d<\/p>\n<p>A governadora Roseana faz\u00a0um pronunciamento \u00e0s 8h30h desta quarta-feira (10), no Pal\u00e1cio dos Le\u00f5es.<\/p>\n<p>O deputado estadual Arnaldo Melo, presidente da Assembleia Legislativa, assumir\u00e1 o Governo do Estado do Maranh\u00e3o.<\/p>\n","protected":false},"excerpt":{"rendered":"<p>A governadora Roseana Sarney anuncia, nesta quarta-feira (10), que deixar\u00e1 o Governo do Estado do Maranh\u00e3o. \u201cForam anos de muito [&hellip;]<\/p>\n","protected":false},"author":0,"featured_media":0,"comment_status":"open","ping_status":"open","sticky":false,"template":"","format":"standard","meta":{"site-sidebar-layout":"default","site-content-layout":"","ast-site-content-layout":"default","site-content-style":"default","site-sidebar-style":"default","ast-global-header-display":"","ast-banner-title-visibility":"","ast-main-header-display":"","ast-hfb-above-header-display":"","ast-hfb-below-header-display":"","ast-hfb-mobile-header-display":"","site-post-title":"","ast-breadcrumbs-content":"","ast-featured-img":"","footer-sml-layout":"","ast-disable-related-posts":"","theme-transparent-header-meta":"","adv-header-id-meta":"","stick-header-meta":"","header-above-stick-meta":"","header-main-stick-meta":"","header-below-stick-meta":"","astra-migrate-meta-layouts":"default","ast-page-background-enabled":"default","ast-page-background-meta":{"desktop":{"background-color":"var(--ast-global-color-5)","background-image":"","background-repeat":"repeat","background-position":"center center","background-size":"auto","background-attachment":"scroll","background-type":"","background-media":"","overlay-type":"","overlay-color":"","overlay-opacity":"","overlay-gradient":""},"tablet":{"background-color":"","background-image":"","background-repeat":"repeat","background-position":"center center","background-size":"auto","background-attachment":"scroll","background-type":"","background-media":"","overlay-type":"","overlay-color":"","overlay-opacity":"","overlay-gradient":""},"mobile":{"background-color":"","background-image":"","background-repeat":"repeat","background-position":"center center","background-size":"auto","background-attachment":"scroll","background-type":"","background-media":"","overlay-type":"","overlay-color":"","overlay-opacity":"","overlay-gradient":""}},"ast-content-background-meta":{"desktop":{"background-color":"var(--ast-global-color-4)","background-image":"","background-repeat":"repeat","background-position":"center center","background-size":"auto","background-attachment":"scroll","background-type":"","background-media":"","overlay-type":"","overlay-color":"","overlay-opacity":"","overlay-gradient":""},"tablet":{"background-color":"var(--ast-global-color-4)","background-image":"","background-repeat":"repeat","background-position":"center center","background-size":"auto","background-attachment":"scroll","background-type":"","background-media":"","overlay-type":"","overlay-color":"","overlay-opacity":"","overlay-gradient":""},"mobile":{"background-color":"var(--ast-global-color-4)","background-image":"","background-repeat":"repeat","background-position":"center center","background-size":"auto","background-attachment":"scroll","background-type":"","background-media":"","overlay-type":"","overlay-color":"","overlay-opacity":"","overlay-gradient":""}},"footnotes":""},"categories":[1],"tags":[],"class_list":["post-21007","post","type-post","status-publish","format-standard","hentry","category-sem-categoria"],"yoast_head":"<!-- This site is optimized with the Yoast SEO plugin v26.6 - https:\/\/yoast.com\/wordpress\/plugins\/seo\/ -->\n<title>Em carta de ren\u00fancia, Roseana diz que se recolher\u00e1 para cuidar da sa\u00fade - Daniel Matos<\/title>\n<meta name=\"robots\" content=\"index, follow, max-snippet:-1, max-image-preview:large, max-video-preview:-1\" \/>\n<link rel=\"canonical\" href=\"https:\/\/www.blogsoestado.com\/danielmatos\/em-carta-de-renuncia-roseana-diz-que-se-recolhera-para-cuidar-da-saude\/\" \/>\n<meta property=\"og:locale\" content=\"pt_BR\" \/>\n<meta property=\"og:type\" content=\"article\" \/>\n<meta property=\"og:title\" content=\"Em carta de ren\u00fancia, Roseana diz que se recolher\u00e1 para cuidar da sa\u00fade - Daniel Matos\" \/>\n<meta property=\"og:description\" content=\"A governadora Roseana Sarney anuncia, nesta quarta-feira (10), que deixar\u00e1 o Governo do Estado do Maranh\u00e3o. \u201cForam anos de muito [&hellip;]\" \/>\n<meta property=\"og:url\" content=\"https:\/\/www.blogsoestado.com\/danielmatos\/em-carta-de-renuncia-roseana-diz-que-se-recolhera-para-cuidar-da-saude\/\" \/>\n<meta property=\"og:site_name\" content=\"Daniel Matos\" \/>\n<meta property=\"article:published_time\" content=\"2014-12-10T11:42:58+00:00\" \/>\n<meta property=\"og:image\" content=\"https:\/\/www.blogsoestado.com\/danielmatos\/files\/2014\/12\/roseana-sarney-renuncia2.jpg\" \/>\n<meta name=\"twitter:card\" content=\"summary_large_image\" \/>\n<meta name=\"twitter:label1\" content=\"Est. tempo de leitura\" \/>\n\t<meta name=\"twitter:data1\" content=\"1 minuto\" \/>\n<script type=\"application\/ld+json\" class=\"yoast-schema-graph\">{\"@context\":\"https:\/\/schema.org\",\"@graph\":[{\"@type\":\"WebPage\",\"@id\":\"https:\/\/www.blogsoestado.com\/danielmatos\/em-carta-de-renuncia-roseana-diz-que-se-recolhera-para-cuidar-da-saude\/\",\"url\":\"https:\/\/www.blogsoestado.com\/danielmatos\/em-carta-de-renuncia-roseana-diz-que-se-recolhera-para-cuidar-da-saude\/\",\"name\":\"Em carta de ren\u00fancia, Roseana diz que se recolher\u00e1 para cuidar da sa\u00fade - Daniel Matos\",\"isPartOf\":{\"@id\":\"https:\/\/www.blogsoestado.com\/danielmatos\/#website\"},\"primaryImageOfPage\":{\"@id\":\"https:\/\/www.blogsoestado.com\/danielmatos\/em-carta-de-renuncia-roseana-diz-que-se-recolhera-para-cuidar-da-saude\/#primaryimage\"},\"image\":{\"@id\":\"https:\/\/www.blogsoestado.com\/danielmatos\/em-carta-de-renuncia-roseana-diz-que-se-recolhera-para-cuidar-da-saude\/#primaryimage\"},\"thumbnailUrl\":\"https:\/\/www.blogsoestado.com\/danielmatos\/files\/2014\/12\/roseana-sarney-renuncia2.jpg\",\"datePublished\":\"2014-12-10T11:42:58+00:00\",\"author\":{\"@id\":\"\"},\"breadcrumb\":{\"@id\":\"https:\/\/www.blogsoestado.com\/danielmatos\/em-carta-de-renuncia-roseana-diz-que-se-recolhera-para-cuidar-da-saude\/#breadcrumb\"},\"inLanguage\":\"pt-BR\",\"potentialAction\":[{\"@type\":\"ReadAction\",\"target\":[\"https:\/\/www.blogsoestado.com\/danielmatos\/em-carta-de-renuncia-roseana-diz-que-se-recolhera-para-cuidar-da-saude\/\"]}]},{\"@type\":\"ImageObject\",\"inLanguage\":\"pt-BR\",\"@id\":\"https:\/\/www.blogsoestado.com\/danielmatos\/em-carta-de-renuncia-roseana-diz-que-se-recolhera-para-cuidar-da-saude\/#primaryimage\",\"url\":\"https:\/\/www.blogsoestado.com\/danielmatos\/files\/2014\/12\/roseana-sarney-renuncia2.jpg\",\"contentUrl\":\"https:\/\/www.blogsoestado.com\/danielmatos\/files\/2014\/12\/roseana-sarney-renuncia2.jpg\"},{\"@type\":\"BreadcrumbList\",\"@id\":\"https:\/\/www.blogsoestado.com\/danielmatos\/em-carta-de-renuncia-roseana-diz-que-se-recolhera-para-cuidar-da-saude\/#breadcrumb\",\"itemListElement\":[{\"@type\":\"ListItem\",\"position\":1,\"name\":\"In\u00edcio\",\"item\":\"https:\/\/www.blogsoestado.com\/danielmatos\/\"},{\"@type\":\"ListItem\",\"position\":2,\"name\":\"Em carta de ren\u00fancia, Roseana diz que se recolher\u00e1 para cuidar da sa\u00fade\"}]},{\"@type\":\"WebSite\",\"@id\":\"https:\/\/www.blogsoestado.com\/danielmatos\/#website\",\"url\":\"https:\/\/www.blogsoestado.com\/danielmatos\/\",\"name\":\"Daniel Matos\",\"description\":\"\",\"potentialAction\":[{\"@type\":\"SearchAction\",\"target\":{\"@type\":\"EntryPoint\",\"urlTemplate\":\"https:\/\/www.blogsoestado.com\/danielmatos\/?s={search_term_string}\"},\"query-input\":{\"@type\":\"PropertyValueSpecification\",\"valueRequired\":true,\"valueName\":\"search_term_string\"}}],\"inLanguage\":\"pt-BR\"}]}<\/script>\n<!-- \/ Yoast SEO plugin. -->","yoast_head_json":{"title":"Em carta de ren\u00fancia, Roseana diz que se recolher\u00e1 para cuidar da sa\u00fade - Daniel Matos","robots":{"index":"index","follow":"follow","max-snippet":"max-snippet:-1","max-image-preview":"max-image-preview:large","max-video-preview":"max-video-preview:-1"},"canonical":"https:\/\/www.blogsoestado.com\/danielmatos\/em-carta-de-renuncia-roseana-diz-que-se-recolhera-para-cuidar-da-saude\/","og_locale":"pt_BR","og_type":"article","og_title":"Em carta de ren\u00fancia, Roseana diz que se recolher\u00e1 para cuidar da sa\u00fade - Daniel Matos","og_description":"A governadora Roseana Sarney anuncia, nesta quarta-feira (10), que deixar\u00e1 o Governo do Estado do Maranh\u00e3o. \u201cForam anos de muito [&hellip;]","og_url":"https:\/\/www.blogsoestado.com\/danielmatos\/em-carta-de-renuncia-roseana-diz-que-se-recolhera-para-cuidar-da-saude\/","og_site_name":"Daniel Matos","article_published_time":"2014-12-10T11:42:58+00:00","og_image":[{"url":"https:\/\/www.blogsoestado.com\/danielmatos\/files\/2014\/12\/roseana-sarney-renuncia2.jpg","type":"","width":"","height":""}],"twitter_card":"summary_large_image","twitter_misc":{"Est. tempo de leitura":"1 minuto"},"schema":{"@context":"https:\/\/schema.org","@graph":[{"@type":"WebPage","@id":"https:\/\/www.blogsoestado.com\/danielmatos\/em-carta-de-renuncia-roseana-diz-que-se-recolhera-para-cuidar-da-saude\/","url":"https:\/\/www.blogsoestado.com\/danielmatos\/em-carta-de-renuncia-roseana-diz-que-se-recolhera-para-cuidar-da-saude\/","name":"Em carta de ren\u00fancia, Roseana diz que se recolher\u00e1 para cuidar da sa\u00fade - Daniel Matos","isPartOf":{"@id":"https:\/\/www.blogsoestado.com\/danielmatos\/#website"},"primaryImageOfPage":{"@id":"https:\/\/www.blogsoestado.com\/danielmatos\/em-carta-de-renuncia-roseana-diz-que-se-recolhera-para-cuidar-da-saude\/#primaryimage"},"image":{"@id":"https:\/\/www.blogsoestado.com\/danielmatos\/em-carta-de-renuncia-roseana-diz-que-se-recolhera-para-cuidar-da-saude\/#primaryimage"},"thumbnailUrl":"https:\/\/www.blogsoestado.com\/danielmatos\/files\/2014\/12\/roseana-sarney-renuncia2.jpg","datePublished":"2014-12-10T11:42:58+00:00","author":{"@id":""},"breadcrumb":{"@id":"https:\/\/www.blogsoestado.com\/danielmatos\/em-carta-de-renuncia-roseana-diz-que-se-recolhera-para-cuidar-da-saude\/#breadcrumb"},"inLanguage":"pt-BR","potentialAction":[{"@type":"ReadAction","target":["https:\/\/www.blogsoestado.com\/danielmatos\/em-carta-de-renuncia-roseana-diz-que-se-recolhera-para-cuidar-da-saude\/"]}]},{"@type":"ImageObject","inLanguage":"pt-BR","@id":"https:\/\/www.blogsoestado.com\/danielmatos\/em-carta-de-renuncia-roseana-diz-que-se-recolhera-para-cuidar-da-saude\/#primaryimage","url":"https:\/\/www.blogsoestado.com\/danielmatos\/files\/2014\/12\/roseana-sarney-renuncia2.jpg","contentUrl":"https:\/\/www.blogsoestado.com\/danielmatos\/files\/2014\/12\/roseana-sarney-renuncia2.jpg"},{"@type":"BreadcrumbList","@id":"https:\/\/www.blogsoestado.com\/danielmatos\/em-carta-de-renuncia-roseana-diz-que-se-recolhera-para-cuidar-da-saude\/#breadcrumb","itemListElement":[{"@type":"ListItem","position":1,"name":"In\u00edcio","item":"https:\/\/www.blogsoestado.com\/danielmatos\/"},{"@type":"ListItem","position":2,"name":"Em carta de ren\u00fancia, Roseana diz que se recolher\u00e1 para cuidar da sa\u00fade"}]},{"@type":"WebSite","@id":"https:\/\/www.blogsoestado.com\/danielmatos\/#website","url":"https:\/\/www.blogsoestado.com\/danielmatos\/","name":"Daniel Matos","description":"","potentialAction":[{"@type":"SearchAction","target":{"@type":"EntryPoint","urlTemplate":"https:\/\/www.blogsoestado.com\/danielmatos\/?s={search_term_string}"},"query-input":{"@type":"PropertyValueSpecification","valueRequired":true,"valueName":"search_term_string"}}],"inLanguage":"pt-BR"}]}},"jetpack_featured_media_url":"","_links":{"self":[{"href":"https:\/\/www.blogsoestado.com\/danielmatos\/wp-json\/wp\/v2\/posts\/21007","targetHints":{"allow":["GET"]}}],"collection":[{"href":"https:\/\/www.blogsoestado.com\/danielmatos\/wp-json\/wp\/v2\/posts"}],"about":[{"href":"https:\/\/www.blogsoestado.com\/danielmatos\/wp-json\/wp\/v2\/types\/post"}],"replies":[{"embeddable":true,"href":"https:\/\/www.blogsoestado.com\/danielmatos\/wp-json\/wp\/v2\/comments?post=21007"}],"version-history":[{"count":0,"href":"https:\/\/www.blogsoestado.com\/danielmatos\/wp-json\/wp\/v2\/posts\/21007\/revisions"}],"wp:attachment":[{"href":"https:\/\/www.blogsoestado.com\/danielmatos\/wp-json\/wp\/v2\/media?parent=21007"}],"wp:term":[{"taxonomy":"category","embeddable":true,"href":"https:\/\/www.blogsoestado.com\/danielmatos\/wp-json\/wp\/v2\/categories?post=21007"},{"taxonomy":"post_tag","embeddable":true,"href":"https:\/\/www.blogsoestado.com\/danielmatos\/wp-json\/wp\/v2\/tags?post=21007"}],"curies":[{"name":"wp","href":"https:\/\/api.w.org\/{rel}","templated":true}]}}