{"id":21022,"date":"2014-12-10T16:34:24","date_gmt":"2014-12-10T19:34:24","guid":{"rendered":"https:\/\/www.blogsoestado.com\/danielmatos\/?p=21022"},"modified":"2014-12-10T16:34:24","modified_gmt":"2014-12-10T19:34:24","slug":"roseana-faz-balanco-da-gestao-e-transmite-cargo-para-arnaldo-melo","status":"publish","type":"post","link":"https:\/\/www.blogsoestado.com\/danielmatos\/roseana-faz-balanco-da-gestao-e-transmite-cargo-para-arnaldo-melo\/","title":{"rendered":"Roseana faz balan\u00e7o da gest\u00e3o e transmite cargo para Arnaldo Melo"},"content":{"rendered":"<figure id=\"attachment_21023\" aria-describedby=\"caption-attachment-21023\" style=\"width: 640px\" class=\"wp-caption aligncenter\"><a href=\"https:\/\/www.blogsoestado.com\/danielmatos\/files\/2014\/12\/roseana-sai4.jpg\"><img fetchpriority=\"high\" decoding=\"async\" class=\"size-full wp-image-21023\" src=\"https:\/\/www.blogsoestado.com\/danielmatos\/files\/2014\/12\/roseana-sai4.jpg\" alt=\"Roseana acena para os aliados que foram prestigi\u00e1-la ap\u00f3s ler carta de ren\u00fancia\" width=\"640\" height=\"434\" \/><\/a><figcaption id=\"caption-attachment-21023\" class=\"wp-caption-text\">Roseana Sarney acena para os aliados que foram prestigi\u00e1-la ap\u00f3s ler carta de ren\u00fancia<\/figcaption><\/figure>\n<p>Em tom de agradecimento, a governadora Roseana Sarney deixou nesta quarta-feira (10) o governo do Maranh\u00e3o. A carta ren\u00fancia foi entregue, no Pal\u00e1cio dos Le\u00f5es, ao presidente da Assembleia, Arnaldo Melo, que ap\u00f3s posse na Assembl\u00e9ia Legislativa do Estado, assumiu o governo. Roseana Sarney estava acompanhada do marido, Jorge Murad, do pai, senador Jos\u00e9 Sarney, da m\u00e3e Marly Sarney, de dois netos.<\/p>\n<p>Roseana afirmou que deixa o governo por motivos \u201cestritamente pessoais, sem qualquer conota\u00e7\u00e3o de ordem pol\u00edtica ou de qualquer outro interesse\u201d. \u201cEste n\u00e3o \u00e9 um discurso de despedida, nem um relat\u00f3rio do que fiz e do que n\u00e3o fiz. \u00c9 uma fala de agradecimento, de manifesta\u00e7\u00e3o da minha gratid\u00e3o. Foram muito gratificantes as parcerias que realizamos com todos os setores da sociedade maranhense, baseadas nos princ\u00edpios de confian\u00e7a, transpar\u00eancia, trabalho em equipe e focada em metas e programas comuns\u201d, disse emocionada Roseana Sarney a deputados, prefeitos, empres\u00e1rios, secret\u00e1rios de estado e lideran\u00e7as comunit\u00e1rias presentes \u00e0 cerim\u00f4nia.<\/p>\n<p>\u201cSaio com a certeza do dever cumprido, com a esperan\u00e7a renovada de que trilhamos o bom caminho e constru\u00edmos um Maranh\u00e3o mais forte e de muitas oportunidades. Desejo ao meu sucessor que tenha \u00eaxito no seu mandato. Que continue olhando para a nossa gente com o carinho e o respeito que cada maranhense merece\u201d, completou.<\/p>\n<p>Roseana Sarney agradeceu \u00e0 classe pol\u00edtica, seus correligion\u00e1rios, do PMDB e dos partidos aliados, senadores, deputados federais e estaduais, prefeitos e vereadores, lideran\u00e7as pol\u00edticas e comunit\u00e1rias, membros do Poder Judici\u00e1rio e do Minist\u00e9rio P\u00fablico, desembargadores, ju\u00edzes, procuradores, promotores e fez um cumprimento direto a Washington Oliveira, que foi vice-governador do Estado e que renunciou este ano para ser conselheiro do Tribunal de Contas do Estado (TCE).<\/p>\n<p>\u201cMeus agradecimentos a todos os servidores p\u00fablicos que ajudaram o meu governo a cumprir com trabalho, compet\u00eancia e seriedade, um dos maiores programas de obras e servi\u00e7os j\u00e1 executados em benef\u00edcio da popula\u00e7\u00e3o maranhense\u201d.<\/p>\n<p><strong>A\u00e7\u00f5es do governo<\/strong><\/p>\n<figure id=\"attachment_21024\" aria-describedby=\"caption-attachment-21024\" style=\"width: 640px\" class=\"wp-caption aligncenter\"><a href=\"https:\/\/www.blogsoestado.com\/danielmatos\/files\/2014\/12\/roseana-sai3.jpg\"><img decoding=\"async\" class=\"size-full wp-image-21024\" src=\"https:\/\/www.blogsoestado.com\/danielmatos\/files\/2014\/12\/roseana-sai3.jpg\" alt=\"Ap\u00f3s oficializar sua ren\u00fancia, Roseana cumprimento o p\u00fablico de uma das sacadas do Pal\u00e1cio dos Le\u00f5es\" width=\"640\" height=\"442\" \/><\/a><figcaption id=\"caption-attachment-21024\" class=\"wp-caption-text\">Ap\u00f3s oficializar sua ren\u00fancia, Roseana cumprimento o p\u00fablico de uma das sacadas do Pal\u00e1cio dos Le\u00f5es<\/figcaption><\/figure>\n<p>Ap\u00f3s os agradecimentos Roseana Sarney elencou em seu discurso v\u00e1rias obras que deixar\u00e1 como legado de seus quatro mandatos de governadora. Ela destacou que nos \u00faltimos cinco anos, o Maranh\u00e3o foi um dos estados que mais se desenvolveram no pa\u00eds e os indicadores sociais s\u00f3 t\u00eam melhorado.<\/p>\n<p>\u201cEm pouco tempo, o Maranh\u00e3o voltou a trilhar um novo caminho de crescimento, sustentado na confian\u00e7a e na credibilidade da a\u00e7\u00e3o governamental; no empenho e na forma\u00e7\u00e3o profissional de mulheres e homens empenhados no trabalho produtivo; e na capacidade de empres\u00e1rios em inovar e competir\u201d, disse Roseana.<\/p>\n<p>Como exemplo desses avan\u00e7os ela apresentou n\u00fameros: 2,3 milh\u00f5es de maranhenses sa\u00edram da pobreza absoluta; 500 mil jovens se habilitaram em cursos profissionalizantes; Maranh\u00e3o tem hoje a 16\u00aa economia do pa\u00eds e a 4\u00aa do Nordeste, com um PIB de 58,8 bilh\u00f5es de reais em 2012; o PIB per capita passou de R$ 6.259,00 em 2009 para R$ 8.760,00 em 2012. A participa\u00e7\u00e3o do estado no PIB nacional cresceu de 1,23% para 1,34% nesse per\u00edodo; o estado cresceu a uma taxa m\u00e9dia de mais de 10% ao ano.<\/p>\n<p>Outros resultados alcan\u00e7ados nos \u00faltimos anos e citado em seu discurso foram nas \u00e1reas da agricultura familiar, distribuindo t\u00edtulos de terra, equipamentos agr\u00edcolas e sementes; o Programa de Desenvolvimento de Fornecedores, que j\u00e1 movimentou 18,8 bilh\u00f5es de reais, abriu milhares de oportunidades de ocupa\u00e7\u00e3o em centenas de empresas; o Meu Primeiro Emprego, est\u00e1gio remunerado que facilitou o acesso ao trabalho formal para 15 mil jovens; o Maranh\u00e3o Profissional, que j\u00e1 qualificou mais de 400 mil pessoas em todo o Estado; o Pr\u00e9-Vestibular, que oferece este ano 25 mil vagas para candidatos a um curso universit\u00e1rio; os cursos profissionalizantes da Univima; o Centro de Empreendedorismo da UFMA; os Centros de Capacita\u00e7\u00e3o Tecnol\u00f3gica; e o Polo Tecnol\u00f3gico do Centro Hist\u00f3rico.<\/p>\n<p>\u201cEntre os grandes projetos em opera\u00e7\u00e3o merecem destaque a duplica\u00e7\u00e3o da refinaria do cons\u00f3rcio Alumar; a hidrel\u00e9trica de Estreito; as termel\u00e9tricas do grupo EBX, hoje pertencentes \u00e0 ENEVA; a aciaria do grupo Guza Nordeste; o Pier 4 da Vale; a f\u00e1brica de celulose da Suzano; a minera\u00e7\u00e3o de ouro da Aurizona e a duplica\u00e7\u00e3o das f\u00e1bricas de bebidas da Ambev e da Psiu\u201d, destacou.<\/p>\n<p>Ela lembrou que o complexo portu\u00e1rio do Itaqui recebe investimento de R$ 578 milh\u00f5es do Cons\u00f3rcio Tegram, com 4 armaz\u00e9ns de 125 mil toneladas. Os portos maranhenses respondem por 14% da movimenta\u00e7\u00e3o das cargas brasileiras. Parques empresariais, dos quais j\u00e1 foram entregues os de Graja\u00fa, Timon, Imperatriz, Caxias e Balsas, e nove outros est\u00e3o em estudo. Trabalha na infraestrutura das 21 microrregi\u00f5es maranhenses. Programa de pavimenta\u00e7\u00e3o de vias urbanas em todos os munic\u00edpios do Estado e a constru\u00e7\u00e3o de mais de mil quil\u00f4metros de novas estradas. Todas as cidades maranhenses estar\u00e3o ligadas por asfalto.\u00a0\u201cSomos o 2o produtor de soja do Nordeste e o 8o do Brasil. Em arroz, o primeiro do Nordeste e o 5o do Brasil. O Maranh\u00e3o se tornou zona livre de febre aftosa, liberando para exporta\u00e7\u00e3o o 2o maior rebanho do Nordeste e o 11o do Brasil, com 7,5 milh\u00f5es de cabe\u00e7as\u201d, revelou Roseana Sarney.<\/p>\n<p><strong>Obras em S\u00e3o Lu\u00eds<\/strong><\/p>\n<figure id=\"attachment_21025\" aria-describedby=\"caption-attachment-21025\" style=\"width: 640px\" class=\"wp-caption aligncenter\"><a href=\"https:\/\/www.blogsoestado.com\/danielmatos\/files\/2014\/12\/roseana-sai.jpg\"><img decoding=\"async\" class=\"size-full wp-image-21025\" src=\"https:\/\/www.blogsoestado.com\/danielmatos\/files\/2014\/12\/roseana-sai.jpg\" alt=\"Ao lado de Arnaldo Mela, Roseana desce escadaria do Pal\u00e1cio dos Le\u00f5es, simbolizando sa\u00edda do governo\" width=\"640\" height=\"370\" \/><\/a><figcaption id=\"caption-attachment-21025\" class=\"wp-caption-text\">Ao lado de Arnaldo Melo, Roseana desce escadaria do Pal\u00e1cio dos Le\u00f5es, simbolizando sa\u00edda do governo<\/figcaption><\/figure>\n<p>Em S\u00e3o Lu\u00eds destaque para a constru\u00e7\u00e3o da Via Expressa e a Avenida IV Centen\u00e1rio, que modifica as condi\u00e7\u00f5es da mobilidade urbana e melhora o tr\u00e2nsito de capital. O espig\u00e3o da Ponta d&#8217;Areia e o Parque da Cidade, no complexo de Itapirac\u00f3, criam mais \u00e1reas de lazer e pontos tur\u00edsticos na capital.<\/p>\n<p>Ainda em S\u00e3o Lu\u00eds, o Programa Viva Internet fornece acesso gratuito \u00e0 rede sem fio, j\u00e1 contando com mais de 51 mil usu\u00e1rios cadastrados e 5,5 milh\u00f5es de acessos. O PAC \u2013 Cidades Hist\u00f3ricas ir\u00e1 recuperar 44 pr\u00e9dios p\u00fablicos, investimento de 130 milh\u00f5es de reais.<\/p>\n<p>Um conjunto de obras no sistema de seguran\u00e7a p\u00fablica incorpora desde Unidades de Servi\u00e7os Comunit\u00e1rios, pres\u00eddio feminino, unidades prisionais modulares em S\u00e3o Lu\u00eds, Coroat\u00e1 e A\u00e7ail\u00e2ndia, abrindo mais 864 novas vagas, reformas em delegacias e aquisi\u00e7\u00e3o de ve\u00edculos e equipamentos.<\/p>\n<p>\u201cCumprimos rigorosamente a Lei de Responsabilidade Fiscal e os nossos indicadores s\u00e3o reconhecidos pela Secretaria do Tesouro Nacional, do Minist\u00e9rio da Fazenda, como um exemplo de gest\u00e3o respons\u00e1vel. A rela\u00e7\u00e3o entre D\u00edvida Consolidada L\u00edquida e Receita Consolidada L\u00edquida caiu de 0,91 em 2007 para 0,41 em 2013, muito abaixo do limite permitido pela Lei de Responsabilidade Fiscal, que \u00e9 de 2. As despesas com pessoal est\u00e3o abaixo dos limites fixados\u201d, garantiu Roseana.<\/p>\n<p><strong>Sa\u00fade<\/strong><\/p>\n<p>Na Sa\u00fade foi realizado o maior programa em execu\u00e7\u00e3o no pa\u00eds. Foram entregues Hospitais de Pequeno Porte, com 20 leitos; UPAS \u2013 Unidades de Pronto Atendimento; hospitais de 50 leitos e de 100 leitos. Essas instala\u00e7\u00f5es est\u00e3o distribu\u00eddas em todo o estado. Em S\u00e3o Lu\u00eds, o Hospital de Alta Complexidade Dr. Carlos Macieira foi reformado, ganhando novos leitos de interna\u00e7\u00e3o e de UTI e novos equipamentos. Temos um centro especializado para o atendimento de pacientes com c\u00e2ncer, o Hospital do C\u00e2ncer. S\u00e3o mais 1.130 leitos novos na rede. Os m\u00e9dicos em S\u00e3o Lu\u00eds passaram de 730 para 948 e no interior do estado de 230 para 707. S\u00e3o mais de 15 mil agentes comunit\u00e1rios de sa\u00fade e quase duas mil equipes de sa\u00fade da fam\u00edlia.<\/p>\n<p>\u201cO Maranh\u00e3o \u00e9 hoje um novo Estado. Onde se passa, uma obra; onde se anda, trabalho e progresso. Basta ver nossa capital, hoje uma cidade moderna, din\u00e2mica, que cresce a cada dia e para a qual o Governo do Estado realizou grandes obras, criando novas diretrizes de expans\u00e3o vi\u00e1ria, procurando conciliar a estrutura das duas cidades, a nova e a antiga, olhando o moderno, mas preservando o passado, reconhecida esta pela Unesco, no meu primeiro mandato, como Patrim\u00f4nio da Humanidade\u201d, observou Roseana.<\/p>\n<p>Encerrando seu discurso Roseana Sarney disse ter imenso orgulho em transmitir o governo ao deputado Arnaldo Melo, que tem uma trajet\u00f3ria que \u201co qualifica como um dos mais competentes pol\u00edticos em atua\u00e7\u00e3o em nosso Estado. Detentor de v\u00e1rios mandatos de deputado estadual, a sua posse como governador do Maranh\u00e3o \u00e9 uma homenagem que presto \u00e0 Assembleia Legislativa, por sua decisiva import\u00e2ncia nos \u00eaxitos do meu governo\u201d.<\/p>\n<p>\u201cAos maranhenses, e aos brasileiros que escolheram o Maranh\u00e3o para viver e trabalhar, o meu carinho e a minha gratid\u00e3o. N\u00e3o digo adeus. Esta \u00e9 a minha terra. O povo do Maranh\u00e3o \u00e9 a minha fam\u00edlia. Estarei ao seu lado em todos os momentos da minha vida. E como diz a toada do maestro Nazareth, pai da nossa Marrom: &#8220;Assim com o dia se despede da noite, Eu me despe\u00e7o de ti&#8221;, se despediu Roseana em meio a muita emo\u00e7\u00e3o.<\/p>\n<p>Finalizando a cerim\u00f4nia houve uma apresenta\u00e7\u00e3o do Coral de S\u00e3o Jo\u00e3o que cantou a musica \u201cCan\u00e7\u00e3o da Am\u00e9rica\u201d, de Milton Nascimento. Em seguida ela foi at\u00e9 a sacada do pal\u00e1cio onde se despediu pela \u00faltima vez dos presentes e ouviu a apresenta\u00e7\u00e3o do hino do Maranh\u00e3o pela banda de m\u00fasica da Pol\u00edcia Militar e a apresenta\u00e7\u00e3o da banda do Bom Menino que cantou \u201cComo \u00e9 grande o meu amor por voc\u00ea\u201d, musica de Roberto Carlos, quando Roseana Sarney n\u00e3o segurou a emo\u00e7\u00e3o e chorou. Ao descer as escadas do Pal\u00e1cio dos Le\u00f5es, Roseana Sarney recebeu o cumprimento de despedida, acenos e palmas dos presentes, a quem retribuiu com emo\u00e7\u00e3o.<\/p>\n<p><strong>Aprova\u00e7\u00e3o<\/strong><\/p>\n<figure id=\"attachment_21026\" aria-describedby=\"caption-attachment-21026\" style=\"width: 640px\" class=\"wp-caption aligncenter\"><a href=\"https:\/\/www.blogsoestado.com\/danielmatos\/files\/2014\/12\/roseana-sai2.jpg\"><img loading=\"lazy\" decoding=\"async\" class=\"size-full wp-image-21026\" src=\"https:\/\/www.blogsoestado.com\/danielmatos\/files\/2014\/12\/roseana-sai2.jpg\" alt=\"Roseana Sarney \u00e9 cumprimentada por deputados e outras autoridades ao deixar o Pal\u00e1cio dos Le\u00f5es  \" width=\"640\" height=\"339\" \/><\/a><figcaption id=\"caption-attachment-21026\" class=\"wp-caption-text\">Roseana Sarney \u00e9 cumprimentada por deputados e outras autoridades ao deixar o Pal\u00e1cio dos Le\u00f5es<\/figcaption><\/figure>\n<p>Deputados estaduais e federais, prefeitos e o ex-vice governador Washington Oliveira destacaram o trabalho feito no governo Roseana Sarney ao longo dos \u00faltimos anos destacando as a\u00e7\u00f5es nas \u00e1reas de sa\u00fade, infraestrutura e combate a pobreza.<\/p>\n<p>O deputado Roberto Costa disse que Roseana Sarney sai deixando um legado n\u00e3o s\u00f3 para a hist\u00f3ria do Maranh\u00e3o, como tamb\u00e9m para a hist\u00f3ria do Brasil. \u201cRoseana Sarney foi a primeira governadora eleita em nosso pa\u00eds e a frente do estado do Maranh\u00e3o ela sempre conseguiu realizar todos os compromisso assumidos com a popula\u00e7\u00e3o\u201d, disse o deputado. \u201cA governadora encerra o seu mandato com muita felicidade, porque a felicidade do pol\u00edtico e ver seus compromissos honrados, ver as suas obras realizadas em benef\u00edcio do povo e isso foi o que aconteceu ao longo do governo Roseana Sarney\u201d, completou o deputado.<\/p>\n<p>Deputado federal eleito, Hildo Rocha disse que a governadora Roseana Sarney inaugurou muitas obras importantes para a melhoria da qualidade de vida da popula\u00e7\u00e3o e para o desenvolvimento do estado e muitas delas est\u00e3o sendo deixadas j\u00e1 em fase de finaliza\u00e7\u00e3o para que sejam inauguradas nos pr\u00f3ximos meses. \u201cNestes 20 dias o governador Arnaldo Melo ir\u00e1 inaugurar muitas obras e dar\u00e1 sequ\u00eancia a outras para serem inauguradas no pr\u00f3ximo governo\u201d, declarou ele, que destacou o apoio de Roseana Sarney aos munic\u00edpios com a constru\u00e7\u00e3o de hospitais, pavimenta\u00e7\u00e3o de vias urbanas e interliga\u00e7\u00f5es de munic\u00edpios por asfalto, constru\u00e7\u00e3o de escolas e programas sociais.<\/p>\n<p>Washington Oliveira, conselheiro do Tribunal de Contas do Estado (TCE), afirmou que fez quest\u00e3o de participar da cerim\u00f4nia para acompanhar \u201ca amiga Roseana Sarney\u201d, no momento em que ela encerra sua participa\u00e7\u00e3o do governo. \u201cO Maranh\u00e3o hoje \u00e9 um estado em desenvolvimento forte no contexto nacional, gra\u00e7as \u00e0s a\u00e7\u00f5es realizadas pelo governo nos \u00faltimos anos\u201d.<\/p>\n<p>O prefeito de Viana, Francisco Gomes, lembrou que acompanhou a governadora antes de ela entrar na pol\u00edtica, antes de se filiar a um partido. \u201cEu acompanhei o seu governo em todas as etapas e tive a oportunidade de no seu governo contribuir em favor dos mais pobres deste estado, desenvolvendo um programa que levou estrada, casa, energia el\u00e9trica para os mais pobres. A governadora contribuiu muito para o Maranh\u00e3o atraindo novos investimentos para o estado e gerando milhares e milhares de emprego\u201d, ressaltou.<\/p>\n<p><strong>Fonte:<\/strong> Secretaria Estadual de Comunica\u00e7\u00e3o (Secom)<\/p>\n","protected":false},"excerpt":{"rendered":"<p>Em tom de agradecimento, a governadora Roseana Sarney deixou nesta quarta-feira (10) o governo do Maranh\u00e3o. A carta ren\u00fancia foi [&hellip;]<\/p>\n","protected":false},"author":0,"featured_media":0,"comment_status":"open","ping_status":"open","sticky":false,"template":"","format":"standard","meta":{"site-sidebar-layout":"default","site-content-layout":"","ast-site-content-layout":"default","site-content-style":"default","site-sidebar-style":"default","ast-global-header-display":"","ast-banner-title-visibility":"","ast-main-header-display":"","ast-hfb-above-header-display":"","ast-hfb-below-header-display":"","ast-hfb-mobile-header-display":"","site-post-title":"","ast-breadcrumbs-content":"","ast-featured-img":"","footer-sml-layout":"","ast-disable-related-posts":"","theme-transparent-header-meta":"","adv-header-id-meta":"","stick-header-meta":"","header-above-stick-meta":"","header-main-stick-meta":"","header-below-stick-meta":"","astra-migrate-meta-layouts":"default","ast-page-background-enabled":"default","ast-page-background-meta":{"desktop":{"background-color":"var(--ast-global-color-5)","background-image":"","background-repeat":"repeat","background-position":"center center","background-size":"auto","background-attachment":"scroll","background-type":"","background-media":"","overlay-type":"","overlay-color":"","overlay-opacity":"","overlay-gradient":""},"tablet":{"background-color":"","background-image":"","background-repeat":"repeat","background-position":"center center","background-size":"auto","background-attachment":"scroll","background-type":"","background-media":"","overlay-type":"","overlay-color":"","overlay-opacity":"","overlay-gradient":""},"mobile":{"background-color":"","background-image":"","background-repeat":"repeat","background-position":"center center","background-size":"auto","background-attachment":"scroll","background-type":"","background-media":"","overlay-type":"","overlay-color":"","overlay-opacity":"","overlay-gradient":""}},"ast-content-background-meta":{"desktop":{"background-color":"var(--ast-global-color-4)","background-image":"","background-repeat":"repeat","background-position":"center center","background-size":"auto","background-attachment":"scroll","background-type":"","background-media":"","overlay-type":"","overlay-color":"","overlay-opacity":"","overlay-gradient":""},"tablet":{"background-color":"var(--ast-global-color-4)","background-image":"","background-repeat":"repeat","background-position":"center center","background-size":"auto","background-attachment":"scroll","background-type":"","background-media":"","overlay-type":"","overlay-color":"","overlay-opacity":"","overlay-gradient":""},"mobile":{"background-color":"var(--ast-global-color-4)","background-image":"","background-repeat":"repeat","background-position":"center center","background-size":"auto","background-attachment":"scroll","background-type":"","background-media":"","overlay-type":"","overlay-color":"","overlay-opacity":"","overlay-gradient":""}},"footnotes":""},"categories":[1],"tags":[],"class_list":["post-21022","post","type-post","status-publish","format-standard","hentry","category-sem-categoria"],"yoast_head":"<!-- This site is optimized with the Yoast SEO plugin v26.6 - https:\/\/yoast.com\/wordpress\/plugins\/seo\/ -->\n<title>Roseana faz balan\u00e7o da gest\u00e3o e transmite cargo para Arnaldo Melo - Daniel Matos<\/title>\n<meta name=\"robots\" content=\"index, follow, max-snippet:-1, max-image-preview:large, max-video-preview:-1\" \/>\n<link rel=\"canonical\" href=\"https:\/\/www.blogsoestado.com\/danielmatos\/roseana-faz-balanco-da-gestao-e-transmite-cargo-para-arnaldo-melo\/\" \/>\n<meta property=\"og:locale\" content=\"pt_BR\" \/>\n<meta property=\"og:type\" content=\"article\" \/>\n<meta property=\"og:title\" content=\"Roseana faz balan\u00e7o da gest\u00e3o e transmite cargo para Arnaldo Melo - Daniel Matos\" \/>\n<meta property=\"og:description\" content=\"Em tom de agradecimento, a governadora Roseana Sarney deixou nesta quarta-feira (10) o governo do Maranh\u00e3o. A carta ren\u00fancia foi [&hellip;]\" \/>\n<meta property=\"og:url\" content=\"https:\/\/www.blogsoestado.com\/danielmatos\/roseana-faz-balanco-da-gestao-e-transmite-cargo-para-arnaldo-melo\/\" \/>\n<meta property=\"og:site_name\" content=\"Daniel Matos\" \/>\n<meta property=\"article:published_time\" content=\"2014-12-10T19:34:24+00:00\" \/>\n<meta property=\"og:image\" content=\"https:\/\/www.blogsoestado.com\/danielmatos\/files\/2014\/12\/roseana-sai4.jpg\" \/>\n<meta name=\"twitter:card\" content=\"summary_large_image\" \/>\n<meta name=\"twitter:label1\" content=\"Est. tempo de leitura\" \/>\n\t<meta name=\"twitter:data1\" content=\"11 minutos\" \/>\n<script type=\"application\/ld+json\" class=\"yoast-schema-graph\">{\"@context\":\"https:\/\/schema.org\",\"@graph\":[{\"@type\":\"WebPage\",\"@id\":\"https:\/\/www.blogsoestado.com\/danielmatos\/roseana-faz-balanco-da-gestao-e-transmite-cargo-para-arnaldo-melo\/\",\"url\":\"https:\/\/www.blogsoestado.com\/danielmatos\/roseana-faz-balanco-da-gestao-e-transmite-cargo-para-arnaldo-melo\/\",\"name\":\"Roseana faz balan\u00e7o da gest\u00e3o e transmite cargo para Arnaldo Melo - Daniel Matos\",\"isPartOf\":{\"@id\":\"https:\/\/www.blogsoestado.com\/danielmatos\/#website\"},\"primaryImageOfPage\":{\"@id\":\"https:\/\/www.blogsoestado.com\/danielmatos\/roseana-faz-balanco-da-gestao-e-transmite-cargo-para-arnaldo-melo\/#primaryimage\"},\"image\":{\"@id\":\"https:\/\/www.blogsoestado.com\/danielmatos\/roseana-faz-balanco-da-gestao-e-transmite-cargo-para-arnaldo-melo\/#primaryimage\"},\"thumbnailUrl\":\"https:\/\/www.blogsoestado.com\/danielmatos\/files\/2014\/12\/roseana-sai4.jpg\",\"datePublished\":\"2014-12-10T19:34:24+00:00\",\"author\":{\"@id\":\"\"},\"breadcrumb\":{\"@id\":\"https:\/\/www.blogsoestado.com\/danielmatos\/roseana-faz-balanco-da-gestao-e-transmite-cargo-para-arnaldo-melo\/#breadcrumb\"},\"inLanguage\":\"pt-BR\",\"potentialAction\":[{\"@type\":\"ReadAction\",\"target\":[\"https:\/\/www.blogsoestado.com\/danielmatos\/roseana-faz-balanco-da-gestao-e-transmite-cargo-para-arnaldo-melo\/\"]}]},{\"@type\":\"ImageObject\",\"inLanguage\":\"pt-BR\",\"@id\":\"https:\/\/www.blogsoestado.com\/danielmatos\/roseana-faz-balanco-da-gestao-e-transmite-cargo-para-arnaldo-melo\/#primaryimage\",\"url\":\"https:\/\/www.blogsoestado.com\/danielmatos\/files\/2014\/12\/roseana-sai4.jpg\",\"contentUrl\":\"https:\/\/www.blogsoestado.com\/danielmatos\/files\/2014\/12\/roseana-sai4.jpg\"},{\"@type\":\"BreadcrumbList\",\"@id\":\"https:\/\/www.blogsoestado.com\/danielmatos\/roseana-faz-balanco-da-gestao-e-transmite-cargo-para-arnaldo-melo\/#breadcrumb\",\"itemListElement\":[{\"@type\":\"ListItem\",\"position\":1,\"name\":\"In\u00edcio\",\"item\":\"https:\/\/www.blogsoestado.com\/danielmatos\/\"},{\"@type\":\"ListItem\",\"position\":2,\"name\":\"Roseana faz balan\u00e7o da gest\u00e3o e transmite cargo para Arnaldo Melo\"}]},{\"@type\":\"WebSite\",\"@id\":\"https:\/\/www.blogsoestado.com\/danielmatos\/#website\",\"url\":\"https:\/\/www.blogsoestado.com\/danielmatos\/\",\"name\":\"Daniel Matos\",\"description\":\"\",\"potentialAction\":[{\"@type\":\"SearchAction\",\"target\":{\"@type\":\"EntryPoint\",\"urlTemplate\":\"https:\/\/www.blogsoestado.com\/danielmatos\/?s={search_term_string}\"},\"query-input\":{\"@type\":\"PropertyValueSpecification\",\"valueRequired\":true,\"valueName\":\"search_term_string\"}}],\"inLanguage\":\"pt-BR\"}]}<\/script>\n<!-- \/ Yoast SEO plugin. -->","yoast_head_json":{"title":"Roseana faz balan\u00e7o da gest\u00e3o e transmite cargo para Arnaldo Melo - Daniel Matos","robots":{"index":"index","follow":"follow","max-snippet":"max-snippet:-1","max-image-preview":"max-image-preview:large","max-video-preview":"max-video-preview:-1"},"canonical":"https:\/\/www.blogsoestado.com\/danielmatos\/roseana-faz-balanco-da-gestao-e-transmite-cargo-para-arnaldo-melo\/","og_locale":"pt_BR","og_type":"article","og_title":"Roseana faz balan\u00e7o da gest\u00e3o e transmite cargo para Arnaldo Melo - Daniel Matos","og_description":"Em tom de agradecimento, a governadora Roseana Sarney deixou nesta quarta-feira (10) o governo do Maranh\u00e3o. A carta ren\u00fancia foi [&hellip;]","og_url":"https:\/\/www.blogsoestado.com\/danielmatos\/roseana-faz-balanco-da-gestao-e-transmite-cargo-para-arnaldo-melo\/","og_site_name":"Daniel Matos","article_published_time":"2014-12-10T19:34:24+00:00","og_image":[{"url":"https:\/\/www.blogsoestado.com\/danielmatos\/files\/2014\/12\/roseana-sai4.jpg","type":"","width":"","height":""}],"twitter_card":"summary_large_image","twitter_misc":{"Est. tempo de leitura":"11 minutos"},"schema":{"@context":"https:\/\/schema.org","@graph":[{"@type":"WebPage","@id":"https:\/\/www.blogsoestado.com\/danielmatos\/roseana-faz-balanco-da-gestao-e-transmite-cargo-para-arnaldo-melo\/","url":"https:\/\/www.blogsoestado.com\/danielmatos\/roseana-faz-balanco-da-gestao-e-transmite-cargo-para-arnaldo-melo\/","name":"Roseana faz balan\u00e7o da gest\u00e3o e transmite cargo para Arnaldo Melo - Daniel Matos","isPartOf":{"@id":"https:\/\/www.blogsoestado.com\/danielmatos\/#website"},"primaryImageOfPage":{"@id":"https:\/\/www.blogsoestado.com\/danielmatos\/roseana-faz-balanco-da-gestao-e-transmite-cargo-para-arnaldo-melo\/#primaryimage"},"image":{"@id":"https:\/\/www.blogsoestado.com\/danielmatos\/roseana-faz-balanco-da-gestao-e-transmite-cargo-para-arnaldo-melo\/#primaryimage"},"thumbnailUrl":"https:\/\/www.blogsoestado.com\/danielmatos\/files\/2014\/12\/roseana-sai4.jpg","datePublished":"2014-12-10T19:34:24+00:00","author":{"@id":""},"breadcrumb":{"@id":"https:\/\/www.blogsoestado.com\/danielmatos\/roseana-faz-balanco-da-gestao-e-transmite-cargo-para-arnaldo-melo\/#breadcrumb"},"inLanguage":"pt-BR","potentialAction":[{"@type":"ReadAction","target":["https:\/\/www.blogsoestado.com\/danielmatos\/roseana-faz-balanco-da-gestao-e-transmite-cargo-para-arnaldo-melo\/"]}]},{"@type":"ImageObject","inLanguage":"pt-BR","@id":"https:\/\/www.blogsoestado.com\/danielmatos\/roseana-faz-balanco-da-gestao-e-transmite-cargo-para-arnaldo-melo\/#primaryimage","url":"https:\/\/www.blogsoestado.com\/danielmatos\/files\/2014\/12\/roseana-sai4.jpg","contentUrl":"https:\/\/www.blogsoestado.com\/danielmatos\/files\/2014\/12\/roseana-sai4.jpg"},{"@type":"BreadcrumbList","@id":"https:\/\/www.blogsoestado.com\/danielmatos\/roseana-faz-balanco-da-gestao-e-transmite-cargo-para-arnaldo-melo\/#breadcrumb","itemListElement":[{"@type":"ListItem","position":1,"name":"In\u00edcio","item":"https:\/\/www.blogsoestado.com\/danielmatos\/"},{"@type":"ListItem","position":2,"name":"Roseana faz balan\u00e7o da gest\u00e3o e transmite cargo para Arnaldo Melo"}]},{"@type":"WebSite","@id":"https:\/\/www.blogsoestado.com\/danielmatos\/#website","url":"https:\/\/www.blogsoestado.com\/danielmatos\/","name":"Daniel Matos","description":"","potentialAction":[{"@type":"SearchAction","target":{"@type":"EntryPoint","urlTemplate":"https:\/\/www.blogsoestado.com\/danielmatos\/?s={search_term_string}"},"query-input":{"@type":"PropertyValueSpecification","valueRequired":true,"valueName":"search_term_string"}}],"inLanguage":"pt-BR"}]}},"jetpack_featured_media_url":"","_links":{"self":[{"href":"https:\/\/www.blogsoestado.com\/danielmatos\/wp-json\/wp\/v2\/posts\/21022","targetHints":{"allow":["GET"]}}],"collection":[{"href":"https:\/\/www.blogsoestado.com\/danielmatos\/wp-json\/wp\/v2\/posts"}],"about":[{"href":"https:\/\/www.blogsoestado.com\/danielmatos\/wp-json\/wp\/v2\/types\/post"}],"replies":[{"embeddable":true,"href":"https:\/\/www.blogsoestado.com\/danielmatos\/wp-json\/wp\/v2\/comments?post=21022"}],"version-history":[{"count":0,"href":"https:\/\/www.blogsoestado.com\/danielmatos\/wp-json\/wp\/v2\/posts\/21022\/revisions"}],"wp:attachment":[{"href":"https:\/\/www.blogsoestado.com\/danielmatos\/wp-json\/wp\/v2\/media?parent=21022"}],"wp:term":[{"taxonomy":"category","embeddable":true,"href":"https:\/\/www.blogsoestado.com\/danielmatos\/wp-json\/wp\/v2\/categories?post=21022"},{"taxonomy":"post_tag","embeddable":true,"href":"https:\/\/www.blogsoestado.com\/danielmatos\/wp-json\/wp\/v2\/tags?post=21022"}],"curies":[{"name":"wp","href":"https:\/\/api.w.org\/{rel}","templated":true}]}}