{"id":21032,"date":"2014-12-10T17:40:47","date_gmt":"2014-12-10T20:40:47","guid":{"rendered":"https:\/\/www.blogsoestado.com\/danielmatos\/?p=21032"},"modified":"2014-12-10T17:40:47","modified_gmt":"2014-12-10T20:40:47","slug":"max-barros-assume-presidencia-da-assembleia-legislativa","status":"publish","type":"post","link":"https:\/\/www.blogsoestado.com\/danielmatos\/max-barros-assume-presidencia-da-assembleia-legislativa\/","title":{"rendered":"Max Barros assume Presid\u00eancia da Assembleia Legislativa"},"content":{"rendered":"<figure id=\"attachment_21033\" aria-describedby=\"caption-attachment-21033\" style=\"width: 640px\" class=\"wp-caption aligncenter\"><a href=\"https:\/\/www.blogsoestado.com\/danielmatos\/files\/2014\/12\/max-presidente.jpg\"><img fetchpriority=\"high\" decoding=\"async\" class=\"size-full wp-image-21033\" src=\"https:\/\/www.blogsoestado.com\/danielmatos\/files\/2014\/12\/max-presidente.jpg\" alt=\"Max Barros assumiu a Presid\u00eancia da Assembleia Legislativa como a posse de Arnaldo Melo no cargo de governador\" width=\"640\" height=\"426\" \/><\/a><figcaption id=\"caption-attachment-21033\" class=\"wp-caption-text\">Max Barros assumiu a Presid\u00eancia da Assembleia com a posse de Arnaldo Melo no cargo de governador<\/figcaption><\/figure>\n<p>O deputado Max Barros (PMDB), assumiu nesta quarta-feira (10), a Presid\u00eancia da Assembleia Legislativa do Estado do Maranh\u00e3o. A solenidade aconteceu \u00e0s 10h30, no plen\u00e1rio da Casa, com a participa\u00e7\u00e3o de deputados e expressivas autoridades dos poderes Executivo, Legislativo e Judici\u00e1rio.<\/p>\n<p>O presidente Max Barros &#8211; que ocupava o cargo de 1\u00ba vice-presidente da Assembleia Legislativa \u2013 vai permanecer no cargo at\u00e9 o dia 1\u00ba de janeiro de 2015, quando o presidente licenciado da Casa, deputado Arnaldo Melo (PMDB), retorna ao Legislativo, ap\u00f3s entregar o governo do Estado ao governador eleito, Fl\u00e1vio Dino, (PC do B).<\/p>\n<p>Max Barros disse que apesar de comandar o poder Legislativo por um per\u00edodo muito curto, at\u00e9 o final desta legislatura, a meta de sua gest\u00e3o \u00e9 agilizar a pauta da Assembleia, pois existem mat\u00e9rias de relevante import\u00e2ncia para serem votadas em plen\u00e1rio.<\/p>\n<p>O parlamentar adiantou que j\u00e1 foram mantidos contatos com as lideran\u00e7as de partidos e blocos, para estabelecer uma pauta de consenso e manter qu\u00f3rum suficiente e votar projetos importantes, como a Lei de Diretrizes Or\u00e7ament\u00e1rias (LDO), que est\u00e1 recebendo emendas e parecer da Comiss\u00e3o de Or\u00e7amento da Assembleia.<\/p>\n<p><strong>Resultados satisfat\u00f3rios em\u00a02014<\/strong><\/p>\n<p>Para o presidente Max Barros, a Assembleia Legislativa apresentou excelentes resultados no desenvolvimento de suas atividades em benef\u00edcio do Estado, durante os trabalhos executados pelos 42 deputados na 4\u00aa Sess\u00e3o Legislativa da 17\u00aa Legislatura, que termina no dia 31 de janeiro de 2015, v\u00e9spera da elei\u00e7\u00e3o da nova Mesa Diretora da Casa. Max lembrou que a Casa tamb\u00e9m promoveu importantes debates com diversos segmentos da sociedade organizada.<\/p>\n<p>\u201cA avalia\u00e7\u00e3o do trabalho da Assembleia pode ser medida pelo fato de cinco deputados estaduais terem sido eleitos deputados federais e o presidente da Casa, Arnaldo Melo, ter assumido o cargo de governador do Maranh\u00e3o, substituindo a ex-governadora Roseana Sarney\u201d, comentou o presidente Max Barros.<\/p>\n<p><strong>Breve perfil do novo presidente<\/strong><\/p>\n<p>Jos\u00e9 Max Pereira Barros nasceu em S\u00e3o Lu\u00eds (MA) em 12 de agosto de 1958. \u00c9 neto do ex-governador do Maranh\u00e3o, Eug\u00eanio Barros.<\/p>\n<p>Formado em engenharia civil e administra\u00e7\u00e3o pela Universidade Estadual do Maranh\u00e3o (UEMA). Foi diretor da CEMAR, do DER-MA, pr\u00f3-reitor de ensino da UEMA e secret\u00e1rio de Estado da infraestrutura.<\/p>\n<p>No exerc\u00edcio do legislativo, \u00e9 autor dos seguintes Projetos: Emenda Constitucional que regularizou as terras da Ilha de S\u00e3o Lu\u00eds; Emenda Constitucional que permite ao Legislativo elaborar leis sobre o Servi\u00e7o P\u00fablico; Lei que d\u00e1 50% de abatimento em espet\u00e1culos para doadores de sangue); Emenda Constitucional que garantiu recursos para a preserva\u00e7\u00e3o do Centro Hist\u00f3rico; Emenda Constitucional que diminui o recesso parlamentar; Lei que favorece as associa\u00e7\u00f5es em custas cartoriais; Projeto de Lei que garante recursos ao Estado do Maranh\u00e3o, impactado com o transporte de min\u00e9rio.<\/p>\n<p>\u00c0 frente da Ger\u00eancia Metropolitana, deu expressivas contribui\u00e7\u00f5es, na execu\u00e7\u00e3o de diversas obras na capital.<\/p>\n","protected":false},"excerpt":{"rendered":"<p>O deputado Max Barros (PMDB), assumiu nesta quarta-feira (10), a Presid\u00eancia da Assembleia Legislativa do Estado do Maranh\u00e3o. A solenidade [&hellip;]<\/p>\n","protected":false},"author":0,"featured_media":0,"comment_status":"open","ping_status":"open","sticky":false,"template":"","format":"standard","meta":{"site-sidebar-layout":"default","site-content-layout":"","ast-site-content-layout":"default","site-content-style":"default","site-sidebar-style":"default","ast-global-header-display":"","ast-banner-title-visibility":"","ast-main-header-display":"","ast-hfb-above-header-display":"","ast-hfb-below-header-display":"","ast-hfb-mobile-header-display":"","site-post-title":"","ast-breadcrumbs-content":"","ast-featured-img":"","footer-sml-layout":"","ast-disable-related-posts":"","theme-transparent-header-meta":"","adv-header-id-meta":"","stick-header-meta":"","header-above-stick-meta":"","header-main-stick-meta":"","header-below-stick-meta":"","astra-migrate-meta-layouts":"default","ast-page-background-enabled":"default","ast-page-background-meta":{"desktop":{"background-color":"var(--ast-global-color-5)","background-image":"","background-repeat":"repeat","background-position":"center center","background-size":"auto","background-attachment":"scroll","background-type":"","background-media":"","overlay-type":"","overlay-color":"","overlay-opacity":"","overlay-gradient":""},"tablet":{"background-color":"","background-image":"","background-repeat":"repeat","background-position":"center center","background-size":"auto","background-attachment":"scroll","background-type":"","background-media":"","overlay-type":"","overlay-color":"","overlay-opacity":"","overlay-gradient":""},"mobile":{"background-color":"","background-image":"","background-repeat":"repeat","background-position":"center center","background-size":"auto","background-attachment":"scroll","background-type":"","background-media":"","overlay-type":"","overlay-color":"","overlay-opacity":"","overlay-gradient":""}},"ast-content-background-meta":{"desktop":{"background-color":"var(--ast-global-color-4)","background-image":"","background-repeat":"repeat","background-position":"center center","background-size":"auto","background-attachment":"scroll","background-type":"","background-media":"","overlay-type":"","overlay-color":"","overlay-opacity":"","overlay-gradient":""},"tablet":{"background-color":"var(--ast-global-color-4)","background-image":"","background-repeat":"repeat","background-position":"center center","background-size":"auto","background-attachment":"scroll","background-type":"","background-media":"","overlay-type":"","overlay-color":"","overlay-opacity":"","overlay-gradient":""},"mobile":{"background-color":"var(--ast-global-color-4)","background-image":"","background-repeat":"repeat","background-position":"center center","background-size":"auto","background-attachment":"scroll","background-type":"","background-media":"","overlay-type":"","overlay-color":"","overlay-opacity":"","overlay-gradient":""}},"footnotes":""},"categories":[1],"tags":[],"class_list":["post-21032","post","type-post","status-publish","format-standard","hentry","category-sem-categoria"],"yoast_head":"<!-- This site is optimized with the Yoast SEO plugin v26.6 - https:\/\/yoast.com\/wordpress\/plugins\/seo\/ -->\n<title>Max Barros assume Presid\u00eancia da Assembleia Legislativa - Daniel Matos<\/title>\n<meta name=\"robots\" content=\"index, follow, max-snippet:-1, max-image-preview:large, max-video-preview:-1\" \/>\n<link rel=\"canonical\" href=\"https:\/\/www.blogsoestado.com\/danielmatos\/max-barros-assume-presidencia-da-assembleia-legislativa\/\" \/>\n<meta property=\"og:locale\" content=\"pt_BR\" \/>\n<meta property=\"og:type\" content=\"article\" \/>\n<meta property=\"og:title\" content=\"Max Barros assume Presid\u00eancia da Assembleia Legislativa - Daniel Matos\" \/>\n<meta property=\"og:description\" content=\"O deputado Max Barros (PMDB), assumiu nesta quarta-feira (10), a Presid\u00eancia da Assembleia Legislativa do Estado do Maranh\u00e3o. A solenidade [&hellip;]\" \/>\n<meta property=\"og:url\" content=\"https:\/\/www.blogsoestado.com\/danielmatos\/max-barros-assume-presidencia-da-assembleia-legislativa\/\" \/>\n<meta property=\"og:site_name\" content=\"Daniel Matos\" \/>\n<meta property=\"article:published_time\" content=\"2014-12-10T20:40:47+00:00\" \/>\n<meta property=\"og:image\" content=\"https:\/\/www.blogsoestado.com\/danielmatos\/files\/2014\/12\/max-presidente.jpg\" \/>\n<meta name=\"twitter:card\" content=\"summary_large_image\" \/>\n<meta name=\"twitter:label1\" content=\"Est. tempo de leitura\" \/>\n\t<meta name=\"twitter:data1\" content=\"3 minutos\" \/>\n<script type=\"application\/ld+json\" class=\"yoast-schema-graph\">{\"@context\":\"https:\/\/schema.org\",\"@graph\":[{\"@type\":\"WebPage\",\"@id\":\"https:\/\/www.blogsoestado.com\/danielmatos\/max-barros-assume-presidencia-da-assembleia-legislativa\/\",\"url\":\"https:\/\/www.blogsoestado.com\/danielmatos\/max-barros-assume-presidencia-da-assembleia-legislativa\/\",\"name\":\"Max Barros assume Presid\u00eancia da Assembleia Legislativa - Daniel Matos\",\"isPartOf\":{\"@id\":\"https:\/\/www.blogsoestado.com\/danielmatos\/#website\"},\"primaryImageOfPage\":{\"@id\":\"https:\/\/www.blogsoestado.com\/danielmatos\/max-barros-assume-presidencia-da-assembleia-legislativa\/#primaryimage\"},\"image\":{\"@id\":\"https:\/\/www.blogsoestado.com\/danielmatos\/max-barros-assume-presidencia-da-assembleia-legislativa\/#primaryimage\"},\"thumbnailUrl\":\"https:\/\/www.blogsoestado.com\/danielmatos\/files\/2014\/12\/max-presidente.jpg\",\"datePublished\":\"2014-12-10T20:40:47+00:00\",\"author\":{\"@id\":\"\"},\"breadcrumb\":{\"@id\":\"https:\/\/www.blogsoestado.com\/danielmatos\/max-barros-assume-presidencia-da-assembleia-legislativa\/#breadcrumb\"},\"inLanguage\":\"pt-BR\",\"potentialAction\":[{\"@type\":\"ReadAction\",\"target\":[\"https:\/\/www.blogsoestado.com\/danielmatos\/max-barros-assume-presidencia-da-assembleia-legislativa\/\"]}]},{\"@type\":\"ImageObject\",\"inLanguage\":\"pt-BR\",\"@id\":\"https:\/\/www.blogsoestado.com\/danielmatos\/max-barros-assume-presidencia-da-assembleia-legislativa\/#primaryimage\",\"url\":\"https:\/\/www.blogsoestado.com\/danielmatos\/files\/2014\/12\/max-presidente.jpg\",\"contentUrl\":\"https:\/\/www.blogsoestado.com\/danielmatos\/files\/2014\/12\/max-presidente.jpg\"},{\"@type\":\"BreadcrumbList\",\"@id\":\"https:\/\/www.blogsoestado.com\/danielmatos\/max-barros-assume-presidencia-da-assembleia-legislativa\/#breadcrumb\",\"itemListElement\":[{\"@type\":\"ListItem\",\"position\":1,\"name\":\"In\u00edcio\",\"item\":\"https:\/\/www.blogsoestado.com\/danielmatos\/\"},{\"@type\":\"ListItem\",\"position\":2,\"name\":\"Max Barros assume Presid\u00eancia da Assembleia Legislativa\"}]},{\"@type\":\"WebSite\",\"@id\":\"https:\/\/www.blogsoestado.com\/danielmatos\/#website\",\"url\":\"https:\/\/www.blogsoestado.com\/danielmatos\/\",\"name\":\"Daniel Matos\",\"description\":\"\",\"potentialAction\":[{\"@type\":\"SearchAction\",\"target\":{\"@type\":\"EntryPoint\",\"urlTemplate\":\"https:\/\/www.blogsoestado.com\/danielmatos\/?s={search_term_string}\"},\"query-input\":{\"@type\":\"PropertyValueSpecification\",\"valueRequired\":true,\"valueName\":\"search_term_string\"}}],\"inLanguage\":\"pt-BR\"}]}<\/script>\n<!-- \/ Yoast SEO plugin. -->","yoast_head_json":{"title":"Max Barros assume Presid\u00eancia da Assembleia Legislativa - Daniel Matos","robots":{"index":"index","follow":"follow","max-snippet":"max-snippet:-1","max-image-preview":"max-image-preview:large","max-video-preview":"max-video-preview:-1"},"canonical":"https:\/\/www.blogsoestado.com\/danielmatos\/max-barros-assume-presidencia-da-assembleia-legislativa\/","og_locale":"pt_BR","og_type":"article","og_title":"Max Barros assume Presid\u00eancia da Assembleia Legislativa - Daniel Matos","og_description":"O deputado Max Barros (PMDB), assumiu nesta quarta-feira (10), a Presid\u00eancia da Assembleia Legislativa do Estado do Maranh\u00e3o. A solenidade [&hellip;]","og_url":"https:\/\/www.blogsoestado.com\/danielmatos\/max-barros-assume-presidencia-da-assembleia-legislativa\/","og_site_name":"Daniel Matos","article_published_time":"2014-12-10T20:40:47+00:00","og_image":[{"url":"https:\/\/www.blogsoestado.com\/danielmatos\/files\/2014\/12\/max-presidente.jpg","type":"","width":"","height":""}],"twitter_card":"summary_large_image","twitter_misc":{"Est. tempo de leitura":"3 minutos"},"schema":{"@context":"https:\/\/schema.org","@graph":[{"@type":"WebPage","@id":"https:\/\/www.blogsoestado.com\/danielmatos\/max-barros-assume-presidencia-da-assembleia-legislativa\/","url":"https:\/\/www.blogsoestado.com\/danielmatos\/max-barros-assume-presidencia-da-assembleia-legislativa\/","name":"Max Barros assume Presid\u00eancia da Assembleia Legislativa - Daniel Matos","isPartOf":{"@id":"https:\/\/www.blogsoestado.com\/danielmatos\/#website"},"primaryImageOfPage":{"@id":"https:\/\/www.blogsoestado.com\/danielmatos\/max-barros-assume-presidencia-da-assembleia-legislativa\/#primaryimage"},"image":{"@id":"https:\/\/www.blogsoestado.com\/danielmatos\/max-barros-assume-presidencia-da-assembleia-legislativa\/#primaryimage"},"thumbnailUrl":"https:\/\/www.blogsoestado.com\/danielmatos\/files\/2014\/12\/max-presidente.jpg","datePublished":"2014-12-10T20:40:47+00:00","author":{"@id":""},"breadcrumb":{"@id":"https:\/\/www.blogsoestado.com\/danielmatos\/max-barros-assume-presidencia-da-assembleia-legislativa\/#breadcrumb"},"inLanguage":"pt-BR","potentialAction":[{"@type":"ReadAction","target":["https:\/\/www.blogsoestado.com\/danielmatos\/max-barros-assume-presidencia-da-assembleia-legislativa\/"]}]},{"@type":"ImageObject","inLanguage":"pt-BR","@id":"https:\/\/www.blogsoestado.com\/danielmatos\/max-barros-assume-presidencia-da-assembleia-legislativa\/#primaryimage","url":"https:\/\/www.blogsoestado.com\/danielmatos\/files\/2014\/12\/max-presidente.jpg","contentUrl":"https:\/\/www.blogsoestado.com\/danielmatos\/files\/2014\/12\/max-presidente.jpg"},{"@type":"BreadcrumbList","@id":"https:\/\/www.blogsoestado.com\/danielmatos\/max-barros-assume-presidencia-da-assembleia-legislativa\/#breadcrumb","itemListElement":[{"@type":"ListItem","position":1,"name":"In\u00edcio","item":"https:\/\/www.blogsoestado.com\/danielmatos\/"},{"@type":"ListItem","position":2,"name":"Max Barros assume Presid\u00eancia da Assembleia Legislativa"}]},{"@type":"WebSite","@id":"https:\/\/www.blogsoestado.com\/danielmatos\/#website","url":"https:\/\/www.blogsoestado.com\/danielmatos\/","name":"Daniel Matos","description":"","potentialAction":[{"@type":"SearchAction","target":{"@type":"EntryPoint","urlTemplate":"https:\/\/www.blogsoestado.com\/danielmatos\/?s={search_term_string}"},"query-input":{"@type":"PropertyValueSpecification","valueRequired":true,"valueName":"search_term_string"}}],"inLanguage":"pt-BR"}]}},"jetpack_featured_media_url":"","_links":{"self":[{"href":"https:\/\/www.blogsoestado.com\/danielmatos\/wp-json\/wp\/v2\/posts\/21032","targetHints":{"allow":["GET"]}}],"collection":[{"href":"https:\/\/www.blogsoestado.com\/danielmatos\/wp-json\/wp\/v2\/posts"}],"about":[{"href":"https:\/\/www.blogsoestado.com\/danielmatos\/wp-json\/wp\/v2\/types\/post"}],"replies":[{"embeddable":true,"href":"https:\/\/www.blogsoestado.com\/danielmatos\/wp-json\/wp\/v2\/comments?post=21032"}],"version-history":[{"count":0,"href":"https:\/\/www.blogsoestado.com\/danielmatos\/wp-json\/wp\/v2\/posts\/21032\/revisions"}],"wp:attachment":[{"href":"https:\/\/www.blogsoestado.com\/danielmatos\/wp-json\/wp\/v2\/media?parent=21032"}],"wp:term":[{"taxonomy":"category","embeddable":true,"href":"https:\/\/www.blogsoestado.com\/danielmatos\/wp-json\/wp\/v2\/categories?post=21032"},{"taxonomy":"post_tag","embeddable":true,"href":"https:\/\/www.blogsoestado.com\/danielmatos\/wp-json\/wp\/v2\/tags?post=21032"}],"curies":[{"name":"wp","href":"https:\/\/api.w.org\/{rel}","templated":true}]}}