{"id":21036,"date":"2014-12-10T18:10:13","date_gmt":"2014-12-10T21:10:13","guid":{"rendered":"https:\/\/www.blogsoestado.com\/danielmatos\/?p=21036"},"modified":"2014-12-10T18:10:13","modified_gmt":"2014-12-10T21:10:13","slug":"governador-arnaldo-melo-reune-se-com-secretariado","status":"publish","type":"post","link":"https:\/\/www.blogsoestado.com\/danielmatos\/governador-arnaldo-melo-reune-se-com-secretariado\/","title":{"rendered":"Governador Arnaldo Melo re\u00fane-se com secretariado"},"content":{"rendered":"<figure id=\"attachment_21037\" aria-describedby=\"caption-attachment-21037\" style=\"width: 640px\" class=\"wp-caption aligncenter\"><a href=\"https:\/\/www.blogsoestado.com\/danielmatos\/files\/2014\/12\/arnaldo-secretariado.jpg\"><img fetchpriority=\"high\" decoding=\"async\" class=\"size-full wp-image-21037\" src=\"https:\/\/www.blogsoestado.com\/danielmatos\/files\/2014\/12\/arnaldo-secretariado.jpg\" alt=\"Governador Arnaldo Melo na primeira reuni\u00e3o de trabalho com os secret\u00e1rios\" width=\"640\" height=\"406\" \/><\/a><figcaption id=\"caption-attachment-21037\" class=\"wp-caption-text\">Governador Arnaldo Melo na primeira reuni\u00e3o de trabalho com os secret\u00e1rios estaduais<\/figcaption><\/figure>\n<p>Logo ap\u00f3s tomar posse na manh\u00e3 desta quarta-feira (10), na Assembleia Legislativa, o governador Arnaldo Melo teve como primeira agenda de trabalho, no Pal\u00e1cio dos Le\u00f5es, uma reuni\u00e3o com todo o secretariado. No encontro exp\u00f4s como deve ser conduzido o governo at\u00e9 o dia 31 de dezembro.<\/p>\n<p>O governador disse que pretende dar continuidade \u00e0 entrega de obras e solicitou aos secret\u00e1rios que repassem a rela\u00e7\u00e3o para que possa programar as inaugura\u00e7\u00f5es at\u00e9 o fim do m\u00eas. \u201cA prioridade \u00e9 inaugurarmos o maior n\u00famero de obras at\u00e9 o dia 31 de dezembro para que a popula\u00e7\u00e3o seja beneficiada\u201d, declarou Arnaldo Melo.<\/p>\n<p>Outro assunto elencado pelo governador foi em rela\u00e7\u00e3o \u00e0 proximidade das festas de fim de ano e a necessidade de refor\u00e7o da seguran\u00e7a. Arnaldo Melo solicitou, ent\u00e3o, ao secret\u00e1rio de Estado de Seguran\u00e7a P\u00fablica, Marcos Affonso, que apresente um plano de a\u00e7\u00e3o de atua\u00e7\u00e3o das pol\u00edcias para esse per\u00edodo.<\/p>\n<p><strong>Fonte:<\/strong> Secretaria Estadual de Comunica\u00e7\u00e3o (Secom)<\/p>\n","protected":false},"excerpt":{"rendered":"<p>Logo ap\u00f3s tomar posse na manh\u00e3 desta quarta-feira (10), na Assembleia Legislativa, o governador Arnaldo Melo teve como primeira agenda [&hellip;]<\/p>\n","protected":false},"author":0,"featured_media":0,"comment_status":"open","ping_status":"open","sticky":false,"template":"","format":"standard","meta":{"site-sidebar-layout":"default","site-content-layout":"","ast-site-content-layout":"default","site-content-style":"default","site-sidebar-style":"default","ast-global-header-display":"","ast-banner-title-visibility":"","ast-main-header-display":"","ast-hfb-above-header-display":"","ast-hfb-below-header-display":"","ast-hfb-mobile-header-display":"","site-post-title":"","ast-breadcrumbs-content":"","ast-featured-img":"","footer-sml-layout":"","ast-disable-related-posts":"","theme-transparent-header-meta":"","adv-header-id-meta":"","stick-header-meta":"","header-above-stick-meta":"","header-main-stick-meta":"","header-below-stick-meta":"","astra-migrate-meta-layouts":"default","ast-page-background-enabled":"default","ast-page-background-meta":{"desktop":{"background-color":"var(--ast-global-color-5)","background-image":"","background-repeat":"repeat","background-position":"center center","background-size":"auto","background-attachment":"scroll","background-type":"","background-media":"","overlay-type":"","overlay-color":"","overlay-opacity":"","overlay-gradient":""},"tablet":{"background-color":"","background-image":"","background-repeat":"repeat","background-position":"center center","background-size":"auto","background-attachment":"scroll","background-type":"","background-media":"","overlay-type":"","overlay-color":"","overlay-opacity":"","overlay-gradient":""},"mobile":{"background-color":"","background-image":"","background-repeat":"repeat","background-position":"center center","background-size":"auto","background-attachment":"scroll","background-type":"","background-media":"","overlay-type":"","overlay-color":"","overlay-opacity":"","overlay-gradient":""}},"ast-content-background-meta":{"desktop":{"background-color":"var(--ast-global-color-4)","background-image":"","background-repeat":"repeat","background-position":"center center","background-size":"auto","background-attachment":"scroll","background-type":"","background-media":"","overlay-type":"","overlay-color":"","overlay-opacity":"","overlay-gradient":""},"tablet":{"background-color":"var(--ast-global-color-4)","background-image":"","background-repeat":"repeat","background-position":"center center","background-size":"auto","background-attachment":"scroll","background-type":"","background-media":"","overlay-type":"","overlay-color":"","overlay-opacity":"","overlay-gradient":""},"mobile":{"background-color":"var(--ast-global-color-4)","background-image":"","background-repeat":"repeat","background-position":"center center","background-size":"auto","background-attachment":"scroll","background-type":"","background-media":"","overlay-type":"","overlay-color":"","overlay-opacity":"","overlay-gradient":""}},"footnotes":""},"categories":[1],"tags":[],"class_list":["post-21036","post","type-post","status-publish","format-standard","hentry","category-sem-categoria"],"yoast_head":"<!-- This site is optimized with the Yoast SEO plugin v26.6 - https:\/\/yoast.com\/wordpress\/plugins\/seo\/ -->\n<title>Governador Arnaldo Melo re\u00fane-se com secretariado - Daniel Matos<\/title>\n<meta name=\"robots\" content=\"index, follow, max-snippet:-1, max-image-preview:large, max-video-preview:-1\" \/>\n<link rel=\"canonical\" href=\"https:\/\/www.blogsoestado.com\/danielmatos\/governador-arnaldo-melo-reune-se-com-secretariado\/\" \/>\n<meta property=\"og:locale\" content=\"pt_BR\" \/>\n<meta property=\"og:type\" content=\"article\" \/>\n<meta property=\"og:title\" content=\"Governador Arnaldo Melo re\u00fane-se com secretariado - Daniel Matos\" \/>\n<meta property=\"og:description\" content=\"Logo ap\u00f3s tomar posse na manh\u00e3 desta quarta-feira (10), na Assembleia Legislativa, o governador Arnaldo Melo teve como primeira agenda [&hellip;]\" \/>\n<meta property=\"og:url\" content=\"https:\/\/www.blogsoestado.com\/danielmatos\/governador-arnaldo-melo-reune-se-com-secretariado\/\" \/>\n<meta property=\"og:site_name\" content=\"Daniel Matos\" \/>\n<meta property=\"article:published_time\" content=\"2014-12-10T21:10:13+00:00\" \/>\n<meta property=\"og:image\" content=\"https:\/\/www.blogsoestado.com\/danielmatos\/files\/2014\/12\/arnaldo-secretariado.jpg\" \/>\n<meta name=\"twitter:card\" content=\"summary_large_image\" \/>\n<meta name=\"twitter:label1\" content=\"Est. tempo de leitura\" \/>\n\t<meta name=\"twitter:data1\" content=\"1 minuto\" \/>\n<script type=\"application\/ld+json\" class=\"yoast-schema-graph\">{\"@context\":\"https:\/\/schema.org\",\"@graph\":[{\"@type\":\"WebPage\",\"@id\":\"https:\/\/www.blogsoestado.com\/danielmatos\/governador-arnaldo-melo-reune-se-com-secretariado\/\",\"url\":\"https:\/\/www.blogsoestado.com\/danielmatos\/governador-arnaldo-melo-reune-se-com-secretariado\/\",\"name\":\"Governador Arnaldo Melo re\u00fane-se com secretariado - Daniel Matos\",\"isPartOf\":{\"@id\":\"https:\/\/www.blogsoestado.com\/danielmatos\/#website\"},\"primaryImageOfPage\":{\"@id\":\"https:\/\/www.blogsoestado.com\/danielmatos\/governador-arnaldo-melo-reune-se-com-secretariado\/#primaryimage\"},\"image\":{\"@id\":\"https:\/\/www.blogsoestado.com\/danielmatos\/governador-arnaldo-melo-reune-se-com-secretariado\/#primaryimage\"},\"thumbnailUrl\":\"https:\/\/www.blogsoestado.com\/danielmatos\/files\/2014\/12\/arnaldo-secretariado.jpg\",\"datePublished\":\"2014-12-10T21:10:13+00:00\",\"author\":{\"@id\":\"\"},\"breadcrumb\":{\"@id\":\"https:\/\/www.blogsoestado.com\/danielmatos\/governador-arnaldo-melo-reune-se-com-secretariado\/#breadcrumb\"},\"inLanguage\":\"pt-BR\",\"potentialAction\":[{\"@type\":\"ReadAction\",\"target\":[\"https:\/\/www.blogsoestado.com\/danielmatos\/governador-arnaldo-melo-reune-se-com-secretariado\/\"]}]},{\"@type\":\"ImageObject\",\"inLanguage\":\"pt-BR\",\"@id\":\"https:\/\/www.blogsoestado.com\/danielmatos\/governador-arnaldo-melo-reune-se-com-secretariado\/#primaryimage\",\"url\":\"https:\/\/www.blogsoestado.com\/danielmatos\/files\/2014\/12\/arnaldo-secretariado.jpg\",\"contentUrl\":\"https:\/\/www.blogsoestado.com\/danielmatos\/files\/2014\/12\/arnaldo-secretariado.jpg\"},{\"@type\":\"BreadcrumbList\",\"@id\":\"https:\/\/www.blogsoestado.com\/danielmatos\/governador-arnaldo-melo-reune-se-com-secretariado\/#breadcrumb\",\"itemListElement\":[{\"@type\":\"ListItem\",\"position\":1,\"name\":\"In\u00edcio\",\"item\":\"https:\/\/www.blogsoestado.com\/danielmatos\/\"},{\"@type\":\"ListItem\",\"position\":2,\"name\":\"Governador Arnaldo Melo re\u00fane-se com secretariado\"}]},{\"@type\":\"WebSite\",\"@id\":\"https:\/\/www.blogsoestado.com\/danielmatos\/#website\",\"url\":\"https:\/\/www.blogsoestado.com\/danielmatos\/\",\"name\":\"Daniel Matos\",\"description\":\"\",\"potentialAction\":[{\"@type\":\"SearchAction\",\"target\":{\"@type\":\"EntryPoint\",\"urlTemplate\":\"https:\/\/www.blogsoestado.com\/danielmatos\/?s={search_term_string}\"},\"query-input\":{\"@type\":\"PropertyValueSpecification\",\"valueRequired\":true,\"valueName\":\"search_term_string\"}}],\"inLanguage\":\"pt-BR\"}]}<\/script>\n<!-- \/ Yoast SEO plugin. -->","yoast_head_json":{"title":"Governador Arnaldo Melo re\u00fane-se com secretariado - Daniel Matos","robots":{"index":"index","follow":"follow","max-snippet":"max-snippet:-1","max-image-preview":"max-image-preview:large","max-video-preview":"max-video-preview:-1"},"canonical":"https:\/\/www.blogsoestado.com\/danielmatos\/governador-arnaldo-melo-reune-se-com-secretariado\/","og_locale":"pt_BR","og_type":"article","og_title":"Governador Arnaldo Melo re\u00fane-se com secretariado - Daniel Matos","og_description":"Logo ap\u00f3s tomar posse na manh\u00e3 desta quarta-feira (10), na Assembleia Legislativa, o governador Arnaldo Melo teve como primeira agenda [&hellip;]","og_url":"https:\/\/www.blogsoestado.com\/danielmatos\/governador-arnaldo-melo-reune-se-com-secretariado\/","og_site_name":"Daniel Matos","article_published_time":"2014-12-10T21:10:13+00:00","og_image":[{"url":"https:\/\/www.blogsoestado.com\/danielmatos\/files\/2014\/12\/arnaldo-secretariado.jpg","type":"","width":"","height":""}],"twitter_card":"summary_large_image","twitter_misc":{"Est. tempo de leitura":"1 minuto"},"schema":{"@context":"https:\/\/schema.org","@graph":[{"@type":"WebPage","@id":"https:\/\/www.blogsoestado.com\/danielmatos\/governador-arnaldo-melo-reune-se-com-secretariado\/","url":"https:\/\/www.blogsoestado.com\/danielmatos\/governador-arnaldo-melo-reune-se-com-secretariado\/","name":"Governador Arnaldo Melo re\u00fane-se com secretariado - Daniel Matos","isPartOf":{"@id":"https:\/\/www.blogsoestado.com\/danielmatos\/#website"},"primaryImageOfPage":{"@id":"https:\/\/www.blogsoestado.com\/danielmatos\/governador-arnaldo-melo-reune-se-com-secretariado\/#primaryimage"},"image":{"@id":"https:\/\/www.blogsoestado.com\/danielmatos\/governador-arnaldo-melo-reune-se-com-secretariado\/#primaryimage"},"thumbnailUrl":"https:\/\/www.blogsoestado.com\/danielmatos\/files\/2014\/12\/arnaldo-secretariado.jpg","datePublished":"2014-12-10T21:10:13+00:00","author":{"@id":""},"breadcrumb":{"@id":"https:\/\/www.blogsoestado.com\/danielmatos\/governador-arnaldo-melo-reune-se-com-secretariado\/#breadcrumb"},"inLanguage":"pt-BR","potentialAction":[{"@type":"ReadAction","target":["https:\/\/www.blogsoestado.com\/danielmatos\/governador-arnaldo-melo-reune-se-com-secretariado\/"]}]},{"@type":"ImageObject","inLanguage":"pt-BR","@id":"https:\/\/www.blogsoestado.com\/danielmatos\/governador-arnaldo-melo-reune-se-com-secretariado\/#primaryimage","url":"https:\/\/www.blogsoestado.com\/danielmatos\/files\/2014\/12\/arnaldo-secretariado.jpg","contentUrl":"https:\/\/www.blogsoestado.com\/danielmatos\/files\/2014\/12\/arnaldo-secretariado.jpg"},{"@type":"BreadcrumbList","@id":"https:\/\/www.blogsoestado.com\/danielmatos\/governador-arnaldo-melo-reune-se-com-secretariado\/#breadcrumb","itemListElement":[{"@type":"ListItem","position":1,"name":"In\u00edcio","item":"https:\/\/www.blogsoestado.com\/danielmatos\/"},{"@type":"ListItem","position":2,"name":"Governador Arnaldo Melo re\u00fane-se com secretariado"}]},{"@type":"WebSite","@id":"https:\/\/www.blogsoestado.com\/danielmatos\/#website","url":"https:\/\/www.blogsoestado.com\/danielmatos\/","name":"Daniel Matos","description":"","potentialAction":[{"@type":"SearchAction","target":{"@type":"EntryPoint","urlTemplate":"https:\/\/www.blogsoestado.com\/danielmatos\/?s={search_term_string}"},"query-input":{"@type":"PropertyValueSpecification","valueRequired":true,"valueName":"search_term_string"}}],"inLanguage":"pt-BR"}]}},"jetpack_featured_media_url":"","_links":{"self":[{"href":"https:\/\/www.blogsoestado.com\/danielmatos\/wp-json\/wp\/v2\/posts\/21036","targetHints":{"allow":["GET"]}}],"collection":[{"href":"https:\/\/www.blogsoestado.com\/danielmatos\/wp-json\/wp\/v2\/posts"}],"about":[{"href":"https:\/\/www.blogsoestado.com\/danielmatos\/wp-json\/wp\/v2\/types\/post"}],"replies":[{"embeddable":true,"href":"https:\/\/www.blogsoestado.com\/danielmatos\/wp-json\/wp\/v2\/comments?post=21036"}],"version-history":[{"count":0,"href":"https:\/\/www.blogsoestado.com\/danielmatos\/wp-json\/wp\/v2\/posts\/21036\/revisions"}],"wp:attachment":[{"href":"https:\/\/www.blogsoestado.com\/danielmatos\/wp-json\/wp\/v2\/media?parent=21036"}],"wp:term":[{"taxonomy":"category","embeddable":true,"href":"https:\/\/www.blogsoestado.com\/danielmatos\/wp-json\/wp\/v2\/categories?post=21036"},{"taxonomy":"post_tag","embeddable":true,"href":"https:\/\/www.blogsoestado.com\/danielmatos\/wp-json\/wp\/v2\/tags?post=21036"}],"curies":[{"name":"wp","href":"https:\/\/api.w.org\/{rel}","templated":true}]}}