{"id":21057,"date":"2014-12-11T16:03:50","date_gmt":"2014-12-11T19:03:50","guid":{"rendered":"https:\/\/www.blogsoestado.com\/danielmatos\/?p=21057"},"modified":"2014-12-11T16:03:50","modified_gmt":"2014-12-11T19:03:50","slug":"sind-ufma-lanca-campanha-de-filiacao-e-debate-rumos-para-2015","status":"publish","type":"post","link":"https:\/\/www.blogsoestado.com\/danielmatos\/sind-ufma-lanca-campanha-de-filiacao-e-debate-rumos-para-2015\/","title":{"rendered":"Sind-UFMA lan\u00e7a campanha de filia\u00e7\u00e3o e debate rumos para 2015"},"content":{"rendered":"<figure id=\"attachment_21058\" aria-describedby=\"caption-attachment-21058\" style=\"width: 640px\" class=\"wp-caption aligncenter\"><a href=\"https:\/\/www.blogsoestado.com\/danielmatos\/files\/2014\/12\/sind-ufma-foto.jpg\"><img fetchpriority=\"high\" decoding=\"async\" class=\"size-full wp-image-21058\" src=\"https:\/\/www.blogsoestado.com\/danielmatos\/files\/2014\/12\/sind-ufma-foto.jpg\" alt=\"Na assembleia foi aprovado o valor da contribui\u00e7\u00e3o associativa e realizadas mais de duzentas filia\u00e7\u00f5es\" width=\"640\" height=\"276\" \/><\/a><figcaption id=\"caption-attachment-21058\" class=\"wp-caption-text\">Na assembleia, foi aprovado o valor da contribui\u00e7\u00e3o associativa e realizadas mais de duzentas filia\u00e7\u00f5es<\/figcaption><\/figure>\n<p>O Sindicato dos Docentes das Universidades Federais do Maranh\u00e3o &#8211; SIND-UFMA lan\u00e7ou, em assembleia realizada na sexta passada, no Centro Pedag\u00f3gico Paulo Freire, a campanha de filia\u00e7\u00e3o ao sindicato. Na ocasi\u00e3o foi aprovado o valor da contribui\u00e7\u00e3o associativa e realizadas mais de duzentas filia\u00e7\u00f5es.<\/p>\n<p>Segundo o secret\u00e1rio executivo do SIND-UFMA, Cristiano Capovilla, novas a\u00e7\u00f5es est\u00e3o programadas para o in\u00edcio do pr\u00f3ximo ano. \u201cVamos levar a campanha de filia\u00e7\u00e3o para os campi do continente e fazer assembleias para debater com os professores os desafios para 2015\u201d, afirmou.<\/p>\n<p>Em maio deste ano, cerca de 400 professores da Universidade Federal do Maranh\u00e3o manifestaram sua concord\u00e2ncia com a cria\u00e7\u00e3o do Sindicato dos Docentes das Universidades Federais do Maranh\u00e3o, SIND-UFMA. Professores do Bacanga e de todos os campi do continente, ativos e aposentados, foram un\u00e2nimes em reconhecer a import\u00e2ncia desse novo sindicato.<\/p>\n<p>Diretor do Pro Ifes, o professor Gil Vicente Figueiredo, destacou a import\u00e2ncia da campanha para o fortalecimento do sindicato. \u201cEstamos aqui para lan\u00e7ar um plano de sa\u00fade para os professores e um plano jur\u00eddico nacional. N\u00f3s, do Pro Ifes e do Sind-UFMA, defendemos, de fato, o interesse dos professores, de uma educa\u00e7\u00e3o de qualidade para o pa\u00eds como um todo, que leve a soberania nacional, a uma produtividade maior do ponto de vista cient\u00edfico, inclusive social. Esse \u00e9 o nosso objetivo\u201d, acentuou.<\/p>\n<p>Membro do F\u00f3rum Nacional da Educa\u00e7\u00e3o, Gil Figueiredo tamb\u00e9m disse considerar um desservi\u00e7o para a classe o atrelamento do sindicato de docentes a partidos pol\u00edticos. \u201cSe o sindicato \u00e9 partidarizado, isso acontecia e acontece com o ANDES, o professor sabe que vai ser manipulado, vai ser usado para uma causa que n\u00e3o \u00e9 o interesse dele, n\u00e3o \u00e9 o interesse da educa\u00e7\u00e3o. No Pro Ifes isso se d\u00e1 de uma outra forma. N\u00e3o h\u00e1 um objetivo focado em valorizar o interesse de partidos pol\u00edticos. At\u00e9 porque os professores s\u00e3o de todos os partidos e n\u00f3s temos que respeitar todos eles e n\u00e3o apenas um segmento\u201d, enfatizou.<\/p>\n<p>O SIND-UFMA \u00e9 um sindicato local, sustentado pela base e organizado nacionalmente na Federa\u00e7\u00e3o dos Sindicatos dos Professores de Institui\u00e7\u00f5es Federais de Ensino Superior &#8211; PROIFES. Luta, portanto, para mudar estruturas arcaicas que n\u00e3o correspondem aos reais anseios dos trabalhadores da educa\u00e7\u00e3o p\u00fablica superior, por uma renova\u00e7\u00e3o do movimento docente e por uma organiza\u00e7\u00e3o que realmente represente seus interesses, tanto nos assuntos relativos \u00e0 carreira, sal\u00e1rio e melhores condi\u00e7\u00f5es de trabalho, quanto na busca por uma educa\u00e7\u00e3o nacional de qualidade.<\/p>\n","protected":false},"excerpt":{"rendered":"<p>O Sindicato dos Docentes das Universidades Federais do Maranh\u00e3o &#8211; SIND-UFMA lan\u00e7ou, em assembleia realizada na sexta passada, no Centro [&hellip;]<\/p>\n","protected":false},"author":0,"featured_media":0,"comment_status":"open","ping_status":"open","sticky":false,"template":"","format":"standard","meta":{"site-sidebar-layout":"default","site-content-layout":"","ast-site-content-layout":"default","site-content-style":"default","site-sidebar-style":"default","ast-global-header-display":"","ast-banner-title-visibility":"","ast-main-header-display":"","ast-hfb-above-header-display":"","ast-hfb-below-header-display":"","ast-hfb-mobile-header-display":"","site-post-title":"","ast-breadcrumbs-content":"","ast-featured-img":"","footer-sml-layout":"","ast-disable-related-posts":"","theme-transparent-header-meta":"","adv-header-id-meta":"","stick-header-meta":"","header-above-stick-meta":"","header-main-stick-meta":"","header-below-stick-meta":"","astra-migrate-meta-layouts":"default","ast-page-background-enabled":"default","ast-page-background-meta":{"desktop":{"background-color":"var(--ast-global-color-5)","background-image":"","background-repeat":"repeat","background-position":"center center","background-size":"auto","background-attachment":"scroll","background-type":"","background-media":"","overlay-type":"","overlay-color":"","overlay-opacity":"","overlay-gradient":""},"tablet":{"background-color":"","background-image":"","background-repeat":"repeat","background-position":"center center","background-size":"auto","background-attachment":"scroll","background-type":"","background-media":"","overlay-type":"","overlay-color":"","overlay-opacity":"","overlay-gradient":""},"mobile":{"background-color":"","background-image":"","background-repeat":"repeat","background-position":"center center","background-size":"auto","background-attachment":"scroll","background-type":"","background-media":"","overlay-type":"","overlay-color":"","overlay-opacity":"","overlay-gradient":""}},"ast-content-background-meta":{"desktop":{"background-color":"var(--ast-global-color-4)","background-image":"","background-repeat":"repeat","background-position":"center center","background-size":"auto","background-attachment":"scroll","background-type":"","background-media":"","overlay-type":"","overlay-color":"","overlay-opacity":"","overlay-gradient":""},"tablet":{"background-color":"var(--ast-global-color-4)","background-image":"","background-repeat":"repeat","background-position":"center center","background-size":"auto","background-attachment":"scroll","background-type":"","background-media":"","overlay-type":"","overlay-color":"","overlay-opacity":"","overlay-gradient":""},"mobile":{"background-color":"var(--ast-global-color-4)","background-image":"","background-repeat":"repeat","background-position":"center center","background-size":"auto","background-attachment":"scroll","background-type":"","background-media":"","overlay-type":"","overlay-color":"","overlay-opacity":"","overlay-gradient":""}},"footnotes":""},"categories":[1],"tags":[],"class_list":["post-21057","post","type-post","status-publish","format-standard","hentry","category-sem-categoria"],"yoast_head":"<!-- This site is optimized with the Yoast SEO plugin v26.6 - https:\/\/yoast.com\/wordpress\/plugins\/seo\/ -->\n<title>Sind-UFMA lan\u00e7a campanha de filia\u00e7\u00e3o e debate rumos para 2015 - Daniel Matos<\/title>\n<meta name=\"robots\" content=\"index, follow, max-snippet:-1, max-image-preview:large, max-video-preview:-1\" \/>\n<link rel=\"canonical\" href=\"https:\/\/www.blogsoestado.com\/danielmatos\/sind-ufma-lanca-campanha-de-filiacao-e-debate-rumos-para-2015\/\" \/>\n<meta property=\"og:locale\" content=\"pt_BR\" \/>\n<meta property=\"og:type\" content=\"article\" \/>\n<meta property=\"og:title\" content=\"Sind-UFMA lan\u00e7a campanha de filia\u00e7\u00e3o e debate rumos para 2015 - Daniel Matos\" \/>\n<meta property=\"og:description\" content=\"O Sindicato dos Docentes das Universidades Federais do Maranh\u00e3o &#8211; SIND-UFMA lan\u00e7ou, em assembleia realizada na sexta passada, no Centro [&hellip;]\" \/>\n<meta property=\"og:url\" content=\"https:\/\/www.blogsoestado.com\/danielmatos\/sind-ufma-lanca-campanha-de-filiacao-e-debate-rumos-para-2015\/\" \/>\n<meta property=\"og:site_name\" content=\"Daniel Matos\" \/>\n<meta property=\"article:published_time\" content=\"2014-12-11T19:03:50+00:00\" \/>\n<meta property=\"og:image\" content=\"https:\/\/www.blogsoestado.com\/danielmatos\/files\/2014\/12\/sind-ufma-foto.jpg\" \/>\n<meta name=\"twitter:card\" content=\"summary_large_image\" \/>\n<meta name=\"twitter:label1\" content=\"Est. tempo de leitura\" \/>\n\t<meta name=\"twitter:data1\" content=\"2 minutos\" \/>\n<script type=\"application\/ld+json\" class=\"yoast-schema-graph\">{\"@context\":\"https:\/\/schema.org\",\"@graph\":[{\"@type\":\"WebPage\",\"@id\":\"https:\/\/www.blogsoestado.com\/danielmatos\/sind-ufma-lanca-campanha-de-filiacao-e-debate-rumos-para-2015\/\",\"url\":\"https:\/\/www.blogsoestado.com\/danielmatos\/sind-ufma-lanca-campanha-de-filiacao-e-debate-rumos-para-2015\/\",\"name\":\"Sind-UFMA lan\u00e7a campanha de filia\u00e7\u00e3o e debate rumos para 2015 - Daniel Matos\",\"isPartOf\":{\"@id\":\"https:\/\/www.blogsoestado.com\/danielmatos\/#website\"},\"primaryImageOfPage\":{\"@id\":\"https:\/\/www.blogsoestado.com\/danielmatos\/sind-ufma-lanca-campanha-de-filiacao-e-debate-rumos-para-2015\/#primaryimage\"},\"image\":{\"@id\":\"https:\/\/www.blogsoestado.com\/danielmatos\/sind-ufma-lanca-campanha-de-filiacao-e-debate-rumos-para-2015\/#primaryimage\"},\"thumbnailUrl\":\"https:\/\/www.blogsoestado.com\/danielmatos\/files\/2014\/12\/sind-ufma-foto.jpg\",\"datePublished\":\"2014-12-11T19:03:50+00:00\",\"author\":{\"@id\":\"\"},\"breadcrumb\":{\"@id\":\"https:\/\/www.blogsoestado.com\/danielmatos\/sind-ufma-lanca-campanha-de-filiacao-e-debate-rumos-para-2015\/#breadcrumb\"},\"inLanguage\":\"pt-BR\",\"potentialAction\":[{\"@type\":\"ReadAction\",\"target\":[\"https:\/\/www.blogsoestado.com\/danielmatos\/sind-ufma-lanca-campanha-de-filiacao-e-debate-rumos-para-2015\/\"]}]},{\"@type\":\"ImageObject\",\"inLanguage\":\"pt-BR\",\"@id\":\"https:\/\/www.blogsoestado.com\/danielmatos\/sind-ufma-lanca-campanha-de-filiacao-e-debate-rumos-para-2015\/#primaryimage\",\"url\":\"https:\/\/www.blogsoestado.com\/danielmatos\/files\/2014\/12\/sind-ufma-foto.jpg\",\"contentUrl\":\"https:\/\/www.blogsoestado.com\/danielmatos\/files\/2014\/12\/sind-ufma-foto.jpg\"},{\"@type\":\"BreadcrumbList\",\"@id\":\"https:\/\/www.blogsoestado.com\/danielmatos\/sind-ufma-lanca-campanha-de-filiacao-e-debate-rumos-para-2015\/#breadcrumb\",\"itemListElement\":[{\"@type\":\"ListItem\",\"position\":1,\"name\":\"In\u00edcio\",\"item\":\"https:\/\/www.blogsoestado.com\/danielmatos\/\"},{\"@type\":\"ListItem\",\"position\":2,\"name\":\"Sind-UFMA lan\u00e7a campanha de filia\u00e7\u00e3o e debate rumos para 2015\"}]},{\"@type\":\"WebSite\",\"@id\":\"https:\/\/www.blogsoestado.com\/danielmatos\/#website\",\"url\":\"https:\/\/www.blogsoestado.com\/danielmatos\/\",\"name\":\"Daniel Matos\",\"description\":\"\",\"potentialAction\":[{\"@type\":\"SearchAction\",\"target\":{\"@type\":\"EntryPoint\",\"urlTemplate\":\"https:\/\/www.blogsoestado.com\/danielmatos\/?s={search_term_string}\"},\"query-input\":{\"@type\":\"PropertyValueSpecification\",\"valueRequired\":true,\"valueName\":\"search_term_string\"}}],\"inLanguage\":\"pt-BR\"}]}<\/script>\n<!-- \/ Yoast SEO plugin. -->","yoast_head_json":{"title":"Sind-UFMA lan\u00e7a campanha de filia\u00e7\u00e3o e debate rumos para 2015 - Daniel Matos","robots":{"index":"index","follow":"follow","max-snippet":"max-snippet:-1","max-image-preview":"max-image-preview:large","max-video-preview":"max-video-preview:-1"},"canonical":"https:\/\/www.blogsoestado.com\/danielmatos\/sind-ufma-lanca-campanha-de-filiacao-e-debate-rumos-para-2015\/","og_locale":"pt_BR","og_type":"article","og_title":"Sind-UFMA lan\u00e7a campanha de filia\u00e7\u00e3o e debate rumos para 2015 - Daniel Matos","og_description":"O Sindicato dos Docentes das Universidades Federais do Maranh\u00e3o &#8211; SIND-UFMA lan\u00e7ou, em assembleia realizada na sexta passada, no Centro [&hellip;]","og_url":"https:\/\/www.blogsoestado.com\/danielmatos\/sind-ufma-lanca-campanha-de-filiacao-e-debate-rumos-para-2015\/","og_site_name":"Daniel Matos","article_published_time":"2014-12-11T19:03:50+00:00","og_image":[{"url":"https:\/\/www.blogsoestado.com\/danielmatos\/files\/2014\/12\/sind-ufma-foto.jpg","type":"","width":"","height":""}],"twitter_card":"summary_large_image","twitter_misc":{"Est. tempo de leitura":"2 minutos"},"schema":{"@context":"https:\/\/schema.org","@graph":[{"@type":"WebPage","@id":"https:\/\/www.blogsoestado.com\/danielmatos\/sind-ufma-lanca-campanha-de-filiacao-e-debate-rumos-para-2015\/","url":"https:\/\/www.blogsoestado.com\/danielmatos\/sind-ufma-lanca-campanha-de-filiacao-e-debate-rumos-para-2015\/","name":"Sind-UFMA lan\u00e7a campanha de filia\u00e7\u00e3o e debate rumos para 2015 - Daniel Matos","isPartOf":{"@id":"https:\/\/www.blogsoestado.com\/danielmatos\/#website"},"primaryImageOfPage":{"@id":"https:\/\/www.blogsoestado.com\/danielmatos\/sind-ufma-lanca-campanha-de-filiacao-e-debate-rumos-para-2015\/#primaryimage"},"image":{"@id":"https:\/\/www.blogsoestado.com\/danielmatos\/sind-ufma-lanca-campanha-de-filiacao-e-debate-rumos-para-2015\/#primaryimage"},"thumbnailUrl":"https:\/\/www.blogsoestado.com\/danielmatos\/files\/2014\/12\/sind-ufma-foto.jpg","datePublished":"2014-12-11T19:03:50+00:00","author":{"@id":""},"breadcrumb":{"@id":"https:\/\/www.blogsoestado.com\/danielmatos\/sind-ufma-lanca-campanha-de-filiacao-e-debate-rumos-para-2015\/#breadcrumb"},"inLanguage":"pt-BR","potentialAction":[{"@type":"ReadAction","target":["https:\/\/www.blogsoestado.com\/danielmatos\/sind-ufma-lanca-campanha-de-filiacao-e-debate-rumos-para-2015\/"]}]},{"@type":"ImageObject","inLanguage":"pt-BR","@id":"https:\/\/www.blogsoestado.com\/danielmatos\/sind-ufma-lanca-campanha-de-filiacao-e-debate-rumos-para-2015\/#primaryimage","url":"https:\/\/www.blogsoestado.com\/danielmatos\/files\/2014\/12\/sind-ufma-foto.jpg","contentUrl":"https:\/\/www.blogsoestado.com\/danielmatos\/files\/2014\/12\/sind-ufma-foto.jpg"},{"@type":"BreadcrumbList","@id":"https:\/\/www.blogsoestado.com\/danielmatos\/sind-ufma-lanca-campanha-de-filiacao-e-debate-rumos-para-2015\/#breadcrumb","itemListElement":[{"@type":"ListItem","position":1,"name":"In\u00edcio","item":"https:\/\/www.blogsoestado.com\/danielmatos\/"},{"@type":"ListItem","position":2,"name":"Sind-UFMA lan\u00e7a campanha de filia\u00e7\u00e3o e debate rumos para 2015"}]},{"@type":"WebSite","@id":"https:\/\/www.blogsoestado.com\/danielmatos\/#website","url":"https:\/\/www.blogsoestado.com\/danielmatos\/","name":"Daniel Matos","description":"","potentialAction":[{"@type":"SearchAction","target":{"@type":"EntryPoint","urlTemplate":"https:\/\/www.blogsoestado.com\/danielmatos\/?s={search_term_string}"},"query-input":{"@type":"PropertyValueSpecification","valueRequired":true,"valueName":"search_term_string"}}],"inLanguage":"pt-BR"}]}},"jetpack_featured_media_url":"","_links":{"self":[{"href":"https:\/\/www.blogsoestado.com\/danielmatos\/wp-json\/wp\/v2\/posts\/21057","targetHints":{"allow":["GET"]}}],"collection":[{"href":"https:\/\/www.blogsoestado.com\/danielmatos\/wp-json\/wp\/v2\/posts"}],"about":[{"href":"https:\/\/www.blogsoestado.com\/danielmatos\/wp-json\/wp\/v2\/types\/post"}],"replies":[{"embeddable":true,"href":"https:\/\/www.blogsoestado.com\/danielmatos\/wp-json\/wp\/v2\/comments?post=21057"}],"version-history":[{"count":0,"href":"https:\/\/www.blogsoestado.com\/danielmatos\/wp-json\/wp\/v2\/posts\/21057\/revisions"}],"wp:attachment":[{"href":"https:\/\/www.blogsoestado.com\/danielmatos\/wp-json\/wp\/v2\/media?parent=21057"}],"wp:term":[{"taxonomy":"category","embeddable":true,"href":"https:\/\/www.blogsoestado.com\/danielmatos\/wp-json\/wp\/v2\/categories?post=21057"},{"taxonomy":"post_tag","embeddable":true,"href":"https:\/\/www.blogsoestado.com\/danielmatos\/wp-json\/wp\/v2\/tags?post=21057"}],"curies":[{"name":"wp","href":"https:\/\/api.w.org\/{rel}","templated":true}]}}