{"id":21060,"date":"2014-12-12T10:36:09","date_gmt":"2014-12-12T13:36:09","guid":{"rendered":"https:\/\/www.blogsoestado.com\/danielmatos\/?p=21060"},"modified":"2014-12-12T10:36:09","modified_gmt":"2014-12-12T13:36:09","slug":"43-adultos-e-75-adolescentes-participavam-da-festa-do-bonde-dos-40","status":"publish","type":"post","link":"https:\/\/www.blogsoestado.com\/danielmatos\/43-adultos-e-75-adolescentes-participavam-da-festa-do-bonde-dos-40\/","title":{"rendered":"43 adultos e 75 adolescentes participavam da festa do Bonde dos 40"},"content":{"rendered":"<figure id=\"attachment_21067\" aria-describedby=\"caption-attachment-21067\" style=\"width: 640px\" class=\"wp-caption aligncenter\"><a href=\"https:\/\/www.blogsoestado.com\/danielmatos\/files\/2014\/12\/pris\u00e3o-festa.jpg\"><img fetchpriority=\"high\" decoding=\"async\" class=\"size-full wp-image-21067\" src=\"https:\/\/www.blogsoestado.com\/danielmatos\/files\/2014\/12\/pris\u00e3o-festa.jpg\" alt=\"Homens que participavam da festa foram levados para fora e obrigados a deitar no ch\u00e3o\" width=\"640\" height=\"359\" \/><\/a><figcaption id=\"caption-attachment-21067\" class=\"wp-caption-text\">Homens que participavam da festa foram levados por policiais para fora e obrigados a deitar no ch\u00e3o<\/figcaption><\/figure>\n<p>Ap\u00f3s triagem feita pela Superintend\u00eancia Estadual de Investiga\u00e7\u00f5es Criminais (Seic), eis os n\u00fameros oficiais da opera\u00e7\u00e3o realizada ontem \u00e0 noite por homens do\u00a0Grupo T\u00e1tico M\u00f3vel (GTM), do 1\u00ba Batalh\u00e3o da Pol\u00edcia Militar, em uma casa alugada na Avenida Santos Dumont (Residencial Cana\u00e3), onde a fac\u00e7\u00e3o criminosa Bonde dos 40 promovia uma festa:<\/p>\n<p>&#8211; 118 pessoas conduzidas \u00e0 Seic, sendo 43 adultos e 75 adolescentes;<\/p>\n<p>&#8211; Dentre os adultos, 31 eram homens e 12 eram mulheres;<\/p>\n<p>&#8211; Dos 75 adolescentes, s\u00f3 est\u00e3o sendo liberados os que n\u00e3o tiverem atos infracionais antecedentes, mediante comparecimento dos pais \u00e0 delegacia;<\/p>\n<p>&#8211; 2 kg de coca\u00edna, solvente e cloro apreendidos.<\/p>\n<p>Segundo apurou a pol\u00edcia, o Bonde dos 40 promoveu a festa para comemorar os recentes assassinatos de policiais militares em S\u00e3o Lu\u00eds. A PM chegou \u00e0 casa\u00a0ap\u00f3s ser informada\u00a0de que haviam sido disparados tiros no local.<\/p>\n<p>Assista ao v\u00eddeo com imagens do momento em que os PMs estouraram a festa:<\/p>\n<p>[youtube\u00a0fYhfdcjwzXs]<\/p>\n","protected":false},"excerpt":{"rendered":"<p>Ap\u00f3s triagem feita pela Superintend\u00eancia Estadual de Investiga\u00e7\u00f5es Criminais (Seic), eis os n\u00fameros oficiais da opera\u00e7\u00e3o realizada ontem \u00e0 noite [&hellip;]<\/p>\n","protected":false},"author":0,"featured_media":0,"comment_status":"open","ping_status":"open","sticky":false,"template":"","format":"standard","meta":{"site-sidebar-layout":"default","site-content-layout":"","ast-site-content-layout":"default","site-content-style":"default","site-sidebar-style":"default","ast-global-header-display":"","ast-banner-title-visibility":"","ast-main-header-display":"","ast-hfb-above-header-display":"","ast-hfb-below-header-display":"","ast-hfb-mobile-header-display":"","site-post-title":"","ast-breadcrumbs-content":"","ast-featured-img":"","footer-sml-layout":"","ast-disable-related-posts":"","theme-transparent-header-meta":"","adv-header-id-meta":"","stick-header-meta":"","header-above-stick-meta":"","header-main-stick-meta":"","header-below-stick-meta":"","astra-migrate-meta-layouts":"default","ast-page-background-enabled":"default","ast-page-background-meta":{"desktop":{"background-color":"var(--ast-global-color-5)","background-image":"","background-repeat":"repeat","background-position":"center center","background-size":"auto","background-attachment":"scroll","background-type":"","background-media":"","overlay-type":"","overlay-color":"","overlay-opacity":"","overlay-gradient":""},"tablet":{"background-color":"","background-image":"","background-repeat":"repeat","background-position":"center center","background-size":"auto","background-attachment":"scroll","background-type":"","background-media":"","overlay-type":"","overlay-color":"","overlay-opacity":"","overlay-gradient":""},"mobile":{"background-color":"","background-image":"","background-repeat":"repeat","background-position":"center center","background-size":"auto","background-attachment":"scroll","background-type":"","background-media":"","overlay-type":"","overlay-color":"","overlay-opacity":"","overlay-gradient":""}},"ast-content-background-meta":{"desktop":{"background-color":"var(--ast-global-color-4)","background-image":"","background-repeat":"repeat","background-position":"center center","background-size":"auto","background-attachment":"scroll","background-type":"","background-media":"","overlay-type":"","overlay-color":"","overlay-opacity":"","overlay-gradient":""},"tablet":{"background-color":"var(--ast-global-color-4)","background-image":"","background-repeat":"repeat","background-position":"center center","background-size":"auto","background-attachment":"scroll","background-type":"","background-media":"","overlay-type":"","overlay-color":"","overlay-opacity":"","overlay-gradient":""},"mobile":{"background-color":"var(--ast-global-color-4)","background-image":"","background-repeat":"repeat","background-position":"center center","background-size":"auto","background-attachment":"scroll","background-type":"","background-media":"","overlay-type":"","overlay-color":"","overlay-opacity":"","overlay-gradient":""}},"footnotes":""},"categories":[1],"tags":[],"class_list":["post-21060","post","type-post","status-publish","format-standard","hentry","category-sem-categoria"],"yoast_head":"<!-- This site is optimized with the Yoast SEO plugin v26.6 - https:\/\/yoast.com\/wordpress\/plugins\/seo\/ -->\n<title>43 adultos e 75 adolescentes participavam da festa do Bonde dos 40 - Daniel Matos<\/title>\n<meta name=\"robots\" content=\"index, follow, max-snippet:-1, max-image-preview:large, max-video-preview:-1\" \/>\n<link rel=\"canonical\" href=\"https:\/\/www.blogsoestado.com\/danielmatos\/43-adultos-e-75-adolescentes-participavam-da-festa-do-bonde-dos-40\/\" \/>\n<meta property=\"og:locale\" content=\"pt_BR\" \/>\n<meta property=\"og:type\" content=\"article\" \/>\n<meta property=\"og:title\" content=\"43 adultos e 75 adolescentes participavam da festa do Bonde dos 40 - Daniel Matos\" \/>\n<meta property=\"og:description\" content=\"Ap\u00f3s triagem feita pela Superintend\u00eancia Estadual de Investiga\u00e7\u00f5es Criminais (Seic), eis os n\u00fameros oficiais da opera\u00e7\u00e3o realizada ontem \u00e0 noite [&hellip;]\" \/>\n<meta property=\"og:url\" content=\"https:\/\/www.blogsoestado.com\/danielmatos\/43-adultos-e-75-adolescentes-participavam-da-festa-do-bonde-dos-40\/\" \/>\n<meta property=\"og:site_name\" content=\"Daniel Matos\" \/>\n<meta property=\"article:published_time\" content=\"2014-12-12T13:36:09+00:00\" \/>\n<meta name=\"twitter:card\" content=\"summary_large_image\" \/>\n<meta name=\"twitter:label1\" content=\"Est. tempo de leitura\" \/>\n\t<meta name=\"twitter:data1\" content=\"1 minuto\" \/>\n<script type=\"application\/ld+json\" class=\"yoast-schema-graph\">{\"@context\":\"https:\/\/schema.org\",\"@graph\":[{\"@type\":\"WebPage\",\"@id\":\"https:\/\/www.blogsoestado.com\/danielmatos\/43-adultos-e-75-adolescentes-participavam-da-festa-do-bonde-dos-40\/\",\"url\":\"https:\/\/www.blogsoestado.com\/danielmatos\/43-adultos-e-75-adolescentes-participavam-da-festa-do-bonde-dos-40\/\",\"name\":\"43 adultos e 75 adolescentes participavam da festa do Bonde dos 40 - Daniel Matos\",\"isPartOf\":{\"@id\":\"https:\/\/www.blogsoestado.com\/danielmatos\/#website\"},\"datePublished\":\"2014-12-12T13:36:09+00:00\",\"author\":{\"@id\":\"\"},\"breadcrumb\":{\"@id\":\"https:\/\/www.blogsoestado.com\/danielmatos\/43-adultos-e-75-adolescentes-participavam-da-festa-do-bonde-dos-40\/#breadcrumb\"},\"inLanguage\":\"pt-BR\",\"potentialAction\":[{\"@type\":\"ReadAction\",\"target\":[\"https:\/\/www.blogsoestado.com\/danielmatos\/43-adultos-e-75-adolescentes-participavam-da-festa-do-bonde-dos-40\/\"]}]},{\"@type\":\"BreadcrumbList\",\"@id\":\"https:\/\/www.blogsoestado.com\/danielmatos\/43-adultos-e-75-adolescentes-participavam-da-festa-do-bonde-dos-40\/#breadcrumb\",\"itemListElement\":[{\"@type\":\"ListItem\",\"position\":1,\"name\":\"In\u00edcio\",\"item\":\"https:\/\/www.blogsoestado.com\/danielmatos\/\"},{\"@type\":\"ListItem\",\"position\":2,\"name\":\"43 adultos e 75 adolescentes participavam da festa do Bonde dos 40\"}]},{\"@type\":\"WebSite\",\"@id\":\"https:\/\/www.blogsoestado.com\/danielmatos\/#website\",\"url\":\"https:\/\/www.blogsoestado.com\/danielmatos\/\",\"name\":\"Daniel Matos\",\"description\":\"\",\"potentialAction\":[{\"@type\":\"SearchAction\",\"target\":{\"@type\":\"EntryPoint\",\"urlTemplate\":\"https:\/\/www.blogsoestado.com\/danielmatos\/?s={search_term_string}\"},\"query-input\":{\"@type\":\"PropertyValueSpecification\",\"valueRequired\":true,\"valueName\":\"search_term_string\"}}],\"inLanguage\":\"pt-BR\"}]}<\/script>\n<!-- \/ Yoast SEO plugin. -->","yoast_head_json":{"title":"43 adultos e 75 adolescentes participavam da festa do Bonde dos 40 - Daniel Matos","robots":{"index":"index","follow":"follow","max-snippet":"max-snippet:-1","max-image-preview":"max-image-preview:large","max-video-preview":"max-video-preview:-1"},"canonical":"https:\/\/www.blogsoestado.com\/danielmatos\/43-adultos-e-75-adolescentes-participavam-da-festa-do-bonde-dos-40\/","og_locale":"pt_BR","og_type":"article","og_title":"43 adultos e 75 adolescentes participavam da festa do Bonde dos 40 - Daniel Matos","og_description":"Ap\u00f3s triagem feita pela Superintend\u00eancia Estadual de Investiga\u00e7\u00f5es Criminais (Seic), eis os n\u00fameros oficiais da opera\u00e7\u00e3o realizada ontem \u00e0 noite [&hellip;]","og_url":"https:\/\/www.blogsoestado.com\/danielmatos\/43-adultos-e-75-adolescentes-participavam-da-festa-do-bonde-dos-40\/","og_site_name":"Daniel Matos","article_published_time":"2014-12-12T13:36:09+00:00","twitter_card":"summary_large_image","twitter_misc":{"Est. tempo de leitura":"1 minuto"},"schema":{"@context":"https:\/\/schema.org","@graph":[{"@type":"WebPage","@id":"https:\/\/www.blogsoestado.com\/danielmatos\/43-adultos-e-75-adolescentes-participavam-da-festa-do-bonde-dos-40\/","url":"https:\/\/www.blogsoestado.com\/danielmatos\/43-adultos-e-75-adolescentes-participavam-da-festa-do-bonde-dos-40\/","name":"43 adultos e 75 adolescentes participavam da festa do Bonde dos 40 - Daniel Matos","isPartOf":{"@id":"https:\/\/www.blogsoestado.com\/danielmatos\/#website"},"datePublished":"2014-12-12T13:36:09+00:00","author":{"@id":""},"breadcrumb":{"@id":"https:\/\/www.blogsoestado.com\/danielmatos\/43-adultos-e-75-adolescentes-participavam-da-festa-do-bonde-dos-40\/#breadcrumb"},"inLanguage":"pt-BR","potentialAction":[{"@type":"ReadAction","target":["https:\/\/www.blogsoestado.com\/danielmatos\/43-adultos-e-75-adolescentes-participavam-da-festa-do-bonde-dos-40\/"]}]},{"@type":"BreadcrumbList","@id":"https:\/\/www.blogsoestado.com\/danielmatos\/43-adultos-e-75-adolescentes-participavam-da-festa-do-bonde-dos-40\/#breadcrumb","itemListElement":[{"@type":"ListItem","position":1,"name":"In\u00edcio","item":"https:\/\/www.blogsoestado.com\/danielmatos\/"},{"@type":"ListItem","position":2,"name":"43 adultos e 75 adolescentes participavam da festa do Bonde dos 40"}]},{"@type":"WebSite","@id":"https:\/\/www.blogsoestado.com\/danielmatos\/#website","url":"https:\/\/www.blogsoestado.com\/danielmatos\/","name":"Daniel Matos","description":"","potentialAction":[{"@type":"SearchAction","target":{"@type":"EntryPoint","urlTemplate":"https:\/\/www.blogsoestado.com\/danielmatos\/?s={search_term_string}"},"query-input":{"@type":"PropertyValueSpecification","valueRequired":true,"valueName":"search_term_string"}}],"inLanguage":"pt-BR"}]}},"jetpack_featured_media_url":"","_links":{"self":[{"href":"https:\/\/www.blogsoestado.com\/danielmatos\/wp-json\/wp\/v2\/posts\/21060","targetHints":{"allow":["GET"]}}],"collection":[{"href":"https:\/\/www.blogsoestado.com\/danielmatos\/wp-json\/wp\/v2\/posts"}],"about":[{"href":"https:\/\/www.blogsoestado.com\/danielmatos\/wp-json\/wp\/v2\/types\/post"}],"replies":[{"embeddable":true,"href":"https:\/\/www.blogsoestado.com\/danielmatos\/wp-json\/wp\/v2\/comments?post=21060"}],"version-history":[{"count":0,"href":"https:\/\/www.blogsoestado.com\/danielmatos\/wp-json\/wp\/v2\/posts\/21060\/revisions"}],"wp:attachment":[{"href":"https:\/\/www.blogsoestado.com\/danielmatos\/wp-json\/wp\/v2\/media?parent=21060"}],"wp:term":[{"taxonomy":"category","embeddable":true,"href":"https:\/\/www.blogsoestado.com\/danielmatos\/wp-json\/wp\/v2\/categories?post=21060"},{"taxonomy":"post_tag","embeddable":true,"href":"https:\/\/www.blogsoestado.com\/danielmatos\/wp-json\/wp\/v2\/tags?post=21060"}],"curies":[{"name":"wp","href":"https:\/\/api.w.org\/{rel}","templated":true}]}}