{"id":21061,"date":"2014-12-12T10:03:57","date_gmt":"2014-12-12T13:03:57","guid":{"rendered":"https:\/\/www.blogsoestado.com\/danielmatos\/?p=21061"},"modified":"2014-12-12T10:03:57","modified_gmt":"2014-12-12T13:03:57","slug":"sob-nova-direcao","status":"publish","type":"post","link":"https:\/\/www.blogsoestado.com\/danielmatos\/sob-nova-direcao\/","title":{"rendered":"Sob nova dire\u00e7\u00e3o"},"content":{"rendered":"<figure id=\"attachment_21062\" aria-describedby=\"caption-attachment-21062\" style=\"width: 299px\" class=\"wp-caption alignright\"><a href=\"https:\/\/www.blogsoestado.com\/danielmatos\/files\/2014\/12\/C\u00edcero-Evandro.jpg\"><img fetchpriority=\"high\" decoding=\"async\" class=\"size-full wp-image-21062\" src=\"https:\/\/www.blogsoestado.com\/danielmatos\/files\/2014\/12\/C\u00edcero-Evandro.jpg\" alt=\"M\u00e9dico C\u00edcero Evandro comanda a diretoria do UNICRED\" width=\"299\" height=\"448\" \/><\/a><figcaption id=\"caption-attachment-21062\" class=\"wp-caption-text\">M\u00e9dico C\u00edcero Evandro dirige\u00a0a UNICRED<\/figcaption><\/figure>\n<p>O m\u00e9dico C\u00edcero Evandro \u00e9 quem est\u00e1 agora no comando da diretoria da UNICRED em S\u00e3o Lu\u00eds, institui\u00e7\u00e3o financeira presente em todo o Brasil e que tamb\u00e9m se destaca de maneira marcante nas regi\u00f5es Norte e Nordeste, agregando quase 700 m\u00e9dicos associados na capital maranhense, devendo aumentar essa ades\u00e3o nos pr\u00f3ximos meses.<\/p>\n<p>Desde a posse, os m\u00e9dicos t\u00eam buscado aumentar a lucratividade da cooperativa, com destaque para renegocia\u00e7\u00e3o de d\u00edvidas passadas e tomando medidas administrativas para o aumento da produtividade, obtendo grande sucesso nesse processo.<\/p>\n<p>Empr\u00e9stimos com juros mais baixos, oferta de diversos produtos financeiros similares aos fornecidos por bancos e possibilidade de participa\u00e7\u00e3o nas sobras financeiras ao fim de cada ano fiscal s\u00e3o algumas das in\u00fameras vantagens desse sistema de cooperativismo de cr\u00e9dito.<\/p>\n<p>Com C\u00edcero Evandro, est\u00e3o os m\u00e9dicos Alu\u00edsio Rosado Filho (diretor financeiro) e Jandrey Paulo Juli\u00e3o de Souza (diretor administrativo). A ag\u00eancia funciona na Avenida Get\u00falio Vargas, no bairro Monte Castelo.<\/p>\n","protected":false},"excerpt":{"rendered":"<p>O m\u00e9dico C\u00edcero Evandro \u00e9 quem est\u00e1 agora no comando da diretoria da UNICRED em S\u00e3o Lu\u00eds, institui\u00e7\u00e3o financeira presente [&hellip;]<\/p>\n","protected":false},"author":0,"featured_media":0,"comment_status":"open","ping_status":"open","sticky":false,"template":"","format":"standard","meta":{"site-sidebar-layout":"default","site-content-layout":"","ast-site-content-layout":"default","site-content-style":"default","site-sidebar-style":"default","ast-global-header-display":"","ast-banner-title-visibility":"","ast-main-header-display":"","ast-hfb-above-header-display":"","ast-hfb-below-header-display":"","ast-hfb-mobile-header-display":"","site-post-title":"","ast-breadcrumbs-content":"","ast-featured-img":"","footer-sml-layout":"","ast-disable-related-posts":"","theme-transparent-header-meta":"","adv-header-id-meta":"","stick-header-meta":"","header-above-stick-meta":"","header-main-stick-meta":"","header-below-stick-meta":"","astra-migrate-meta-layouts":"default","ast-page-background-enabled":"default","ast-page-background-meta":{"desktop":{"background-color":"var(--ast-global-color-5)","background-image":"","background-repeat":"repeat","background-position":"center center","background-size":"auto","background-attachment":"scroll","background-type":"","background-media":"","overlay-type":"","overlay-color":"","overlay-opacity":"","overlay-gradient":""},"tablet":{"background-color":"","background-image":"","background-repeat":"repeat","background-position":"center center","background-size":"auto","background-attachment":"scroll","background-type":"","background-media":"","overlay-type":"","overlay-color":"","overlay-opacity":"","overlay-gradient":""},"mobile":{"background-color":"","background-image":"","background-repeat":"repeat","background-position":"center center","background-size":"auto","background-attachment":"scroll","background-type":"","background-media":"","overlay-type":"","overlay-color":"","overlay-opacity":"","overlay-gradient":""}},"ast-content-background-meta":{"desktop":{"background-color":"var(--ast-global-color-4)","background-image":"","background-repeat":"repeat","background-position":"center center","background-size":"auto","background-attachment":"scroll","background-type":"","background-media":"","overlay-type":"","overlay-color":"","overlay-opacity":"","overlay-gradient":""},"tablet":{"background-color":"var(--ast-global-color-4)","background-image":"","background-repeat":"repeat","background-position":"center center","background-size":"auto","background-attachment":"scroll","background-type":"","background-media":"","overlay-type":"","overlay-color":"","overlay-opacity":"","overlay-gradient":""},"mobile":{"background-color":"var(--ast-global-color-4)","background-image":"","background-repeat":"repeat","background-position":"center center","background-size":"auto","background-attachment":"scroll","background-type":"","background-media":"","overlay-type":"","overlay-color":"","overlay-opacity":"","overlay-gradient":""}},"footnotes":""},"categories":[1],"tags":[],"class_list":["post-21061","post","type-post","status-publish","format-standard","hentry","category-sem-categoria"],"yoast_head":"<!-- This site is optimized with the Yoast SEO plugin v26.6 - https:\/\/yoast.com\/wordpress\/plugins\/seo\/ -->\n<title>Sob nova dire\u00e7\u00e3o - Daniel Matos<\/title>\n<meta name=\"robots\" content=\"index, follow, max-snippet:-1, max-image-preview:large, max-video-preview:-1\" \/>\n<link rel=\"canonical\" href=\"https:\/\/www.blogsoestado.com\/danielmatos\/sob-nova-direcao\/\" \/>\n<meta property=\"og:locale\" content=\"pt_BR\" \/>\n<meta property=\"og:type\" content=\"article\" \/>\n<meta property=\"og:title\" content=\"Sob nova dire\u00e7\u00e3o - Daniel Matos\" \/>\n<meta property=\"og:description\" content=\"O m\u00e9dico C\u00edcero Evandro \u00e9 quem est\u00e1 agora no comando da diretoria da UNICRED em S\u00e3o Lu\u00eds, institui\u00e7\u00e3o financeira presente [&hellip;]\" \/>\n<meta property=\"og:url\" content=\"https:\/\/www.blogsoestado.com\/danielmatos\/sob-nova-direcao\/\" \/>\n<meta property=\"og:site_name\" content=\"Daniel Matos\" \/>\n<meta property=\"article:published_time\" content=\"2014-12-12T13:03:57+00:00\" \/>\n<meta name=\"twitter:card\" content=\"summary_large_image\" \/>\n<meta name=\"twitter:label1\" content=\"Est. tempo de leitura\" \/>\n\t<meta name=\"twitter:data1\" content=\"1 minuto\" \/>\n<script type=\"application\/ld+json\" class=\"yoast-schema-graph\">{\"@context\":\"https:\/\/schema.org\",\"@graph\":[{\"@type\":\"WebPage\",\"@id\":\"https:\/\/www.blogsoestado.com\/danielmatos\/sob-nova-direcao\/\",\"url\":\"https:\/\/www.blogsoestado.com\/danielmatos\/sob-nova-direcao\/\",\"name\":\"Sob nova dire\u00e7\u00e3o - Daniel Matos\",\"isPartOf\":{\"@id\":\"https:\/\/www.blogsoestado.com\/danielmatos\/#website\"},\"datePublished\":\"2014-12-12T13:03:57+00:00\",\"author\":{\"@id\":\"\"},\"breadcrumb\":{\"@id\":\"https:\/\/www.blogsoestado.com\/danielmatos\/sob-nova-direcao\/#breadcrumb\"},\"inLanguage\":\"pt-BR\",\"potentialAction\":[{\"@type\":\"ReadAction\",\"target\":[\"https:\/\/www.blogsoestado.com\/danielmatos\/sob-nova-direcao\/\"]}]},{\"@type\":\"BreadcrumbList\",\"@id\":\"https:\/\/www.blogsoestado.com\/danielmatos\/sob-nova-direcao\/#breadcrumb\",\"itemListElement\":[{\"@type\":\"ListItem\",\"position\":1,\"name\":\"In\u00edcio\",\"item\":\"https:\/\/www.blogsoestado.com\/danielmatos\/\"},{\"@type\":\"ListItem\",\"position\":2,\"name\":\"Sob nova dire\u00e7\u00e3o\"}]},{\"@type\":\"WebSite\",\"@id\":\"https:\/\/www.blogsoestado.com\/danielmatos\/#website\",\"url\":\"https:\/\/www.blogsoestado.com\/danielmatos\/\",\"name\":\"Daniel Matos\",\"description\":\"\",\"potentialAction\":[{\"@type\":\"SearchAction\",\"target\":{\"@type\":\"EntryPoint\",\"urlTemplate\":\"https:\/\/www.blogsoestado.com\/danielmatos\/?s={search_term_string}\"},\"query-input\":{\"@type\":\"PropertyValueSpecification\",\"valueRequired\":true,\"valueName\":\"search_term_string\"}}],\"inLanguage\":\"pt-BR\"}]}<\/script>\n<!-- \/ Yoast SEO plugin. -->","yoast_head_json":{"title":"Sob nova dire\u00e7\u00e3o - Daniel Matos","robots":{"index":"index","follow":"follow","max-snippet":"max-snippet:-1","max-image-preview":"max-image-preview:large","max-video-preview":"max-video-preview:-1"},"canonical":"https:\/\/www.blogsoestado.com\/danielmatos\/sob-nova-direcao\/","og_locale":"pt_BR","og_type":"article","og_title":"Sob nova dire\u00e7\u00e3o - Daniel Matos","og_description":"O m\u00e9dico C\u00edcero Evandro \u00e9 quem est\u00e1 agora no comando da diretoria da UNICRED em S\u00e3o Lu\u00eds, institui\u00e7\u00e3o financeira presente [&hellip;]","og_url":"https:\/\/www.blogsoestado.com\/danielmatos\/sob-nova-direcao\/","og_site_name":"Daniel Matos","article_published_time":"2014-12-12T13:03:57+00:00","twitter_card":"summary_large_image","twitter_misc":{"Est. tempo de leitura":"1 minuto"},"schema":{"@context":"https:\/\/schema.org","@graph":[{"@type":"WebPage","@id":"https:\/\/www.blogsoestado.com\/danielmatos\/sob-nova-direcao\/","url":"https:\/\/www.blogsoestado.com\/danielmatos\/sob-nova-direcao\/","name":"Sob nova dire\u00e7\u00e3o - Daniel Matos","isPartOf":{"@id":"https:\/\/www.blogsoestado.com\/danielmatos\/#website"},"datePublished":"2014-12-12T13:03:57+00:00","author":{"@id":""},"breadcrumb":{"@id":"https:\/\/www.blogsoestado.com\/danielmatos\/sob-nova-direcao\/#breadcrumb"},"inLanguage":"pt-BR","potentialAction":[{"@type":"ReadAction","target":["https:\/\/www.blogsoestado.com\/danielmatos\/sob-nova-direcao\/"]}]},{"@type":"BreadcrumbList","@id":"https:\/\/www.blogsoestado.com\/danielmatos\/sob-nova-direcao\/#breadcrumb","itemListElement":[{"@type":"ListItem","position":1,"name":"In\u00edcio","item":"https:\/\/www.blogsoestado.com\/danielmatos\/"},{"@type":"ListItem","position":2,"name":"Sob nova dire\u00e7\u00e3o"}]},{"@type":"WebSite","@id":"https:\/\/www.blogsoestado.com\/danielmatos\/#website","url":"https:\/\/www.blogsoestado.com\/danielmatos\/","name":"Daniel Matos","description":"","potentialAction":[{"@type":"SearchAction","target":{"@type":"EntryPoint","urlTemplate":"https:\/\/www.blogsoestado.com\/danielmatos\/?s={search_term_string}"},"query-input":{"@type":"PropertyValueSpecification","valueRequired":true,"valueName":"search_term_string"}}],"inLanguage":"pt-BR"}]}},"jetpack_featured_media_url":"","_links":{"self":[{"href":"https:\/\/www.blogsoestado.com\/danielmatos\/wp-json\/wp\/v2\/posts\/21061","targetHints":{"allow":["GET"]}}],"collection":[{"href":"https:\/\/www.blogsoestado.com\/danielmatos\/wp-json\/wp\/v2\/posts"}],"about":[{"href":"https:\/\/www.blogsoestado.com\/danielmatos\/wp-json\/wp\/v2\/types\/post"}],"replies":[{"embeddable":true,"href":"https:\/\/www.blogsoestado.com\/danielmatos\/wp-json\/wp\/v2\/comments?post=21061"}],"version-history":[{"count":0,"href":"https:\/\/www.blogsoestado.com\/danielmatos\/wp-json\/wp\/v2\/posts\/21061\/revisions"}],"wp:attachment":[{"href":"https:\/\/www.blogsoestado.com\/danielmatos\/wp-json\/wp\/v2\/media?parent=21061"}],"wp:term":[{"taxonomy":"category","embeddable":true,"href":"https:\/\/www.blogsoestado.com\/danielmatos\/wp-json\/wp\/v2\/categories?post=21061"},{"taxonomy":"post_tag","embeddable":true,"href":"https:\/\/www.blogsoestado.com\/danielmatos\/wp-json\/wp\/v2\/tags?post=21061"}],"curies":[{"name":"wp","href":"https:\/\/api.w.org\/{rel}","templated":true}]}}