{"id":21082,"date":"2014-12-12T18:01:42","date_gmt":"2014-12-12T21:01:42","guid":{"rendered":"https:\/\/www.blogsoestado.com\/danielmatos\/?p=21082"},"modified":"2014-12-12T18:01:42","modified_gmt":"2014-12-12T21:01:42","slug":"paco-do-lumiar-recebe-kit-para-o-aparelhamento-das-politicas-de-igualdade-racial","status":"publish","type":"post","link":"https:\/\/www.blogsoestado.com\/danielmatos\/paco-do-lumiar-recebe-kit-para-o-aparelhamento-das-politicas-de-igualdade-racial\/","title":{"rendered":"Pa\u00e7o do Lumiar recebe kit para o aparelhamento das pol\u00edticas de igualdade racial"},"content":{"rendered":"<figure id=\"attachment_21083\" aria-describedby=\"caption-attachment-21083\" style=\"width: 640px\" class=\"wp-caption aligncenter\"><a href=\"https:\/\/www.blogsoestado.com\/danielmatos\/files\/2014\/12\/pa\u00e7o-igualdade-racial.jpg\"><img fetchpriority=\"high\" decoding=\"async\" class=\"size-full wp-image-21083\" src=\"https:\/\/www.blogsoestado.com\/danielmatos\/files\/2014\/12\/pa\u00e7o-igualdade-racial.jpg\" alt=\"Prefeito Josemar Sobreiro, secret\u00e1ria de Desenvolvimento Social, Ivone Coqueiro,  durante a entrega do kit  \" width=\"640\" height=\"427\" \/><\/a><figcaption id=\"caption-attachment-21083\" class=\"wp-caption-text\">Prefeito Josemar Sobreiro, secret\u00e1ria de Desenvolvimento Social, Ivone Coqueiro, durante a entrega do kit<\/figcaption><\/figure>\n<p>O munic\u00edpio de Pa\u00e7o do Lumiar e mais 71 cidades maranhenses receberam na manh\u00e3 desta sexta-feira, 12, kit\u2019s contendo material de inform\u00e1tica e mob\u00edlia para o incremento das pol\u00edticas de promo\u00e7\u00e3o da Igualdade Racial. A solenidade de entrega aconteceu no audit\u00f3rio do Pal\u00e1cio Henrique de La Roque, com a participa\u00e7\u00e3o da Secret\u00e1ria de Estado Extraordin\u00e1ria de Igualdade Racial, Claudett Ribeiro, e a presen\u00e7a de prefeitos e secret\u00e1rios municipais.<\/p>\n<p>O aparelhamento contemplou as prefeituras que aderiram ao projeto \u201cFortalecimento da Pol\u00edtica de Promo\u00e7\u00e3o da Igualdade Racial\u201d, do Governo do Estado do Maranh\u00e3o, que utilizaram a\u00e7\u00f5es efetivas de enfrentamento do racismo e supera\u00e7\u00e3o das igualdades raciais.<\/p>\n<p>O prefeito professor Josemar Sobreiro (PR) recebeu o kit, juntamente com a secret\u00e1ria de Desenvolvimento Social, Ivone Oliveira, e do assessor t\u00e9cnico, Ant\u00f4nio Carlos de Ara\u00fajo J\u00fanior, e afirmou o compromisso da gest\u00e3o em estabelecer, pela primeira vez no munic\u00edpio de Pa\u00e7o do Lumiar, pol\u00edticas afirmativas de assist\u00eancia \u00e0s comunidades remanescentes de quilombos, e ainda, de preserva\u00e7\u00e3o e manuten\u00e7\u00e3o cultura afro brasileira.<\/p>\n<p>A secret\u00e1ria de Desenvolvimento Social, Ivone Oliveira contou que n\u00e3o havia registros de pol\u00edticas de igualdade racial ou a\u00e7\u00f5es relativas no munic\u00edpio. \u201cDepois de um levantamento minucioso apresentou-se a necessidade de implementar e fortalecer a\u00e7\u00f5es, com vistas a atender a grande popula\u00e7\u00e3o negra, as comunidades de terreiros e comunidades formadas por remanescentes de quilombos , no munic\u00edpio de Pa\u00e7o do Lumiar\u201d, afirmou.<\/p>\n<p>Recentemente foi institu\u00edda no munic\u00edpio, a Comiss\u00e3o Provis\u00f3ria de Promo\u00e7\u00e3o da Igualdade Racial, como uma prepara\u00e7\u00e3o para a forma\u00e7\u00e3o do Departamento Municipal, que ser\u00e1 respons\u00e1vel em desenvolver atividades de combate ao racismo e a intoler\u00e2ncia, e afirma\u00e7\u00e3o dos direitos das culturas \u00e9tico-raciais.<\/p>\n","protected":false},"excerpt":{"rendered":"<p>O munic\u00edpio de Pa\u00e7o do Lumiar e mais 71 cidades maranhenses receberam na manh\u00e3 desta sexta-feira, 12, kit\u2019s contendo material [&hellip;]<\/p>\n","protected":false},"author":0,"featured_media":0,"comment_status":"open","ping_status":"open","sticky":false,"template":"","format":"standard","meta":{"site-sidebar-layout":"default","site-content-layout":"","ast-site-content-layout":"default","site-content-style":"default","site-sidebar-style":"default","ast-global-header-display":"","ast-banner-title-visibility":"","ast-main-header-display":"","ast-hfb-above-header-display":"","ast-hfb-below-header-display":"","ast-hfb-mobile-header-display":"","site-post-title":"","ast-breadcrumbs-content":"","ast-featured-img":"","footer-sml-layout":"","ast-disable-related-posts":"","theme-transparent-header-meta":"","adv-header-id-meta":"","stick-header-meta":"","header-above-stick-meta":"","header-main-stick-meta":"","header-below-stick-meta":"","astra-migrate-meta-layouts":"default","ast-page-background-enabled":"default","ast-page-background-meta":{"desktop":{"background-color":"var(--ast-global-color-5)","background-image":"","background-repeat":"repeat","background-position":"center center","background-size":"auto","background-attachment":"scroll","background-type":"","background-media":"","overlay-type":"","overlay-color":"","overlay-opacity":"","overlay-gradient":""},"tablet":{"background-color":"","background-image":"","background-repeat":"repeat","background-position":"center center","background-size":"auto","background-attachment":"scroll","background-type":"","background-media":"","overlay-type":"","overlay-color":"","overlay-opacity":"","overlay-gradient":""},"mobile":{"background-color":"","background-image":"","background-repeat":"repeat","background-position":"center center","background-size":"auto","background-attachment":"scroll","background-type":"","background-media":"","overlay-type":"","overlay-color":"","overlay-opacity":"","overlay-gradient":""}},"ast-content-background-meta":{"desktop":{"background-color":"var(--ast-global-color-4)","background-image":"","background-repeat":"repeat","background-position":"center center","background-size":"auto","background-attachment":"scroll","background-type":"","background-media":"","overlay-type":"","overlay-color":"","overlay-opacity":"","overlay-gradient":""},"tablet":{"background-color":"var(--ast-global-color-4)","background-image":"","background-repeat":"repeat","background-position":"center center","background-size":"auto","background-attachment":"scroll","background-type":"","background-media":"","overlay-type":"","overlay-color":"","overlay-opacity":"","overlay-gradient":""},"mobile":{"background-color":"var(--ast-global-color-4)","background-image":"","background-repeat":"repeat","background-position":"center center","background-size":"auto","background-attachment":"scroll","background-type":"","background-media":"","overlay-type":"","overlay-color":"","overlay-opacity":"","overlay-gradient":""}},"footnotes":""},"categories":[1],"tags":[],"class_list":["post-21082","post","type-post","status-publish","format-standard","hentry","category-sem-categoria"],"yoast_head":"<!-- This site is optimized with the Yoast SEO plugin v26.6 - https:\/\/yoast.com\/wordpress\/plugins\/seo\/ -->\n<title>Pa\u00e7o do Lumiar recebe kit para o aparelhamento das pol\u00edticas de igualdade racial - Daniel Matos<\/title>\n<meta name=\"robots\" content=\"index, follow, max-snippet:-1, max-image-preview:large, max-video-preview:-1\" \/>\n<link rel=\"canonical\" href=\"https:\/\/www.blogsoestado.com\/danielmatos\/paco-do-lumiar-recebe-kit-para-o-aparelhamento-das-politicas-de-igualdade-racial\/\" \/>\n<meta property=\"og:locale\" content=\"pt_BR\" \/>\n<meta property=\"og:type\" content=\"article\" \/>\n<meta property=\"og:title\" content=\"Pa\u00e7o do Lumiar recebe kit para o aparelhamento das pol\u00edticas de igualdade racial - Daniel Matos\" \/>\n<meta property=\"og:description\" content=\"O munic\u00edpio de Pa\u00e7o do Lumiar e mais 71 cidades maranhenses receberam na manh\u00e3 desta sexta-feira, 12, kit\u2019s contendo material [&hellip;]\" \/>\n<meta property=\"og:url\" content=\"https:\/\/www.blogsoestado.com\/danielmatos\/paco-do-lumiar-recebe-kit-para-o-aparelhamento-das-politicas-de-igualdade-racial\/\" \/>\n<meta property=\"og:site_name\" content=\"Daniel Matos\" \/>\n<meta property=\"article:published_time\" content=\"2014-12-12T21:01:42+00:00\" \/>\n<meta name=\"twitter:card\" content=\"summary_large_image\" \/>\n<meta name=\"twitter:label1\" content=\"Est. tempo de leitura\" \/>\n\t<meta name=\"twitter:data1\" content=\"2 minutos\" \/>\n<script type=\"application\/ld+json\" class=\"yoast-schema-graph\">{\"@context\":\"https:\/\/schema.org\",\"@graph\":[{\"@type\":\"WebPage\",\"@id\":\"https:\/\/www.blogsoestado.com\/danielmatos\/paco-do-lumiar-recebe-kit-para-o-aparelhamento-das-politicas-de-igualdade-racial\/\",\"url\":\"https:\/\/www.blogsoestado.com\/danielmatos\/paco-do-lumiar-recebe-kit-para-o-aparelhamento-das-politicas-de-igualdade-racial\/\",\"name\":\"Pa\u00e7o do Lumiar recebe kit para o aparelhamento das pol\u00edticas de igualdade racial - Daniel Matos\",\"isPartOf\":{\"@id\":\"https:\/\/www.blogsoestado.com\/danielmatos\/#website\"},\"datePublished\":\"2014-12-12T21:01:42+00:00\",\"author\":{\"@id\":\"\"},\"breadcrumb\":{\"@id\":\"https:\/\/www.blogsoestado.com\/danielmatos\/paco-do-lumiar-recebe-kit-para-o-aparelhamento-das-politicas-de-igualdade-racial\/#breadcrumb\"},\"inLanguage\":\"pt-BR\",\"potentialAction\":[{\"@type\":\"ReadAction\",\"target\":[\"https:\/\/www.blogsoestado.com\/danielmatos\/paco-do-lumiar-recebe-kit-para-o-aparelhamento-das-politicas-de-igualdade-racial\/\"]}]},{\"@type\":\"BreadcrumbList\",\"@id\":\"https:\/\/www.blogsoestado.com\/danielmatos\/paco-do-lumiar-recebe-kit-para-o-aparelhamento-das-politicas-de-igualdade-racial\/#breadcrumb\",\"itemListElement\":[{\"@type\":\"ListItem\",\"position\":1,\"name\":\"In\u00edcio\",\"item\":\"https:\/\/www.blogsoestado.com\/danielmatos\/\"},{\"@type\":\"ListItem\",\"position\":2,\"name\":\"Pa\u00e7o do Lumiar recebe kit para o aparelhamento das pol\u00edticas de igualdade racial\"}]},{\"@type\":\"WebSite\",\"@id\":\"https:\/\/www.blogsoestado.com\/danielmatos\/#website\",\"url\":\"https:\/\/www.blogsoestado.com\/danielmatos\/\",\"name\":\"Daniel Matos\",\"description\":\"\",\"potentialAction\":[{\"@type\":\"SearchAction\",\"target\":{\"@type\":\"EntryPoint\",\"urlTemplate\":\"https:\/\/www.blogsoestado.com\/danielmatos\/?s={search_term_string}\"},\"query-input\":{\"@type\":\"PropertyValueSpecification\",\"valueRequired\":true,\"valueName\":\"search_term_string\"}}],\"inLanguage\":\"pt-BR\"}]}<\/script>\n<!-- \/ Yoast SEO plugin. -->","yoast_head_json":{"title":"Pa\u00e7o do Lumiar recebe kit para o aparelhamento das pol\u00edticas de igualdade racial - Daniel Matos","robots":{"index":"index","follow":"follow","max-snippet":"max-snippet:-1","max-image-preview":"max-image-preview:large","max-video-preview":"max-video-preview:-1"},"canonical":"https:\/\/www.blogsoestado.com\/danielmatos\/paco-do-lumiar-recebe-kit-para-o-aparelhamento-das-politicas-de-igualdade-racial\/","og_locale":"pt_BR","og_type":"article","og_title":"Pa\u00e7o do Lumiar recebe kit para o aparelhamento das pol\u00edticas de igualdade racial - Daniel Matos","og_description":"O munic\u00edpio de Pa\u00e7o do Lumiar e mais 71 cidades maranhenses receberam na manh\u00e3 desta sexta-feira, 12, kit\u2019s contendo material [&hellip;]","og_url":"https:\/\/www.blogsoestado.com\/danielmatos\/paco-do-lumiar-recebe-kit-para-o-aparelhamento-das-politicas-de-igualdade-racial\/","og_site_name":"Daniel Matos","article_published_time":"2014-12-12T21:01:42+00:00","twitter_card":"summary_large_image","twitter_misc":{"Est. tempo de leitura":"2 minutos"},"schema":{"@context":"https:\/\/schema.org","@graph":[{"@type":"WebPage","@id":"https:\/\/www.blogsoestado.com\/danielmatos\/paco-do-lumiar-recebe-kit-para-o-aparelhamento-das-politicas-de-igualdade-racial\/","url":"https:\/\/www.blogsoestado.com\/danielmatos\/paco-do-lumiar-recebe-kit-para-o-aparelhamento-das-politicas-de-igualdade-racial\/","name":"Pa\u00e7o do Lumiar recebe kit para o aparelhamento das pol\u00edticas de igualdade racial - Daniel Matos","isPartOf":{"@id":"https:\/\/www.blogsoestado.com\/danielmatos\/#website"},"datePublished":"2014-12-12T21:01:42+00:00","author":{"@id":""},"breadcrumb":{"@id":"https:\/\/www.blogsoestado.com\/danielmatos\/paco-do-lumiar-recebe-kit-para-o-aparelhamento-das-politicas-de-igualdade-racial\/#breadcrumb"},"inLanguage":"pt-BR","potentialAction":[{"@type":"ReadAction","target":["https:\/\/www.blogsoestado.com\/danielmatos\/paco-do-lumiar-recebe-kit-para-o-aparelhamento-das-politicas-de-igualdade-racial\/"]}]},{"@type":"BreadcrumbList","@id":"https:\/\/www.blogsoestado.com\/danielmatos\/paco-do-lumiar-recebe-kit-para-o-aparelhamento-das-politicas-de-igualdade-racial\/#breadcrumb","itemListElement":[{"@type":"ListItem","position":1,"name":"In\u00edcio","item":"https:\/\/www.blogsoestado.com\/danielmatos\/"},{"@type":"ListItem","position":2,"name":"Pa\u00e7o do Lumiar recebe kit para o aparelhamento das pol\u00edticas de igualdade racial"}]},{"@type":"WebSite","@id":"https:\/\/www.blogsoestado.com\/danielmatos\/#website","url":"https:\/\/www.blogsoestado.com\/danielmatos\/","name":"Daniel Matos","description":"","potentialAction":[{"@type":"SearchAction","target":{"@type":"EntryPoint","urlTemplate":"https:\/\/www.blogsoestado.com\/danielmatos\/?s={search_term_string}"},"query-input":{"@type":"PropertyValueSpecification","valueRequired":true,"valueName":"search_term_string"}}],"inLanguage":"pt-BR"}]}},"jetpack_featured_media_url":"","_links":{"self":[{"href":"https:\/\/www.blogsoestado.com\/danielmatos\/wp-json\/wp\/v2\/posts\/21082","targetHints":{"allow":["GET"]}}],"collection":[{"href":"https:\/\/www.blogsoestado.com\/danielmatos\/wp-json\/wp\/v2\/posts"}],"about":[{"href":"https:\/\/www.blogsoestado.com\/danielmatos\/wp-json\/wp\/v2\/types\/post"}],"replies":[{"embeddable":true,"href":"https:\/\/www.blogsoestado.com\/danielmatos\/wp-json\/wp\/v2\/comments?post=21082"}],"version-history":[{"count":0,"href":"https:\/\/www.blogsoestado.com\/danielmatos\/wp-json\/wp\/v2\/posts\/21082\/revisions"}],"wp:attachment":[{"href":"https:\/\/www.blogsoestado.com\/danielmatos\/wp-json\/wp\/v2\/media?parent=21082"}],"wp:term":[{"taxonomy":"category","embeddable":true,"href":"https:\/\/www.blogsoestado.com\/danielmatos\/wp-json\/wp\/v2\/categories?post=21082"},{"taxonomy":"post_tag","embeddable":true,"href":"https:\/\/www.blogsoestado.com\/danielmatos\/wp-json\/wp\/v2\/tags?post=21082"}],"curies":[{"name":"wp","href":"https:\/\/api.w.org\/{rel}","templated":true}]}}