{"id":21116,"date":"2014-12-15T15:59:16","date_gmt":"2014-12-15T18:59:16","guid":{"rendered":"https:\/\/www.blogsoestado.com\/danielmatos\/?p=21116"},"modified":"2014-12-15T15:59:16","modified_gmt":"2014-12-15T18:59:16","slug":"ufma-homenageia-magistrados-com-a-comenda-palmas-universitarias","status":"publish","type":"post","link":"https:\/\/www.blogsoestado.com\/danielmatos\/ufma-homenageia-magistrados-com-a-comenda-palmas-universitarias\/","title":{"rendered":"UFMA homenageia magistrados com a comenda Palmas Universit\u00e1rias"},"content":{"rendered":"<figure id=\"attachment_21117\" aria-describedby=\"caption-attachment-21117\" style=\"width: 640px\" class=\"wp-caption aligncenter\"><a href=\"https:\/\/www.blogsoestado.com\/danielmatos\/files\/2014\/12\/ufma-comenda.png\"><img fetchpriority=\"high\" decoding=\"async\" class=\"size-full wp-image-21117\" src=\"https:\/\/www.blogsoestado.com\/danielmatos\/files\/2014\/12\/ufma-comenda.png\" alt=\"Reitor da UFMA, Natalino Salgado, entrega Palmas Universit\u00e1rias ao juiz Marlon Reis\" width=\"640\" height=\"427\" \/><\/a><figcaption id=\"caption-attachment-21117\" class=\"wp-caption-text\">Reitor da UFMA, Natalino Salgado, entrega Palmas Universit\u00e1rias ao juiz Marlon Reis<\/figcaption><\/figure>\n<p>A Universidade Federal do Maranh\u00e3o concedeu a comenda Palmas Universit\u00e1rias ao juiz de Direito Marlon Reis, um dos autores da Lei da Ficha Limpa, e ao desembargador James Magno Farias, vice-presidente e corregedor do Tribunal Regional do Trabalho &#8211; TRT e professor da UFMA. A honraria foi entregue pelo Reitor Natalino Salgado, na \u00faltima sexta.<\/p>\n<p>Ao agradecer a homenagem, o juiz Marlon Reis disse que UFMA representa muito para ele. \u201cA Universidade abriu portas para que eu pudesse me tornar magistrado, para que eu pudesse dar a minha modesta contribui\u00e7\u00e3o, que eu espero estar dando, \u00e0 sociedade. E voltar \u00e0 Universidade Federal do Maranh\u00e3o sempre me emociona\u201d, acrescentou o juiz, que se graduou em Direito pela UFMA.<\/p>\n<p>O desembargador James Magno Farias tamb\u00e9m se disse honrado e feliz com a distin\u00e7\u00e3o. \u201cPrimeiro, por ser maranhense que, para mim, \u00e9 fundamental este reconhecimento. Segundo, por ser egresso desta Universidade. Eu entrei na UFMA em 1986 e foi a turma na qual eu estudava que me moldou como pessoa, como humanista, que fez eu me apaixonar pela Universidade. Tanto que me formei em 1991 e, no ano seguinte, j\u00e1 retornava como professor\u201d, contou.<\/p>\n<figure id=\"attachment_21119\" aria-describedby=\"caption-attachment-21119\" style=\"width: 640px\" class=\"wp-caption aligncenter\"><a href=\"https:\/\/www.blogsoestado.com\/danielmatos\/files\/2014\/12\/ufma-comenda21.png\"><img decoding=\"async\" class=\"size-full wp-image-21119\" src=\"https:\/\/www.blogsoestado.com\/danielmatos\/files\/2014\/12\/ufma-comenda21.png\" alt=\"Desembargador do Trabalho James Magno Farias tamb\u00e9m foi agraciado com a comenda\" width=\"640\" height=\"427\" \/><\/a><figcaption id=\"caption-attachment-21119\" class=\"wp-caption-text\">Desembargador do Trabalho e professor da UFMA James Magno Farias tamb\u00e9m foi agraciado com a comenda<\/figcaption><\/figure>\n<p>A outorga das Palmas Universit\u00e1rias aos magistrados, segundo o reitor Natalino Salgado, \u00e9 tamb\u00e9m uma defer\u00eancia \u00e0queles que ajudam a construir, com um bom desempenho em suas \u00e1reas de atua\u00e7\u00e3o, o aperfei\u00e7oamento do processo de democratiza\u00e7\u00e3o e das pol\u00edticas p\u00fablicas do Brasil. \u201cA universidade se engrandece quando, al\u00e9m dos conhecimentos cient\u00edficos produzidos, pode prestar o reconhecimento p\u00fablico a personalidades que contribuem para a garantia dos direitos dos cidad\u00e3os\u201d, enalteceu.<\/p>\n<p>Maior distin\u00e7\u00e3o honor\u00edfica da UFMA, a comenda &#8220;Palmas Universit\u00e1rias&#8221; existe h\u00e1 28 anos e \u00e9 concedida a personalidades que se destacaram em suas atividades, merecedoras de reconhecimento p\u00fablico por toda comunidade acad\u00eamica. Os homenageados recebem uma placa e um diploma.<\/p>\n","protected":false},"excerpt":{"rendered":"<p>A Universidade Federal do Maranh\u00e3o concedeu a comenda Palmas Universit\u00e1rias ao juiz de Direito Marlon Reis, um dos autores da [&hellip;]<\/p>\n","protected":false},"author":0,"featured_media":0,"comment_status":"open","ping_status":"open","sticky":false,"template":"","format":"standard","meta":{"site-sidebar-layout":"default","site-content-layout":"","ast-site-content-layout":"default","site-content-style":"default","site-sidebar-style":"default","ast-global-header-display":"","ast-banner-title-visibility":"","ast-main-header-display":"","ast-hfb-above-header-display":"","ast-hfb-below-header-display":"","ast-hfb-mobile-header-display":"","site-post-title":"","ast-breadcrumbs-content":"","ast-featured-img":"","footer-sml-layout":"","ast-disable-related-posts":"","theme-transparent-header-meta":"","adv-header-id-meta":"","stick-header-meta":"","header-above-stick-meta":"","header-main-stick-meta":"","header-below-stick-meta":"","astra-migrate-meta-layouts":"default","ast-page-background-enabled":"default","ast-page-background-meta":{"desktop":{"background-color":"var(--ast-global-color-5)","background-image":"","background-repeat":"repeat","background-position":"center center","background-size":"auto","background-attachment":"scroll","background-type":"","background-media":"","overlay-type":"","overlay-color":"","overlay-opacity":"","overlay-gradient":""},"tablet":{"background-color":"","background-image":"","background-repeat":"repeat","background-position":"center center","background-size":"auto","background-attachment":"scroll","background-type":"","background-media":"","overlay-type":"","overlay-color":"","overlay-opacity":"","overlay-gradient":""},"mobile":{"background-color":"","background-image":"","background-repeat":"repeat","background-position":"center center","background-size":"auto","background-attachment":"scroll","background-type":"","background-media":"","overlay-type":"","overlay-color":"","overlay-opacity":"","overlay-gradient":""}},"ast-content-background-meta":{"desktop":{"background-color":"var(--ast-global-color-4)","background-image":"","background-repeat":"repeat","background-position":"center center","background-size":"auto","background-attachment":"scroll","background-type":"","background-media":"","overlay-type":"","overlay-color":"","overlay-opacity":"","overlay-gradient":""},"tablet":{"background-color":"var(--ast-global-color-4)","background-image":"","background-repeat":"repeat","background-position":"center center","background-size":"auto","background-attachment":"scroll","background-type":"","background-media":"","overlay-type":"","overlay-color":"","overlay-opacity":"","overlay-gradient":""},"mobile":{"background-color":"var(--ast-global-color-4)","background-image":"","background-repeat":"repeat","background-position":"center center","background-size":"auto","background-attachment":"scroll","background-type":"","background-media":"","overlay-type":"","overlay-color":"","overlay-opacity":"","overlay-gradient":""}},"footnotes":""},"categories":[1],"tags":[],"class_list":["post-21116","post","type-post","status-publish","format-standard","hentry","category-sem-categoria"],"yoast_head":"<!-- This site is optimized with the Yoast SEO plugin v26.6 - https:\/\/yoast.com\/wordpress\/plugins\/seo\/ -->\n<title>UFMA homenageia magistrados com a comenda Palmas Universit\u00e1rias - Daniel Matos<\/title>\n<meta name=\"robots\" content=\"index, follow, max-snippet:-1, max-image-preview:large, max-video-preview:-1\" \/>\n<link rel=\"canonical\" href=\"https:\/\/www.blogsoestado.com\/danielmatos\/ufma-homenageia-magistrados-com-a-comenda-palmas-universitarias\/\" \/>\n<meta property=\"og:locale\" content=\"pt_BR\" \/>\n<meta property=\"og:type\" content=\"article\" \/>\n<meta property=\"og:title\" content=\"UFMA homenageia magistrados com a comenda Palmas Universit\u00e1rias - Daniel Matos\" \/>\n<meta property=\"og:description\" content=\"A Universidade Federal do Maranh\u00e3o concedeu a comenda Palmas Universit\u00e1rias ao juiz de Direito Marlon Reis, um dos autores da [&hellip;]\" \/>\n<meta property=\"og:url\" content=\"https:\/\/www.blogsoestado.com\/danielmatos\/ufma-homenageia-magistrados-com-a-comenda-palmas-universitarias\/\" \/>\n<meta property=\"og:site_name\" content=\"Daniel Matos\" \/>\n<meta property=\"article:published_time\" content=\"2014-12-15T18:59:16+00:00\" \/>\n<meta property=\"og:image\" content=\"https:\/\/www.blogsoestado.com\/danielmatos\/files\/2014\/12\/ufma-comenda.png\" \/>\n<meta name=\"twitter:card\" content=\"summary_large_image\" \/>\n<meta name=\"twitter:label1\" content=\"Est. tempo de leitura\" \/>\n\t<meta name=\"twitter:data1\" content=\"2 minutos\" \/>\n<script type=\"application\/ld+json\" class=\"yoast-schema-graph\">{\"@context\":\"https:\/\/schema.org\",\"@graph\":[{\"@type\":\"WebPage\",\"@id\":\"https:\/\/www.blogsoestado.com\/danielmatos\/ufma-homenageia-magistrados-com-a-comenda-palmas-universitarias\/\",\"url\":\"https:\/\/www.blogsoestado.com\/danielmatos\/ufma-homenageia-magistrados-com-a-comenda-palmas-universitarias\/\",\"name\":\"UFMA homenageia magistrados com a comenda Palmas Universit\u00e1rias - Daniel Matos\",\"isPartOf\":{\"@id\":\"https:\/\/www.blogsoestado.com\/danielmatos\/#website\"},\"primaryImageOfPage\":{\"@id\":\"https:\/\/www.blogsoestado.com\/danielmatos\/ufma-homenageia-magistrados-com-a-comenda-palmas-universitarias\/#primaryimage\"},\"image\":{\"@id\":\"https:\/\/www.blogsoestado.com\/danielmatos\/ufma-homenageia-magistrados-com-a-comenda-palmas-universitarias\/#primaryimage\"},\"thumbnailUrl\":\"https:\/\/www.blogsoestado.com\/danielmatos\/files\/2014\/12\/ufma-comenda.png\",\"datePublished\":\"2014-12-15T18:59:16+00:00\",\"author\":{\"@id\":\"\"},\"breadcrumb\":{\"@id\":\"https:\/\/www.blogsoestado.com\/danielmatos\/ufma-homenageia-magistrados-com-a-comenda-palmas-universitarias\/#breadcrumb\"},\"inLanguage\":\"pt-BR\",\"potentialAction\":[{\"@type\":\"ReadAction\",\"target\":[\"https:\/\/www.blogsoestado.com\/danielmatos\/ufma-homenageia-magistrados-com-a-comenda-palmas-universitarias\/\"]}]},{\"@type\":\"ImageObject\",\"inLanguage\":\"pt-BR\",\"@id\":\"https:\/\/www.blogsoestado.com\/danielmatos\/ufma-homenageia-magistrados-com-a-comenda-palmas-universitarias\/#primaryimage\",\"url\":\"https:\/\/www.blogsoestado.com\/danielmatos\/files\/2014\/12\/ufma-comenda.png\",\"contentUrl\":\"https:\/\/www.blogsoestado.com\/danielmatos\/files\/2014\/12\/ufma-comenda.png\"},{\"@type\":\"BreadcrumbList\",\"@id\":\"https:\/\/www.blogsoestado.com\/danielmatos\/ufma-homenageia-magistrados-com-a-comenda-palmas-universitarias\/#breadcrumb\",\"itemListElement\":[{\"@type\":\"ListItem\",\"position\":1,\"name\":\"In\u00edcio\",\"item\":\"https:\/\/www.blogsoestado.com\/danielmatos\/\"},{\"@type\":\"ListItem\",\"position\":2,\"name\":\"UFMA homenageia magistrados com a comenda Palmas Universit\u00e1rias\"}]},{\"@type\":\"WebSite\",\"@id\":\"https:\/\/www.blogsoestado.com\/danielmatos\/#website\",\"url\":\"https:\/\/www.blogsoestado.com\/danielmatos\/\",\"name\":\"Daniel Matos\",\"description\":\"\",\"potentialAction\":[{\"@type\":\"SearchAction\",\"target\":{\"@type\":\"EntryPoint\",\"urlTemplate\":\"https:\/\/www.blogsoestado.com\/danielmatos\/?s={search_term_string}\"},\"query-input\":{\"@type\":\"PropertyValueSpecification\",\"valueRequired\":true,\"valueName\":\"search_term_string\"}}],\"inLanguage\":\"pt-BR\"}]}<\/script>\n<!-- \/ Yoast SEO plugin. -->","yoast_head_json":{"title":"UFMA homenageia magistrados com a comenda Palmas Universit\u00e1rias - Daniel Matos","robots":{"index":"index","follow":"follow","max-snippet":"max-snippet:-1","max-image-preview":"max-image-preview:large","max-video-preview":"max-video-preview:-1"},"canonical":"https:\/\/www.blogsoestado.com\/danielmatos\/ufma-homenageia-magistrados-com-a-comenda-palmas-universitarias\/","og_locale":"pt_BR","og_type":"article","og_title":"UFMA homenageia magistrados com a comenda Palmas Universit\u00e1rias - Daniel Matos","og_description":"A Universidade Federal do Maranh\u00e3o concedeu a comenda Palmas Universit\u00e1rias ao juiz de Direito Marlon Reis, um dos autores da [&hellip;]","og_url":"https:\/\/www.blogsoestado.com\/danielmatos\/ufma-homenageia-magistrados-com-a-comenda-palmas-universitarias\/","og_site_name":"Daniel Matos","article_published_time":"2014-12-15T18:59:16+00:00","og_image":[{"url":"https:\/\/www.blogsoestado.com\/danielmatos\/files\/2014\/12\/ufma-comenda.png","type":"","width":"","height":""}],"twitter_card":"summary_large_image","twitter_misc":{"Est. tempo de leitura":"2 minutos"},"schema":{"@context":"https:\/\/schema.org","@graph":[{"@type":"WebPage","@id":"https:\/\/www.blogsoestado.com\/danielmatos\/ufma-homenageia-magistrados-com-a-comenda-palmas-universitarias\/","url":"https:\/\/www.blogsoestado.com\/danielmatos\/ufma-homenageia-magistrados-com-a-comenda-palmas-universitarias\/","name":"UFMA homenageia magistrados com a comenda Palmas Universit\u00e1rias - Daniel Matos","isPartOf":{"@id":"https:\/\/www.blogsoestado.com\/danielmatos\/#website"},"primaryImageOfPage":{"@id":"https:\/\/www.blogsoestado.com\/danielmatos\/ufma-homenageia-magistrados-com-a-comenda-palmas-universitarias\/#primaryimage"},"image":{"@id":"https:\/\/www.blogsoestado.com\/danielmatos\/ufma-homenageia-magistrados-com-a-comenda-palmas-universitarias\/#primaryimage"},"thumbnailUrl":"https:\/\/www.blogsoestado.com\/danielmatos\/files\/2014\/12\/ufma-comenda.png","datePublished":"2014-12-15T18:59:16+00:00","author":{"@id":""},"breadcrumb":{"@id":"https:\/\/www.blogsoestado.com\/danielmatos\/ufma-homenageia-magistrados-com-a-comenda-palmas-universitarias\/#breadcrumb"},"inLanguage":"pt-BR","potentialAction":[{"@type":"ReadAction","target":["https:\/\/www.blogsoestado.com\/danielmatos\/ufma-homenageia-magistrados-com-a-comenda-palmas-universitarias\/"]}]},{"@type":"ImageObject","inLanguage":"pt-BR","@id":"https:\/\/www.blogsoestado.com\/danielmatos\/ufma-homenageia-magistrados-com-a-comenda-palmas-universitarias\/#primaryimage","url":"https:\/\/www.blogsoestado.com\/danielmatos\/files\/2014\/12\/ufma-comenda.png","contentUrl":"https:\/\/www.blogsoestado.com\/danielmatos\/files\/2014\/12\/ufma-comenda.png"},{"@type":"BreadcrumbList","@id":"https:\/\/www.blogsoestado.com\/danielmatos\/ufma-homenageia-magistrados-com-a-comenda-palmas-universitarias\/#breadcrumb","itemListElement":[{"@type":"ListItem","position":1,"name":"In\u00edcio","item":"https:\/\/www.blogsoestado.com\/danielmatos\/"},{"@type":"ListItem","position":2,"name":"UFMA homenageia magistrados com a comenda Palmas Universit\u00e1rias"}]},{"@type":"WebSite","@id":"https:\/\/www.blogsoestado.com\/danielmatos\/#website","url":"https:\/\/www.blogsoestado.com\/danielmatos\/","name":"Daniel Matos","description":"","potentialAction":[{"@type":"SearchAction","target":{"@type":"EntryPoint","urlTemplate":"https:\/\/www.blogsoestado.com\/danielmatos\/?s={search_term_string}"},"query-input":{"@type":"PropertyValueSpecification","valueRequired":true,"valueName":"search_term_string"}}],"inLanguage":"pt-BR"}]}},"jetpack_featured_media_url":"","_links":{"self":[{"href":"https:\/\/www.blogsoestado.com\/danielmatos\/wp-json\/wp\/v2\/posts\/21116","targetHints":{"allow":["GET"]}}],"collection":[{"href":"https:\/\/www.blogsoestado.com\/danielmatos\/wp-json\/wp\/v2\/posts"}],"about":[{"href":"https:\/\/www.blogsoestado.com\/danielmatos\/wp-json\/wp\/v2\/types\/post"}],"replies":[{"embeddable":true,"href":"https:\/\/www.blogsoestado.com\/danielmatos\/wp-json\/wp\/v2\/comments?post=21116"}],"version-history":[{"count":0,"href":"https:\/\/www.blogsoestado.com\/danielmatos\/wp-json\/wp\/v2\/posts\/21116\/revisions"}],"wp:attachment":[{"href":"https:\/\/www.blogsoestado.com\/danielmatos\/wp-json\/wp\/v2\/media?parent=21116"}],"wp:term":[{"taxonomy":"category","embeddable":true,"href":"https:\/\/www.blogsoestado.com\/danielmatos\/wp-json\/wp\/v2\/categories?post=21116"},{"taxonomy":"post_tag","embeddable":true,"href":"https:\/\/www.blogsoestado.com\/danielmatos\/wp-json\/wp\/v2\/tags?post=21116"}],"curies":[{"name":"wp","href":"https:\/\/api.w.org\/{rel}","templated":true}]}}