{"id":21132,"date":"2014-12-16T15:41:49","date_gmt":"2014-12-16T18:41:49","guid":{"rendered":"https:\/\/www.blogsoestado.com\/danielmatos\/?p=21132"},"modified":"2014-12-16T15:41:49","modified_gmt":"2014-12-16T18:41:49","slug":"chegada-do-papai-noel-abrira-programacao-natalina-de-paco-do-lumiar","status":"publish","type":"post","link":"https:\/\/www.blogsoestado.com\/danielmatos\/chegada-do-papai-noel-abrira-programacao-natalina-de-paco-do-lumiar\/","title":{"rendered":"Chegada do Papai Noel abrir\u00e1 programa\u00e7\u00e3o natalina de Pa\u00e7o do Lumiar"},"content":{"rendered":"<figure id=\"attachment_21133\" aria-describedby=\"caption-attachment-21133\" style=\"width: 640px\" class=\"wp-caption aligncenter\"><a href=\"https:\/\/www.blogsoestado.com\/danielmatos\/files\/2014\/12\/pa\u00e7o-natal2014.jpg\"><img fetchpriority=\"high\" decoding=\"async\" class=\"size-full wp-image-21133\" src=\"https:\/\/www.blogsoestado.com\/danielmatos\/files\/2014\/12\/pa\u00e7o-natal2014.jpg\" alt=\"Cantata foi uma das atra\u00e7\u00f5es da programa\u00e7\u00e3o de Natal em Pa\u00e7o do Lumiar ano passado\" width=\"640\" height=\"427\" \/><\/a><figcaption id=\"caption-attachment-21133\" class=\"wp-caption-text\">Cantata na igreja matriz foi uma das atra\u00e7\u00f5es da programa\u00e7\u00e3o de Natal em Pa\u00e7o do Lumiar ano passado<\/figcaption><\/figure>\n<p>Um grande cortejo ao som de musicas natalinas anunciar\u00e1 a chegada do Papai Noel e abrir\u00e1, nesta quinta-feira, 18, a programa\u00e7\u00e3o cultural do \u201cNatal: Um Pa\u00e7o de Luz\u201d, da Prefeitura Municipal de Pa\u00e7o do Lumiar. O bom velhinho percorrer\u00e1 a partir das 16h, avenidas do conjunto Maiob\u00e3o acompanhado da banda municipal \u201cLa Roque\u201d, at\u00e9 o Viva Maiob\u00e3o, onde recepcionar\u00e1 as crian\u00e7as luminenses.<\/p>\n<p>A programa\u00e7\u00e3o cultural compreende ainda, duas Cantatas Natalinas, Feira de Artesanato Luminense e Sarau Liter\u00e1rio. Os eventos coordenados pelas Secretarias de Cultura, Esporte e Lazer, Agricultura, Desenvolvimento Social e Educa\u00e7\u00e3o, visam valorizar os artistas luminenses e proporcionar um momento confraterniza\u00e7\u00e3o entre p\u00fablico presente.<\/p>\n<p>A \u201cI Feira Natalina Luminense\u201d ser\u00e1 aberta oficialmente no dia 18\/12, \u00e0s 17h e pretende atrair durante tr\u00eas dias, mais de 3 mil pessoas para o Viva Maiob\u00e3o, para conhecer a riqueza do artesanato produzido no munic\u00edpio.<\/p>\n<p>Cerca de 50 artes\u00e3os est\u00e3o cadastrados e ter\u00e3o a oportunidade de comercializar os produtos feitos a base de fibra de buriti, bananeira, biscuit, E.V.A, materiais recicl\u00e1veis, entre outros. Durante a feira, acontecer\u00e1 tamb\u00e9m, um Sarau Liter\u00e1rio, com a participa\u00e7\u00e3o dos imortais da Academia Luminense de Letras.<\/p>\n<p>Dando sequencia \u00e0 programa\u00e7\u00e3o, no dia 19 ser\u00e1 realizada a Cantata Natalina da Sede de Pa\u00e7o do Lumiar, na escadaria da igreja de Ns\u00aa da Luz, a partir das 20h, com a leitura de mensagens b\u00edblicas, apresenta\u00e7\u00e3o dos Corais, ballet e apresenta\u00e7\u00e3o de cantores locais e da banda municipal Corpora\u00e7\u00e3o Musical La Roque.<\/p>\n<figure id=\"attachment_21134\" aria-describedby=\"caption-attachment-21134\" style=\"width: 640px\" class=\"wp-caption aligncenter\"><a href=\"https:\/\/www.blogsoestado.com\/danielmatos\/files\/2014\/12\/pa\u00e7o-natal20142.jpg\"><img decoding=\"async\" class=\"size-full wp-image-21134\" src=\"https:\/\/www.blogsoestado.com\/danielmatos\/files\/2014\/12\/pa\u00e7o-natal20142.jpg\" alt=\"Luzes enfeitam pra\u00e7a matriz e comp\u00f5em cen\u00e1rio natalino na sede de Pa\u00e7o do Lumiar\" width=\"640\" height=\"427\" \/><\/a><figcaption id=\"caption-attachment-21134\" class=\"wp-caption-text\">Luzes enfeitam pra\u00e7a matriz e comp\u00f5em cen\u00e1rio natalino na sede do munic\u00edpio de Pa\u00e7o do Lumiar<\/figcaption><\/figure>\n<p>No dia 20, a Cantata Natalina acontece no Viva Maiob\u00e3o, juntamente com a feira de artesanato, a partir das 18h, com a visita\u00e7\u00e3o ao Pres\u00e9pio e apresenta\u00e7\u00e3o de corais, cantores, ballet e banda marcial.<\/p>\n<p>O Natal da administra\u00e7\u00e3o do prefeito professor Josemar Sobreiro (PR), pelo segundo ano consecutivo, tem como objetivo promover uma festa alegre, com grande participa\u00e7\u00e3o popular e, nesse sentido, a Sede do Munic\u00edpio e o Viva Maiob\u00e3o, receberam decora\u00e7\u00e3o com luzes natalinas para os eventos, e tamb\u00e9m, reforma nos passeios p\u00fablicos.<\/p>\n<p>Programa\u00e7\u00e3o \u201cNatal: Um Pa\u00e7o de Luz\u201d<\/p>\n<p>18\/12 \u2013 Cortejo Natalino pelas Avenidas do Conjunto Maiob\u00e3o\/ Chegada do Papai Noel<\/p>\n<p>Hor\u00e1rio: Concentra\u00e7\u00e3o \u00e0s 16h, na Avenida 04, em frente ao convento das Ir. Da Purifica\u00e7\u00e3o, no Maiob\u00e3o.<\/p>\n<p>18 a 20\/12\u2013 \u201cI FEIRA DE ARTESANATO NATALINA LUMINESE E SARAU LITER\u00c1RIO\u201d<br \/>\nLocal: Viva Maiob\u00e3o<br \/>\nHor\u00e1rio: 17h<br \/>\nExposi\u00e7\u00e3o e venda de artesanato luminense feito \u00e0 base da fibra do buriti, bananeira, escamas, conchas, biscuit, E.V.A, materiais recicl\u00e1veis e flores.<br \/>\nParticipa\u00e7\u00e3o dos imortais da Academia Luminense de Letras, Coral dos pacientes CAPS, e apresenta\u00e7\u00e3o do Ballet \u201cO Senhor \u00e9 Contigo\u201d, e da Banda Municipal Corpora\u00e7\u00e3o Musical \u201cLa Roque\u201d<\/p>\n<p>19\/12 \u2013 CANTATA NATALINA NA SEDE DE PA\u00c7O DO LUMIAR<br \/>\nLocal: Pra\u00e7a de Nossa Senhora da Luz \u2013 Sede<br \/>\nHor\u00e1rio: 20h<br \/>\nMensagem B\u00edblica<br \/>\nApresenta\u00e7\u00f5es dos Corais da Rede Municipal de Ensino e dos Idosos de Pa\u00e7o do Lumiar, do Ballet \u201cO Senhor \u00e9 Contigo\u201d, e da Banda Municipal Corpora\u00e7\u00e3o Musical La Roque e artistas locais.<\/p>\n<p>20\/12 \u2013 CANTATA NATALINA NO MAIOB\u00c3O<br \/>\nLocal: Viva Maiob\u00e3o<br \/>\nHor\u00e1rio: 18h<br \/>\nMensagem B\u00edblica<br \/>\nApresenta\u00e7\u00f5es dos Corais da Rede Municipal de Ensino e dos Idosos de Pa\u00e7o do Lumiar, do Ballet \u201cO Senhor \u00e9 Contigo\u201d, e da Banda Municipal Corpora\u00e7\u00e3o Musical La Roque e artistas locais e visita\u00e7\u00e3o ao Pres\u00e9pio.<\/p>\n","protected":false},"excerpt":{"rendered":"<p>Um grande cortejo ao som de musicas natalinas anunciar\u00e1 a chegada do Papai Noel e abrir\u00e1, nesta quinta-feira, 18, a [&hellip;]<\/p>\n","protected":false},"author":0,"featured_media":0,"comment_status":"open","ping_status":"open","sticky":false,"template":"","format":"standard","meta":{"site-sidebar-layout":"default","site-content-layout":"","ast-site-content-layout":"default","site-content-style":"default","site-sidebar-style":"default","ast-global-header-display":"","ast-banner-title-visibility":"","ast-main-header-display":"","ast-hfb-above-header-display":"","ast-hfb-below-header-display":"","ast-hfb-mobile-header-display":"","site-post-title":"","ast-breadcrumbs-content":"","ast-featured-img":"","footer-sml-layout":"","ast-disable-related-posts":"","theme-transparent-header-meta":"","adv-header-id-meta":"","stick-header-meta":"","header-above-stick-meta":"","header-main-stick-meta":"","header-below-stick-meta":"","astra-migrate-meta-layouts":"default","ast-page-background-enabled":"default","ast-page-background-meta":{"desktop":{"background-color":"var(--ast-global-color-5)","background-image":"","background-repeat":"repeat","background-position":"center center","background-size":"auto","background-attachment":"scroll","background-type":"","background-media":"","overlay-type":"","overlay-color":"","overlay-opacity":"","overlay-gradient":""},"tablet":{"background-color":"","background-image":"","background-repeat":"repeat","background-position":"center center","background-size":"auto","background-attachment":"scroll","background-type":"","background-media":"","overlay-type":"","overlay-color":"","overlay-opacity":"","overlay-gradient":""},"mobile":{"background-color":"","background-image":"","background-repeat":"repeat","background-position":"center center","background-size":"auto","background-attachment":"scroll","background-type":"","background-media":"","overlay-type":"","overlay-color":"","overlay-opacity":"","overlay-gradient":""}},"ast-content-background-meta":{"desktop":{"background-color":"var(--ast-global-color-4)","background-image":"","background-repeat":"repeat","background-position":"center center","background-size":"auto","background-attachment":"scroll","background-type":"","background-media":"","overlay-type":"","overlay-color":"","overlay-opacity":"","overlay-gradient":""},"tablet":{"background-color":"var(--ast-global-color-4)","background-image":"","background-repeat":"repeat","background-position":"center center","background-size":"auto","background-attachment":"scroll","background-type":"","background-media":"","overlay-type":"","overlay-color":"","overlay-opacity":"","overlay-gradient":""},"mobile":{"background-color":"var(--ast-global-color-4)","background-image":"","background-repeat":"repeat","background-position":"center center","background-size":"auto","background-attachment":"scroll","background-type":"","background-media":"","overlay-type":"","overlay-color":"","overlay-opacity":"","overlay-gradient":""}},"footnotes":""},"categories":[1],"tags":[],"class_list":["post-21132","post","type-post","status-publish","format-standard","hentry","category-sem-categoria"],"yoast_head":"<!-- This site is optimized with the Yoast SEO plugin v26.6 - https:\/\/yoast.com\/wordpress\/plugins\/seo\/ -->\n<title>Chegada do Papai Noel abrir\u00e1 programa\u00e7\u00e3o natalina de Pa\u00e7o do Lumiar - Daniel Matos<\/title>\n<meta name=\"robots\" content=\"index, follow, max-snippet:-1, max-image-preview:large, max-video-preview:-1\" \/>\n<link rel=\"canonical\" href=\"https:\/\/www.blogsoestado.com\/danielmatos\/chegada-do-papai-noel-abrira-programacao-natalina-de-paco-do-lumiar\/\" \/>\n<meta property=\"og:locale\" content=\"pt_BR\" \/>\n<meta property=\"og:type\" content=\"article\" \/>\n<meta property=\"og:title\" content=\"Chegada do Papai Noel abrir\u00e1 programa\u00e7\u00e3o natalina de Pa\u00e7o do Lumiar - Daniel Matos\" \/>\n<meta property=\"og:description\" content=\"Um grande cortejo ao som de musicas natalinas anunciar\u00e1 a chegada do Papai Noel e abrir\u00e1, nesta quinta-feira, 18, a [&hellip;]\" \/>\n<meta property=\"og:url\" content=\"https:\/\/www.blogsoestado.com\/danielmatos\/chegada-do-papai-noel-abrira-programacao-natalina-de-paco-do-lumiar\/\" \/>\n<meta property=\"og:site_name\" content=\"Daniel Matos\" \/>\n<meta property=\"article:published_time\" content=\"2014-12-16T18:41:49+00:00\" \/>\n<meta name=\"twitter:card\" content=\"summary_large_image\" \/>\n<meta name=\"twitter:label1\" content=\"Est. tempo de leitura\" \/>\n\t<meta name=\"twitter:data1\" content=\"3 minutos\" \/>\n<script type=\"application\/ld+json\" class=\"yoast-schema-graph\">{\"@context\":\"https:\/\/schema.org\",\"@graph\":[{\"@type\":\"WebPage\",\"@id\":\"https:\/\/www.blogsoestado.com\/danielmatos\/chegada-do-papai-noel-abrira-programacao-natalina-de-paco-do-lumiar\/\",\"url\":\"https:\/\/www.blogsoestado.com\/danielmatos\/chegada-do-papai-noel-abrira-programacao-natalina-de-paco-do-lumiar\/\",\"name\":\"Chegada do Papai Noel abrir\u00e1 programa\u00e7\u00e3o natalina de Pa\u00e7o do Lumiar - Daniel Matos\",\"isPartOf\":{\"@id\":\"https:\/\/www.blogsoestado.com\/danielmatos\/#website\"},\"datePublished\":\"2014-12-16T18:41:49+00:00\",\"author\":{\"@id\":\"\"},\"breadcrumb\":{\"@id\":\"https:\/\/www.blogsoestado.com\/danielmatos\/chegada-do-papai-noel-abrira-programacao-natalina-de-paco-do-lumiar\/#breadcrumb\"},\"inLanguage\":\"pt-BR\",\"potentialAction\":[{\"@type\":\"ReadAction\",\"target\":[\"https:\/\/www.blogsoestado.com\/danielmatos\/chegada-do-papai-noel-abrira-programacao-natalina-de-paco-do-lumiar\/\"]}]},{\"@type\":\"BreadcrumbList\",\"@id\":\"https:\/\/www.blogsoestado.com\/danielmatos\/chegada-do-papai-noel-abrira-programacao-natalina-de-paco-do-lumiar\/#breadcrumb\",\"itemListElement\":[{\"@type\":\"ListItem\",\"position\":1,\"name\":\"In\u00edcio\",\"item\":\"https:\/\/www.blogsoestado.com\/danielmatos\/\"},{\"@type\":\"ListItem\",\"position\":2,\"name\":\"Chegada do Papai Noel abrir\u00e1 programa\u00e7\u00e3o natalina de Pa\u00e7o do Lumiar\"}]},{\"@type\":\"WebSite\",\"@id\":\"https:\/\/www.blogsoestado.com\/danielmatos\/#website\",\"url\":\"https:\/\/www.blogsoestado.com\/danielmatos\/\",\"name\":\"Daniel Matos\",\"description\":\"\",\"potentialAction\":[{\"@type\":\"SearchAction\",\"target\":{\"@type\":\"EntryPoint\",\"urlTemplate\":\"https:\/\/www.blogsoestado.com\/danielmatos\/?s={search_term_string}\"},\"query-input\":{\"@type\":\"PropertyValueSpecification\",\"valueRequired\":true,\"valueName\":\"search_term_string\"}}],\"inLanguage\":\"pt-BR\"}]}<\/script>\n<!-- \/ Yoast SEO plugin. -->","yoast_head_json":{"title":"Chegada do Papai Noel abrir\u00e1 programa\u00e7\u00e3o natalina de Pa\u00e7o do Lumiar - Daniel Matos","robots":{"index":"index","follow":"follow","max-snippet":"max-snippet:-1","max-image-preview":"max-image-preview:large","max-video-preview":"max-video-preview:-1"},"canonical":"https:\/\/www.blogsoestado.com\/danielmatos\/chegada-do-papai-noel-abrira-programacao-natalina-de-paco-do-lumiar\/","og_locale":"pt_BR","og_type":"article","og_title":"Chegada do Papai Noel abrir\u00e1 programa\u00e7\u00e3o natalina de Pa\u00e7o do Lumiar - Daniel Matos","og_description":"Um grande cortejo ao som de musicas natalinas anunciar\u00e1 a chegada do Papai Noel e abrir\u00e1, nesta quinta-feira, 18, a [&hellip;]","og_url":"https:\/\/www.blogsoestado.com\/danielmatos\/chegada-do-papai-noel-abrira-programacao-natalina-de-paco-do-lumiar\/","og_site_name":"Daniel Matos","article_published_time":"2014-12-16T18:41:49+00:00","twitter_card":"summary_large_image","twitter_misc":{"Est. tempo de leitura":"3 minutos"},"schema":{"@context":"https:\/\/schema.org","@graph":[{"@type":"WebPage","@id":"https:\/\/www.blogsoestado.com\/danielmatos\/chegada-do-papai-noel-abrira-programacao-natalina-de-paco-do-lumiar\/","url":"https:\/\/www.blogsoestado.com\/danielmatos\/chegada-do-papai-noel-abrira-programacao-natalina-de-paco-do-lumiar\/","name":"Chegada do Papai Noel abrir\u00e1 programa\u00e7\u00e3o natalina de Pa\u00e7o do Lumiar - Daniel Matos","isPartOf":{"@id":"https:\/\/www.blogsoestado.com\/danielmatos\/#website"},"datePublished":"2014-12-16T18:41:49+00:00","author":{"@id":""},"breadcrumb":{"@id":"https:\/\/www.blogsoestado.com\/danielmatos\/chegada-do-papai-noel-abrira-programacao-natalina-de-paco-do-lumiar\/#breadcrumb"},"inLanguage":"pt-BR","potentialAction":[{"@type":"ReadAction","target":["https:\/\/www.blogsoestado.com\/danielmatos\/chegada-do-papai-noel-abrira-programacao-natalina-de-paco-do-lumiar\/"]}]},{"@type":"BreadcrumbList","@id":"https:\/\/www.blogsoestado.com\/danielmatos\/chegada-do-papai-noel-abrira-programacao-natalina-de-paco-do-lumiar\/#breadcrumb","itemListElement":[{"@type":"ListItem","position":1,"name":"In\u00edcio","item":"https:\/\/www.blogsoestado.com\/danielmatos\/"},{"@type":"ListItem","position":2,"name":"Chegada do Papai Noel abrir\u00e1 programa\u00e7\u00e3o natalina de Pa\u00e7o do Lumiar"}]},{"@type":"WebSite","@id":"https:\/\/www.blogsoestado.com\/danielmatos\/#website","url":"https:\/\/www.blogsoestado.com\/danielmatos\/","name":"Daniel Matos","description":"","potentialAction":[{"@type":"SearchAction","target":{"@type":"EntryPoint","urlTemplate":"https:\/\/www.blogsoestado.com\/danielmatos\/?s={search_term_string}"},"query-input":{"@type":"PropertyValueSpecification","valueRequired":true,"valueName":"search_term_string"}}],"inLanguage":"pt-BR"}]}},"jetpack_featured_media_url":"","_links":{"self":[{"href":"https:\/\/www.blogsoestado.com\/danielmatos\/wp-json\/wp\/v2\/posts\/21132","targetHints":{"allow":["GET"]}}],"collection":[{"href":"https:\/\/www.blogsoestado.com\/danielmatos\/wp-json\/wp\/v2\/posts"}],"about":[{"href":"https:\/\/www.blogsoestado.com\/danielmatos\/wp-json\/wp\/v2\/types\/post"}],"replies":[{"embeddable":true,"href":"https:\/\/www.blogsoestado.com\/danielmatos\/wp-json\/wp\/v2\/comments?post=21132"}],"version-history":[{"count":0,"href":"https:\/\/www.blogsoestado.com\/danielmatos\/wp-json\/wp\/v2\/posts\/21132\/revisions"}],"wp:attachment":[{"href":"https:\/\/www.blogsoestado.com\/danielmatos\/wp-json\/wp\/v2\/media?parent=21132"}],"wp:term":[{"taxonomy":"category","embeddable":true,"href":"https:\/\/www.blogsoestado.com\/danielmatos\/wp-json\/wp\/v2\/categories?post=21132"},{"taxonomy":"post_tag","embeddable":true,"href":"https:\/\/www.blogsoestado.com\/danielmatos\/wp-json\/wp\/v2\/tags?post=21132"}],"curies":[{"name":"wp","href":"https:\/\/api.w.org\/{rel}","templated":true}]}}