{"id":21143,"date":"2014-12-16T16:48:59","date_gmt":"2014-12-16T19:48:59","guid":{"rendered":"https:\/\/www.blogsoestado.com\/danielmatos\/?p=21143"},"modified":"2014-12-16T16:48:59","modified_gmt":"2014-12-16T19:48:59","slug":"sefaz-divulga-calendario-de-pagamento-do-ipva-2015","status":"publish","type":"post","link":"https:\/\/www.blogsoestado.com\/danielmatos\/sefaz-divulga-calendario-de-pagamento-do-ipva-2015\/","title":{"rendered":"Sefaz divulga calend\u00e1rio de pagamento do IPVA 2015"},"content":{"rendered":"<p><a href=\"https:\/\/www.blogsoestado.com\/danielmatos\/files\/2014\/12\/ipva-2015.jpg\"><img fetchpriority=\"high\" decoding=\"async\" class=\"alignright size-full wp-image-21144\" src=\"https:\/\/www.blogsoestado.com\/danielmatos\/files\/2014\/12\/ipva-2015.jpg\" alt=\"ipva 2015\" width=\"491\" height=\"323\" \/><\/a>A Secretaria de Estado de Fazenda (Sefaz) fixou os valores do Imposto sobre Propriedade de Ve\u00edculos Automotores (IPVA) do exerc\u00edcio de 2015 e divulgou o calend\u00e1rio de pagamento do tributo, conforme a Portaria 312\/14 que ser\u00e1 encaminhada para publica\u00e7\u00e3o no Di\u00e1rio Oficial do Estado.<\/p>\n<p>O pagamento do IPVA 2015 poder\u00e1 ser feito em cota \u00fanica ou parcelado em at\u00e9 tr\u00eas vezes. Para quem optar pelo pagamento antecipado, em conta \u00fanica, at\u00e9 31 de janeiro, ser\u00e3o concedidos 5% de desconto no valor do IPVA, de acordo com a Portaria.<br \/>\nPara os propriet\u00e1rios de ve\u00edculos que decidirem pelo parcelamento do IPVA 2015, o pagamento da primeira cota deve ser efetuado a partir fevereiro, de acordo com o final da placa dos ve\u00edculos (ver tabela).<\/p>\n<p>Para fazer o pagamento parcelado, o propriet\u00e1rio deve observar o calend\u00e1rio com o prazo para quita\u00e7\u00e3o de cada parcela. Se o prazo para pagamento da primeira parcela for descumprido, o pagamento do IPVA s\u00f3 poder\u00e1 ser realizado em quota \u00fanica.<\/p>\n<p><strong>Pagamento<\/strong><\/p>\n<p>A partir de janeiro, os valores para o licenciamento de ve\u00edculos do ano de 2015, poder\u00e3o ser pagos em qualquer ag\u00eancia do Banco do Brasil, apenas com a informa\u00e7\u00e3o do n\u00famero do RENAVAM para o caixa da ag\u00eancia do BB.<\/p>\n<p>Se o contribuinte emitir o Documento de Arrecada\u00e7\u00e3o de Receitas Estaduais (DARE) no site da Sefaz, o IPVA e demais despesas do licenciamento podem ser pagas nos estabelecimentos correspondentes do Banco do Brasil. Para licenciar um ve\u00edculo (moto, autom\u00f3vel, caminh\u00e3o, \u00f4nibus, van etc.), o contribuinte paga anualmente, al\u00e9m do IPVA, a taxa do DETRAN, o seguro DPVAT e eventuais multas de tr\u00e2nsito.<\/p>\n<p>Para correntistas do Banco do Brasil, o pagamento poder\u00e1 ser feito ainda por meio de d\u00e9bito em conta corrente e por meio da utiliza\u00e7\u00e3o dos canais de autoatendimento. A emiss\u00e3o de extrato do d\u00e9bito tamb\u00e9m pode ser obtida nos terminais de autoatendimento do BB, na op\u00e7\u00e3o Extrato do RENAVAM, digitando o n\u00famero do RENAVAM.<\/p>\n<p><strong>Consulta dos valores<\/strong><\/p>\n<p>O sistema para consulta dos valores a serem pagos por cada modelo de ve\u00edculo ser\u00e1 disponibilizado a partir do dia 2 de janeiro no portal da SEFAZ na internet, no endere\u00e7o<a href=\"http:\/\/portal.sefaz.ma.gov.br\/portalsefaz\/jsp\/principal\/principal.jsf\" target=\"_blank\"> portal.sefaz.ma.gov.br\/portalsefaz\/jsp\/principal\/principal.jsf<\/a>, clicando no banner IPVA do portal e no site do DETRAN<a href=\"http:\/\/www.detran.ma.gov.br\" target=\"_blank\"> www.detran.ma.gov.br<\/a> no \u00edcone Licenciamento Anual.<\/p>\n<p><strong>Recebimento do Documento de Licenciamento no domic\u00edlio<\/strong><\/p>\n<p>Ap\u00f3s o pagamento do imposto, da taxa e do seguro DPVAT, o contribuinte receber\u00e1 em seu endere\u00e7o, em at\u00e9 dez dias \u00fateis, o Certificado de Registro e Licenciamento do Ve\u00edculo.<\/p>\n<p>O CRLV devolvido pelos Correios estar\u00e1 dispon\u00edvel no Viva Cidad\u00e3o da Praia Grande, quando se tratar de munic\u00edpios da jurisdi\u00e7\u00e3o de S\u00e3o Lu\u00eds; nos demais o documento ficar\u00e1 dispon\u00edvel nas respectivas Ciretrans.<\/p>\n<p>A frota de ve\u00edculos no Estado do Maranh\u00e3o \u00e9 de aproximadamente 1 milh\u00e3o e 350 mil ve\u00edculos. N\u00e3o pagam o IPVA, ve\u00edculos com mais de 15 anos de uso e aqueles para os quais h\u00e1 previs\u00e3o de imunidade constitucional como os dos \u00f3rg\u00e3os p\u00fablicos, al\u00e9m dos ve\u00edculos dos corpos diplom\u00e1ticos, t\u00e1xi, adaptados para deficientes f\u00edsicos e \u00f4nibus urbanos.<\/p>\n<p><strong>Arrecada\u00e7\u00e3o<\/strong><\/p>\n<p>A arrecada\u00e7\u00e3o do IPVA realizada em 2014 dever\u00e1 totalizar R$ 280 milh\u00f5es, dos quais 50% foram repassados para os munic\u00edpios de licenciamento dos ve\u00edculos, ficando a outra parte para o Estado. A receita do IPVA representa 5,3% da receita pr\u00f3pria do Estado, que este ano dever\u00e1 alcan\u00e7ar 5,2 bilh\u00f5es. A maior parte da receita \u00e9 proveniente do ICMS, com uma receita de 4, 8 bilh\u00f5es (92% do total).<\/p>\n<p>Abaixo o calend\u00e1rio:<\/p>\n<p><a href=\"https:\/\/www.blogsoestado.com\/danielmatos\/files\/2014\/12\/calendario.jpg\"><img decoding=\"async\" class=\"aligncenter size-full wp-image-21145\" src=\"https:\/\/www.blogsoestado.com\/danielmatos\/files\/2014\/12\/calendario.jpg\" alt=\"calendario\" width=\"584\" height=\"163\" \/><\/a><\/p>\n<p><strong>Fonte:<\/strong> Secretaria Estadual de Comunica\u00e7\u00e3o (Secom)<\/p>\n","protected":false},"excerpt":{"rendered":"<p>A Secretaria de Estado de Fazenda (Sefaz) fixou os valores do Imposto sobre Propriedade de Ve\u00edculos Automotores (IPVA) do exerc\u00edcio [&hellip;]<\/p>\n","protected":false},"author":0,"featured_media":0,"comment_status":"open","ping_status":"open","sticky":false,"template":"","format":"standard","meta":{"site-sidebar-layout":"default","site-content-layout":"","ast-site-content-layout":"default","site-content-style":"default","site-sidebar-style":"default","ast-global-header-display":"","ast-banner-title-visibility":"","ast-main-header-display":"","ast-hfb-above-header-display":"","ast-hfb-below-header-display":"","ast-hfb-mobile-header-display":"","site-post-title":"","ast-breadcrumbs-content":"","ast-featured-img":"","footer-sml-layout":"","ast-disable-related-posts":"","theme-transparent-header-meta":"","adv-header-id-meta":"","stick-header-meta":"","header-above-stick-meta":"","header-main-stick-meta":"","header-below-stick-meta":"","astra-migrate-meta-layouts":"default","ast-page-background-enabled":"default","ast-page-background-meta":{"desktop":{"background-color":"var(--ast-global-color-5)","background-image":"","background-repeat":"repeat","background-position":"center center","background-size":"auto","background-attachment":"scroll","background-type":"","background-media":"","overlay-type":"","overlay-color":"","overlay-opacity":"","overlay-gradient":""},"tablet":{"background-color":"","background-image":"","background-repeat":"repeat","background-position":"center center","background-size":"auto","background-attachment":"scroll","background-type":"","background-media":"","overlay-type":"","overlay-color":"","overlay-opacity":"","overlay-gradient":""},"mobile":{"background-color":"","background-image":"","background-repeat":"repeat","background-position":"center center","background-size":"auto","background-attachment":"scroll","background-type":"","background-media":"","overlay-type":"","overlay-color":"","overlay-opacity":"","overlay-gradient":""}},"ast-content-background-meta":{"desktop":{"background-color":"var(--ast-global-color-4)","background-image":"","background-repeat":"repeat","background-position":"center center","background-size":"auto","background-attachment":"scroll","background-type":"","background-media":"","overlay-type":"","overlay-color":"","overlay-opacity":"","overlay-gradient":""},"tablet":{"background-color":"var(--ast-global-color-4)","background-image":"","background-repeat":"repeat","background-position":"center center","background-size":"auto","background-attachment":"scroll","background-type":"","background-media":"","overlay-type":"","overlay-color":"","overlay-opacity":"","overlay-gradient":""},"mobile":{"background-color":"var(--ast-global-color-4)","background-image":"","background-repeat":"repeat","background-position":"center center","background-size":"auto","background-attachment":"scroll","background-type":"","background-media":"","overlay-type":"","overlay-color":"","overlay-opacity":"","overlay-gradient":""}},"footnotes":""},"categories":[1],"tags":[],"class_list":["post-21143","post","type-post","status-publish","format-standard","hentry","category-sem-categoria"],"yoast_head":"<!-- This site is optimized with the Yoast SEO plugin v26.6 - https:\/\/yoast.com\/wordpress\/plugins\/seo\/ -->\n<title>Sefaz divulga calend\u00e1rio de pagamento do IPVA 2015 - Daniel Matos<\/title>\n<meta name=\"robots\" content=\"index, follow, max-snippet:-1, max-image-preview:large, max-video-preview:-1\" \/>\n<link rel=\"canonical\" href=\"https:\/\/www.blogsoestado.com\/danielmatos\/sefaz-divulga-calendario-de-pagamento-do-ipva-2015\/\" \/>\n<meta property=\"og:locale\" content=\"pt_BR\" \/>\n<meta property=\"og:type\" content=\"article\" \/>\n<meta property=\"og:title\" content=\"Sefaz divulga calend\u00e1rio de pagamento do IPVA 2015 - Daniel Matos\" \/>\n<meta property=\"og:description\" content=\"A Secretaria de Estado de Fazenda (Sefaz) fixou os valores do Imposto sobre Propriedade de Ve\u00edculos Automotores (IPVA) do exerc\u00edcio [&hellip;]\" \/>\n<meta property=\"og:url\" content=\"https:\/\/www.blogsoestado.com\/danielmatos\/sefaz-divulga-calendario-de-pagamento-do-ipva-2015\/\" \/>\n<meta property=\"og:site_name\" content=\"Daniel Matos\" \/>\n<meta property=\"article:published_time\" content=\"2014-12-16T19:48:59+00:00\" \/>\n<meta property=\"og:image\" content=\"https:\/\/www.blogsoestado.com\/danielmatos\/files\/2014\/12\/ipva-2015.jpg\" \/>\n<meta name=\"twitter:card\" content=\"summary_large_image\" \/>\n<meta name=\"twitter:label1\" content=\"Est. tempo de leitura\" \/>\n\t<meta name=\"twitter:data1\" content=\"3 minutos\" \/>\n<script type=\"application\/ld+json\" class=\"yoast-schema-graph\">{\"@context\":\"https:\/\/schema.org\",\"@graph\":[{\"@type\":\"WebPage\",\"@id\":\"https:\/\/www.blogsoestado.com\/danielmatos\/sefaz-divulga-calendario-de-pagamento-do-ipva-2015\/\",\"url\":\"https:\/\/www.blogsoestado.com\/danielmatos\/sefaz-divulga-calendario-de-pagamento-do-ipva-2015\/\",\"name\":\"Sefaz divulga calend\u00e1rio de pagamento do IPVA 2015 - Daniel Matos\",\"isPartOf\":{\"@id\":\"https:\/\/www.blogsoestado.com\/danielmatos\/#website\"},\"primaryImageOfPage\":{\"@id\":\"https:\/\/www.blogsoestado.com\/danielmatos\/sefaz-divulga-calendario-de-pagamento-do-ipva-2015\/#primaryimage\"},\"image\":{\"@id\":\"https:\/\/www.blogsoestado.com\/danielmatos\/sefaz-divulga-calendario-de-pagamento-do-ipva-2015\/#primaryimage\"},\"thumbnailUrl\":\"https:\/\/www.blogsoestado.com\/danielmatos\/files\/2014\/12\/ipva-2015.jpg\",\"datePublished\":\"2014-12-16T19:48:59+00:00\",\"author\":{\"@id\":\"\"},\"breadcrumb\":{\"@id\":\"https:\/\/www.blogsoestado.com\/danielmatos\/sefaz-divulga-calendario-de-pagamento-do-ipva-2015\/#breadcrumb\"},\"inLanguage\":\"pt-BR\",\"potentialAction\":[{\"@type\":\"ReadAction\",\"target\":[\"https:\/\/www.blogsoestado.com\/danielmatos\/sefaz-divulga-calendario-de-pagamento-do-ipva-2015\/\"]}]},{\"@type\":\"ImageObject\",\"inLanguage\":\"pt-BR\",\"@id\":\"https:\/\/www.blogsoestado.com\/danielmatos\/sefaz-divulga-calendario-de-pagamento-do-ipva-2015\/#primaryimage\",\"url\":\"https:\/\/www.blogsoestado.com\/danielmatos\/files\/2014\/12\/ipva-2015.jpg\",\"contentUrl\":\"https:\/\/www.blogsoestado.com\/danielmatos\/files\/2014\/12\/ipva-2015.jpg\"},{\"@type\":\"BreadcrumbList\",\"@id\":\"https:\/\/www.blogsoestado.com\/danielmatos\/sefaz-divulga-calendario-de-pagamento-do-ipva-2015\/#breadcrumb\",\"itemListElement\":[{\"@type\":\"ListItem\",\"position\":1,\"name\":\"In\u00edcio\",\"item\":\"https:\/\/www.blogsoestado.com\/danielmatos\/\"},{\"@type\":\"ListItem\",\"position\":2,\"name\":\"Sefaz divulga calend\u00e1rio de pagamento do IPVA 2015\"}]},{\"@type\":\"WebSite\",\"@id\":\"https:\/\/www.blogsoestado.com\/danielmatos\/#website\",\"url\":\"https:\/\/www.blogsoestado.com\/danielmatos\/\",\"name\":\"Daniel Matos\",\"description\":\"\",\"potentialAction\":[{\"@type\":\"SearchAction\",\"target\":{\"@type\":\"EntryPoint\",\"urlTemplate\":\"https:\/\/www.blogsoestado.com\/danielmatos\/?s={search_term_string}\"},\"query-input\":{\"@type\":\"PropertyValueSpecification\",\"valueRequired\":true,\"valueName\":\"search_term_string\"}}],\"inLanguage\":\"pt-BR\"}]}<\/script>\n<!-- \/ Yoast SEO plugin. -->","yoast_head_json":{"title":"Sefaz divulga calend\u00e1rio de pagamento do IPVA 2015 - Daniel Matos","robots":{"index":"index","follow":"follow","max-snippet":"max-snippet:-1","max-image-preview":"max-image-preview:large","max-video-preview":"max-video-preview:-1"},"canonical":"https:\/\/www.blogsoestado.com\/danielmatos\/sefaz-divulga-calendario-de-pagamento-do-ipva-2015\/","og_locale":"pt_BR","og_type":"article","og_title":"Sefaz divulga calend\u00e1rio de pagamento do IPVA 2015 - Daniel Matos","og_description":"A Secretaria de Estado de Fazenda (Sefaz) fixou os valores do Imposto sobre Propriedade de Ve\u00edculos Automotores (IPVA) do exerc\u00edcio [&hellip;]","og_url":"https:\/\/www.blogsoestado.com\/danielmatos\/sefaz-divulga-calendario-de-pagamento-do-ipva-2015\/","og_site_name":"Daniel Matos","article_published_time":"2014-12-16T19:48:59+00:00","og_image":[{"url":"https:\/\/www.blogsoestado.com\/danielmatos\/files\/2014\/12\/ipva-2015.jpg","type":"","width":"","height":""}],"twitter_card":"summary_large_image","twitter_misc":{"Est. tempo de leitura":"3 minutos"},"schema":{"@context":"https:\/\/schema.org","@graph":[{"@type":"WebPage","@id":"https:\/\/www.blogsoestado.com\/danielmatos\/sefaz-divulga-calendario-de-pagamento-do-ipva-2015\/","url":"https:\/\/www.blogsoestado.com\/danielmatos\/sefaz-divulga-calendario-de-pagamento-do-ipva-2015\/","name":"Sefaz divulga calend\u00e1rio de pagamento do IPVA 2015 - Daniel Matos","isPartOf":{"@id":"https:\/\/www.blogsoestado.com\/danielmatos\/#website"},"primaryImageOfPage":{"@id":"https:\/\/www.blogsoestado.com\/danielmatos\/sefaz-divulga-calendario-de-pagamento-do-ipva-2015\/#primaryimage"},"image":{"@id":"https:\/\/www.blogsoestado.com\/danielmatos\/sefaz-divulga-calendario-de-pagamento-do-ipva-2015\/#primaryimage"},"thumbnailUrl":"https:\/\/www.blogsoestado.com\/danielmatos\/files\/2014\/12\/ipva-2015.jpg","datePublished":"2014-12-16T19:48:59+00:00","author":{"@id":""},"breadcrumb":{"@id":"https:\/\/www.blogsoestado.com\/danielmatos\/sefaz-divulga-calendario-de-pagamento-do-ipva-2015\/#breadcrumb"},"inLanguage":"pt-BR","potentialAction":[{"@type":"ReadAction","target":["https:\/\/www.blogsoestado.com\/danielmatos\/sefaz-divulga-calendario-de-pagamento-do-ipva-2015\/"]}]},{"@type":"ImageObject","inLanguage":"pt-BR","@id":"https:\/\/www.blogsoestado.com\/danielmatos\/sefaz-divulga-calendario-de-pagamento-do-ipva-2015\/#primaryimage","url":"https:\/\/www.blogsoestado.com\/danielmatos\/files\/2014\/12\/ipva-2015.jpg","contentUrl":"https:\/\/www.blogsoestado.com\/danielmatos\/files\/2014\/12\/ipva-2015.jpg"},{"@type":"BreadcrumbList","@id":"https:\/\/www.blogsoestado.com\/danielmatos\/sefaz-divulga-calendario-de-pagamento-do-ipva-2015\/#breadcrumb","itemListElement":[{"@type":"ListItem","position":1,"name":"In\u00edcio","item":"https:\/\/www.blogsoestado.com\/danielmatos\/"},{"@type":"ListItem","position":2,"name":"Sefaz divulga calend\u00e1rio de pagamento do IPVA 2015"}]},{"@type":"WebSite","@id":"https:\/\/www.blogsoestado.com\/danielmatos\/#website","url":"https:\/\/www.blogsoestado.com\/danielmatos\/","name":"Daniel Matos","description":"","potentialAction":[{"@type":"SearchAction","target":{"@type":"EntryPoint","urlTemplate":"https:\/\/www.blogsoestado.com\/danielmatos\/?s={search_term_string}"},"query-input":{"@type":"PropertyValueSpecification","valueRequired":true,"valueName":"search_term_string"}}],"inLanguage":"pt-BR"}]}},"jetpack_featured_media_url":"","_links":{"self":[{"href":"https:\/\/www.blogsoestado.com\/danielmatos\/wp-json\/wp\/v2\/posts\/21143","targetHints":{"allow":["GET"]}}],"collection":[{"href":"https:\/\/www.blogsoestado.com\/danielmatos\/wp-json\/wp\/v2\/posts"}],"about":[{"href":"https:\/\/www.blogsoestado.com\/danielmatos\/wp-json\/wp\/v2\/types\/post"}],"replies":[{"embeddable":true,"href":"https:\/\/www.blogsoestado.com\/danielmatos\/wp-json\/wp\/v2\/comments?post=21143"}],"version-history":[{"count":0,"href":"https:\/\/www.blogsoestado.com\/danielmatos\/wp-json\/wp\/v2\/posts\/21143\/revisions"}],"wp:attachment":[{"href":"https:\/\/www.blogsoestado.com\/danielmatos\/wp-json\/wp\/v2\/media?parent=21143"}],"wp:term":[{"taxonomy":"category","embeddable":true,"href":"https:\/\/www.blogsoestado.com\/danielmatos\/wp-json\/wp\/v2\/categories?post=21143"},{"taxonomy":"post_tag","embeddable":true,"href":"https:\/\/www.blogsoestado.com\/danielmatos\/wp-json\/wp\/v2\/tags?post=21143"}],"curies":[{"name":"wp","href":"https:\/\/api.w.org\/{rel}","templated":true}]}}