{"id":21150,"date":"2014-12-17T09:54:14","date_gmt":"2014-12-17T12:54:14","guid":{"rendered":"https:\/\/www.blogsoestado.com\/danielmatos\/?p=21150"},"modified":"2014-12-17T09:54:14","modified_gmt":"2014-12-17T12:54:14","slug":"com-medo-de-morrer-junior-bolinha-quer-deixar-pedrinhas-e-ir-para-o-corpo-de-bombeiros","status":"publish","type":"post","link":"https:\/\/www.blogsoestado.com\/danielmatos\/com-medo-de-morrer-junior-bolinha-quer-deixar-pedrinhas-e-ir-para-o-corpo-de-bombeiros\/","title":{"rendered":"Com medo de morrer, J\u00fanior Bolinha quer deixar Pedrinhas e ir para o Corpo de Bombeiros"},"content":{"rendered":"<figure id=\"attachment_21156\" aria-describedby=\"caption-attachment-21156\" style=\"width: 301px\" class=\"wp-caption alignleft\"><a href=\"https:\/\/www.blogsoestado.com\/danielmatos\/files\/2014\/12\/bolinha-j\u00fanior2.jpg\"><img fetchpriority=\"high\" decoding=\"async\" class=\"size-full wp-image-21156\" src=\"https:\/\/www.blogsoestado.com\/danielmatos\/files\/2014\/12\/bolinha-j\u00fanior2.jpg\" alt=\"Temendo por sua seguran\u00e7a, J\u00fanior Bolinha quer deixar Pedrinhas\" width=\"301\" height=\"321\" \/><\/a><figcaption id=\"caption-attachment-21156\" class=\"wp-caption-text\">Temendo por sua seguran\u00e7a, J\u00fanior Bolinha quer deixar Pedrinhas<\/figcaption><\/figure>\n<p>O empres\u00e1rio Jos\u00e9 Raimundo Sales Chaves J\u00fanior, o <em>J\u00fanior Bolinha<\/em>, preso e pronunciado a j\u00fari sob a\u00a0acusa\u00e7\u00e3o\u00a0de ter\u00a0contratado o pistoleiro Jhonathan de Sousa Silva para assassinar o jornalista D\u00e9cio S\u00e1, em 23 de abril de 2012, em um bar da\u00a0Avenida Litor\u00e2nea, solicitou\u00a0\u00e0 Justi\u00e7a, no \u00faltimo dia 10, a sua transfer\u00eancia do Pres\u00eddio S\u00e3o Lu\u00eds I, em Pedrinhas, para o quartel do Comando Geral do Corpo de Bombeiros, no Bacanga.\u00a0<em>Bolinha <\/em>alega que o local onde est\u00e1 preso provisoriamente oferece risco \u00e0 sua integridade f\u00edsica, tendo em vista a sua proximidade com\u00a0detentos de alt\u00edssima periculosidade.<\/p>\n<p>O pedido foi encaminhado ao juiz Ernesto Guimar\u00e3es Alves, que no momento\u00a0responde pela 1\u00aa Vara do Tribunal do J\u00fari, respons\u00e1vel pelo julgamento do caso. Antes de se posicionar sobre a solicita\u00e7\u00e3o de <em>J\u00fanior Bolinha<\/em>, o magistrado enviou of\u00edcio ao diretor do Pres\u00eddio S\u00e3o Lu\u00eds para que este informasse, no prazo de 48 horas, em qual setor o preso provis\u00f3rio est\u00e1 custodiado, suas condi\u00e7\u00f5es de seguran\u00e7a e outras informa\u00e7\u00f5es necess\u00e1rias.<\/p>\n<p>O juiz oficiou tamb\u00e9m ao Comando Geral do Corpo de Bombeiros para que a institui\u00e7\u00e3o informe sobre a possibilidade de transfer\u00eancia e perman\u00eancia de <em>Bolinha<\/em> no quartel. Um terceiro of\u00edcio foi encaminhado \u00e0 Dire\u00e7\u00e3o do Grupo Especial de Opera\u00e7\u00f5es Penitenci\u00e1rias (Geop)\u00a0pedindo esclarecimentos sobre uma miss\u00e3o ocorrida em 10 e 11 de novembro deste ano, no Pres\u00eddio S\u00e3o Lu\u00eds I.<\/p>\n<p>Tanto a dire\u00e7\u00e3o do Pres\u00eddio S\u00e3o Lu\u00eds, quanto o Comando do Corpo de Bombeiros e o Geop j\u00e1 acusaram recebimento dos of\u00edcios encaminhados pelo\u00a0juiz Ernesto Guimar\u00e3es. T\u00e3o logo obtenha as informa\u00e7\u00f5es, o magistrado emitir\u00e1 sua decis\u00e3o sobre o pedido de <em>J\u00fanior Bolinha<\/em>.<\/p>\n<p><strong>O \u00a0crime<\/strong><\/p>\n<figure id=\"attachment_21157\" aria-describedby=\"caption-attachment-21157\" style=\"width: 300px\" class=\"wp-caption alignright\"><a href=\"https:\/\/www.blogsoestado.com\/danielmatos\/files\/2014\/12\/decio-missa.jpg\"><img decoding=\"async\" class=\"size-full wp-image-21157\" src=\"https:\/\/www.blogsoestado.com\/danielmatos\/files\/2014\/12\/decio-missa.jpg\" alt=\"D\u00e9cio S\u00e1 foi assassinado por quadrilha de agiotas, segundo a Pol\u00edcia Civil e o MP\" width=\"300\" height=\"341\" \/><\/a><figcaption id=\"caption-attachment-21157\" class=\"wp-caption-text\">D\u00e9cio S\u00e1 foi assassinado por quadrilha de agiotas, segundo a Pol\u00edcia Civil e o Minist\u00e9rio P\u00fablico<\/figcaption><\/figure>\n<p>Segundo investiga\u00e7\u00f5es feitas pela Pol\u00edcia Civil e pelo Minist\u00e9rio P\u00fablico, D\u00e9cio S\u00e1 foi assassinado por denunciar sistematicamente em seu blog a atua\u00e7\u00e3o de uma quadrilha de agiotas junto a v\u00e1rias prefeituras do Maranh\u00e3o. O bando teira como chefe o\u00a0empres\u00e1rio e suposto agiota Gl\u00e1ucio Aguiar e seu pai, Jos\u00e9 de Miranda. O primeiro est\u00e1 preso desde junho de 2012 e o segundo cumpre pris\u00e3o domiciliar em raz\u00e3o de problemas de sa\u00fade.<\/p>\n<p>Al\u00e9m de Gl\u00e1ucio, Miranda e <em>J\u00fanior Bolinha<\/em>, outras oito pessoas foram acusadas de participa\u00e7\u00e3o no crime e pronunciadas a j\u00fari: Jhonathan de Sousa Silva (autor confesso dos disparos), Marcos Bruno Silva de Oliveira (piloto da motocicleta que deu fuga ao assassino), Shirliano Graciano de Oliveira, o <em>Bal\u00e3o;<\/em>\u00a0Elker Farias Veloso, F\u00e1bio Aur\u00e9lio do Lago e Silva, o Capita; F\u00e1bio Aur\u00e9lio Saraiva Silva, o <em>Bochecha<\/em> (em liberdade desde julho de 2013) e os policiais civis Alcides Nunes da Silva\u00a0e\u00a0Joel Durans Medeiros.<\/p>\n<p>Exceto Jhonathan de Sousa Silva e Marcos Bruno, que j\u00e1 foram condenados a 25 anos e tr\u00eas meses e a 18 anos e tr\u00eas meses de pris\u00e3o, respectivamente, os demais acusados recorreram ao Tribunal de Justi\u00e7a para n\u00e3o irem a j\u00fari popular.<\/p>\n<p>Abaixo, c\u00f3pia do\u00a0of\u00edcio por meio do qual o juiz Ernesto Guimar\u00e3es pede ao Comando do Corpo de Bombeiros que se manifeste sobre o pedido de transfer\u00eancia de <em>J\u00fanior Bolinha<\/em>:<\/p>\n<p><a href=\"https:\/\/www.blogsoestado.com\/danielmatos\/files\/2014\/12\/bolinha-pede.jpg\"><img decoding=\"async\" class=\"aligncenter size-full wp-image-21160\" src=\"https:\/\/www.blogsoestado.com\/danielmatos\/files\/2014\/12\/bolinha-pede.jpg\" alt=\"bolinha pede\" width=\"480\" height=\"652\" \/><\/a><\/p>\n","protected":false},"excerpt":{"rendered":"<p>O empres\u00e1rio Jos\u00e9 Raimundo Sales Chaves J\u00fanior, o J\u00fanior Bolinha, preso e pronunciado a j\u00fari sob a\u00a0acusa\u00e7\u00e3o\u00a0de ter\u00a0contratado o pistoleiro [&hellip;]<\/p>\n","protected":false},"author":0,"featured_media":0,"comment_status":"open","ping_status":"open","sticky":false,"template":"","format":"standard","meta":{"site-sidebar-layout":"default","site-content-layout":"","ast-site-content-layout":"default","site-content-style":"default","site-sidebar-style":"default","ast-global-header-display":"","ast-banner-title-visibility":"","ast-main-header-display":"","ast-hfb-above-header-display":"","ast-hfb-below-header-display":"","ast-hfb-mobile-header-display":"","site-post-title":"","ast-breadcrumbs-content":"","ast-featured-img":"","footer-sml-layout":"","ast-disable-related-posts":"","theme-transparent-header-meta":"","adv-header-id-meta":"","stick-header-meta":"","header-above-stick-meta":"","header-main-stick-meta":"","header-below-stick-meta":"","astra-migrate-meta-layouts":"default","ast-page-background-enabled":"default","ast-page-background-meta":{"desktop":{"background-color":"var(--ast-global-color-5)","background-image":"","background-repeat":"repeat","background-position":"center center","background-size":"auto","background-attachment":"scroll","background-type":"","background-media":"","overlay-type":"","overlay-color":"","overlay-opacity":"","overlay-gradient":""},"tablet":{"background-color":"","background-image":"","background-repeat":"repeat","background-position":"center center","background-size":"auto","background-attachment":"scroll","background-type":"","background-media":"","overlay-type":"","overlay-color":"","overlay-opacity":"","overlay-gradient":""},"mobile":{"background-color":"","background-image":"","background-repeat":"repeat","background-position":"center center","background-size":"auto","background-attachment":"scroll","background-type":"","background-media":"","overlay-type":"","overlay-color":"","overlay-opacity":"","overlay-gradient":""}},"ast-content-background-meta":{"desktop":{"background-color":"var(--ast-global-color-4)","background-image":"","background-repeat":"repeat","background-position":"center center","background-size":"auto","background-attachment":"scroll","background-type":"","background-media":"","overlay-type":"","overlay-color":"","overlay-opacity":"","overlay-gradient":""},"tablet":{"background-color":"var(--ast-global-color-4)","background-image":"","background-repeat":"repeat","background-position":"center center","background-size":"auto","background-attachment":"scroll","background-type":"","background-media":"","overlay-type":"","overlay-color":"","overlay-opacity":"","overlay-gradient":""},"mobile":{"background-color":"var(--ast-global-color-4)","background-image":"","background-repeat":"repeat","background-position":"center center","background-size":"auto","background-attachment":"scroll","background-type":"","background-media":"","overlay-type":"","overlay-color":"","overlay-opacity":"","overlay-gradient":""}},"footnotes":""},"categories":[1],"tags":[],"class_list":["post-21150","post","type-post","status-publish","format-standard","hentry","category-sem-categoria"],"yoast_head":"<!-- This site is optimized with the Yoast SEO plugin v26.6 - https:\/\/yoast.com\/wordpress\/plugins\/seo\/ -->\n<title>Com medo de morrer, J\u00fanior Bolinha quer deixar Pedrinhas e ir para o Corpo de Bombeiros - Daniel Matos<\/title>\n<meta name=\"robots\" content=\"index, follow, max-snippet:-1, max-image-preview:large, max-video-preview:-1\" \/>\n<link rel=\"canonical\" href=\"https:\/\/www.blogsoestado.com\/danielmatos\/com-medo-de-morrer-junior-bolinha-quer-deixar-pedrinhas-e-ir-para-o-corpo-de-bombeiros\/\" \/>\n<meta property=\"og:locale\" content=\"pt_BR\" \/>\n<meta property=\"og:type\" content=\"article\" \/>\n<meta property=\"og:title\" content=\"Com medo de morrer, J\u00fanior Bolinha quer deixar Pedrinhas e ir para o Corpo de Bombeiros - Daniel Matos\" \/>\n<meta property=\"og:description\" content=\"O empres\u00e1rio Jos\u00e9 Raimundo Sales Chaves J\u00fanior, o J\u00fanior Bolinha, preso e pronunciado a j\u00fari sob a\u00a0acusa\u00e7\u00e3o\u00a0de ter\u00a0contratado o pistoleiro [&hellip;]\" \/>\n<meta property=\"og:url\" content=\"https:\/\/www.blogsoestado.com\/danielmatos\/com-medo-de-morrer-junior-bolinha-quer-deixar-pedrinhas-e-ir-para-o-corpo-de-bombeiros\/\" \/>\n<meta property=\"og:site_name\" content=\"Daniel Matos\" \/>\n<meta property=\"article:published_time\" content=\"2014-12-17T12:54:14+00:00\" \/>\n<meta property=\"og:image\" content=\"https:\/\/www.blogsoestado.com\/danielmatos\/files\/2014\/12\/decio-missa.jpg\" \/>\n<meta name=\"twitter:card\" content=\"summary_large_image\" \/>\n<meta name=\"twitter:label1\" content=\"Est. tempo de leitura\" \/>\n\t<meta name=\"twitter:data1\" content=\"3 minutos\" \/>\n<script type=\"application\/ld+json\" class=\"yoast-schema-graph\">{\"@context\":\"https:\/\/schema.org\",\"@graph\":[{\"@type\":\"WebPage\",\"@id\":\"https:\/\/www.blogsoestado.com\/danielmatos\/com-medo-de-morrer-junior-bolinha-quer-deixar-pedrinhas-e-ir-para-o-corpo-de-bombeiros\/\",\"url\":\"https:\/\/www.blogsoestado.com\/danielmatos\/com-medo-de-morrer-junior-bolinha-quer-deixar-pedrinhas-e-ir-para-o-corpo-de-bombeiros\/\",\"name\":\"Com medo de morrer, J\u00fanior Bolinha quer deixar Pedrinhas e ir para o Corpo de Bombeiros - Daniel Matos\",\"isPartOf\":{\"@id\":\"https:\/\/www.blogsoestado.com\/danielmatos\/#website\"},\"primaryImageOfPage\":{\"@id\":\"https:\/\/www.blogsoestado.com\/danielmatos\/com-medo-de-morrer-junior-bolinha-quer-deixar-pedrinhas-e-ir-para-o-corpo-de-bombeiros\/#primaryimage\"},\"image\":{\"@id\":\"https:\/\/www.blogsoestado.com\/danielmatos\/com-medo-de-morrer-junior-bolinha-quer-deixar-pedrinhas-e-ir-para-o-corpo-de-bombeiros\/#primaryimage\"},\"thumbnailUrl\":\"https:\/\/www.blogsoestado.com\/danielmatos\/files\/2014\/12\/decio-missa.jpg\",\"datePublished\":\"2014-12-17T12:54:14+00:00\",\"author\":{\"@id\":\"\"},\"breadcrumb\":{\"@id\":\"https:\/\/www.blogsoestado.com\/danielmatos\/com-medo-de-morrer-junior-bolinha-quer-deixar-pedrinhas-e-ir-para-o-corpo-de-bombeiros\/#breadcrumb\"},\"inLanguage\":\"pt-BR\",\"potentialAction\":[{\"@type\":\"ReadAction\",\"target\":[\"https:\/\/www.blogsoestado.com\/danielmatos\/com-medo-de-morrer-junior-bolinha-quer-deixar-pedrinhas-e-ir-para-o-corpo-de-bombeiros\/\"]}]},{\"@type\":\"ImageObject\",\"inLanguage\":\"pt-BR\",\"@id\":\"https:\/\/www.blogsoestado.com\/danielmatos\/com-medo-de-morrer-junior-bolinha-quer-deixar-pedrinhas-e-ir-para-o-corpo-de-bombeiros\/#primaryimage\",\"url\":\"https:\/\/www.blogsoestado.com\/danielmatos\/files\/2014\/12\/decio-missa.jpg\",\"contentUrl\":\"https:\/\/www.blogsoestado.com\/danielmatos\/files\/2014\/12\/decio-missa.jpg\"},{\"@type\":\"BreadcrumbList\",\"@id\":\"https:\/\/www.blogsoestado.com\/danielmatos\/com-medo-de-morrer-junior-bolinha-quer-deixar-pedrinhas-e-ir-para-o-corpo-de-bombeiros\/#breadcrumb\",\"itemListElement\":[{\"@type\":\"ListItem\",\"position\":1,\"name\":\"In\u00edcio\",\"item\":\"https:\/\/www.blogsoestado.com\/danielmatos\/\"},{\"@type\":\"ListItem\",\"position\":2,\"name\":\"Com medo de morrer, J\u00fanior Bolinha quer deixar Pedrinhas e ir para o Corpo de Bombeiros\"}]},{\"@type\":\"WebSite\",\"@id\":\"https:\/\/www.blogsoestado.com\/danielmatos\/#website\",\"url\":\"https:\/\/www.blogsoestado.com\/danielmatos\/\",\"name\":\"Daniel Matos\",\"description\":\"\",\"potentialAction\":[{\"@type\":\"SearchAction\",\"target\":{\"@type\":\"EntryPoint\",\"urlTemplate\":\"https:\/\/www.blogsoestado.com\/danielmatos\/?s={search_term_string}\"},\"query-input\":{\"@type\":\"PropertyValueSpecification\",\"valueRequired\":true,\"valueName\":\"search_term_string\"}}],\"inLanguage\":\"pt-BR\"}]}<\/script>\n<!-- \/ Yoast SEO plugin. -->","yoast_head_json":{"title":"Com medo de morrer, J\u00fanior Bolinha quer deixar Pedrinhas e ir para o Corpo de Bombeiros - Daniel Matos","robots":{"index":"index","follow":"follow","max-snippet":"max-snippet:-1","max-image-preview":"max-image-preview:large","max-video-preview":"max-video-preview:-1"},"canonical":"https:\/\/www.blogsoestado.com\/danielmatos\/com-medo-de-morrer-junior-bolinha-quer-deixar-pedrinhas-e-ir-para-o-corpo-de-bombeiros\/","og_locale":"pt_BR","og_type":"article","og_title":"Com medo de morrer, J\u00fanior Bolinha quer deixar Pedrinhas e ir para o Corpo de Bombeiros - Daniel Matos","og_description":"O empres\u00e1rio Jos\u00e9 Raimundo Sales Chaves J\u00fanior, o J\u00fanior Bolinha, preso e pronunciado a j\u00fari sob a\u00a0acusa\u00e7\u00e3o\u00a0de ter\u00a0contratado o pistoleiro [&hellip;]","og_url":"https:\/\/www.blogsoestado.com\/danielmatos\/com-medo-de-morrer-junior-bolinha-quer-deixar-pedrinhas-e-ir-para-o-corpo-de-bombeiros\/","og_site_name":"Daniel Matos","article_published_time":"2014-12-17T12:54:14+00:00","og_image":[{"url":"https:\/\/www.blogsoestado.com\/danielmatos\/files\/2014\/12\/decio-missa.jpg","type":"","width":"","height":""}],"twitter_card":"summary_large_image","twitter_misc":{"Est. tempo de leitura":"3 minutos"},"schema":{"@context":"https:\/\/schema.org","@graph":[{"@type":"WebPage","@id":"https:\/\/www.blogsoestado.com\/danielmatos\/com-medo-de-morrer-junior-bolinha-quer-deixar-pedrinhas-e-ir-para-o-corpo-de-bombeiros\/","url":"https:\/\/www.blogsoestado.com\/danielmatos\/com-medo-de-morrer-junior-bolinha-quer-deixar-pedrinhas-e-ir-para-o-corpo-de-bombeiros\/","name":"Com medo de morrer, J\u00fanior Bolinha quer deixar Pedrinhas e ir para o Corpo de Bombeiros - Daniel Matos","isPartOf":{"@id":"https:\/\/www.blogsoestado.com\/danielmatos\/#website"},"primaryImageOfPage":{"@id":"https:\/\/www.blogsoestado.com\/danielmatos\/com-medo-de-morrer-junior-bolinha-quer-deixar-pedrinhas-e-ir-para-o-corpo-de-bombeiros\/#primaryimage"},"image":{"@id":"https:\/\/www.blogsoestado.com\/danielmatos\/com-medo-de-morrer-junior-bolinha-quer-deixar-pedrinhas-e-ir-para-o-corpo-de-bombeiros\/#primaryimage"},"thumbnailUrl":"https:\/\/www.blogsoestado.com\/danielmatos\/files\/2014\/12\/decio-missa.jpg","datePublished":"2014-12-17T12:54:14+00:00","author":{"@id":""},"breadcrumb":{"@id":"https:\/\/www.blogsoestado.com\/danielmatos\/com-medo-de-morrer-junior-bolinha-quer-deixar-pedrinhas-e-ir-para-o-corpo-de-bombeiros\/#breadcrumb"},"inLanguage":"pt-BR","potentialAction":[{"@type":"ReadAction","target":["https:\/\/www.blogsoestado.com\/danielmatos\/com-medo-de-morrer-junior-bolinha-quer-deixar-pedrinhas-e-ir-para-o-corpo-de-bombeiros\/"]}]},{"@type":"ImageObject","inLanguage":"pt-BR","@id":"https:\/\/www.blogsoestado.com\/danielmatos\/com-medo-de-morrer-junior-bolinha-quer-deixar-pedrinhas-e-ir-para-o-corpo-de-bombeiros\/#primaryimage","url":"https:\/\/www.blogsoestado.com\/danielmatos\/files\/2014\/12\/decio-missa.jpg","contentUrl":"https:\/\/www.blogsoestado.com\/danielmatos\/files\/2014\/12\/decio-missa.jpg"},{"@type":"BreadcrumbList","@id":"https:\/\/www.blogsoestado.com\/danielmatos\/com-medo-de-morrer-junior-bolinha-quer-deixar-pedrinhas-e-ir-para-o-corpo-de-bombeiros\/#breadcrumb","itemListElement":[{"@type":"ListItem","position":1,"name":"In\u00edcio","item":"https:\/\/www.blogsoestado.com\/danielmatos\/"},{"@type":"ListItem","position":2,"name":"Com medo de morrer, J\u00fanior Bolinha quer deixar Pedrinhas e ir para o Corpo de Bombeiros"}]},{"@type":"WebSite","@id":"https:\/\/www.blogsoestado.com\/danielmatos\/#website","url":"https:\/\/www.blogsoestado.com\/danielmatos\/","name":"Daniel Matos","description":"","potentialAction":[{"@type":"SearchAction","target":{"@type":"EntryPoint","urlTemplate":"https:\/\/www.blogsoestado.com\/danielmatos\/?s={search_term_string}"},"query-input":{"@type":"PropertyValueSpecification","valueRequired":true,"valueName":"search_term_string"}}],"inLanguage":"pt-BR"}]}},"jetpack_featured_media_url":"","_links":{"self":[{"href":"https:\/\/www.blogsoestado.com\/danielmatos\/wp-json\/wp\/v2\/posts\/21150","targetHints":{"allow":["GET"]}}],"collection":[{"href":"https:\/\/www.blogsoestado.com\/danielmatos\/wp-json\/wp\/v2\/posts"}],"about":[{"href":"https:\/\/www.blogsoestado.com\/danielmatos\/wp-json\/wp\/v2\/types\/post"}],"replies":[{"embeddable":true,"href":"https:\/\/www.blogsoestado.com\/danielmatos\/wp-json\/wp\/v2\/comments?post=21150"}],"version-history":[{"count":0,"href":"https:\/\/www.blogsoestado.com\/danielmatos\/wp-json\/wp\/v2\/posts\/21150\/revisions"}],"wp:attachment":[{"href":"https:\/\/www.blogsoestado.com\/danielmatos\/wp-json\/wp\/v2\/media?parent=21150"}],"wp:term":[{"taxonomy":"category","embeddable":true,"href":"https:\/\/www.blogsoestado.com\/danielmatos\/wp-json\/wp\/v2\/categories?post=21150"},{"taxonomy":"post_tag","embeddable":true,"href":"https:\/\/www.blogsoestado.com\/danielmatos\/wp-json\/wp\/v2\/tags?post=21150"}],"curies":[{"name":"wp","href":"https:\/\/api.w.org\/{rel}","templated":true}]}}