{"id":21188,"date":"2014-12-18T10:34:18","date_gmt":"2014-12-18T13:34:18","guid":{"rendered":"https:\/\/www.blogsoestado.com\/danielmatos\/?p=21188"},"modified":"2014-12-18T10:34:18","modified_gmt":"2014-12-18T13:34:18","slug":"novo-predio-do-procon-no-centro","status":"publish","type":"post","link":"https:\/\/www.blogsoestado.com\/danielmatos\/novo-predio-do-procon-no-centro\/","title":{"rendered":"Novo pr\u00e9dio do Procon no Centro"},"content":{"rendered":"<figure id=\"attachment_21189\" aria-describedby=\"caption-attachment-21189\" style=\"width: 640px\" class=\"wp-caption aligncenter\"><a href=\"https:\/\/www.blogsoestado.com\/danielmatos\/files\/2014\/12\/procon-centro.jpg\"><img fetchpriority=\"high\" decoding=\"async\" class=\"size-full wp-image-21189\" src=\"https:\/\/www.blogsoestado.com\/danielmatos\/files\/2014\/12\/procon-centro.jpg\" alt=\"Secret\u00e1ria Luiza Oliveira, ao lado do gerente do Procon, Kleber Moreira, descerra placa de inaugura\u00e7\u00e3o da nova sede do Procon \" width=\"640\" height=\"427\" \/><\/a><figcaption id=\"caption-attachment-21189\" class=\"wp-caption-text\">Secret\u00e1ria Luiza Oliveira com\u00a0o gerente do Procon, Kleber Moreira, descerra placa, inaugurando sede do Procon<\/figcaption><\/figure>\n<p>Em funcionamento o posto avan\u00e7ado de atendimento da Ger\u00eancia de Prote\u00e7\u00e3o e Defesa do Consumidor (Procon-MA), \u00f3rg\u00e3o vinculado \u00e0 Secretaria de Estado de Direitos Humanos, Assist\u00eancia Social e Cidadania, em parceria com o Instituto Florence de Ensino Superior, por meio de seu Curso de Direito. O novo posto est\u00e1 localizado na Rua Rio Branco (Centro), no mesmo pr\u00e9dio da institui\u00e7\u00e3o de ensino, local de f\u00e1cil acesso para consumidores que necessitam dos servi\u00e7os, descentralizando as atividades desempenhadas pelo \u00f3rg\u00e3o de defesa do consumidor.<\/p>\n<p>\u201cAgrade\u00e7o ao interesse imediato do Florence e agilidade no processo de abertura. Com este Procon, j\u00e1 chegamos na marca de 12 pontos de atendimento em todo o estado, garantindo acesso a direitos por parte da popula\u00e7\u00e3o e fazendo cumprir o nosso papel de levar mais cidadania aos maranhenses\u201d, informou a secret\u00e1ria de Estado de Direitos Humanos, Assist\u00eancia Social e Cidadania, Luiza Oliveira.<\/p>\n<p>O atendimento, que conta com a supervis\u00e3o de advogados profissionais, est\u00e1 sendo realizado inicialmente pelos acad\u00eamicos dos \u00faltimos per\u00edodos do Curso de Direito. A sele\u00e7\u00e3o dos alunos \u00e9 feita com base no coeficiente de rendimento, freq\u00fc\u00eancia e participa\u00e7\u00e3o nos eventos acad\u00eamicos.\u00a0Para a coordenadora do curso, professora Ana Maria Marques, o funcionamento do posto faz parte da concretiza\u00e7\u00e3o de um projeto de crescimento do curso. \u201cO Instituto Florence est\u00e1 muito contente em estabelecer parceria com um \u00f3rg\u00e3o de vital import\u00e2ncia. Isso fortalece a vis\u00e3o social da institui\u00e7\u00e3o al\u00e9m da contribui\u00e7\u00e3o para a forma\u00e7\u00e3o dos alunos\u201d, disse.<\/p>\n<p>A unidade funciona com 40 atendimentos di\u00e1rios, de segunda a quinta-feira, no hor\u00e1rio das 8h \u00e0s 12h, e \u00e0s sextas s\u00e3o realizadas as audi\u00eancias de concilia\u00e7\u00e3o. \u201cAl\u00e9m de levarmos os servi\u00e7os do Procon para mais pessoas, essa \u00e9 uma excelente oportunidade para qualificar e introduzir os futuros profissionais no mercado de trabalho, com a importante responsabilidade de amadurecer o campo do direito do consumidor no Maranh\u00e3o\u201d, disse o gerente do Procon no Maranh\u00e3o, Kleber Jos\u00e9 Moreira.<\/p>\n","protected":false},"excerpt":{"rendered":"<p>Em funcionamento o posto avan\u00e7ado de atendimento da Ger\u00eancia de Prote\u00e7\u00e3o e Defesa do Consumidor (Procon-MA), \u00f3rg\u00e3o vinculado \u00e0 Secretaria [&hellip;]<\/p>\n","protected":false},"author":0,"featured_media":0,"comment_status":"open","ping_status":"open","sticky":false,"template":"","format":"standard","meta":{"site-sidebar-layout":"default","site-content-layout":"","ast-site-content-layout":"default","site-content-style":"default","site-sidebar-style":"default","ast-global-header-display":"","ast-banner-title-visibility":"","ast-main-header-display":"","ast-hfb-above-header-display":"","ast-hfb-below-header-display":"","ast-hfb-mobile-header-display":"","site-post-title":"","ast-breadcrumbs-content":"","ast-featured-img":"","footer-sml-layout":"","ast-disable-related-posts":"","theme-transparent-header-meta":"","adv-header-id-meta":"","stick-header-meta":"","header-above-stick-meta":"","header-main-stick-meta":"","header-below-stick-meta":"","astra-migrate-meta-layouts":"default","ast-page-background-enabled":"default","ast-page-background-meta":{"desktop":{"background-color":"var(--ast-global-color-5)","background-image":"","background-repeat":"repeat","background-position":"center center","background-size":"auto","background-attachment":"scroll","background-type":"","background-media":"","overlay-type":"","overlay-color":"","overlay-opacity":"","overlay-gradient":""},"tablet":{"background-color":"","background-image":"","background-repeat":"repeat","background-position":"center center","background-size":"auto","background-attachment":"scroll","background-type":"","background-media":"","overlay-type":"","overlay-color":"","overlay-opacity":"","overlay-gradient":""},"mobile":{"background-color":"","background-image":"","background-repeat":"repeat","background-position":"center center","background-size":"auto","background-attachment":"scroll","background-type":"","background-media":"","overlay-type":"","overlay-color":"","overlay-opacity":"","overlay-gradient":""}},"ast-content-background-meta":{"desktop":{"background-color":"var(--ast-global-color-4)","background-image":"","background-repeat":"repeat","background-position":"center center","background-size":"auto","background-attachment":"scroll","background-type":"","background-media":"","overlay-type":"","overlay-color":"","overlay-opacity":"","overlay-gradient":""},"tablet":{"background-color":"var(--ast-global-color-4)","background-image":"","background-repeat":"repeat","background-position":"center center","background-size":"auto","background-attachment":"scroll","background-type":"","background-media":"","overlay-type":"","overlay-color":"","overlay-opacity":"","overlay-gradient":""},"mobile":{"background-color":"var(--ast-global-color-4)","background-image":"","background-repeat":"repeat","background-position":"center center","background-size":"auto","background-attachment":"scroll","background-type":"","background-media":"","overlay-type":"","overlay-color":"","overlay-opacity":"","overlay-gradient":""}},"footnotes":""},"categories":[1],"tags":[],"class_list":["post-21188","post","type-post","status-publish","format-standard","hentry","category-sem-categoria"],"yoast_head":"<!-- This site is optimized with the Yoast SEO plugin v26.6 - https:\/\/yoast.com\/wordpress\/plugins\/seo\/ -->\n<title>Novo pr\u00e9dio do Procon no Centro - Daniel Matos<\/title>\n<meta name=\"robots\" content=\"index, follow, max-snippet:-1, max-image-preview:large, max-video-preview:-1\" \/>\n<link rel=\"canonical\" href=\"https:\/\/www.blogsoestado.com\/danielmatos\/novo-predio-do-procon-no-centro\/\" \/>\n<meta property=\"og:locale\" content=\"pt_BR\" \/>\n<meta property=\"og:type\" content=\"article\" \/>\n<meta property=\"og:title\" content=\"Novo pr\u00e9dio do Procon no Centro - Daniel Matos\" \/>\n<meta property=\"og:description\" content=\"Em funcionamento o posto avan\u00e7ado de atendimento da Ger\u00eancia de Prote\u00e7\u00e3o e Defesa do Consumidor (Procon-MA), \u00f3rg\u00e3o vinculado \u00e0 Secretaria [&hellip;]\" \/>\n<meta property=\"og:url\" content=\"https:\/\/www.blogsoestado.com\/danielmatos\/novo-predio-do-procon-no-centro\/\" \/>\n<meta property=\"og:site_name\" content=\"Daniel Matos\" \/>\n<meta property=\"article:published_time\" content=\"2014-12-18T13:34:18+00:00\" \/>\n<meta property=\"og:image\" content=\"https:\/\/www.blogsoestado.com\/danielmatos\/files\/2014\/12\/procon-centro.jpg\" \/>\n<meta name=\"twitter:card\" content=\"summary_large_image\" \/>\n<meta name=\"twitter:label1\" content=\"Est. tempo de leitura\" \/>\n\t<meta name=\"twitter:data1\" content=\"2 minutos\" \/>\n<script type=\"application\/ld+json\" class=\"yoast-schema-graph\">{\"@context\":\"https:\/\/schema.org\",\"@graph\":[{\"@type\":\"WebPage\",\"@id\":\"https:\/\/www.blogsoestado.com\/danielmatos\/novo-predio-do-procon-no-centro\/\",\"url\":\"https:\/\/www.blogsoestado.com\/danielmatos\/novo-predio-do-procon-no-centro\/\",\"name\":\"Novo pr\u00e9dio do Procon no Centro - Daniel Matos\",\"isPartOf\":{\"@id\":\"https:\/\/www.blogsoestado.com\/danielmatos\/#website\"},\"primaryImageOfPage\":{\"@id\":\"https:\/\/www.blogsoestado.com\/danielmatos\/novo-predio-do-procon-no-centro\/#primaryimage\"},\"image\":{\"@id\":\"https:\/\/www.blogsoestado.com\/danielmatos\/novo-predio-do-procon-no-centro\/#primaryimage\"},\"thumbnailUrl\":\"https:\/\/www.blogsoestado.com\/danielmatos\/files\/2014\/12\/procon-centro.jpg\",\"datePublished\":\"2014-12-18T13:34:18+00:00\",\"author\":{\"@id\":\"\"},\"breadcrumb\":{\"@id\":\"https:\/\/www.blogsoestado.com\/danielmatos\/novo-predio-do-procon-no-centro\/#breadcrumb\"},\"inLanguage\":\"pt-BR\",\"potentialAction\":[{\"@type\":\"ReadAction\",\"target\":[\"https:\/\/www.blogsoestado.com\/danielmatos\/novo-predio-do-procon-no-centro\/\"]}]},{\"@type\":\"ImageObject\",\"inLanguage\":\"pt-BR\",\"@id\":\"https:\/\/www.blogsoestado.com\/danielmatos\/novo-predio-do-procon-no-centro\/#primaryimage\",\"url\":\"https:\/\/www.blogsoestado.com\/danielmatos\/files\/2014\/12\/procon-centro.jpg\",\"contentUrl\":\"https:\/\/www.blogsoestado.com\/danielmatos\/files\/2014\/12\/procon-centro.jpg\"},{\"@type\":\"BreadcrumbList\",\"@id\":\"https:\/\/www.blogsoestado.com\/danielmatos\/novo-predio-do-procon-no-centro\/#breadcrumb\",\"itemListElement\":[{\"@type\":\"ListItem\",\"position\":1,\"name\":\"In\u00edcio\",\"item\":\"https:\/\/www.blogsoestado.com\/danielmatos\/\"},{\"@type\":\"ListItem\",\"position\":2,\"name\":\"Novo pr\u00e9dio do Procon no Centro\"}]},{\"@type\":\"WebSite\",\"@id\":\"https:\/\/www.blogsoestado.com\/danielmatos\/#website\",\"url\":\"https:\/\/www.blogsoestado.com\/danielmatos\/\",\"name\":\"Daniel Matos\",\"description\":\"\",\"potentialAction\":[{\"@type\":\"SearchAction\",\"target\":{\"@type\":\"EntryPoint\",\"urlTemplate\":\"https:\/\/www.blogsoestado.com\/danielmatos\/?s={search_term_string}\"},\"query-input\":{\"@type\":\"PropertyValueSpecification\",\"valueRequired\":true,\"valueName\":\"search_term_string\"}}],\"inLanguage\":\"pt-BR\"}]}<\/script>\n<!-- \/ Yoast SEO plugin. -->","yoast_head_json":{"title":"Novo pr\u00e9dio do Procon no Centro - Daniel Matos","robots":{"index":"index","follow":"follow","max-snippet":"max-snippet:-1","max-image-preview":"max-image-preview:large","max-video-preview":"max-video-preview:-1"},"canonical":"https:\/\/www.blogsoestado.com\/danielmatos\/novo-predio-do-procon-no-centro\/","og_locale":"pt_BR","og_type":"article","og_title":"Novo pr\u00e9dio do Procon no Centro - Daniel Matos","og_description":"Em funcionamento o posto avan\u00e7ado de atendimento da Ger\u00eancia de Prote\u00e7\u00e3o e Defesa do Consumidor (Procon-MA), \u00f3rg\u00e3o vinculado \u00e0 Secretaria [&hellip;]","og_url":"https:\/\/www.blogsoestado.com\/danielmatos\/novo-predio-do-procon-no-centro\/","og_site_name":"Daniel Matos","article_published_time":"2014-12-18T13:34:18+00:00","og_image":[{"url":"https:\/\/www.blogsoestado.com\/danielmatos\/files\/2014\/12\/procon-centro.jpg","type":"","width":"","height":""}],"twitter_card":"summary_large_image","twitter_misc":{"Est. tempo de leitura":"2 minutos"},"schema":{"@context":"https:\/\/schema.org","@graph":[{"@type":"WebPage","@id":"https:\/\/www.blogsoestado.com\/danielmatos\/novo-predio-do-procon-no-centro\/","url":"https:\/\/www.blogsoestado.com\/danielmatos\/novo-predio-do-procon-no-centro\/","name":"Novo pr\u00e9dio do Procon no Centro - Daniel Matos","isPartOf":{"@id":"https:\/\/www.blogsoestado.com\/danielmatos\/#website"},"primaryImageOfPage":{"@id":"https:\/\/www.blogsoestado.com\/danielmatos\/novo-predio-do-procon-no-centro\/#primaryimage"},"image":{"@id":"https:\/\/www.blogsoestado.com\/danielmatos\/novo-predio-do-procon-no-centro\/#primaryimage"},"thumbnailUrl":"https:\/\/www.blogsoestado.com\/danielmatos\/files\/2014\/12\/procon-centro.jpg","datePublished":"2014-12-18T13:34:18+00:00","author":{"@id":""},"breadcrumb":{"@id":"https:\/\/www.blogsoestado.com\/danielmatos\/novo-predio-do-procon-no-centro\/#breadcrumb"},"inLanguage":"pt-BR","potentialAction":[{"@type":"ReadAction","target":["https:\/\/www.blogsoestado.com\/danielmatos\/novo-predio-do-procon-no-centro\/"]}]},{"@type":"ImageObject","inLanguage":"pt-BR","@id":"https:\/\/www.blogsoestado.com\/danielmatos\/novo-predio-do-procon-no-centro\/#primaryimage","url":"https:\/\/www.blogsoestado.com\/danielmatos\/files\/2014\/12\/procon-centro.jpg","contentUrl":"https:\/\/www.blogsoestado.com\/danielmatos\/files\/2014\/12\/procon-centro.jpg"},{"@type":"BreadcrumbList","@id":"https:\/\/www.blogsoestado.com\/danielmatos\/novo-predio-do-procon-no-centro\/#breadcrumb","itemListElement":[{"@type":"ListItem","position":1,"name":"In\u00edcio","item":"https:\/\/www.blogsoestado.com\/danielmatos\/"},{"@type":"ListItem","position":2,"name":"Novo pr\u00e9dio do Procon no Centro"}]},{"@type":"WebSite","@id":"https:\/\/www.blogsoestado.com\/danielmatos\/#website","url":"https:\/\/www.blogsoestado.com\/danielmatos\/","name":"Daniel Matos","description":"","potentialAction":[{"@type":"SearchAction","target":{"@type":"EntryPoint","urlTemplate":"https:\/\/www.blogsoestado.com\/danielmatos\/?s={search_term_string}"},"query-input":{"@type":"PropertyValueSpecification","valueRequired":true,"valueName":"search_term_string"}}],"inLanguage":"pt-BR"}]}},"jetpack_featured_media_url":"","_links":{"self":[{"href":"https:\/\/www.blogsoestado.com\/danielmatos\/wp-json\/wp\/v2\/posts\/21188","targetHints":{"allow":["GET"]}}],"collection":[{"href":"https:\/\/www.blogsoestado.com\/danielmatos\/wp-json\/wp\/v2\/posts"}],"about":[{"href":"https:\/\/www.blogsoestado.com\/danielmatos\/wp-json\/wp\/v2\/types\/post"}],"replies":[{"embeddable":true,"href":"https:\/\/www.blogsoestado.com\/danielmatos\/wp-json\/wp\/v2\/comments?post=21188"}],"version-history":[{"count":0,"href":"https:\/\/www.blogsoestado.com\/danielmatos\/wp-json\/wp\/v2\/posts\/21188\/revisions"}],"wp:attachment":[{"href":"https:\/\/www.blogsoestado.com\/danielmatos\/wp-json\/wp\/v2\/media?parent=21188"}],"wp:term":[{"taxonomy":"category","embeddable":true,"href":"https:\/\/www.blogsoestado.com\/danielmatos\/wp-json\/wp\/v2\/categories?post=21188"},{"taxonomy":"post_tag","embeddable":true,"href":"https:\/\/www.blogsoestado.com\/danielmatos\/wp-json\/wp\/v2\/tags?post=21188"}],"curies":[{"name":"wp","href":"https:\/\/api.w.org\/{rel}","templated":true}]}}