{"id":21195,"date":"2014-12-18T15:19:47","date_gmt":"2014-12-18T18:19:47","guid":{"rendered":"https:\/\/www.blogsoestado.com\/danielmatos\/?p=21195"},"modified":"2014-12-18T15:19:47","modified_gmt":"2014-12-18T18:19:47","slug":"mais-de-2-milhoes-saem-da-linha-da-pobreza-no-maranhao","status":"publish","type":"post","link":"https:\/\/www.blogsoestado.com\/danielmatos\/mais-de-2-milhoes-saem-da-linha-da-pobreza-no-maranhao\/","title":{"rendered":"Mais de 2 milh\u00f5es saem da linha da pobreza no Maranh\u00e3o"},"content":{"rendered":"<p>O Maranh\u00e3o conseguiu tirar da pobreza extrema 2,3 milh\u00f5es de pessoas, entre 2011 e 2014. Al\u00e9m disso, houve redu\u00e7\u00e3o de 20% para 8% no n\u00famero da popula\u00e7\u00e3o abaixo da linha da pobreza. Os resultados positivos s\u00e3o um dos pontos que est\u00e3o sendo contabilizados, neste fim de ano, pela secretaria de Estado de Desenvolvimento Social e Agricultura Familiar.<br \/>\nRelat\u00f3rio da Organiza\u00e7\u00e3o das Na\u00e7\u00f5es Unidas para Alimenta\u00e7\u00e3o e Agricultura (FAO) confirma que o Maranh\u00e3o foi um dos estados que mais contribuiu para tirar o Brasil do \u201cMapa Mundial da Fome\u201d. O documento foi divulgado no m\u00eas de outubro, em Roma, na It\u00e1lia.<\/p>\n<p>\u201cO governo realizou um esfor\u00e7o conjunto para alcan\u00e7ar esses resultados e \u00e9 gratificante obter esse reconhecimento. Ainda h\u00e1 muito a ser feito, mas ficamos felizes por termos contribu\u00eddo para um Maranh\u00e3o melhor no futuro\u201d, afirmou o secret\u00e1rio de Desenvolvimento Social e Agricultura Familiar, Fernando Fialho.<\/p>\n<p>O avan\u00e7o, segundo o Minist\u00e9rio do Desenvolvimento Social e Combate \u00e0 Fome (MDS), elevou o Maranh\u00e3o \u00e0 posi\u00e7\u00e3o de destaque entre os estados que mais reduziram a pobreza no pa\u00eds. O secret\u00e1rio destacou que os resultados s\u00e3o consequ\u00eancia da aplica\u00e7\u00e3o de um conjunto de a\u00e7\u00f5es voltadas ao setor.<br \/>\n\u201cO governo investiu no fortalecimento da agricultura familiar e fez chegar a todas as regi\u00f5es do estado as diversas pol\u00edticas sociais do Plano Brasil Sem Mis\u00e9ria, que tem como mote o combate \u00e0 fome e a redu\u00e7\u00e3o da pobreza extrema no pa\u00eds\u201d, explicou.<\/p>\n<p><strong>A\u00e7\u00f5es<\/strong><\/p>\n<p>As mais de 100 a\u00e7\u00f5es executadas levaram a FAO a destacar o Brasil como exemplo mundial no combate \u00e0 mis\u00e9ria, tendo o Maranh\u00e3o papel significativo para o alcance dessa meta.<\/p>\n<p>As a\u00e7\u00f5es desenvolvidas pelo Governo do Estado levaram o Maranh\u00e3o a alcan\u00e7ar os indicadores positivos na \u00e1rea. Para Fialho, a ades\u00e3o de 82 munic\u00edpios ao Programa de Aquisi\u00e7\u00e3o de Alimentos (PAA) foi um fator diferencial para o desenvolvimento da agricultura familiar e para a inclus\u00e3o social, produtiva e credit\u00edcia do homem do campo, contribuindo para uma bem articulada cadeia de produ\u00e7\u00e3o em que h\u00e1 benef\u00edcios para todos.<\/p>\n<p>Com a implanta\u00e7\u00e3o do PAA e do Programa Nacional de Alimenta\u00e7\u00e3o Escolar (PNAE), o estado garantiu aos produtores a certeza de ter mercado consumidor. \u00c9 que parte das hortali\u00e7as compradas para o preparo da merenda escolar deve ser adquirida direto da agricultura familiar.<\/p>\n<p>Paralelo \u00e0s pol\u00edticas estruturais de combate \u00e0 extrema pobreza e \u00e0 fome, foram desenvolvidas a\u00e7\u00f5es para dar suporte \u00e0s estrat\u00e9gias que visam \u00e0 redu\u00e7\u00e3o do problema no Estado. Entre elas destaca-se a Assist\u00eancia T\u00e9cnica e de Extens\u00e3o Rural (ATER), servi\u00e7o prestado por agentes capacitados pela Ag\u00eancia Estadual de Pesquisa Agropecu\u00e1ria e Extens\u00e3o Rural (Agerp) que auxiliam agricultores familiares para que melhorem suas atividades produtivas.<\/p>\n<p>A assist\u00eancia t\u00e9cnica deu um grande salto no Maranh\u00e3o. De maio de 2011 a julho deste ano, 25.340 fam\u00edlias de agricultores familiares, em 81 munic\u00edpios maranhenses, tiveram acesso aos servi\u00e7os. Esse mesmo p\u00fablico tamb\u00e9m tem acesso ao Programa de Apoio \u00e0 Conserva\u00e7\u00e3o Ambiental, mais conhecido como Bolsa Verde, que contribui para erradicar a extrema pobreza, ao mesmo tempo em que incentiva a conserva\u00e7\u00e3o do meio ambiente.<\/p>\n<p>De outubro de 2011 a julho deste ano, o Bolsa Verde, que \u00e9 coordenado pelo Minist\u00e9rio do Meio Ambiente, beneficiou 1.766 fam\u00edlias maranhenses, em 38 munic\u00edpios. As fam\u00edlias beneficiadas se comprometem a fazer uso sustent\u00e1vel dos recursos naturais dessas \u00e1reas.<\/p>\n<p>Outro fator que contribuiu para o resultado positivo, foi a qualifica\u00e7\u00e3o de m\u00e3o de obra, que facilitou a inclus\u00e3o dos benefici\u00e1rios em vagas de emprego no mercado formal. No Maranh\u00e3o, a a\u00e7\u00e3o \u00e9 desenvolvida por meio do Programa Nacional de Promo\u00e7\u00e3o do Acesso ao Mundo do Trabalho (Acessuas Trabalho) e do Programa Nacional de Acesso ao Ensino T\u00e9cnico e Emprego (Pronatec Brasil Sem Mis\u00e9ria).<\/p>\n<p>J\u00e1 o Pronatec Brasil Sem Mis\u00e9ria, que oferta gratuitamente cursos de qualifica\u00e7\u00e3o profissional a pessoas com mais de 16 anos de idade, prioritariamente \u00e0s que estejam inscritos no Cadastro \u00danico (Cad\u00danico), beneficiou a 62.805 maranhenses, em 132 munic\u00edpios, de janeiro de 2012 a julho deste ano.<\/p>\n<p><strong>Fonte:<\/strong> Secretaria Estadual de Comunica\u00e7\u00e3o (Secom)<\/p>\n","protected":false},"excerpt":{"rendered":"<p>O Maranh\u00e3o conseguiu tirar da pobreza extrema 2,3 milh\u00f5es de pessoas, entre 2011 e 2014. Al\u00e9m disso, houve redu\u00e7\u00e3o de [&hellip;]<\/p>\n","protected":false},"author":0,"featured_media":0,"comment_status":"open","ping_status":"open","sticky":false,"template":"","format":"standard","meta":{"site-sidebar-layout":"default","site-content-layout":"","ast-site-content-layout":"default","site-content-style":"default","site-sidebar-style":"default","ast-global-header-display":"","ast-banner-title-visibility":"","ast-main-header-display":"","ast-hfb-above-header-display":"","ast-hfb-below-header-display":"","ast-hfb-mobile-header-display":"","site-post-title":"","ast-breadcrumbs-content":"","ast-featured-img":"","footer-sml-layout":"","ast-disable-related-posts":"","theme-transparent-header-meta":"","adv-header-id-meta":"","stick-header-meta":"","header-above-stick-meta":"","header-main-stick-meta":"","header-below-stick-meta":"","astra-migrate-meta-layouts":"default","ast-page-background-enabled":"default","ast-page-background-meta":{"desktop":{"background-color":"var(--ast-global-color-5)","background-image":"","background-repeat":"repeat","background-position":"center center","background-size":"auto","background-attachment":"scroll","background-type":"","background-media":"","overlay-type":"","overlay-color":"","overlay-opacity":"","overlay-gradient":""},"tablet":{"background-color":"","background-image":"","background-repeat":"repeat","background-position":"center center","background-size":"auto","background-attachment":"scroll","background-type":"","background-media":"","overlay-type":"","overlay-color":"","overlay-opacity":"","overlay-gradient":""},"mobile":{"background-color":"","background-image":"","background-repeat":"repeat","background-position":"center center","background-size":"auto","background-attachment":"scroll","background-type":"","background-media":"","overlay-type":"","overlay-color":"","overlay-opacity":"","overlay-gradient":""}},"ast-content-background-meta":{"desktop":{"background-color":"var(--ast-global-color-4)","background-image":"","background-repeat":"repeat","background-position":"center center","background-size":"auto","background-attachment":"scroll","background-type":"","background-media":"","overlay-type":"","overlay-color":"","overlay-opacity":"","overlay-gradient":""},"tablet":{"background-color":"var(--ast-global-color-4)","background-image":"","background-repeat":"repeat","background-position":"center center","background-size":"auto","background-attachment":"scroll","background-type":"","background-media":"","overlay-type":"","overlay-color":"","overlay-opacity":"","overlay-gradient":""},"mobile":{"background-color":"var(--ast-global-color-4)","background-image":"","background-repeat":"repeat","background-position":"center center","background-size":"auto","background-attachment":"scroll","background-type":"","background-media":"","overlay-type":"","overlay-color":"","overlay-opacity":"","overlay-gradient":""}},"footnotes":""},"categories":[1],"tags":[],"class_list":["post-21195","post","type-post","status-publish","format-standard","hentry","category-sem-categoria"],"yoast_head":"<!-- This site is optimized with the Yoast SEO plugin v26.6 - https:\/\/yoast.com\/wordpress\/plugins\/seo\/ -->\n<title>Mais de 2 milh\u00f5es saem da linha da pobreza no Maranh\u00e3o - Daniel Matos<\/title>\n<meta name=\"robots\" content=\"index, follow, max-snippet:-1, max-image-preview:large, max-video-preview:-1\" \/>\n<link rel=\"canonical\" href=\"https:\/\/www.blogsoestado.com\/danielmatos\/mais-de-2-milhoes-saem-da-linha-da-pobreza-no-maranhao\/\" \/>\n<meta property=\"og:locale\" content=\"pt_BR\" \/>\n<meta property=\"og:type\" content=\"article\" \/>\n<meta property=\"og:title\" content=\"Mais de 2 milh\u00f5es saem da linha da pobreza no Maranh\u00e3o - Daniel Matos\" \/>\n<meta property=\"og:description\" content=\"O Maranh\u00e3o conseguiu tirar da pobreza extrema 2,3 milh\u00f5es de pessoas, entre 2011 e 2014. Al\u00e9m disso, houve redu\u00e7\u00e3o de [&hellip;]\" \/>\n<meta property=\"og:url\" content=\"https:\/\/www.blogsoestado.com\/danielmatos\/mais-de-2-milhoes-saem-da-linha-da-pobreza-no-maranhao\/\" \/>\n<meta property=\"og:site_name\" content=\"Daniel Matos\" \/>\n<meta property=\"article:published_time\" content=\"2014-12-18T18:19:47+00:00\" \/>\n<meta name=\"twitter:card\" content=\"summary_large_image\" \/>\n<meta name=\"twitter:label1\" content=\"Est. tempo de leitura\" \/>\n\t<meta name=\"twitter:data1\" content=\"4 minutos\" \/>\n<script type=\"application\/ld+json\" class=\"yoast-schema-graph\">{\"@context\":\"https:\/\/schema.org\",\"@graph\":[{\"@type\":\"WebPage\",\"@id\":\"https:\/\/www.blogsoestado.com\/danielmatos\/mais-de-2-milhoes-saem-da-linha-da-pobreza-no-maranhao\/\",\"url\":\"https:\/\/www.blogsoestado.com\/danielmatos\/mais-de-2-milhoes-saem-da-linha-da-pobreza-no-maranhao\/\",\"name\":\"Mais de 2 milh\u00f5es saem da linha da pobreza no Maranh\u00e3o - Daniel Matos\",\"isPartOf\":{\"@id\":\"https:\/\/www.blogsoestado.com\/danielmatos\/#website\"},\"datePublished\":\"2014-12-18T18:19:47+00:00\",\"author\":{\"@id\":\"\"},\"breadcrumb\":{\"@id\":\"https:\/\/www.blogsoestado.com\/danielmatos\/mais-de-2-milhoes-saem-da-linha-da-pobreza-no-maranhao\/#breadcrumb\"},\"inLanguage\":\"pt-BR\",\"potentialAction\":[{\"@type\":\"ReadAction\",\"target\":[\"https:\/\/www.blogsoestado.com\/danielmatos\/mais-de-2-milhoes-saem-da-linha-da-pobreza-no-maranhao\/\"]}]},{\"@type\":\"BreadcrumbList\",\"@id\":\"https:\/\/www.blogsoestado.com\/danielmatos\/mais-de-2-milhoes-saem-da-linha-da-pobreza-no-maranhao\/#breadcrumb\",\"itemListElement\":[{\"@type\":\"ListItem\",\"position\":1,\"name\":\"In\u00edcio\",\"item\":\"https:\/\/www.blogsoestado.com\/danielmatos\/\"},{\"@type\":\"ListItem\",\"position\":2,\"name\":\"Mais de 2 milh\u00f5es saem da linha da pobreza no Maranh\u00e3o\"}]},{\"@type\":\"WebSite\",\"@id\":\"https:\/\/www.blogsoestado.com\/danielmatos\/#website\",\"url\":\"https:\/\/www.blogsoestado.com\/danielmatos\/\",\"name\":\"Daniel Matos\",\"description\":\"\",\"potentialAction\":[{\"@type\":\"SearchAction\",\"target\":{\"@type\":\"EntryPoint\",\"urlTemplate\":\"https:\/\/www.blogsoestado.com\/danielmatos\/?s={search_term_string}\"},\"query-input\":{\"@type\":\"PropertyValueSpecification\",\"valueRequired\":true,\"valueName\":\"search_term_string\"}}],\"inLanguage\":\"pt-BR\"}]}<\/script>\n<!-- \/ Yoast SEO plugin. -->","yoast_head_json":{"title":"Mais de 2 milh\u00f5es saem da linha da pobreza no Maranh\u00e3o - Daniel Matos","robots":{"index":"index","follow":"follow","max-snippet":"max-snippet:-1","max-image-preview":"max-image-preview:large","max-video-preview":"max-video-preview:-1"},"canonical":"https:\/\/www.blogsoestado.com\/danielmatos\/mais-de-2-milhoes-saem-da-linha-da-pobreza-no-maranhao\/","og_locale":"pt_BR","og_type":"article","og_title":"Mais de 2 milh\u00f5es saem da linha da pobreza no Maranh\u00e3o - Daniel Matos","og_description":"O Maranh\u00e3o conseguiu tirar da pobreza extrema 2,3 milh\u00f5es de pessoas, entre 2011 e 2014. Al\u00e9m disso, houve redu\u00e7\u00e3o de [&hellip;]","og_url":"https:\/\/www.blogsoestado.com\/danielmatos\/mais-de-2-milhoes-saem-da-linha-da-pobreza-no-maranhao\/","og_site_name":"Daniel Matos","article_published_time":"2014-12-18T18:19:47+00:00","twitter_card":"summary_large_image","twitter_misc":{"Est. tempo de leitura":"4 minutos"},"schema":{"@context":"https:\/\/schema.org","@graph":[{"@type":"WebPage","@id":"https:\/\/www.blogsoestado.com\/danielmatos\/mais-de-2-milhoes-saem-da-linha-da-pobreza-no-maranhao\/","url":"https:\/\/www.blogsoestado.com\/danielmatos\/mais-de-2-milhoes-saem-da-linha-da-pobreza-no-maranhao\/","name":"Mais de 2 milh\u00f5es saem da linha da pobreza no Maranh\u00e3o - Daniel Matos","isPartOf":{"@id":"https:\/\/www.blogsoestado.com\/danielmatos\/#website"},"datePublished":"2014-12-18T18:19:47+00:00","author":{"@id":""},"breadcrumb":{"@id":"https:\/\/www.blogsoestado.com\/danielmatos\/mais-de-2-milhoes-saem-da-linha-da-pobreza-no-maranhao\/#breadcrumb"},"inLanguage":"pt-BR","potentialAction":[{"@type":"ReadAction","target":["https:\/\/www.blogsoestado.com\/danielmatos\/mais-de-2-milhoes-saem-da-linha-da-pobreza-no-maranhao\/"]}]},{"@type":"BreadcrumbList","@id":"https:\/\/www.blogsoestado.com\/danielmatos\/mais-de-2-milhoes-saem-da-linha-da-pobreza-no-maranhao\/#breadcrumb","itemListElement":[{"@type":"ListItem","position":1,"name":"In\u00edcio","item":"https:\/\/www.blogsoestado.com\/danielmatos\/"},{"@type":"ListItem","position":2,"name":"Mais de 2 milh\u00f5es saem da linha da pobreza no Maranh\u00e3o"}]},{"@type":"WebSite","@id":"https:\/\/www.blogsoestado.com\/danielmatos\/#website","url":"https:\/\/www.blogsoestado.com\/danielmatos\/","name":"Daniel Matos","description":"","potentialAction":[{"@type":"SearchAction","target":{"@type":"EntryPoint","urlTemplate":"https:\/\/www.blogsoestado.com\/danielmatos\/?s={search_term_string}"},"query-input":{"@type":"PropertyValueSpecification","valueRequired":true,"valueName":"search_term_string"}}],"inLanguage":"pt-BR"}]}},"jetpack_featured_media_url":"","_links":{"self":[{"href":"https:\/\/www.blogsoestado.com\/danielmatos\/wp-json\/wp\/v2\/posts\/21195","targetHints":{"allow":["GET"]}}],"collection":[{"href":"https:\/\/www.blogsoestado.com\/danielmatos\/wp-json\/wp\/v2\/posts"}],"about":[{"href":"https:\/\/www.blogsoestado.com\/danielmatos\/wp-json\/wp\/v2\/types\/post"}],"replies":[{"embeddable":true,"href":"https:\/\/www.blogsoestado.com\/danielmatos\/wp-json\/wp\/v2\/comments?post=21195"}],"version-history":[{"count":0,"href":"https:\/\/www.blogsoestado.com\/danielmatos\/wp-json\/wp\/v2\/posts\/21195\/revisions"}],"wp:attachment":[{"href":"https:\/\/www.blogsoestado.com\/danielmatos\/wp-json\/wp\/v2\/media?parent=21195"}],"wp:term":[{"taxonomy":"category","embeddable":true,"href":"https:\/\/www.blogsoestado.com\/danielmatos\/wp-json\/wp\/v2\/categories?post=21195"},{"taxonomy":"post_tag","embeddable":true,"href":"https:\/\/www.blogsoestado.com\/danielmatos\/wp-json\/wp\/v2\/tags?post=21195"}],"curies":[{"name":"wp","href":"https:\/\/api.w.org\/{rel}","templated":true}]}}