{"id":21197,"date":"2014-12-18T15:29:28","date_gmt":"2014-12-18T18:29:28","guid":{"rendered":"https:\/\/www.blogsoestado.com\/danielmatos\/?p=21197"},"modified":"2014-12-18T15:29:28","modified_gmt":"2014-12-18T18:29:28","slug":"governo-esclarece-subsidio-pago-a-roseana","status":"publish","type":"post","link":"https:\/\/www.blogsoestado.com\/danielmatos\/governo-esclarece-subsidio-pago-a-roseana\/","title":{"rendered":"Governo esclarece subs\u00eddio pago a Roseana"},"content":{"rendered":"<p>Sobre as interpreta\u00e7\u00f5es equivocadas acerca do subs\u00eddio concedido \u00e0 ex-governadora Roseana Sarney, o Governo do Estado do Maranh\u00e3o esclarece:<\/p>\n<p>1- Roseana Sarney reassumiu o Governo do Estado em 2009 e em 2011, j\u00e1 reeleita, abriu m\u00e3o do subs\u00eddio de ex-governadora e optou por receber o subs\u00eddio de governadora.<\/p>\n<p>2- Agora, ao renunciar ao cargo, referente ao mandato 2011\/2014, Roseana Sarney tem direito novamente a requerer o subs\u00eddio na condi\u00e7\u00e3o de ex-governadora.<\/p>\n<p>3- O subs\u00eddio trata-se de um benef\u00edcio especial concedido a ex-governadores, assegurado pela Constitui\u00e7\u00e3o Estadual, que n\u00e3o se aplica ao teto constitucional, n\u00e3o interferindo, portanto, na sua aposentadoria pelo Senado, conforme o parecer da Procuradoria Geral do Estado (PGE), de no 591, de 22 de junho de 2005, que diz: \u201cA pens\u00e3o vital\u00edcia concedida ao ex-governador \u00e9 um benef\u00edcio de natureza adjut\u00f3ria pelo exerc\u00edcio da fun\u00e7\u00e3o p\u00fablica relevante que n\u00e3o se confunde com os vencimentos percebidos pelos servidores p\u00fablicos decorrente da contrapresta\u00e7\u00e3o de servi\u00e7os, raz\u00e3o pela qual referida pens\u00e3o n\u00e3o se submete a regra proibitiva de vincula\u00e7\u00e3o prevista no art. 37, XIII, da Constitui\u00e7\u00e3o Federal\u201d.<\/p>\n<p>4- A legalidade do benef\u00edcio, embora tenha sido questionada por meio de A\u00e7\u00e3o Direta de Inconstitucionalidade no Supremo Tribunal Federal (STF), em 2005, ainda n\u00e3o tem decis\u00e3o, seja de car\u00e1ter liminar ou de m\u00e9rito.<\/p>\n<p><strong>Fonte:<\/strong> Secretaria Estadual de Comunica\u00e7\u00e3o (Secom)<\/p>\n","protected":false},"excerpt":{"rendered":"<p>Sobre as interpreta\u00e7\u00f5es equivocadas acerca do subs\u00eddio concedido \u00e0 ex-governadora Roseana Sarney, o Governo do Estado do Maranh\u00e3o esclarece: 1- [&hellip;]<\/p>\n","protected":false},"author":0,"featured_media":0,"comment_status":"open","ping_status":"open","sticky":false,"template":"","format":"standard","meta":{"site-sidebar-layout":"default","site-content-layout":"","ast-site-content-layout":"default","site-content-style":"default","site-sidebar-style":"default","ast-global-header-display":"","ast-banner-title-visibility":"","ast-main-header-display":"","ast-hfb-above-header-display":"","ast-hfb-below-header-display":"","ast-hfb-mobile-header-display":"","site-post-title":"","ast-breadcrumbs-content":"","ast-featured-img":"","footer-sml-layout":"","ast-disable-related-posts":"","theme-transparent-header-meta":"","adv-header-id-meta":"","stick-header-meta":"","header-above-stick-meta":"","header-main-stick-meta":"","header-below-stick-meta":"","astra-migrate-meta-layouts":"default","ast-page-background-enabled":"default","ast-page-background-meta":{"desktop":{"background-color":"var(--ast-global-color-5)","background-image":"","background-repeat":"repeat","background-position":"center center","background-size":"auto","background-attachment":"scroll","background-type":"","background-media":"","overlay-type":"","overlay-color":"","overlay-opacity":"","overlay-gradient":""},"tablet":{"background-color":"","background-image":"","background-repeat":"repeat","background-position":"center center","background-size":"auto","background-attachment":"scroll","background-type":"","background-media":"","overlay-type":"","overlay-color":"","overlay-opacity":"","overlay-gradient":""},"mobile":{"background-color":"","background-image":"","background-repeat":"repeat","background-position":"center center","background-size":"auto","background-attachment":"scroll","background-type":"","background-media":"","overlay-type":"","overlay-color":"","overlay-opacity":"","overlay-gradient":""}},"ast-content-background-meta":{"desktop":{"background-color":"var(--ast-global-color-4)","background-image":"","background-repeat":"repeat","background-position":"center center","background-size":"auto","background-attachment":"scroll","background-type":"","background-media":"","overlay-type":"","overlay-color":"","overlay-opacity":"","overlay-gradient":""},"tablet":{"background-color":"var(--ast-global-color-4)","background-image":"","background-repeat":"repeat","background-position":"center center","background-size":"auto","background-attachment":"scroll","background-type":"","background-media":"","overlay-type":"","overlay-color":"","overlay-opacity":"","overlay-gradient":""},"mobile":{"background-color":"var(--ast-global-color-4)","background-image":"","background-repeat":"repeat","background-position":"center center","background-size":"auto","background-attachment":"scroll","background-type":"","background-media":"","overlay-type":"","overlay-color":"","overlay-opacity":"","overlay-gradient":""}},"footnotes":""},"categories":[1],"tags":[],"class_list":["post-21197","post","type-post","status-publish","format-standard","hentry","category-sem-categoria"],"yoast_head":"<!-- This site is optimized with the Yoast SEO plugin v26.6 - https:\/\/yoast.com\/wordpress\/plugins\/seo\/ -->\n<title>Governo esclarece subs\u00eddio pago a Roseana - Daniel Matos<\/title>\n<meta name=\"robots\" content=\"index, follow, max-snippet:-1, max-image-preview:large, max-video-preview:-1\" \/>\n<link rel=\"canonical\" href=\"https:\/\/www.blogsoestado.com\/danielmatos\/governo-esclarece-subsidio-pago-a-roseana\/\" \/>\n<meta property=\"og:locale\" content=\"pt_BR\" \/>\n<meta property=\"og:type\" content=\"article\" \/>\n<meta property=\"og:title\" content=\"Governo esclarece subs\u00eddio pago a Roseana - Daniel Matos\" \/>\n<meta property=\"og:description\" content=\"Sobre as interpreta\u00e7\u00f5es equivocadas acerca do subs\u00eddio concedido \u00e0 ex-governadora Roseana Sarney, o Governo do Estado do Maranh\u00e3o esclarece: 1- [&hellip;]\" \/>\n<meta property=\"og:url\" content=\"https:\/\/www.blogsoestado.com\/danielmatos\/governo-esclarece-subsidio-pago-a-roseana\/\" \/>\n<meta property=\"og:site_name\" content=\"Daniel Matos\" \/>\n<meta property=\"article:published_time\" content=\"2014-12-18T18:29:28+00:00\" \/>\n<meta name=\"twitter:card\" content=\"summary_large_image\" \/>\n<meta name=\"twitter:label1\" content=\"Est. tempo de leitura\" \/>\n\t<meta name=\"twitter:data1\" content=\"1 minuto\" \/>\n<script type=\"application\/ld+json\" class=\"yoast-schema-graph\">{\"@context\":\"https:\/\/schema.org\",\"@graph\":[{\"@type\":\"WebPage\",\"@id\":\"https:\/\/www.blogsoestado.com\/danielmatos\/governo-esclarece-subsidio-pago-a-roseana\/\",\"url\":\"https:\/\/www.blogsoestado.com\/danielmatos\/governo-esclarece-subsidio-pago-a-roseana\/\",\"name\":\"Governo esclarece subs\u00eddio pago a Roseana - Daniel Matos\",\"isPartOf\":{\"@id\":\"https:\/\/www.blogsoestado.com\/danielmatos\/#website\"},\"datePublished\":\"2014-12-18T18:29:28+00:00\",\"author\":{\"@id\":\"\"},\"breadcrumb\":{\"@id\":\"https:\/\/www.blogsoestado.com\/danielmatos\/governo-esclarece-subsidio-pago-a-roseana\/#breadcrumb\"},\"inLanguage\":\"pt-BR\",\"potentialAction\":[{\"@type\":\"ReadAction\",\"target\":[\"https:\/\/www.blogsoestado.com\/danielmatos\/governo-esclarece-subsidio-pago-a-roseana\/\"]}]},{\"@type\":\"BreadcrumbList\",\"@id\":\"https:\/\/www.blogsoestado.com\/danielmatos\/governo-esclarece-subsidio-pago-a-roseana\/#breadcrumb\",\"itemListElement\":[{\"@type\":\"ListItem\",\"position\":1,\"name\":\"In\u00edcio\",\"item\":\"https:\/\/www.blogsoestado.com\/danielmatos\/\"},{\"@type\":\"ListItem\",\"position\":2,\"name\":\"Governo esclarece subs\u00eddio pago a Roseana\"}]},{\"@type\":\"WebSite\",\"@id\":\"https:\/\/www.blogsoestado.com\/danielmatos\/#website\",\"url\":\"https:\/\/www.blogsoestado.com\/danielmatos\/\",\"name\":\"Daniel Matos\",\"description\":\"\",\"potentialAction\":[{\"@type\":\"SearchAction\",\"target\":{\"@type\":\"EntryPoint\",\"urlTemplate\":\"https:\/\/www.blogsoestado.com\/danielmatos\/?s={search_term_string}\"},\"query-input\":{\"@type\":\"PropertyValueSpecification\",\"valueRequired\":true,\"valueName\":\"search_term_string\"}}],\"inLanguage\":\"pt-BR\"}]}<\/script>\n<!-- \/ Yoast SEO plugin. -->","yoast_head_json":{"title":"Governo esclarece subs\u00eddio pago a Roseana - Daniel Matos","robots":{"index":"index","follow":"follow","max-snippet":"max-snippet:-1","max-image-preview":"max-image-preview:large","max-video-preview":"max-video-preview:-1"},"canonical":"https:\/\/www.blogsoestado.com\/danielmatos\/governo-esclarece-subsidio-pago-a-roseana\/","og_locale":"pt_BR","og_type":"article","og_title":"Governo esclarece subs\u00eddio pago a Roseana - Daniel Matos","og_description":"Sobre as interpreta\u00e7\u00f5es equivocadas acerca do subs\u00eddio concedido \u00e0 ex-governadora Roseana Sarney, o Governo do Estado do Maranh\u00e3o esclarece: 1- [&hellip;]","og_url":"https:\/\/www.blogsoestado.com\/danielmatos\/governo-esclarece-subsidio-pago-a-roseana\/","og_site_name":"Daniel Matos","article_published_time":"2014-12-18T18:29:28+00:00","twitter_card":"summary_large_image","twitter_misc":{"Est. tempo de leitura":"1 minuto"},"schema":{"@context":"https:\/\/schema.org","@graph":[{"@type":"WebPage","@id":"https:\/\/www.blogsoestado.com\/danielmatos\/governo-esclarece-subsidio-pago-a-roseana\/","url":"https:\/\/www.blogsoestado.com\/danielmatos\/governo-esclarece-subsidio-pago-a-roseana\/","name":"Governo esclarece subs\u00eddio pago a Roseana - Daniel Matos","isPartOf":{"@id":"https:\/\/www.blogsoestado.com\/danielmatos\/#website"},"datePublished":"2014-12-18T18:29:28+00:00","author":{"@id":""},"breadcrumb":{"@id":"https:\/\/www.blogsoestado.com\/danielmatos\/governo-esclarece-subsidio-pago-a-roseana\/#breadcrumb"},"inLanguage":"pt-BR","potentialAction":[{"@type":"ReadAction","target":["https:\/\/www.blogsoestado.com\/danielmatos\/governo-esclarece-subsidio-pago-a-roseana\/"]}]},{"@type":"BreadcrumbList","@id":"https:\/\/www.blogsoestado.com\/danielmatos\/governo-esclarece-subsidio-pago-a-roseana\/#breadcrumb","itemListElement":[{"@type":"ListItem","position":1,"name":"In\u00edcio","item":"https:\/\/www.blogsoestado.com\/danielmatos\/"},{"@type":"ListItem","position":2,"name":"Governo esclarece subs\u00eddio pago a Roseana"}]},{"@type":"WebSite","@id":"https:\/\/www.blogsoestado.com\/danielmatos\/#website","url":"https:\/\/www.blogsoestado.com\/danielmatos\/","name":"Daniel Matos","description":"","potentialAction":[{"@type":"SearchAction","target":{"@type":"EntryPoint","urlTemplate":"https:\/\/www.blogsoestado.com\/danielmatos\/?s={search_term_string}"},"query-input":{"@type":"PropertyValueSpecification","valueRequired":true,"valueName":"search_term_string"}}],"inLanguage":"pt-BR"}]}},"jetpack_featured_media_url":"","_links":{"self":[{"href":"https:\/\/www.blogsoestado.com\/danielmatos\/wp-json\/wp\/v2\/posts\/21197","targetHints":{"allow":["GET"]}}],"collection":[{"href":"https:\/\/www.blogsoestado.com\/danielmatos\/wp-json\/wp\/v2\/posts"}],"about":[{"href":"https:\/\/www.blogsoestado.com\/danielmatos\/wp-json\/wp\/v2\/types\/post"}],"replies":[{"embeddable":true,"href":"https:\/\/www.blogsoestado.com\/danielmatos\/wp-json\/wp\/v2\/comments?post=21197"}],"version-history":[{"count":0,"href":"https:\/\/www.blogsoestado.com\/danielmatos\/wp-json\/wp\/v2\/posts\/21197\/revisions"}],"wp:attachment":[{"href":"https:\/\/www.blogsoestado.com\/danielmatos\/wp-json\/wp\/v2\/media?parent=21197"}],"wp:term":[{"taxonomy":"category","embeddable":true,"href":"https:\/\/www.blogsoestado.com\/danielmatos\/wp-json\/wp\/v2\/categories?post=21197"},{"taxonomy":"post_tag","embeddable":true,"href":"https:\/\/www.blogsoestado.com\/danielmatos\/wp-json\/wp\/v2\/tags?post=21197"}],"curies":[{"name":"wp","href":"https:\/\/api.w.org\/{rel}","templated":true}]}}