{"id":21202,"date":"2014-12-18T17:31:00","date_gmt":"2014-12-18T20:31:00","guid":{"rendered":"https:\/\/www.blogsoestado.com\/danielmatos\/?p=21202"},"modified":"2014-12-18T17:31:00","modified_gmt":"2014-12-18T20:31:00","slug":"eleitos-serao-diplomados-nesta-sexta-feira","status":"publish","type":"post","link":"https:\/\/www.blogsoestado.com\/danielmatos\/eleitos-serao-diplomados-nesta-sexta-feira\/","title":{"rendered":"Eleitos ser\u00e3o diplomados nesta sexta-feira"},"content":{"rendered":"<p>O Tribunal Regional Eleitoral do Maranh\u00e3o diploma em sess\u00e3o solene que ser\u00e1 realizada nesta sexta-feira, 19 de dezembro, os candidatos eleitos em 2014. A cerim\u00f4nia ocorrer\u00e1 a partir das 16h no Centro de Conven\u00e7\u00f5es Pedro Neiva de Santana.<\/p>\n<p>Os diplomas ser\u00e3o entregues pelos membros do TRE-MA e das Comiss\u00f5es de Propaganda e de Poder de Pol\u00edcia. A Corte atualmente \u00e9 formada pelos desembargadores eleitorais Froz Sobrinho (presidente), Guerreiro J\u00fanior (corregedor), Eul\u00e1lio Figueiredo (ouvidor), Clodomir Reis (diretor da EJE), Alice Rocha, Daniel Blume e Eduardo Moreira; Tamb\u00e9m participar\u00e1 da entrega a procuradora Carolina Mesquita da Hora, que substituir\u00e1 no ato o procurador regional eleitoral R\u00e9gis Primo da Silva.<\/p>\n<p>Ser\u00e3o diplomados 80 candidatos, sendo: 1 governador, 1 vice, 1 senador (primeiro e segundo suplente), 18 deputados federais e 42 deputados estaduais, al\u00e9m do primeiro suplente de cada partido e\/ou coliga\u00e7\u00e3o.<\/p>\n<p>Em nome da Justi\u00e7a Eleitoral discursar\u00e1 o desembargador Froz Sobrinho e pelos diplomados o governador eleito Fl\u00e1vio Dino.<\/p>\n<p><strong>A din\u00e2mica da diploma\u00e7\u00e3o<\/strong><\/p>\n<p>Os diplomados ser\u00e3o chamados de acordo com a ordem de vota\u00e7\u00e3o na urna eletr\u00f4nica. J\u00e1 os diplomandos aos cargos proporcionais ser\u00e3o chamados pela coliga\u00e7\u00e3o e\/ou partido que obteve maior n\u00famero de candidatos eleitos e pela ordem decrescente de vota\u00e7\u00e3o.<\/p>\n<p>Nomes dos diplomados por cargo:<\/p>\n<p><strong>DEPUTADOS ESTADUAIS<\/strong><\/p>\n<p>&#8211; Pela coliga\u00e7\u00e3o Pra Frente Maranh\u00e3o 2 (PMDB, DEM, PTB, PV, PT do B, PSC, PRTB e PR \u2013 16 diplomados): Josimar Cunha Rodrigues, Andr\u00e9a Trov\u00e3o Murad Barros, Antonio Pereira Filho, Jos\u00e9 Roberto Costa Santos, Edil\u00e1zio Gomes da Silva J\u00fanior, Nina Ceres Couto de Melo, Leoarren T\u00falio de Sousa Cunha, Jos\u00e9 Max Pereira Barros (representado no ato pelo seu filho Gustavo Ara\u00fajo Barros), Jos\u00e9 Adriano Cordeiro Sarney, St\u00eanio dos Santos Rezende, Rigo Alberto Teles de Sousa, Rog\u00e9rio Rodrigues Lima, C\u00e9sar Henrique Santos Pires, Marcus Vin\u00edcius de Oliveira Pereira, F\u00e1bio Henrique Ramos Braga, Hemet\u00e9rio Weba Filho e o suplente Camilo de Lellis Carneiro Figueiredo;<\/p>\n<p>&#8211; Pela coliga\u00e7\u00e3o Todos Pelo Maranh\u00e3o 4 (PSB, PDT, Pc do B, PSDB \u2013 9 diplomados): Humberto Ivar Ara\u00fajo Coutinho, Ubirajara do Pindar\u00e9 Almeida Sousa, Jos\u00e9 Arimat\u00e9a Lima Neto Evangelista, F\u00e1bio Henrique Dias de Macedo, Raimundo Soares Cutrim, Val\u00e9ria Maria Santos Macedo, Marco Aur\u00e9lio da Silva Azevedo, S\u00e9rgio Barbosa Frota, Othelino Nova Alves Neto e o suplente Rafael de Brito Sousa<\/p>\n<p>&#8211; Pelo Partido Republicano Brasileiro (PRB \u2013 3 diplomados): Glalbert Nascimento Cutrim, Ana de Nazar\u00e9 Pereira Silva Macedo Mendon\u00e7a, Jesu\u00edno Cordeiro Mendes Junior e o suplente Ant\u00f4nio de P\u00e1dua Ferreira Barros;<\/p>\n<p>&#8211; Pela coliga\u00e7\u00e3o For\u00e7a Jovem (PRP, PSDC e PTN \u2013 3 diplomados): Francisco de Sousa Dias Neto, Alexandre Vicente de Paula Almeida, Paulo Roberto Almeida Neto e o suplente Marcos Antonio de Carvalho Caldas;<\/p>\n<p>&#8211; Pela coliga\u00e7\u00e3o Vamos Juntos Maranh\u00e3o (PEN, PMN, PHS e PSD \u2013 3 diplomados): Eduardo Salim Braide, Jos\u00e9 Carlos Nobre Monteiro (que ser\u00e1 representado pelo senhor M\u00e1rcio Vinnicius Prestes Andrade), Ricardo Tadeu Ribeiro Pearce e suplente Jos\u00e9 Benedito Pinto (que receber\u00e1, a pedido, o seu diploma na Secretaria do TRE em data posterior);.<\/p>\n<p>&#8211; Pela coliga\u00e7\u00e3o Mudan\u00e7a Para Um Novo Maranh\u00e3o (PP, PROS, SD e PPS \u2013 3 diplomados): Carlos Wellington de Castro Bezerra, Levi Pontes de Aguiar, Roberto Campos Filho e o suplente Jo\u00e3o Luciano Silva Soares;<\/p>\n<p>&#8211; Pelo Partido Social Liberal (PSL \u2013 2 diplomados): Edson Cunha de Ara\u00fajo, Maria da Gra\u00e7a Fonseca Paz e o suplente Raimundo Nonato Gon\u00e7alves da Silva;<\/p>\n<p>&#8211; Pelo Partido dos Trabalhadores (PT \u2013 2 diplomados): Jos\u00e9 In\u00e1cio Sodr\u00e9 Rodrigues, Francisca Ferreira e o suplente Ygl\u00e9sio Luciano Moys\u00e9s Silva de Souza.<\/p>\n<p>&#8211; Pelo Partido Trabalhista Crist\u00e3o (PTC \u2013 1 diplomado): Edivaldo de Holanda Braga e o suplente Domingos Erinaldo Sousa Serra;<\/p>\n<p><strong>DEPUTADOS FEDERAIS<\/strong><\/p>\n<p>&#8211; Pela coliga\u00e7\u00e3o Pra Frente Maranh\u00e3o 1 (PMDB, DEM, PTB, PV, PRB e PR \u2013 7 diplomados): Hildo Augusto da Rocha Neto, Cleber Verde Cordeiro Mendes, Jos\u00e9 Sarney Filho, Pedro Fernandes Ribeiro, Carlos Victor Guterres Mendes, Jo\u00e3o Marcelo Santos Sousa, Jos\u00e9 Alberto Oliveira Veloso Filho e o suplente Davi Alves Silva J\u00fanior;<\/p>\n<p>&#8211; Pela coliga\u00e7\u00e3o Todos Pelo Maranh\u00e3o 3 (SD, PP, PC DO B, PPS, PSDB e PSB &#8211; 5 diplomados): Eliziane Pereira Gama Ferreira, Rubens Pereira e Silva J\u00fanior, Jos\u00e9 Reinaldo Carneiro Tavares, Waldir Maranh\u00e3o Cardoso, Jo\u00e3o Castelo Ribeiro Gon\u00e7alves e a suplente Luana Maria da Silva Costa;<\/p>\n<p>&#8211; Pela coliga\u00e7\u00e3o Democrata Trabalhista (PSL, PSDC, PRP, PTN e PRTB \u2013 2 diplomados): Jos\u00e9 Juscelino dos Santos Rezende Filho, Aluisio Guimar\u00e3es Mendes Filho e o suplente Ricardo Ceppas Archer (representado no ato pelo senhor Ediviges Costa Ferreira);<\/p>\n<p>&#8211; Pela coliga\u00e7\u00e3o Por Um Maranh\u00e3o Mais Forte (PEN, PMN, PHS, PSC e PT do B \u2013 2 diplomados): Andr\u00e9 Luis Carvalho Ribeiro, Antonio da Cruz Filgueira J\u00fanior (representado no ato pelo senhor Jos\u00e9 de Ribamar Mendes) e o suplente Ildon Marques de Souza;<\/p>\n<p>&#8211; Pela coliga\u00e7\u00e3o Pra Seguir em Frente com muito mais mudan\u00e7a (PT e PSD \u2013 1 diplomado): Jos\u00e9 Carlos Nunes J\u00fanior e o suplente Cl\u00e1udio Jos\u00e9 Trinch\u00e3o Santos (representado neste ato pela senhora Ellem Mara Teixeira de Sousa);<\/p>\n<p>&#8211; Pela coliga\u00e7\u00e3o Todos Pelo Maranh\u00e3o 2 (PDT, PTC e PROS \u2013 1 diplomado): Weverton Rocha Marques de Sousa e o suplente Juli\u00e3o Amin Castro;<\/p>\n<p>SENADOR, VICE-GOVERNADOR E GOVERNADOR<\/p>\n<p>&#8211; Pela coliga\u00e7\u00e3o Todos Pelo Maranh\u00e3o (PP, SD, PROS, PSDB, PC do B, PSB, PDT, PTC e PPS): senador Roberto Coelho Rocha e os suplentes Jos\u00e9 Eleonildo Soares e Paulo Henrique Campos Matos; vice-governador Carlos Orleans Brand\u00e3o J\u00fanior e o governador Fl\u00e1vio Dino de Castro e Costa.<\/p>\n","protected":false},"excerpt":{"rendered":"<p>O Tribunal Regional Eleitoral do Maranh\u00e3o diploma em sess\u00e3o solene que ser\u00e1 realizada nesta sexta-feira, 19 de dezembro, os candidatos [&hellip;]<\/p>\n","protected":false},"author":0,"featured_media":0,"comment_status":"open","ping_status":"open","sticky":false,"template":"","format":"standard","meta":{"site-sidebar-layout":"default","site-content-layout":"","ast-site-content-layout":"default","site-content-style":"default","site-sidebar-style":"default","ast-global-header-display":"","ast-banner-title-visibility":"","ast-main-header-display":"","ast-hfb-above-header-display":"","ast-hfb-below-header-display":"","ast-hfb-mobile-header-display":"","site-post-title":"","ast-breadcrumbs-content":"","ast-featured-img":"","footer-sml-layout":"","ast-disable-related-posts":"","theme-transparent-header-meta":"","adv-header-id-meta":"","stick-header-meta":"","header-above-stick-meta":"","header-main-stick-meta":"","header-below-stick-meta":"","astra-migrate-meta-layouts":"default","ast-page-background-enabled":"default","ast-page-background-meta":{"desktop":{"background-color":"var(--ast-global-color-5)","background-image":"","background-repeat":"repeat","background-position":"center center","background-size":"auto","background-attachment":"scroll","background-type":"","background-media":"","overlay-type":"","overlay-color":"","overlay-opacity":"","overlay-gradient":""},"tablet":{"background-color":"","background-image":"","background-repeat":"repeat","background-position":"center center","background-size":"auto","background-attachment":"scroll","background-type":"","background-media":"","overlay-type":"","overlay-color":"","overlay-opacity":"","overlay-gradient":""},"mobile":{"background-color":"","background-image":"","background-repeat":"repeat","background-position":"center center","background-size":"auto","background-attachment":"scroll","background-type":"","background-media":"","overlay-type":"","overlay-color":"","overlay-opacity":"","overlay-gradient":""}},"ast-content-background-meta":{"desktop":{"background-color":"var(--ast-global-color-4)","background-image":"","background-repeat":"repeat","background-position":"center center","background-size":"auto","background-attachment":"scroll","background-type":"","background-media":"","overlay-type":"","overlay-color":"","overlay-opacity":"","overlay-gradient":""},"tablet":{"background-color":"var(--ast-global-color-4)","background-image":"","background-repeat":"repeat","background-position":"center center","background-size":"auto","background-attachment":"scroll","background-type":"","background-media":"","overlay-type":"","overlay-color":"","overlay-opacity":"","overlay-gradient":""},"mobile":{"background-color":"var(--ast-global-color-4)","background-image":"","background-repeat":"repeat","background-position":"center center","background-size":"auto","background-attachment":"scroll","background-type":"","background-media":"","overlay-type":"","overlay-color":"","overlay-opacity":"","overlay-gradient":""}},"footnotes":""},"categories":[1],"tags":[],"class_list":["post-21202","post","type-post","status-publish","format-standard","hentry","category-sem-categoria"],"yoast_head":"<!-- This site is optimized with the Yoast SEO plugin v26.6 - https:\/\/yoast.com\/wordpress\/plugins\/seo\/ -->\n<title>Eleitos ser\u00e3o diplomados nesta sexta-feira - Daniel Matos<\/title>\n<meta name=\"robots\" content=\"index, follow, max-snippet:-1, max-image-preview:large, max-video-preview:-1\" \/>\n<link rel=\"canonical\" href=\"https:\/\/www.blogsoestado.com\/danielmatos\/eleitos-serao-diplomados-nesta-sexta-feira\/\" \/>\n<meta property=\"og:locale\" content=\"pt_BR\" \/>\n<meta property=\"og:type\" content=\"article\" \/>\n<meta property=\"og:title\" content=\"Eleitos ser\u00e3o diplomados nesta sexta-feira - Daniel Matos\" \/>\n<meta property=\"og:description\" content=\"O Tribunal Regional Eleitoral do Maranh\u00e3o diploma em sess\u00e3o solene que ser\u00e1 realizada nesta sexta-feira, 19 de dezembro, os candidatos [&hellip;]\" \/>\n<meta property=\"og:url\" content=\"https:\/\/www.blogsoestado.com\/danielmatos\/eleitos-serao-diplomados-nesta-sexta-feira\/\" \/>\n<meta property=\"og:site_name\" content=\"Daniel Matos\" \/>\n<meta property=\"article:published_time\" content=\"2014-12-18T20:31:00+00:00\" \/>\n<meta name=\"twitter:card\" content=\"summary_large_image\" \/>\n<meta name=\"twitter:label1\" content=\"Est. tempo de leitura\" \/>\n\t<meta name=\"twitter:data1\" content=\"5 minutos\" \/>\n<script type=\"application\/ld+json\" class=\"yoast-schema-graph\">{\"@context\":\"https:\/\/schema.org\",\"@graph\":[{\"@type\":\"WebPage\",\"@id\":\"https:\/\/www.blogsoestado.com\/danielmatos\/eleitos-serao-diplomados-nesta-sexta-feira\/\",\"url\":\"https:\/\/www.blogsoestado.com\/danielmatos\/eleitos-serao-diplomados-nesta-sexta-feira\/\",\"name\":\"Eleitos ser\u00e3o diplomados nesta sexta-feira - Daniel Matos\",\"isPartOf\":{\"@id\":\"https:\/\/www.blogsoestado.com\/danielmatos\/#website\"},\"datePublished\":\"2014-12-18T20:31:00+00:00\",\"author\":{\"@id\":\"\"},\"breadcrumb\":{\"@id\":\"https:\/\/www.blogsoestado.com\/danielmatos\/eleitos-serao-diplomados-nesta-sexta-feira\/#breadcrumb\"},\"inLanguage\":\"pt-BR\",\"potentialAction\":[{\"@type\":\"ReadAction\",\"target\":[\"https:\/\/www.blogsoestado.com\/danielmatos\/eleitos-serao-diplomados-nesta-sexta-feira\/\"]}]},{\"@type\":\"BreadcrumbList\",\"@id\":\"https:\/\/www.blogsoestado.com\/danielmatos\/eleitos-serao-diplomados-nesta-sexta-feira\/#breadcrumb\",\"itemListElement\":[{\"@type\":\"ListItem\",\"position\":1,\"name\":\"In\u00edcio\",\"item\":\"https:\/\/www.blogsoestado.com\/danielmatos\/\"},{\"@type\":\"ListItem\",\"position\":2,\"name\":\"Eleitos ser\u00e3o diplomados nesta sexta-feira\"}]},{\"@type\":\"WebSite\",\"@id\":\"https:\/\/www.blogsoestado.com\/danielmatos\/#website\",\"url\":\"https:\/\/www.blogsoestado.com\/danielmatos\/\",\"name\":\"Daniel Matos\",\"description\":\"\",\"potentialAction\":[{\"@type\":\"SearchAction\",\"target\":{\"@type\":\"EntryPoint\",\"urlTemplate\":\"https:\/\/www.blogsoestado.com\/danielmatos\/?s={search_term_string}\"},\"query-input\":{\"@type\":\"PropertyValueSpecification\",\"valueRequired\":true,\"valueName\":\"search_term_string\"}}],\"inLanguage\":\"pt-BR\"}]}<\/script>\n<!-- \/ Yoast SEO plugin. -->","yoast_head_json":{"title":"Eleitos ser\u00e3o diplomados nesta sexta-feira - Daniel Matos","robots":{"index":"index","follow":"follow","max-snippet":"max-snippet:-1","max-image-preview":"max-image-preview:large","max-video-preview":"max-video-preview:-1"},"canonical":"https:\/\/www.blogsoestado.com\/danielmatos\/eleitos-serao-diplomados-nesta-sexta-feira\/","og_locale":"pt_BR","og_type":"article","og_title":"Eleitos ser\u00e3o diplomados nesta sexta-feira - Daniel Matos","og_description":"O Tribunal Regional Eleitoral do Maranh\u00e3o diploma em sess\u00e3o solene que ser\u00e1 realizada nesta sexta-feira, 19 de dezembro, os candidatos [&hellip;]","og_url":"https:\/\/www.blogsoestado.com\/danielmatos\/eleitos-serao-diplomados-nesta-sexta-feira\/","og_site_name":"Daniel Matos","article_published_time":"2014-12-18T20:31:00+00:00","twitter_card":"summary_large_image","twitter_misc":{"Est. tempo de leitura":"5 minutos"},"schema":{"@context":"https:\/\/schema.org","@graph":[{"@type":"WebPage","@id":"https:\/\/www.blogsoestado.com\/danielmatos\/eleitos-serao-diplomados-nesta-sexta-feira\/","url":"https:\/\/www.blogsoestado.com\/danielmatos\/eleitos-serao-diplomados-nesta-sexta-feira\/","name":"Eleitos ser\u00e3o diplomados nesta sexta-feira - Daniel Matos","isPartOf":{"@id":"https:\/\/www.blogsoestado.com\/danielmatos\/#website"},"datePublished":"2014-12-18T20:31:00+00:00","author":{"@id":""},"breadcrumb":{"@id":"https:\/\/www.blogsoestado.com\/danielmatos\/eleitos-serao-diplomados-nesta-sexta-feira\/#breadcrumb"},"inLanguage":"pt-BR","potentialAction":[{"@type":"ReadAction","target":["https:\/\/www.blogsoestado.com\/danielmatos\/eleitos-serao-diplomados-nesta-sexta-feira\/"]}]},{"@type":"BreadcrumbList","@id":"https:\/\/www.blogsoestado.com\/danielmatos\/eleitos-serao-diplomados-nesta-sexta-feira\/#breadcrumb","itemListElement":[{"@type":"ListItem","position":1,"name":"In\u00edcio","item":"https:\/\/www.blogsoestado.com\/danielmatos\/"},{"@type":"ListItem","position":2,"name":"Eleitos ser\u00e3o diplomados nesta sexta-feira"}]},{"@type":"WebSite","@id":"https:\/\/www.blogsoestado.com\/danielmatos\/#website","url":"https:\/\/www.blogsoestado.com\/danielmatos\/","name":"Daniel Matos","description":"","potentialAction":[{"@type":"SearchAction","target":{"@type":"EntryPoint","urlTemplate":"https:\/\/www.blogsoestado.com\/danielmatos\/?s={search_term_string}"},"query-input":{"@type":"PropertyValueSpecification","valueRequired":true,"valueName":"search_term_string"}}],"inLanguage":"pt-BR"}]}},"jetpack_featured_media_url":"","_links":{"self":[{"href":"https:\/\/www.blogsoestado.com\/danielmatos\/wp-json\/wp\/v2\/posts\/21202","targetHints":{"allow":["GET"]}}],"collection":[{"href":"https:\/\/www.blogsoestado.com\/danielmatos\/wp-json\/wp\/v2\/posts"}],"about":[{"href":"https:\/\/www.blogsoestado.com\/danielmatos\/wp-json\/wp\/v2\/types\/post"}],"replies":[{"embeddable":true,"href":"https:\/\/www.blogsoestado.com\/danielmatos\/wp-json\/wp\/v2\/comments?post=21202"}],"version-history":[{"count":0,"href":"https:\/\/www.blogsoestado.com\/danielmatos\/wp-json\/wp\/v2\/posts\/21202\/revisions"}],"wp:attachment":[{"href":"https:\/\/www.blogsoestado.com\/danielmatos\/wp-json\/wp\/v2\/media?parent=21202"}],"wp:term":[{"taxonomy":"category","embeddable":true,"href":"https:\/\/www.blogsoestado.com\/danielmatos\/wp-json\/wp\/v2\/categories?post=21202"},{"taxonomy":"post_tag","embeddable":true,"href":"https:\/\/www.blogsoestado.com\/danielmatos\/wp-json\/wp\/v2\/tags?post=21202"}],"curies":[{"name":"wp","href":"https:\/\/api.w.org\/{rel}","templated":true}]}}