{"id":21205,"date":"2014-12-18T18:09:50","date_gmt":"2014-12-18T21:09:50","guid":{"rendered":"https:\/\/www.blogsoestado.com\/danielmatos\/?p=21205"},"modified":"2014-12-18T18:09:50","modified_gmt":"2014-12-18T21:09:50","slug":"ao-deixar-a-politica-sarney-lembra-contribuicoes-e-apresenta-sugestoes-para-o-futuro","status":"publish","type":"post","link":"https:\/\/www.blogsoestado.com\/danielmatos\/ao-deixar-a-politica-sarney-lembra-contribuicoes-e-apresenta-sugestoes-para-o-futuro\/","title":{"rendered":"Ao deixar a pol\u00edtica, Sarney lembra contribui\u00e7\u00f5es e apresenta sugest\u00f5es para o futuro"},"content":{"rendered":"<figure id=\"attachment_21206\" aria-describedby=\"caption-attachment-21206\" style=\"width: 640px\" class=\"wp-caption aligncenter\"><a href=\"https:\/\/www.blogsoestado.com\/danielmatos\/files\/2014\/12\/sarney-futuro.jpg\"><img fetchpriority=\"high\" decoding=\"async\" class=\"size-full wp-image-21206\" src=\"https:\/\/www.blogsoestado.com\/danielmatos\/files\/2014\/12\/sarney-futuro.jpg\" alt=\"Sarney lembrou realiza\u00e7\u00f5es de seus mandatos, fez v\u00e1rias sugest\u00f5es para a vida pol\u00edtica e social do pa\u00eds e recebeu homenagens de colegas senadores\" width=\"640\" height=\"424\" \/><\/a><figcaption id=\"caption-attachment-21206\" class=\"wp-caption-text\">Sarney lembrou realiza\u00e7\u00f5es, deu\u00a0sugest\u00f5es para a vida pol\u00edtica e social do pa\u00eds e foi\u00a0homenageado\u00a0por colegas<\/figcaption><\/figure>\n<p>Fim da reelei\u00e7\u00e3o, implanta\u00e7\u00e3o do parlamentarismo, penas mais duras para crimes contra a vida e limites para doa\u00e7\u00f5es eleitorais. Apesar de estar deixando a pol\u00edtica, o senador Jos\u00e9 Sarney (PMDB-AP) n\u00e3o se furtou de opinar sobre v\u00e1rios assuntos, ao fazer seu \u00faltimo discurso no Plen\u00e1rio do Senado, nesta quinta-feira (18). Sarney lembrou realiza\u00e7\u00f5es de seus mandatos, fez v\u00e1rias sugest\u00f5es para a vida pol\u00edtica e social do pa\u00eds e recebeu homenagens de colegas senadores.<\/p>\n<p>Para Sarney, \u00e9 preciso criar cl\u00e1usulas de barreira para os partidos. Segundo o senador, \u00e9 importante evitar a prolifera\u00e7\u00e3o de legendas que \u201cs\u00f3 servem para negocia\u00e7\u00f5es\u201d. Ele afirmou que 80% dos partidos s\u00e3o dirigidos por comiss\u00f5es provis\u00f3rias \u2013 que n\u00e3o representariam nem o partido nem a sociedade. Acrescentou que os partidos precisam valorizar a democracia, realizando elei\u00e7\u00f5es internas.<\/p>\n<p>Sarney defendeu o voto distrital misto e o fim da reelei\u00e7\u00e3o, com mandatos de cinco ou seis anos para o Executivo. Ele pediu o fim das medidas provis\u00f3rias e uma solu\u00e7\u00e3o definitiva para o financiamento de campanha \u2013 com um valor limite de refer\u00eancia para as doa\u00e7\u00f5es.<\/p>\n<p>Apesar de ter voltado \u00e0 pol\u00edtica ap\u00f3s deixar a presid\u00eancia da Rep\u00fablica, Sarney disse acreditar que os presidentes deveriam ser proibidos de exercer qualquer cargo p\u00fablico, mesmo que eletivos, ap\u00f3s finalizarem o mandato. Ele registrou que se arrependeu de ter voltado \u00e0 vida p\u00fablica e disse que um ex-presidente deve ficar acima dos conflitos e se dedicar a unificar o pa\u00eds.<\/p>\n<p>Sarney tamb\u00e9m pediu a implanta\u00e7\u00e3o do parlamentarismo no pa\u00eds, como \u201cum dispositivo contra as crises\u201d e defendeu penas mais graves para crimes contra a vida.<\/p>\n<p>\u2014 A vida \u00e9 o bem maior que Deus nos deu e o homic\u00eddio ainda n\u00e3o \u00e9 crime hediondo \u2014 criticou, pedindo tamb\u00e9m mais investimentos no combate \u00e0s drogas.<\/p>\n<p>Para o senador, a educa\u00e7\u00e3o precisa passar por uma reformula\u00e7\u00e3o dos curr\u00edculos, com incentivo \u00e0 forma\u00e7\u00e3o e capacita\u00e7\u00e3o de professores e mais investimentos em tecnologia e inova\u00e7\u00e3o. Sarney tamb\u00e9m prometeu reapresentar um projeto de Estatuto das Estatais, como forma de proteger o patrim\u00f4nio p\u00fablico contra esc\u00e2ndalos como os que est\u00e3o ocorrendo com a Petrobras.<\/p>\n<p>Sarney ainda defendeu um projeto de sua autoria, que est\u00e1 parado na C\u00e2mara e regulamenta o artigo 245 da Constitui\u00e7\u00e3o, que cria o fundo nacional de assist\u00eancia \u00e0s v\u00edtimas (PL 3.503\/2004). Ele lembrou que existe o aux\u00edlio-reclus\u00e3o, mas os que s\u00e3o v\u00edtimas \u201cn\u00e3o t\u00eam direito a nada\u201d e alguns \u201ct\u00eam direito s\u00f3 \u00e0 eternidade\u201d. Ele admitiu que ainda \u201ctem apreens\u00f5es\u201d e criticou o \u00f3dio que vem se apresentando na sociedade, ap\u00f3s as \u00faltimas elei\u00e7\u00f5es.<\/p>\n<p>\u2014 \u00c9 hora de conciliar o pa\u00eds. Tenho visto algumas manifesta\u00e7\u00f5es exacerbadas aqui no Congresso. A pol\u00edtica \u00e9 democr\u00e1tica. Passadas as elei\u00e7\u00f5es, o pa\u00eds deve buscar um terreno comum, o bem p\u00fablico \u2014 declarou o senador, dizendo que o Brasil precisa de mais sonhos e utopias.<\/p>\n<p><strong>Trajet\u00f3ria<\/strong><\/p>\n<p>Aos 84 anos, Sarney deixa a pol\u00edtica depois de tr\u00eas mandatos de senador pelo Amap\u00e1. No discurso, ele relembrou sua trajet\u00f3ria de homem p\u00fablico, desde quando era deputado federal, na d\u00e9cada de 1950, at\u00e9 chegar aos v\u00e1rios mandatos no Senado, passando pelo governo do Maranh\u00e3o e pela Presid\u00eancia da Rep\u00fablica.<\/p>\n<p>Sarney lembrou que tem 60 anos de vida p\u00fablica \u2013 o que o torna o parlamentar mais longevo da hist\u00f3ria do pa\u00eds. Ele agradeceu a confian\u00e7a do povo do Amap\u00e1 e do Maranh\u00e3o, o que lhe permitiu v\u00e1rios mandatos, e a todos os demais brasileiros, pela oportunidade de presidir o pa\u00eds. Segundo Sarney, o Maranh\u00e3o \u00e9 o 16\u00ba estado do pa\u00eds em produto interno bruto (PIB), com crescimento econ\u00f4mico anual de 10,3%, \u00edndice compar\u00e1vel ao da China. Esses n\u00fameros, registrou o senador, s\u00e3o bem diferentes dos que encontrou em 1966, quando assumiu o governo do estado.<\/p>\n<p>J\u00e1 no Amap\u00e1, iniciativas de Sarney levaram um hospital da Rede Sarah e uma universidade federal ao estado, que tamb\u00e9m conta com uma zona de livre com\u00e9rcio consolidada, duas hidrel\u00e9tricas em constru\u00e7\u00e3o e uma em funcionamento, al\u00e9m do Linh\u00e3o de Tucuru\u00ed, empreendimento que tamb\u00e9m vai levar a fibra \u00f3tica ao estado. Segundo o senador, esses fatos mostram que a situa\u00e7\u00e3o atual \u00e9 muito melhor do que a encontrada h\u00e1 alguns anos.<\/p>\n<p>Como presidente da Rep\u00fablica, Sarney lembrou que foi o autor do projeto que assegurou \u00e0s pessoas com aids o recebimento gratuito de medicamentos e da proposta de cotas para negros. O senador destacou iniciativas no setor cultural, como a Lei de Incentivo \u00e0 Cultura, que j\u00e1 \u00e9 uma realidade, e a Pol\u00edtica Nacional do Livro, que est\u00e1 em an\u00e1lise na C\u00e2mara dos Deputados. Ele apontou a cultura como sua principal causa legislativa e disse que passava \u201cessa bandeira\u201d \u00e0 senadora Marta Suplicy (PT-SP), que foi ministra da Cultura. Sarney reconheceu as dificuldades da vida p\u00fablica, mas disse que fez muitos amigos na pol\u00edtica.<\/p>\n<p>\u2014 Deus me poupou do \u00f3dio, da inveja e do sentimento de vingan\u00e7a \u2014 afirmou.<\/p>\n<p><strong>Futuro<\/strong><\/p>\n<p>Sarney afirmou n\u00e3o temer pelo futuro pol\u00edtico da fam\u00edlia e lamentou a falta de grandes lideran\u00e7as nacionais. Ele disse que n\u00e3o \u201ctem mais futuro e s\u00f3 tem passado\u201d. Prometeu reler seus livros e disse que, na sua idade, o gosto da releitura se torna melhor do que o da leitura inicial. Sarney ainda admitiu que, \u201cinfelizmente\u201d, a pol\u00edtica o levou para caminhos distantes da literatura.<\/p>\n<p>\u2014 Deixo no Senado uma palavra: gratid\u00e3o. Saio feliz, sem nenhum ressentimento. Ai, meu Senado, tenho saudades do futuro \u2014 concluiu.<\/p>\n<p><strong>Fonte:<\/strong> Ag\u00eancia Senado<\/p>\n","protected":false},"excerpt":{"rendered":"<p>Fim da reelei\u00e7\u00e3o, implanta\u00e7\u00e3o do parlamentarismo, penas mais duras para crimes contra a vida e limites para doa\u00e7\u00f5es eleitorais. Apesar [&hellip;]<\/p>\n","protected":false},"author":0,"featured_media":0,"comment_status":"open","ping_status":"open","sticky":false,"template":"","format":"standard","meta":{"site-sidebar-layout":"default","site-content-layout":"","ast-site-content-layout":"default","site-content-style":"default","site-sidebar-style":"default","ast-global-header-display":"","ast-banner-title-visibility":"","ast-main-header-display":"","ast-hfb-above-header-display":"","ast-hfb-below-header-display":"","ast-hfb-mobile-header-display":"","site-post-title":"","ast-breadcrumbs-content":"","ast-featured-img":"","footer-sml-layout":"","ast-disable-related-posts":"","theme-transparent-header-meta":"","adv-header-id-meta":"","stick-header-meta":"","header-above-stick-meta":"","header-main-stick-meta":"","header-below-stick-meta":"","astra-migrate-meta-layouts":"default","ast-page-background-enabled":"default","ast-page-background-meta":{"desktop":{"background-color":"var(--ast-global-color-5)","background-image":"","background-repeat":"repeat","background-position":"center center","background-size":"auto","background-attachment":"scroll","background-type":"","background-media":"","overlay-type":"","overlay-color":"","overlay-opacity":"","overlay-gradient":""},"tablet":{"background-color":"","background-image":"","background-repeat":"repeat","background-position":"center center","background-size":"auto","background-attachment":"scroll","background-type":"","background-media":"","overlay-type":"","overlay-color":"","overlay-opacity":"","overlay-gradient":""},"mobile":{"background-color":"","background-image":"","background-repeat":"repeat","background-position":"center center","background-size":"auto","background-attachment":"scroll","background-type":"","background-media":"","overlay-type":"","overlay-color":"","overlay-opacity":"","overlay-gradient":""}},"ast-content-background-meta":{"desktop":{"background-color":"var(--ast-global-color-4)","background-image":"","background-repeat":"repeat","background-position":"center center","background-size":"auto","background-attachment":"scroll","background-type":"","background-media":"","overlay-type":"","overlay-color":"","overlay-opacity":"","overlay-gradient":""},"tablet":{"background-color":"var(--ast-global-color-4)","background-image":"","background-repeat":"repeat","background-position":"center center","background-size":"auto","background-attachment":"scroll","background-type":"","background-media":"","overlay-type":"","overlay-color":"","overlay-opacity":"","overlay-gradient":""},"mobile":{"background-color":"var(--ast-global-color-4)","background-image":"","background-repeat":"repeat","background-position":"center center","background-size":"auto","background-attachment":"scroll","background-type":"","background-media":"","overlay-type":"","overlay-color":"","overlay-opacity":"","overlay-gradient":""}},"footnotes":""},"categories":[1],"tags":[],"class_list":["post-21205","post","type-post","status-publish","format-standard","hentry","category-sem-categoria"],"yoast_head":"<!-- This site is optimized with the Yoast SEO plugin v26.6 - https:\/\/yoast.com\/wordpress\/plugins\/seo\/ -->\n<title>Ao deixar a pol\u00edtica, Sarney lembra contribui\u00e7\u00f5es e apresenta sugest\u00f5es para o futuro - Daniel Matos<\/title>\n<meta name=\"robots\" content=\"index, follow, max-snippet:-1, max-image-preview:large, max-video-preview:-1\" \/>\n<link rel=\"canonical\" href=\"https:\/\/www.blogsoestado.com\/danielmatos\/ao-deixar-a-politica-sarney-lembra-contribuicoes-e-apresenta-sugestoes-para-o-futuro\/\" \/>\n<meta property=\"og:locale\" content=\"pt_BR\" \/>\n<meta property=\"og:type\" content=\"article\" \/>\n<meta property=\"og:title\" content=\"Ao deixar a pol\u00edtica, Sarney lembra contribui\u00e7\u00f5es e apresenta sugest\u00f5es para o futuro - Daniel Matos\" \/>\n<meta property=\"og:description\" content=\"Fim da reelei\u00e7\u00e3o, implanta\u00e7\u00e3o do parlamentarismo, penas mais duras para crimes contra a vida e limites para doa\u00e7\u00f5es eleitorais. Apesar [&hellip;]\" \/>\n<meta property=\"og:url\" content=\"https:\/\/www.blogsoestado.com\/danielmatos\/ao-deixar-a-politica-sarney-lembra-contribuicoes-e-apresenta-sugestoes-para-o-futuro\/\" \/>\n<meta property=\"og:site_name\" content=\"Daniel Matos\" \/>\n<meta property=\"article:published_time\" content=\"2014-12-18T21:09:50+00:00\" \/>\n<meta property=\"og:image\" content=\"https:\/\/www.blogsoestado.com\/danielmatos\/files\/2014\/12\/sarney-futuro.jpg\" \/>\n<meta name=\"twitter:card\" content=\"summary_large_image\" \/>\n<meta name=\"twitter:label1\" content=\"Est. tempo de leitura\" \/>\n\t<meta name=\"twitter:data1\" content=\"5 minutos\" \/>\n<script type=\"application\/ld+json\" class=\"yoast-schema-graph\">{\"@context\":\"https:\/\/schema.org\",\"@graph\":[{\"@type\":\"WebPage\",\"@id\":\"https:\/\/www.blogsoestado.com\/danielmatos\/ao-deixar-a-politica-sarney-lembra-contribuicoes-e-apresenta-sugestoes-para-o-futuro\/\",\"url\":\"https:\/\/www.blogsoestado.com\/danielmatos\/ao-deixar-a-politica-sarney-lembra-contribuicoes-e-apresenta-sugestoes-para-o-futuro\/\",\"name\":\"Ao deixar a pol\u00edtica, Sarney lembra contribui\u00e7\u00f5es e apresenta sugest\u00f5es para o futuro - Daniel Matos\",\"isPartOf\":{\"@id\":\"https:\/\/www.blogsoestado.com\/danielmatos\/#website\"},\"primaryImageOfPage\":{\"@id\":\"https:\/\/www.blogsoestado.com\/danielmatos\/ao-deixar-a-politica-sarney-lembra-contribuicoes-e-apresenta-sugestoes-para-o-futuro\/#primaryimage\"},\"image\":{\"@id\":\"https:\/\/www.blogsoestado.com\/danielmatos\/ao-deixar-a-politica-sarney-lembra-contribuicoes-e-apresenta-sugestoes-para-o-futuro\/#primaryimage\"},\"thumbnailUrl\":\"https:\/\/www.blogsoestado.com\/danielmatos\/files\/2014\/12\/sarney-futuro.jpg\",\"datePublished\":\"2014-12-18T21:09:50+00:00\",\"author\":{\"@id\":\"\"},\"breadcrumb\":{\"@id\":\"https:\/\/www.blogsoestado.com\/danielmatos\/ao-deixar-a-politica-sarney-lembra-contribuicoes-e-apresenta-sugestoes-para-o-futuro\/#breadcrumb\"},\"inLanguage\":\"pt-BR\",\"potentialAction\":[{\"@type\":\"ReadAction\",\"target\":[\"https:\/\/www.blogsoestado.com\/danielmatos\/ao-deixar-a-politica-sarney-lembra-contribuicoes-e-apresenta-sugestoes-para-o-futuro\/\"]}]},{\"@type\":\"ImageObject\",\"inLanguage\":\"pt-BR\",\"@id\":\"https:\/\/www.blogsoestado.com\/danielmatos\/ao-deixar-a-politica-sarney-lembra-contribuicoes-e-apresenta-sugestoes-para-o-futuro\/#primaryimage\",\"url\":\"https:\/\/www.blogsoestado.com\/danielmatos\/files\/2014\/12\/sarney-futuro.jpg\",\"contentUrl\":\"https:\/\/www.blogsoestado.com\/danielmatos\/files\/2014\/12\/sarney-futuro.jpg\"},{\"@type\":\"BreadcrumbList\",\"@id\":\"https:\/\/www.blogsoestado.com\/danielmatos\/ao-deixar-a-politica-sarney-lembra-contribuicoes-e-apresenta-sugestoes-para-o-futuro\/#breadcrumb\",\"itemListElement\":[{\"@type\":\"ListItem\",\"position\":1,\"name\":\"In\u00edcio\",\"item\":\"https:\/\/www.blogsoestado.com\/danielmatos\/\"},{\"@type\":\"ListItem\",\"position\":2,\"name\":\"Ao deixar a pol\u00edtica, Sarney lembra contribui\u00e7\u00f5es e apresenta sugest\u00f5es para o futuro\"}]},{\"@type\":\"WebSite\",\"@id\":\"https:\/\/www.blogsoestado.com\/danielmatos\/#website\",\"url\":\"https:\/\/www.blogsoestado.com\/danielmatos\/\",\"name\":\"Daniel Matos\",\"description\":\"\",\"potentialAction\":[{\"@type\":\"SearchAction\",\"target\":{\"@type\":\"EntryPoint\",\"urlTemplate\":\"https:\/\/www.blogsoestado.com\/danielmatos\/?s={search_term_string}\"},\"query-input\":{\"@type\":\"PropertyValueSpecification\",\"valueRequired\":true,\"valueName\":\"search_term_string\"}}],\"inLanguage\":\"pt-BR\"}]}<\/script>\n<!-- \/ Yoast SEO plugin. -->","yoast_head_json":{"title":"Ao deixar a pol\u00edtica, Sarney lembra contribui\u00e7\u00f5es e apresenta sugest\u00f5es para o futuro - Daniel Matos","robots":{"index":"index","follow":"follow","max-snippet":"max-snippet:-1","max-image-preview":"max-image-preview:large","max-video-preview":"max-video-preview:-1"},"canonical":"https:\/\/www.blogsoestado.com\/danielmatos\/ao-deixar-a-politica-sarney-lembra-contribuicoes-e-apresenta-sugestoes-para-o-futuro\/","og_locale":"pt_BR","og_type":"article","og_title":"Ao deixar a pol\u00edtica, Sarney lembra contribui\u00e7\u00f5es e apresenta sugest\u00f5es para o futuro - Daniel Matos","og_description":"Fim da reelei\u00e7\u00e3o, implanta\u00e7\u00e3o do parlamentarismo, penas mais duras para crimes contra a vida e limites para doa\u00e7\u00f5es eleitorais. Apesar [&hellip;]","og_url":"https:\/\/www.blogsoestado.com\/danielmatos\/ao-deixar-a-politica-sarney-lembra-contribuicoes-e-apresenta-sugestoes-para-o-futuro\/","og_site_name":"Daniel Matos","article_published_time":"2014-12-18T21:09:50+00:00","og_image":[{"url":"https:\/\/www.blogsoestado.com\/danielmatos\/files\/2014\/12\/sarney-futuro.jpg","type":"","width":"","height":""}],"twitter_card":"summary_large_image","twitter_misc":{"Est. tempo de leitura":"5 minutos"},"schema":{"@context":"https:\/\/schema.org","@graph":[{"@type":"WebPage","@id":"https:\/\/www.blogsoestado.com\/danielmatos\/ao-deixar-a-politica-sarney-lembra-contribuicoes-e-apresenta-sugestoes-para-o-futuro\/","url":"https:\/\/www.blogsoestado.com\/danielmatos\/ao-deixar-a-politica-sarney-lembra-contribuicoes-e-apresenta-sugestoes-para-o-futuro\/","name":"Ao deixar a pol\u00edtica, Sarney lembra contribui\u00e7\u00f5es e apresenta sugest\u00f5es para o futuro - Daniel Matos","isPartOf":{"@id":"https:\/\/www.blogsoestado.com\/danielmatos\/#website"},"primaryImageOfPage":{"@id":"https:\/\/www.blogsoestado.com\/danielmatos\/ao-deixar-a-politica-sarney-lembra-contribuicoes-e-apresenta-sugestoes-para-o-futuro\/#primaryimage"},"image":{"@id":"https:\/\/www.blogsoestado.com\/danielmatos\/ao-deixar-a-politica-sarney-lembra-contribuicoes-e-apresenta-sugestoes-para-o-futuro\/#primaryimage"},"thumbnailUrl":"https:\/\/www.blogsoestado.com\/danielmatos\/files\/2014\/12\/sarney-futuro.jpg","datePublished":"2014-12-18T21:09:50+00:00","author":{"@id":""},"breadcrumb":{"@id":"https:\/\/www.blogsoestado.com\/danielmatos\/ao-deixar-a-politica-sarney-lembra-contribuicoes-e-apresenta-sugestoes-para-o-futuro\/#breadcrumb"},"inLanguage":"pt-BR","potentialAction":[{"@type":"ReadAction","target":["https:\/\/www.blogsoestado.com\/danielmatos\/ao-deixar-a-politica-sarney-lembra-contribuicoes-e-apresenta-sugestoes-para-o-futuro\/"]}]},{"@type":"ImageObject","inLanguage":"pt-BR","@id":"https:\/\/www.blogsoestado.com\/danielmatos\/ao-deixar-a-politica-sarney-lembra-contribuicoes-e-apresenta-sugestoes-para-o-futuro\/#primaryimage","url":"https:\/\/www.blogsoestado.com\/danielmatos\/files\/2014\/12\/sarney-futuro.jpg","contentUrl":"https:\/\/www.blogsoestado.com\/danielmatos\/files\/2014\/12\/sarney-futuro.jpg"},{"@type":"BreadcrumbList","@id":"https:\/\/www.blogsoestado.com\/danielmatos\/ao-deixar-a-politica-sarney-lembra-contribuicoes-e-apresenta-sugestoes-para-o-futuro\/#breadcrumb","itemListElement":[{"@type":"ListItem","position":1,"name":"In\u00edcio","item":"https:\/\/www.blogsoestado.com\/danielmatos\/"},{"@type":"ListItem","position":2,"name":"Ao deixar a pol\u00edtica, Sarney lembra contribui\u00e7\u00f5es e apresenta sugest\u00f5es para o futuro"}]},{"@type":"WebSite","@id":"https:\/\/www.blogsoestado.com\/danielmatos\/#website","url":"https:\/\/www.blogsoestado.com\/danielmatos\/","name":"Daniel Matos","description":"","potentialAction":[{"@type":"SearchAction","target":{"@type":"EntryPoint","urlTemplate":"https:\/\/www.blogsoestado.com\/danielmatos\/?s={search_term_string}"},"query-input":{"@type":"PropertyValueSpecification","valueRequired":true,"valueName":"search_term_string"}}],"inLanguage":"pt-BR"}]}},"jetpack_featured_media_url":"","_links":{"self":[{"href":"https:\/\/www.blogsoestado.com\/danielmatos\/wp-json\/wp\/v2\/posts\/21205","targetHints":{"allow":["GET"]}}],"collection":[{"href":"https:\/\/www.blogsoestado.com\/danielmatos\/wp-json\/wp\/v2\/posts"}],"about":[{"href":"https:\/\/www.blogsoestado.com\/danielmatos\/wp-json\/wp\/v2\/types\/post"}],"replies":[{"embeddable":true,"href":"https:\/\/www.blogsoestado.com\/danielmatos\/wp-json\/wp\/v2\/comments?post=21205"}],"version-history":[{"count":0,"href":"https:\/\/www.blogsoestado.com\/danielmatos\/wp-json\/wp\/v2\/posts\/21205\/revisions"}],"wp:attachment":[{"href":"https:\/\/www.blogsoestado.com\/danielmatos\/wp-json\/wp\/v2\/media?parent=21205"}],"wp:term":[{"taxonomy":"category","embeddable":true,"href":"https:\/\/www.blogsoestado.com\/danielmatos\/wp-json\/wp\/v2\/categories?post=21205"},{"taxonomy":"post_tag","embeddable":true,"href":"https:\/\/www.blogsoestado.com\/danielmatos\/wp-json\/wp\/v2\/tags?post=21205"}],"curies":[{"name":"wp","href":"https:\/\/api.w.org\/{rel}","templated":true}]}}