{"id":21209,"date":"2014-12-18T18:39:27","date_gmt":"2014-12-18T21:39:27","guid":{"rendered":"https:\/\/www.blogsoestado.com\/danielmatos\/?p=21209"},"modified":"2014-12-18T18:39:27","modified_gmt":"2014-12-18T21:39:27","slug":"max-barros-diz-que-assembleia-encerra-legislatura-com-saldo-positivo","status":"publish","type":"post","link":"https:\/\/www.blogsoestado.com\/danielmatos\/max-barros-diz-que-assembleia-encerra-legislatura-com-saldo-positivo\/","title":{"rendered":"Max Barros diz que Assembleia encerra legislatura com saldo positivo"},"content":{"rendered":"<figure id=\"attachment_21210\" aria-describedby=\"caption-attachment-21210\" style=\"width: 640px\" class=\"wp-caption aligncenter\"><a href=\"https:\/\/www.blogsoestado.com\/danielmatos\/files\/2014\/12\/max-positivo.jpg\"><img fetchpriority=\"high\" decoding=\"async\" class=\"size-full wp-image-21210\" src=\"https:\/\/www.blogsoestado.com\/danielmatos\/files\/2014\/12\/max-positivo.jpg\" alt=\"Max Barros declarou ainda que, em harmonia e com o apoio e a participa\u00e7\u00e3o de todos os deputados, a Assembleia cumpriu o seu papel\" width=\"640\" height=\"425\" \/><\/a><figcaption id=\"caption-attachment-21210\" class=\"wp-caption-text\">Max ressaltou\u00a0que, em harmonia e com o apoio de todos os deputados, o Poder\u00a0Legislativo cumpriu seu papel<\/figcaption><\/figure>\n<p>O deputado Max Barros (PMDB), investido no cargo de presidente em exerc\u00edcio da Assembleia Legislativa, declarou na manh\u00e3 desta quinta-feira (18), que o Parlamento maranhense encerra a atual legislatura com um saldo altamente positivo.<\/p>\n<p>\u201cA Assembleia cumpriu o seu papel, exerceu uma produ\u00e7\u00e3o bastante grande de Projetos de Lei, de Emendas Constitucionais, de Requerimentos e de Resolu\u00e7\u00f5es; portanto, n\u00f3s encerramos com um saldo altamente positivo\u201d, afirmou Max Barros, frisando que assumiu a Presid\u00eancia da Casa, em fun\u00e7\u00e3o da ascens\u00e3o do deputado Arnaldo Melo ao Governo do Estado, conforme determina a Constitui\u00e7\u00e3o.<\/p>\n<p>\u201cE o nosso compromisso foi administrar esta Casa junto com todos os deputados em harmonia, respeitando as discord\u00e2ncias, que s\u00e3o pr\u00f3prias da democracia, e de fazer, em comum acordo com os l\u00edderes e com todos os deputados, uma pauta para que fossem destravadas as vota\u00e7\u00f5es nesta Casa. E tamb\u00e9m assumi o compromisso de que fosse votado o Or\u00e7amento desta Casa, dentro desta Legislatura. E em comum acordo, em conjunto com toda a Mesa Diretora, que teve um papel fundamental, foi feito tudo em harmonia\u201d, ressaltou.<\/p>\n<p>Max Barros declarou ainda que, em harmonia e com o apoio e a participa\u00e7\u00e3o de todos os deputados, a Assembleia cumpriu o seu papel. Todas as mat\u00e9rias que estavam na pauta foram votadas e o Or\u00e7amento do Estado para o exerc\u00edcio de 2015 votado e aprovado de forma un\u00e2nime.<\/p>\n<p>\u201cDentro do esp\u00edrito de compreens\u00e3o, todos n\u00f3s entendemos que um novo governo vai assumir e algumas contribui\u00e7\u00f5es que foram dadas para o novo governo foram adaptadas no Or\u00e7amento para viabilizar o pr\u00f3ximo governo\u201d, afirmou Max Barros, que em seguida citou nominalmente todos os deputados que n\u00e3o estar\u00e3o na pr\u00f3xima legislatura, mas aos quais fez quest\u00e3o de desejar sucesso, felicidades e que tenham \u00eaxito em suas vidas, tanto pol\u00edtica como particular.<\/p>\n<p><strong>Presid\u00eancia<\/strong><\/p>\n<p>Ao fazer a avalia\u00e7\u00e3o deste per\u00edodo na Presid\u00eancia da Assembleia, Max Barros destacou a produtividade da Casa, que encaminhou todos os processos e votou todas mat\u00e9rias, dentre elas o citado Or\u00e7amento do Estado de 2015.<\/p>\n<p>\u201cConseguimos estabelecer aqui o consenso entre a Situa\u00e7\u00e3o e a Oposi\u00e7\u00e3o, naquilo que foi poss\u00edvel, e aquilo que n\u00e3o foi, foi decidido no voto, como \u00e9 praxe da democracia. Por esta raz\u00e3o, agrade\u00e7o a colabora\u00e7\u00e3o de todos os deputados, e agrade\u00e7o a contribui\u00e7\u00e3o dos funcion\u00e1rios desta Casa, sem os quais n\u00f3s n\u00e3o poder\u00edamos exercer a nossa atividade parlamentar. S\u00e3o eles que nos d\u00e3o o subs\u00eddio e o embasamento para a nossa atua\u00e7\u00e3o aqui nesta Casa\u201d, afirmou Max Barros, anunciando que ir\u00e1 receber em audi\u00eancia a dire\u00e7\u00e3o do Sindicato da categoria, para com ela tratar sobre o Plano de Cargos e Carreiras dos funcion\u00e1rios da Assembleia Legislativa.<\/p>\n<p><strong>Fonte:<\/strong> Ag\u00eancia Assembleia<\/p>\n","protected":false},"excerpt":{"rendered":"<p>O deputado Max Barros (PMDB), investido no cargo de presidente em exerc\u00edcio da Assembleia Legislativa, declarou na manh\u00e3 desta quinta-feira [&hellip;]<\/p>\n","protected":false},"author":0,"featured_media":0,"comment_status":"open","ping_status":"open","sticky":false,"template":"","format":"standard","meta":{"site-sidebar-layout":"default","site-content-layout":"","ast-site-content-layout":"default","site-content-style":"default","site-sidebar-style":"default","ast-global-header-display":"","ast-banner-title-visibility":"","ast-main-header-display":"","ast-hfb-above-header-display":"","ast-hfb-below-header-display":"","ast-hfb-mobile-header-display":"","site-post-title":"","ast-breadcrumbs-content":"","ast-featured-img":"","footer-sml-layout":"","ast-disable-related-posts":"","theme-transparent-header-meta":"","adv-header-id-meta":"","stick-header-meta":"","header-above-stick-meta":"","header-main-stick-meta":"","header-below-stick-meta":"","astra-migrate-meta-layouts":"default","ast-page-background-enabled":"default","ast-page-background-meta":{"desktop":{"background-color":"var(--ast-global-color-5)","background-image":"","background-repeat":"repeat","background-position":"center center","background-size":"auto","background-attachment":"scroll","background-type":"","background-media":"","overlay-type":"","overlay-color":"","overlay-opacity":"","overlay-gradient":""},"tablet":{"background-color":"","background-image":"","background-repeat":"repeat","background-position":"center center","background-size":"auto","background-attachment":"scroll","background-type":"","background-media":"","overlay-type":"","overlay-color":"","overlay-opacity":"","overlay-gradient":""},"mobile":{"background-color":"","background-image":"","background-repeat":"repeat","background-position":"center center","background-size":"auto","background-attachment":"scroll","background-type":"","background-media":"","overlay-type":"","overlay-color":"","overlay-opacity":"","overlay-gradient":""}},"ast-content-background-meta":{"desktop":{"background-color":"var(--ast-global-color-4)","background-image":"","background-repeat":"repeat","background-position":"center center","background-size":"auto","background-attachment":"scroll","background-type":"","background-media":"","overlay-type":"","overlay-color":"","overlay-opacity":"","overlay-gradient":""},"tablet":{"background-color":"var(--ast-global-color-4)","background-image":"","background-repeat":"repeat","background-position":"center center","background-size":"auto","background-attachment":"scroll","background-type":"","background-media":"","overlay-type":"","overlay-color":"","overlay-opacity":"","overlay-gradient":""},"mobile":{"background-color":"var(--ast-global-color-4)","background-image":"","background-repeat":"repeat","background-position":"center center","background-size":"auto","background-attachment":"scroll","background-type":"","background-media":"","overlay-type":"","overlay-color":"","overlay-opacity":"","overlay-gradient":""}},"footnotes":""},"categories":[1],"tags":[],"class_list":["post-21209","post","type-post","status-publish","format-standard","hentry","category-sem-categoria"],"yoast_head":"<!-- This site is optimized with the Yoast SEO plugin v26.6 - https:\/\/yoast.com\/wordpress\/plugins\/seo\/ -->\n<title>Max Barros diz que Assembleia encerra legislatura com saldo positivo - Daniel Matos<\/title>\n<meta name=\"robots\" content=\"index, follow, max-snippet:-1, max-image-preview:large, max-video-preview:-1\" \/>\n<link rel=\"canonical\" href=\"https:\/\/www.blogsoestado.com\/danielmatos\/max-barros-diz-que-assembleia-encerra-legislatura-com-saldo-positivo\/\" \/>\n<meta property=\"og:locale\" content=\"pt_BR\" \/>\n<meta property=\"og:type\" content=\"article\" \/>\n<meta property=\"og:title\" content=\"Max Barros diz que Assembleia encerra legislatura com saldo positivo - Daniel Matos\" \/>\n<meta property=\"og:description\" content=\"O deputado Max Barros (PMDB), investido no cargo de presidente em exerc\u00edcio da Assembleia Legislativa, declarou na manh\u00e3 desta quinta-feira [&hellip;]\" \/>\n<meta property=\"og:url\" content=\"https:\/\/www.blogsoestado.com\/danielmatos\/max-barros-diz-que-assembleia-encerra-legislatura-com-saldo-positivo\/\" \/>\n<meta property=\"og:site_name\" content=\"Daniel Matos\" \/>\n<meta property=\"article:published_time\" content=\"2014-12-18T21:39:27+00:00\" \/>\n<meta property=\"og:image\" content=\"https:\/\/www.blogsoestado.com\/danielmatos\/files\/2014\/12\/max-positivo.jpg\" \/>\n<meta name=\"twitter:card\" content=\"summary_large_image\" \/>\n<meta name=\"twitter:label1\" content=\"Est. tempo de leitura\" \/>\n\t<meta name=\"twitter:data1\" content=\"3 minutos\" \/>\n<script type=\"application\/ld+json\" class=\"yoast-schema-graph\">{\"@context\":\"https:\/\/schema.org\",\"@graph\":[{\"@type\":\"WebPage\",\"@id\":\"https:\/\/www.blogsoestado.com\/danielmatos\/max-barros-diz-que-assembleia-encerra-legislatura-com-saldo-positivo\/\",\"url\":\"https:\/\/www.blogsoestado.com\/danielmatos\/max-barros-diz-que-assembleia-encerra-legislatura-com-saldo-positivo\/\",\"name\":\"Max Barros diz que Assembleia encerra legislatura com saldo positivo - Daniel Matos\",\"isPartOf\":{\"@id\":\"https:\/\/www.blogsoestado.com\/danielmatos\/#website\"},\"primaryImageOfPage\":{\"@id\":\"https:\/\/www.blogsoestado.com\/danielmatos\/max-barros-diz-que-assembleia-encerra-legislatura-com-saldo-positivo\/#primaryimage\"},\"image\":{\"@id\":\"https:\/\/www.blogsoestado.com\/danielmatos\/max-barros-diz-que-assembleia-encerra-legislatura-com-saldo-positivo\/#primaryimage\"},\"thumbnailUrl\":\"https:\/\/www.blogsoestado.com\/danielmatos\/files\/2014\/12\/max-positivo.jpg\",\"datePublished\":\"2014-12-18T21:39:27+00:00\",\"author\":{\"@id\":\"\"},\"breadcrumb\":{\"@id\":\"https:\/\/www.blogsoestado.com\/danielmatos\/max-barros-diz-que-assembleia-encerra-legislatura-com-saldo-positivo\/#breadcrumb\"},\"inLanguage\":\"pt-BR\",\"potentialAction\":[{\"@type\":\"ReadAction\",\"target\":[\"https:\/\/www.blogsoestado.com\/danielmatos\/max-barros-diz-que-assembleia-encerra-legislatura-com-saldo-positivo\/\"]}]},{\"@type\":\"ImageObject\",\"inLanguage\":\"pt-BR\",\"@id\":\"https:\/\/www.blogsoestado.com\/danielmatos\/max-barros-diz-que-assembleia-encerra-legislatura-com-saldo-positivo\/#primaryimage\",\"url\":\"https:\/\/www.blogsoestado.com\/danielmatos\/files\/2014\/12\/max-positivo.jpg\",\"contentUrl\":\"https:\/\/www.blogsoestado.com\/danielmatos\/files\/2014\/12\/max-positivo.jpg\"},{\"@type\":\"BreadcrumbList\",\"@id\":\"https:\/\/www.blogsoestado.com\/danielmatos\/max-barros-diz-que-assembleia-encerra-legislatura-com-saldo-positivo\/#breadcrumb\",\"itemListElement\":[{\"@type\":\"ListItem\",\"position\":1,\"name\":\"In\u00edcio\",\"item\":\"https:\/\/www.blogsoestado.com\/danielmatos\/\"},{\"@type\":\"ListItem\",\"position\":2,\"name\":\"Max Barros diz que Assembleia encerra legislatura com saldo positivo\"}]},{\"@type\":\"WebSite\",\"@id\":\"https:\/\/www.blogsoestado.com\/danielmatos\/#website\",\"url\":\"https:\/\/www.blogsoestado.com\/danielmatos\/\",\"name\":\"Daniel Matos\",\"description\":\"\",\"potentialAction\":[{\"@type\":\"SearchAction\",\"target\":{\"@type\":\"EntryPoint\",\"urlTemplate\":\"https:\/\/www.blogsoestado.com\/danielmatos\/?s={search_term_string}\"},\"query-input\":{\"@type\":\"PropertyValueSpecification\",\"valueRequired\":true,\"valueName\":\"search_term_string\"}}],\"inLanguage\":\"pt-BR\"}]}<\/script>\n<!-- \/ Yoast SEO plugin. -->","yoast_head_json":{"title":"Max Barros diz que Assembleia encerra legislatura com saldo positivo - Daniel Matos","robots":{"index":"index","follow":"follow","max-snippet":"max-snippet:-1","max-image-preview":"max-image-preview:large","max-video-preview":"max-video-preview:-1"},"canonical":"https:\/\/www.blogsoestado.com\/danielmatos\/max-barros-diz-que-assembleia-encerra-legislatura-com-saldo-positivo\/","og_locale":"pt_BR","og_type":"article","og_title":"Max Barros diz que Assembleia encerra legislatura com saldo positivo - Daniel Matos","og_description":"O deputado Max Barros (PMDB), investido no cargo de presidente em exerc\u00edcio da Assembleia Legislativa, declarou na manh\u00e3 desta quinta-feira [&hellip;]","og_url":"https:\/\/www.blogsoestado.com\/danielmatos\/max-barros-diz-que-assembleia-encerra-legislatura-com-saldo-positivo\/","og_site_name":"Daniel Matos","article_published_time":"2014-12-18T21:39:27+00:00","og_image":[{"url":"https:\/\/www.blogsoestado.com\/danielmatos\/files\/2014\/12\/max-positivo.jpg","type":"","width":"","height":""}],"twitter_card":"summary_large_image","twitter_misc":{"Est. tempo de leitura":"3 minutos"},"schema":{"@context":"https:\/\/schema.org","@graph":[{"@type":"WebPage","@id":"https:\/\/www.blogsoestado.com\/danielmatos\/max-barros-diz-que-assembleia-encerra-legislatura-com-saldo-positivo\/","url":"https:\/\/www.blogsoestado.com\/danielmatos\/max-barros-diz-que-assembleia-encerra-legislatura-com-saldo-positivo\/","name":"Max Barros diz que Assembleia encerra legislatura com saldo positivo - Daniel Matos","isPartOf":{"@id":"https:\/\/www.blogsoestado.com\/danielmatos\/#website"},"primaryImageOfPage":{"@id":"https:\/\/www.blogsoestado.com\/danielmatos\/max-barros-diz-que-assembleia-encerra-legislatura-com-saldo-positivo\/#primaryimage"},"image":{"@id":"https:\/\/www.blogsoestado.com\/danielmatos\/max-barros-diz-que-assembleia-encerra-legislatura-com-saldo-positivo\/#primaryimage"},"thumbnailUrl":"https:\/\/www.blogsoestado.com\/danielmatos\/files\/2014\/12\/max-positivo.jpg","datePublished":"2014-12-18T21:39:27+00:00","author":{"@id":""},"breadcrumb":{"@id":"https:\/\/www.blogsoestado.com\/danielmatos\/max-barros-diz-que-assembleia-encerra-legislatura-com-saldo-positivo\/#breadcrumb"},"inLanguage":"pt-BR","potentialAction":[{"@type":"ReadAction","target":["https:\/\/www.blogsoestado.com\/danielmatos\/max-barros-diz-que-assembleia-encerra-legislatura-com-saldo-positivo\/"]}]},{"@type":"ImageObject","inLanguage":"pt-BR","@id":"https:\/\/www.blogsoestado.com\/danielmatos\/max-barros-diz-que-assembleia-encerra-legislatura-com-saldo-positivo\/#primaryimage","url":"https:\/\/www.blogsoestado.com\/danielmatos\/files\/2014\/12\/max-positivo.jpg","contentUrl":"https:\/\/www.blogsoestado.com\/danielmatos\/files\/2014\/12\/max-positivo.jpg"},{"@type":"BreadcrumbList","@id":"https:\/\/www.blogsoestado.com\/danielmatos\/max-barros-diz-que-assembleia-encerra-legislatura-com-saldo-positivo\/#breadcrumb","itemListElement":[{"@type":"ListItem","position":1,"name":"In\u00edcio","item":"https:\/\/www.blogsoestado.com\/danielmatos\/"},{"@type":"ListItem","position":2,"name":"Max Barros diz que Assembleia encerra legislatura com saldo positivo"}]},{"@type":"WebSite","@id":"https:\/\/www.blogsoestado.com\/danielmatos\/#website","url":"https:\/\/www.blogsoestado.com\/danielmatos\/","name":"Daniel Matos","description":"","potentialAction":[{"@type":"SearchAction","target":{"@type":"EntryPoint","urlTemplate":"https:\/\/www.blogsoestado.com\/danielmatos\/?s={search_term_string}"},"query-input":{"@type":"PropertyValueSpecification","valueRequired":true,"valueName":"search_term_string"}}],"inLanguage":"pt-BR"}]}},"jetpack_featured_media_url":"","_links":{"self":[{"href":"https:\/\/www.blogsoestado.com\/danielmatos\/wp-json\/wp\/v2\/posts\/21209","targetHints":{"allow":["GET"]}}],"collection":[{"href":"https:\/\/www.blogsoestado.com\/danielmatos\/wp-json\/wp\/v2\/posts"}],"about":[{"href":"https:\/\/www.blogsoestado.com\/danielmatos\/wp-json\/wp\/v2\/types\/post"}],"replies":[{"embeddable":true,"href":"https:\/\/www.blogsoestado.com\/danielmatos\/wp-json\/wp\/v2\/comments?post=21209"}],"version-history":[{"count":0,"href":"https:\/\/www.blogsoestado.com\/danielmatos\/wp-json\/wp\/v2\/posts\/21209\/revisions"}],"wp:attachment":[{"href":"https:\/\/www.blogsoestado.com\/danielmatos\/wp-json\/wp\/v2\/media?parent=21209"}],"wp:term":[{"taxonomy":"category","embeddable":true,"href":"https:\/\/www.blogsoestado.com\/danielmatos\/wp-json\/wp\/v2\/categories?post=21209"},{"taxonomy":"post_tag","embeddable":true,"href":"https:\/\/www.blogsoestado.com\/danielmatos\/wp-json\/wp\/v2\/tags?post=21209"}],"curies":[{"name":"wp","href":"https:\/\/api.w.org\/{rel}","templated":true}]}}