{"id":21213,"date":"2014-12-19T09:30:30","date_gmt":"2014-12-19T12:30:30","guid":{"rendered":"https:\/\/www.blogsoestado.com\/danielmatos\/?p=21213"},"modified":"2014-12-19T09:30:30","modified_gmt":"2014-12-19T12:30:30","slug":"chegada-do-papai-noel-marca-o-inicio-do-natal-de-paco-do-lumiar","status":"publish","type":"post","link":"https:\/\/www.blogsoestado.com\/danielmatos\/chegada-do-papai-noel-marca-o-inicio-do-natal-de-paco-do-lumiar\/","title":{"rendered":"Chegada do Papai Noel marca o in\u00edcio do Natal de Pa\u00e7o do Lumiar"},"content":{"rendered":"<figure id=\"attachment_21215\" aria-describedby=\"caption-attachment-21215\" style=\"width: 640px\" class=\"wp-caption aligncenter\"><a href=\"https:\/\/www.blogsoestado.com\/danielmatos\/files\/2014\/12\/pa\u00e7o-papai-noel2.jpg\"><img fetchpriority=\"high\" decoding=\"async\" class=\"size-full wp-image-21215\" src=\"https:\/\/www.blogsoestado.com\/danielmatos\/files\/2014\/12\/pa\u00e7o-papai-noel2.jpg\" alt=\"Papai Noel entrega doces a crian\u00e7as durante sua passagem pelo conjunto Maiob\u00e3o\" width=\"640\" height=\"427\" \/><\/a><figcaption id=\"caption-attachment-21215\" class=\"wp-caption-text\">Papai Noel entrega doces a crian\u00e7as no Maiob\u00e3o; ao fundo, o prefeito Josemar e a primeira-dama, Ivone Coqueiro<\/figcaption><\/figure>\n<p>O per\u00edodo de comemora\u00e7\u00f5es natalinas da Prefeitura Municipal de Pa\u00e7o do Lumiar foi aberto oficialmente nesta quinta-feira, 18, com a chegada do Papai Noel, que distribuiu simpatia e conquistou as crian\u00e7as pelas avenidas do conjunto Maiob\u00e3o, ao som da tocata da banda municipal \u201cLa Roque\u201d.<\/p>\n<p>O Papai Noel foi representado pelo presidente da Associa\u00e7\u00e3o de Condutores de Ve\u00edculos de Tra\u00e7\u00e3o Animal da Ilha de S\u00e3o Lu\u00eds, Raimundo Jo\u00e3o Moraes de Matos, morador da Vila Nazar\u00e9. Emocionado em estar representando o s\u00edmbolo do natal de maior aceita\u00e7\u00e3o do p\u00fablico infantil, ele disse que se sentiu muito valorizado pela escolha. \u201cEstou muito honrado em estar representando o Papai Noel e ver a alegria no rosto e no abra\u00e7o de cada crian\u00e7a\u201d, contou o senhor Raimundo Jo\u00e3o.<\/p>\n<figure id=\"attachment_21216\" aria-describedby=\"caption-attachment-21216\" style=\"width: 640px\" class=\"wp-caption aligncenter\"><a href=\"https:\/\/www.blogsoestado.com\/danielmatos\/files\/2014\/12\/pa\u00e7o-papai-noel.jpg\"><img decoding=\"async\" class=\"size-full wp-image-21216\" src=\"https:\/\/www.blogsoestado.com\/danielmatos\/files\/2014\/12\/pa\u00e7o-papai-noel.jpg\" alt=\"Papai Noel puxa cortejo, seguido pela banda municipal &quot;La Rocque&quot;\" width=\"640\" height=\"427\" \/><\/a><figcaption id=\"caption-attachment-21216\" class=\"wp-caption-text\">Personificado pelo sindicalista Raimundo Matos, Papai Noel puxa cortejo, seguido pela banda &#8220;La Rocque&#8221;<\/figcaption><\/figure>\n<p>Ana Lu\u00edsa, 04 anos, disse que, quando ouviu as m\u00fasicas natalinas e que viu o Papai Noel, pediu para a m\u00e3e para ir ver o cortejo. \u201cO Papai Noel me abra\u00e7ou e deu bombons. Fiquei muito feliz\u201d, disse.<br \/>\nA programa\u00e7\u00e3o do \u201cNatal: Um Pa\u00e7o de Luz\u201d, do munic\u00edpio, \u00e9 uma promo\u00e7\u00e3o das secretarias municipais de Desenvolvimento Social (SEMDES), Agricultura Pesca e Abastecimento (SEMAPA), e Cultura, Esporte e Lazer (SEMCEL).<\/p>\n<p>O prefeito professor Josemar Sobreiro (PR) acompanhou todo o percurso da tocata juntamente com as secret\u00e1rias, Ivone Oliveira, SEMDES, Rosany Aranha, SEMAPA e Fernando Muniz, SEMCEL, e enfatizou que na sua administra\u00e7\u00e3o visa valorizar nos eventos culturais os artistas e personagens do munic\u00edpio.<\/p>\n<p>Na oportunidade, foi aberta tamb\u00e9m, a I Feira Natalina Luminense e Sarau Liter\u00e1rio, no Viva Maiob\u00e3o, com a participa\u00e7\u00e3o de 50 artes\u00e3os lumineneses e membros da academia luminense de letras. O evento tem o objetivo de divulgar o artesanato e as obras liter\u00e1rias produzidas na regi\u00e3o.<\/p>\n<figure id=\"attachment_21217\" aria-describedby=\"caption-attachment-21217\" style=\"width: 640px\" class=\"wp-caption aligncenter\"><a href=\"https:\/\/www.blogsoestado.com\/danielmatos\/files\/2014\/12\/pa\u00e7o-papai-noel4.jpg\"><img decoding=\"async\" class=\"size-full wp-image-21217\" src=\"https:\/\/www.blogsoestado.com\/danielmatos\/files\/2014\/12\/pa\u00e7o-papai-noel4.jpg\" alt=\"Cantata foi uma das atra\u00e7\u00f5es da abertura da programa\u00e7\u00e3o de Natal em Pa\u00e7o do Lumiar\" width=\"640\" height=\"480\" \/><\/a><figcaption id=\"caption-attachment-21217\" class=\"wp-caption-text\">Cantata foi uma das atra\u00e7\u00f5es da abertura da programa\u00e7\u00e3o de Natal em Pa\u00e7o do Lumiar, no Viva Maiob\u00e3o<\/figcaption><\/figure>\n<p>Durante a feira, v\u00e1rias apresenta\u00e7\u00f5es culturais abrilhantaram a primeira noite do Natal da Prefeitura de Pa\u00e7o do Lumiar. Passaram pelo palco do Viva Maiob\u00e3o, a banda municipal \u201cLa Roque\u201d, com o seu repert\u00f3rio variado de m\u00fasicas natalinas e populares, e ainda, o coral dos pacientes do CAPS, e um momento liter\u00e1rio com a declama\u00e7\u00e3o de poemas pelos membros da Academia Luminense de Letras.<\/p>\n<p>No local, est\u00e1 dispon\u00edvel para visita\u00e7\u00e3o durante todo o dia, um pres\u00e9pio em tamanho natural, confeccionado pelo artista pl\u00e1stico Ant\u00f4nio Melo.<\/p>\n<p>De acordo com a secret\u00e1ria de Desenvolvimento Social, Ivone Oliveira, a economia solid\u00e1ria \u00e9 um setor em constante crescimento em Pa\u00e7o do Lumiar, e os artes\u00e3os precisam de espa\u00e7os permanentes de divulga\u00e7\u00e3o e populariza\u00e7\u00e3o das suas produ\u00e7\u00f5es.<\/p>\n<figure id=\"attachment_21220\" aria-describedby=\"caption-attachment-21220\" style=\"width: 640px\" class=\"wp-caption aligncenter\"><a href=\"https:\/\/www.blogsoestado.com\/danielmatos\/files\/2014\/12\/pa\u00e7o-papai-noel3.jpg\"><img loading=\"lazy\" decoding=\"async\" class=\"size-full wp-image-21220\" src=\"https:\/\/www.blogsoestado.com\/danielmatos\/files\/2014\/12\/pa\u00e7o-papai-noel3.jpg\" alt=\"Artigos artesanais com motivos da \u00e9poca foram comercializados I Feira Natalina Luminense\" width=\"640\" height=\"427\" \/><\/a><figcaption id=\"caption-attachment-21220\" class=\"wp-caption-text\">Artigos artesanais como \u00e1rvores e jarros decorados\u00a0foram comercializados na I Feira Natalina Luminense<\/figcaption><\/figure>\n<p>\u201cReunimos nesta feira parte dos artes\u00e3os do nosso munic\u00edpio. Realizamos ostensivamente a\u00e7\u00f5es de incentivo \u00e0 produ\u00e7\u00e3o e reaproveitamento de materiais para fins artesanais, colaborando com o meio ambiente e contribuindo para a gera\u00e7\u00e3o de renda e autonomia financeira\u201d, afirmou Ivone Oliveira.<\/p>\n<p>Programa\u00e7\u00e3o \u201cNatal: Um Pa\u00e7o de Luz\u201d<\/p>\n<p>19\/ 12\u2013 \u201cI FEIRA DE ARTESANATO NATALINA LUMINESE E SARAU LITER\u00c1RIO\u201d<br \/>\nDesfile de roupas e acess\u00f3rios confeccionados pelos artes\u00e3os, exposi\u00e7\u00e3o e venda de artesanato luminense feito \u00e0 base da fibra do buriti, bananeira, escamas, conchas, biscuit, E.V.A, materiais recicl\u00e1veis e flores.<\/p>\n<p>Local: Viva Maiob\u00e3o<br \/>\nHor\u00e1rio: A partir das 18h<\/p>\n<p>19\/12 \u2013 CANTATA NATALINA NA SEDE DE PA\u00c7O DO LUMIAR<br \/>\nLocal: Pra\u00e7a de Nossa Senhora da Luz \u2013 Sede<br \/>\nHor\u00e1rio: 20h<br \/>\nMensagem B\u00edblica<br \/>\nApresenta\u00e7\u00f5es dos Corais da Rede Municipal de Ensino e dos Idosos de Pa\u00e7o do Lumiar, do Ballet \u201cO Senhor \u00e9 Contigo\u201d, e da Banda Municipal Corpora\u00e7\u00e3o Musical La Roque e artistas locais.<\/p>\n<p>20\/12 \u2013 CANTATA NATALINA NO MAIOB\u00c3O<br \/>\nLocal: Viva Maiob\u00e3o<br \/>\nHor\u00e1rio: 18h<br \/>\nMensagem B\u00edblica<br \/>\nApresenta\u00e7\u00f5es dos Corais da Rede Municipal de Ensino e dos Idosos de Pa\u00e7o do Lumiar, do Ballet \u201cO Senhor \u00e9 Contigo\u201d, e da Banda Municipal Corpora\u00e7\u00e3o Musical La Roque e artistas locais e visita\u00e7\u00e3o ao Pres\u00e9pio.<\/p>\n","protected":false},"excerpt":{"rendered":"<p>O per\u00edodo de comemora\u00e7\u00f5es natalinas da Prefeitura Municipal de Pa\u00e7o do Lumiar foi aberto oficialmente nesta quinta-feira, 18, com a [&hellip;]<\/p>\n","protected":false},"author":0,"featured_media":0,"comment_status":"open","ping_status":"open","sticky":false,"template":"","format":"standard","meta":{"site-sidebar-layout":"default","site-content-layout":"","ast-site-content-layout":"default","site-content-style":"default","site-sidebar-style":"default","ast-global-header-display":"","ast-banner-title-visibility":"","ast-main-header-display":"","ast-hfb-above-header-display":"","ast-hfb-below-header-display":"","ast-hfb-mobile-header-display":"","site-post-title":"","ast-breadcrumbs-content":"","ast-featured-img":"","footer-sml-layout":"","ast-disable-related-posts":"","theme-transparent-header-meta":"","adv-header-id-meta":"","stick-header-meta":"","header-above-stick-meta":"","header-main-stick-meta":"","header-below-stick-meta":"","astra-migrate-meta-layouts":"default","ast-page-background-enabled":"default","ast-page-background-meta":{"desktop":{"background-color":"var(--ast-global-color-5)","background-image":"","background-repeat":"repeat","background-position":"center center","background-size":"auto","background-attachment":"scroll","background-type":"","background-media":"","overlay-type":"","overlay-color":"","overlay-opacity":"","overlay-gradient":""},"tablet":{"background-color":"","background-image":"","background-repeat":"repeat","background-position":"center center","background-size":"auto","background-attachment":"scroll","background-type":"","background-media":"","overlay-type":"","overlay-color":"","overlay-opacity":"","overlay-gradient":""},"mobile":{"background-color":"","background-image":"","background-repeat":"repeat","background-position":"center center","background-size":"auto","background-attachment":"scroll","background-type":"","background-media":"","overlay-type":"","overlay-color":"","overlay-opacity":"","overlay-gradient":""}},"ast-content-background-meta":{"desktop":{"background-color":"var(--ast-global-color-4)","background-image":"","background-repeat":"repeat","background-position":"center center","background-size":"auto","background-attachment":"scroll","background-type":"","background-media":"","overlay-type":"","overlay-color":"","overlay-opacity":"","overlay-gradient":""},"tablet":{"background-color":"var(--ast-global-color-4)","background-image":"","background-repeat":"repeat","background-position":"center center","background-size":"auto","background-attachment":"scroll","background-type":"","background-media":"","overlay-type":"","overlay-color":"","overlay-opacity":"","overlay-gradient":""},"mobile":{"background-color":"var(--ast-global-color-4)","background-image":"","background-repeat":"repeat","background-position":"center center","background-size":"auto","background-attachment":"scroll","background-type":"","background-media":"","overlay-type":"","overlay-color":"","overlay-opacity":"","overlay-gradient":""}},"footnotes":""},"categories":[1],"tags":[],"class_list":["post-21213","post","type-post","status-publish","format-standard","hentry","category-sem-categoria"],"yoast_head":"<!-- This site is optimized with the Yoast SEO plugin v26.6 - https:\/\/yoast.com\/wordpress\/plugins\/seo\/ -->\n<title>Chegada do Papai Noel marca o in\u00edcio do Natal de Pa\u00e7o do Lumiar - Daniel Matos<\/title>\n<meta name=\"robots\" content=\"index, follow, max-snippet:-1, max-image-preview:large, max-video-preview:-1\" \/>\n<link rel=\"canonical\" href=\"https:\/\/www.blogsoestado.com\/danielmatos\/chegada-do-papai-noel-marca-o-inicio-do-natal-de-paco-do-lumiar\/\" \/>\n<meta property=\"og:locale\" content=\"pt_BR\" \/>\n<meta property=\"og:type\" content=\"article\" \/>\n<meta property=\"og:title\" content=\"Chegada do Papai Noel marca o in\u00edcio do Natal de Pa\u00e7o do Lumiar - Daniel Matos\" \/>\n<meta property=\"og:description\" content=\"O per\u00edodo de comemora\u00e7\u00f5es natalinas da Prefeitura Municipal de Pa\u00e7o do Lumiar foi aberto oficialmente nesta quinta-feira, 18, com a [&hellip;]\" \/>\n<meta property=\"og:url\" content=\"https:\/\/www.blogsoestado.com\/danielmatos\/chegada-do-papai-noel-marca-o-inicio-do-natal-de-paco-do-lumiar\/\" \/>\n<meta property=\"og:site_name\" content=\"Daniel Matos\" \/>\n<meta property=\"article:published_time\" content=\"2014-12-19T12:30:30+00:00\" \/>\n<meta name=\"twitter:card\" content=\"summary_large_image\" \/>\n<meta name=\"twitter:label1\" content=\"Est. tempo de leitura\" \/>\n\t<meta name=\"twitter:data1\" content=\"4 minutos\" \/>\n<script type=\"application\/ld+json\" class=\"yoast-schema-graph\">{\"@context\":\"https:\/\/schema.org\",\"@graph\":[{\"@type\":\"WebPage\",\"@id\":\"https:\/\/www.blogsoestado.com\/danielmatos\/chegada-do-papai-noel-marca-o-inicio-do-natal-de-paco-do-lumiar\/\",\"url\":\"https:\/\/www.blogsoestado.com\/danielmatos\/chegada-do-papai-noel-marca-o-inicio-do-natal-de-paco-do-lumiar\/\",\"name\":\"Chegada do Papai Noel marca o in\u00edcio do Natal de Pa\u00e7o do Lumiar - Daniel Matos\",\"isPartOf\":{\"@id\":\"https:\/\/www.blogsoestado.com\/danielmatos\/#website\"},\"datePublished\":\"2014-12-19T12:30:30+00:00\",\"author\":{\"@id\":\"\"},\"breadcrumb\":{\"@id\":\"https:\/\/www.blogsoestado.com\/danielmatos\/chegada-do-papai-noel-marca-o-inicio-do-natal-de-paco-do-lumiar\/#breadcrumb\"},\"inLanguage\":\"pt-BR\",\"potentialAction\":[{\"@type\":\"ReadAction\",\"target\":[\"https:\/\/www.blogsoestado.com\/danielmatos\/chegada-do-papai-noel-marca-o-inicio-do-natal-de-paco-do-lumiar\/\"]}]},{\"@type\":\"BreadcrumbList\",\"@id\":\"https:\/\/www.blogsoestado.com\/danielmatos\/chegada-do-papai-noel-marca-o-inicio-do-natal-de-paco-do-lumiar\/#breadcrumb\",\"itemListElement\":[{\"@type\":\"ListItem\",\"position\":1,\"name\":\"In\u00edcio\",\"item\":\"https:\/\/www.blogsoestado.com\/danielmatos\/\"},{\"@type\":\"ListItem\",\"position\":2,\"name\":\"Chegada do Papai Noel marca o in\u00edcio do Natal de Pa\u00e7o do Lumiar\"}]},{\"@type\":\"WebSite\",\"@id\":\"https:\/\/www.blogsoestado.com\/danielmatos\/#website\",\"url\":\"https:\/\/www.blogsoestado.com\/danielmatos\/\",\"name\":\"Daniel Matos\",\"description\":\"\",\"potentialAction\":[{\"@type\":\"SearchAction\",\"target\":{\"@type\":\"EntryPoint\",\"urlTemplate\":\"https:\/\/www.blogsoestado.com\/danielmatos\/?s={search_term_string}\"},\"query-input\":{\"@type\":\"PropertyValueSpecification\",\"valueRequired\":true,\"valueName\":\"search_term_string\"}}],\"inLanguage\":\"pt-BR\"}]}<\/script>\n<!-- \/ Yoast SEO plugin. -->","yoast_head_json":{"title":"Chegada do Papai Noel marca o in\u00edcio do Natal de Pa\u00e7o do Lumiar - Daniel Matos","robots":{"index":"index","follow":"follow","max-snippet":"max-snippet:-1","max-image-preview":"max-image-preview:large","max-video-preview":"max-video-preview:-1"},"canonical":"https:\/\/www.blogsoestado.com\/danielmatos\/chegada-do-papai-noel-marca-o-inicio-do-natal-de-paco-do-lumiar\/","og_locale":"pt_BR","og_type":"article","og_title":"Chegada do Papai Noel marca o in\u00edcio do Natal de Pa\u00e7o do Lumiar - Daniel Matos","og_description":"O per\u00edodo de comemora\u00e7\u00f5es natalinas da Prefeitura Municipal de Pa\u00e7o do Lumiar foi aberto oficialmente nesta quinta-feira, 18, com a [&hellip;]","og_url":"https:\/\/www.blogsoestado.com\/danielmatos\/chegada-do-papai-noel-marca-o-inicio-do-natal-de-paco-do-lumiar\/","og_site_name":"Daniel Matos","article_published_time":"2014-12-19T12:30:30+00:00","twitter_card":"summary_large_image","twitter_misc":{"Est. tempo de leitura":"4 minutos"},"schema":{"@context":"https:\/\/schema.org","@graph":[{"@type":"WebPage","@id":"https:\/\/www.blogsoestado.com\/danielmatos\/chegada-do-papai-noel-marca-o-inicio-do-natal-de-paco-do-lumiar\/","url":"https:\/\/www.blogsoestado.com\/danielmatos\/chegada-do-papai-noel-marca-o-inicio-do-natal-de-paco-do-lumiar\/","name":"Chegada do Papai Noel marca o in\u00edcio do Natal de Pa\u00e7o do Lumiar - Daniel Matos","isPartOf":{"@id":"https:\/\/www.blogsoestado.com\/danielmatos\/#website"},"datePublished":"2014-12-19T12:30:30+00:00","author":{"@id":""},"breadcrumb":{"@id":"https:\/\/www.blogsoestado.com\/danielmatos\/chegada-do-papai-noel-marca-o-inicio-do-natal-de-paco-do-lumiar\/#breadcrumb"},"inLanguage":"pt-BR","potentialAction":[{"@type":"ReadAction","target":["https:\/\/www.blogsoestado.com\/danielmatos\/chegada-do-papai-noel-marca-o-inicio-do-natal-de-paco-do-lumiar\/"]}]},{"@type":"BreadcrumbList","@id":"https:\/\/www.blogsoestado.com\/danielmatos\/chegada-do-papai-noel-marca-o-inicio-do-natal-de-paco-do-lumiar\/#breadcrumb","itemListElement":[{"@type":"ListItem","position":1,"name":"In\u00edcio","item":"https:\/\/www.blogsoestado.com\/danielmatos\/"},{"@type":"ListItem","position":2,"name":"Chegada do Papai Noel marca o in\u00edcio do Natal de Pa\u00e7o do Lumiar"}]},{"@type":"WebSite","@id":"https:\/\/www.blogsoestado.com\/danielmatos\/#website","url":"https:\/\/www.blogsoestado.com\/danielmatos\/","name":"Daniel Matos","description":"","potentialAction":[{"@type":"SearchAction","target":{"@type":"EntryPoint","urlTemplate":"https:\/\/www.blogsoestado.com\/danielmatos\/?s={search_term_string}"},"query-input":{"@type":"PropertyValueSpecification","valueRequired":true,"valueName":"search_term_string"}}],"inLanguage":"pt-BR"}]}},"jetpack_featured_media_url":"","_links":{"self":[{"href":"https:\/\/www.blogsoestado.com\/danielmatos\/wp-json\/wp\/v2\/posts\/21213","targetHints":{"allow":["GET"]}}],"collection":[{"href":"https:\/\/www.blogsoestado.com\/danielmatos\/wp-json\/wp\/v2\/posts"}],"about":[{"href":"https:\/\/www.blogsoestado.com\/danielmatos\/wp-json\/wp\/v2\/types\/post"}],"replies":[{"embeddable":true,"href":"https:\/\/www.blogsoestado.com\/danielmatos\/wp-json\/wp\/v2\/comments?post=21213"}],"version-history":[{"count":0,"href":"https:\/\/www.blogsoestado.com\/danielmatos\/wp-json\/wp\/v2\/posts\/21213\/revisions"}],"wp:attachment":[{"href":"https:\/\/www.blogsoestado.com\/danielmatos\/wp-json\/wp\/v2\/media?parent=21213"}],"wp:term":[{"taxonomy":"category","embeddable":true,"href":"https:\/\/www.blogsoestado.com\/danielmatos\/wp-json\/wp\/v2\/categories?post=21213"},{"taxonomy":"post_tag","embeddable":true,"href":"https:\/\/www.blogsoestado.com\/danielmatos\/wp-json\/wp\/v2\/tags?post=21213"}],"curies":[{"name":"wp","href":"https:\/\/api.w.org\/{rel}","templated":true}]}}