{"id":21227,"date":"2014-12-19T15:21:14","date_gmt":"2014-12-19T18:21:14","guid":{"rendered":"https:\/\/www.blogsoestado.com\/danielmatos\/?p=21227"},"modified":"2014-12-19T15:21:14","modified_gmt":"2014-12-19T18:21:14","slug":"justica-afasta-prefeito-de-bacuri","status":"publish","type":"post","link":"https:\/\/www.blogsoestado.com\/danielmatos\/justica-afasta-prefeito-de-bacuri\/","title":{"rendered":"Justi\u00e7a afasta prefeito de Bacuri"},"content":{"rendered":"<figure id=\"attachment_21228\" aria-describedby=\"caption-attachment-21228\" style=\"width: 336px\" class=\"wp-caption alignright\"><a href=\"https:\/\/www.blogsoestado.com\/danielmatos\/files\/2014\/12\/prefeito-bacuri.jpg\"><img fetchpriority=\"high\" decoding=\"async\" class=\"size-full wp-image-21228\" src=\"https:\/\/www.blogsoestado.com\/danielmatos\/files\/2014\/12\/prefeito-bacuri.jpg\" alt=\"Jos\u00e9 Baldoino responde a\u00e7\u00e3o por improbidade\" width=\"336\" height=\"385\" \/><\/a><figcaption id=\"caption-attachment-21228\" class=\"wp-caption-text\">Jos\u00e9 Baldoino responde a\u00e7\u00e3o por improbidade administrativa<\/figcaption><\/figure>\n<p>Atendendo pedido do Minist\u00e9rio P\u00fablico do Maranh\u00e3o (MPMA), em A\u00e7\u00e3o Civil P\u00fablica por ato de improbidade administrativa, o Poder Judici\u00e1rio determinou, nesta quinta-feira, 18, o afastamento do prefeito de Bacuri, Jos\u00e9 Baldoino da Silva Nery, pelo prazo de 180 dias.<\/p>\n<p>A decis\u00e3o atinge, ainda, o presidente da Comiss\u00e3o Permanente de Licita\u00e7\u00e3o (CPL), Gersen James Correia Chagas; a secret\u00e1ria da CPL, Fl\u00e1via Regina Assun\u00e7\u00e3o de Azevedo; a integrante da CPL, Maria Jos\u00e9 dos Santos Nascimento; o pregoeiro Wagno Setubal de Oliveira e o integrante da equipe de apoio Raimundo Nonato Amorim.<\/p>\n<p>Prop\u00f4s a a\u00e7\u00e3o a promotora de justi\u00e7a Alessandra Darub Alves, titular da Comarca de Bacuri. A decis\u00e3o \u00e9 do juiz Marcelo Santana Farias.<\/p>\n<p>O MPMA sustentou que a perman\u00eancia dos acusados nas mesmas fun\u00e7\u00f5es e cargos acarretaria risco para a instru\u00e7\u00e3o processual, pois poderiam dificultar a obten\u00e7\u00e3o de provas, al\u00e9m de influenciar testemunhas.<\/p>\n<p>A Promotoria de Justi\u00e7a de Bacuri requereu c\u00f3pia, em julho deste ano, de todos os contratos de presta\u00e7\u00e3o de servi\u00e7o de transporte escolar firmado pelo Munic\u00edpio. Mesmo assim, os documentos n\u00e3o foram encaminhados ao MPMA.<\/p>\n<p>Al\u00e9m disso, o Minist\u00e9rio P\u00fablico destacou que os acusados forjaram a licita\u00e7\u00e3o de 2014, fazendo-a de forma retroativa. Para concretizar esse objetivo, eles teriam falsificado a assinatura de um advogado que prestou servi\u00e7os ao Munic\u00edpio de Bacuri.<\/p>\n<p><strong>Fonte:<\/strong> Minist\u00e9rio P\u00fablico do Maranh\u00e3o<\/p>\n","protected":false},"excerpt":{"rendered":"<p>Atendendo pedido do Minist\u00e9rio P\u00fablico do Maranh\u00e3o (MPMA), em A\u00e7\u00e3o Civil P\u00fablica por ato de improbidade administrativa, o Poder Judici\u00e1rio [&hellip;]<\/p>\n","protected":false},"author":0,"featured_media":0,"comment_status":"open","ping_status":"open","sticky":false,"template":"","format":"standard","meta":{"site-sidebar-layout":"default","site-content-layout":"","ast-site-content-layout":"default","site-content-style":"default","site-sidebar-style":"default","ast-global-header-display":"","ast-banner-title-visibility":"","ast-main-header-display":"","ast-hfb-above-header-display":"","ast-hfb-below-header-display":"","ast-hfb-mobile-header-display":"","site-post-title":"","ast-breadcrumbs-content":"","ast-featured-img":"","footer-sml-layout":"","ast-disable-related-posts":"","theme-transparent-header-meta":"","adv-header-id-meta":"","stick-header-meta":"","header-above-stick-meta":"","header-main-stick-meta":"","header-below-stick-meta":"","astra-migrate-meta-layouts":"default","ast-page-background-enabled":"default","ast-page-background-meta":{"desktop":{"background-color":"var(--ast-global-color-5)","background-image":"","background-repeat":"repeat","background-position":"center center","background-size":"auto","background-attachment":"scroll","background-type":"","background-media":"","overlay-type":"","overlay-color":"","overlay-opacity":"","overlay-gradient":""},"tablet":{"background-color":"","background-image":"","background-repeat":"repeat","background-position":"center center","background-size":"auto","background-attachment":"scroll","background-type":"","background-media":"","overlay-type":"","overlay-color":"","overlay-opacity":"","overlay-gradient":""},"mobile":{"background-color":"","background-image":"","background-repeat":"repeat","background-position":"center center","background-size":"auto","background-attachment":"scroll","background-type":"","background-media":"","overlay-type":"","overlay-color":"","overlay-opacity":"","overlay-gradient":""}},"ast-content-background-meta":{"desktop":{"background-color":"var(--ast-global-color-4)","background-image":"","background-repeat":"repeat","background-position":"center center","background-size":"auto","background-attachment":"scroll","background-type":"","background-media":"","overlay-type":"","overlay-color":"","overlay-opacity":"","overlay-gradient":""},"tablet":{"background-color":"var(--ast-global-color-4)","background-image":"","background-repeat":"repeat","background-position":"center center","background-size":"auto","background-attachment":"scroll","background-type":"","background-media":"","overlay-type":"","overlay-color":"","overlay-opacity":"","overlay-gradient":""},"mobile":{"background-color":"var(--ast-global-color-4)","background-image":"","background-repeat":"repeat","background-position":"center center","background-size":"auto","background-attachment":"scroll","background-type":"","background-media":"","overlay-type":"","overlay-color":"","overlay-opacity":"","overlay-gradient":""}},"footnotes":""},"categories":[1],"tags":[],"class_list":["post-21227","post","type-post","status-publish","format-standard","hentry","category-sem-categoria"],"yoast_head":"<!-- This site is optimized with the Yoast SEO plugin v26.6 - https:\/\/yoast.com\/wordpress\/plugins\/seo\/ -->\n<title>Justi\u00e7a afasta prefeito de Bacuri - Daniel Matos<\/title>\n<meta name=\"robots\" content=\"index, follow, max-snippet:-1, max-image-preview:large, max-video-preview:-1\" \/>\n<link rel=\"canonical\" href=\"https:\/\/www.blogsoestado.com\/danielmatos\/justica-afasta-prefeito-de-bacuri\/\" \/>\n<meta property=\"og:locale\" content=\"pt_BR\" \/>\n<meta property=\"og:type\" content=\"article\" \/>\n<meta property=\"og:title\" content=\"Justi\u00e7a afasta prefeito de Bacuri - Daniel Matos\" \/>\n<meta property=\"og:description\" content=\"Atendendo pedido do Minist\u00e9rio P\u00fablico do Maranh\u00e3o (MPMA), em A\u00e7\u00e3o Civil P\u00fablica por ato de improbidade administrativa, o Poder Judici\u00e1rio [&hellip;]\" \/>\n<meta property=\"og:url\" content=\"https:\/\/www.blogsoestado.com\/danielmatos\/justica-afasta-prefeito-de-bacuri\/\" \/>\n<meta property=\"og:site_name\" content=\"Daniel Matos\" \/>\n<meta property=\"article:published_time\" content=\"2014-12-19T18:21:14+00:00\" \/>\n<meta property=\"og:image\" content=\"https:\/\/www.blogsoestado.com\/danielmatos\/files\/2014\/12\/prefeito-bacuri.jpg\" \/>\n<meta name=\"twitter:card\" content=\"summary_large_image\" \/>\n<meta name=\"twitter:label1\" content=\"Est. tempo de leitura\" \/>\n\t<meta name=\"twitter:data1\" content=\"1 minuto\" \/>\n<script type=\"application\/ld+json\" class=\"yoast-schema-graph\">{\"@context\":\"https:\/\/schema.org\",\"@graph\":[{\"@type\":\"WebPage\",\"@id\":\"https:\/\/www.blogsoestado.com\/danielmatos\/justica-afasta-prefeito-de-bacuri\/\",\"url\":\"https:\/\/www.blogsoestado.com\/danielmatos\/justica-afasta-prefeito-de-bacuri\/\",\"name\":\"Justi\u00e7a afasta prefeito de Bacuri - Daniel Matos\",\"isPartOf\":{\"@id\":\"https:\/\/www.blogsoestado.com\/danielmatos\/#website\"},\"primaryImageOfPage\":{\"@id\":\"https:\/\/www.blogsoestado.com\/danielmatos\/justica-afasta-prefeito-de-bacuri\/#primaryimage\"},\"image\":{\"@id\":\"https:\/\/www.blogsoestado.com\/danielmatos\/justica-afasta-prefeito-de-bacuri\/#primaryimage\"},\"thumbnailUrl\":\"https:\/\/www.blogsoestado.com\/danielmatos\/files\/2014\/12\/prefeito-bacuri.jpg\",\"datePublished\":\"2014-12-19T18:21:14+00:00\",\"author\":{\"@id\":\"\"},\"breadcrumb\":{\"@id\":\"https:\/\/www.blogsoestado.com\/danielmatos\/justica-afasta-prefeito-de-bacuri\/#breadcrumb\"},\"inLanguage\":\"pt-BR\",\"potentialAction\":[{\"@type\":\"ReadAction\",\"target\":[\"https:\/\/www.blogsoestado.com\/danielmatos\/justica-afasta-prefeito-de-bacuri\/\"]}]},{\"@type\":\"ImageObject\",\"inLanguage\":\"pt-BR\",\"@id\":\"https:\/\/www.blogsoestado.com\/danielmatos\/justica-afasta-prefeito-de-bacuri\/#primaryimage\",\"url\":\"https:\/\/www.blogsoestado.com\/danielmatos\/files\/2014\/12\/prefeito-bacuri.jpg\",\"contentUrl\":\"https:\/\/www.blogsoestado.com\/danielmatos\/files\/2014\/12\/prefeito-bacuri.jpg\"},{\"@type\":\"BreadcrumbList\",\"@id\":\"https:\/\/www.blogsoestado.com\/danielmatos\/justica-afasta-prefeito-de-bacuri\/#breadcrumb\",\"itemListElement\":[{\"@type\":\"ListItem\",\"position\":1,\"name\":\"In\u00edcio\",\"item\":\"https:\/\/www.blogsoestado.com\/danielmatos\/\"},{\"@type\":\"ListItem\",\"position\":2,\"name\":\"Justi\u00e7a afasta prefeito de Bacuri\"}]},{\"@type\":\"WebSite\",\"@id\":\"https:\/\/www.blogsoestado.com\/danielmatos\/#website\",\"url\":\"https:\/\/www.blogsoestado.com\/danielmatos\/\",\"name\":\"Daniel Matos\",\"description\":\"\",\"potentialAction\":[{\"@type\":\"SearchAction\",\"target\":{\"@type\":\"EntryPoint\",\"urlTemplate\":\"https:\/\/www.blogsoestado.com\/danielmatos\/?s={search_term_string}\"},\"query-input\":{\"@type\":\"PropertyValueSpecification\",\"valueRequired\":true,\"valueName\":\"search_term_string\"}}],\"inLanguage\":\"pt-BR\"}]}<\/script>\n<!-- \/ Yoast SEO plugin. -->","yoast_head_json":{"title":"Justi\u00e7a afasta prefeito de Bacuri - Daniel Matos","robots":{"index":"index","follow":"follow","max-snippet":"max-snippet:-1","max-image-preview":"max-image-preview:large","max-video-preview":"max-video-preview:-1"},"canonical":"https:\/\/www.blogsoestado.com\/danielmatos\/justica-afasta-prefeito-de-bacuri\/","og_locale":"pt_BR","og_type":"article","og_title":"Justi\u00e7a afasta prefeito de Bacuri - Daniel Matos","og_description":"Atendendo pedido do Minist\u00e9rio P\u00fablico do Maranh\u00e3o (MPMA), em A\u00e7\u00e3o Civil P\u00fablica por ato de improbidade administrativa, o Poder Judici\u00e1rio [&hellip;]","og_url":"https:\/\/www.blogsoestado.com\/danielmatos\/justica-afasta-prefeito-de-bacuri\/","og_site_name":"Daniel Matos","article_published_time":"2014-12-19T18:21:14+00:00","og_image":[{"url":"https:\/\/www.blogsoestado.com\/danielmatos\/files\/2014\/12\/prefeito-bacuri.jpg","type":"","width":"","height":""}],"twitter_card":"summary_large_image","twitter_misc":{"Est. tempo de leitura":"1 minuto"},"schema":{"@context":"https:\/\/schema.org","@graph":[{"@type":"WebPage","@id":"https:\/\/www.blogsoestado.com\/danielmatos\/justica-afasta-prefeito-de-bacuri\/","url":"https:\/\/www.blogsoestado.com\/danielmatos\/justica-afasta-prefeito-de-bacuri\/","name":"Justi\u00e7a afasta prefeito de Bacuri - Daniel Matos","isPartOf":{"@id":"https:\/\/www.blogsoestado.com\/danielmatos\/#website"},"primaryImageOfPage":{"@id":"https:\/\/www.blogsoestado.com\/danielmatos\/justica-afasta-prefeito-de-bacuri\/#primaryimage"},"image":{"@id":"https:\/\/www.blogsoestado.com\/danielmatos\/justica-afasta-prefeito-de-bacuri\/#primaryimage"},"thumbnailUrl":"https:\/\/www.blogsoestado.com\/danielmatos\/files\/2014\/12\/prefeito-bacuri.jpg","datePublished":"2014-12-19T18:21:14+00:00","author":{"@id":""},"breadcrumb":{"@id":"https:\/\/www.blogsoestado.com\/danielmatos\/justica-afasta-prefeito-de-bacuri\/#breadcrumb"},"inLanguage":"pt-BR","potentialAction":[{"@type":"ReadAction","target":["https:\/\/www.blogsoestado.com\/danielmatos\/justica-afasta-prefeito-de-bacuri\/"]}]},{"@type":"ImageObject","inLanguage":"pt-BR","@id":"https:\/\/www.blogsoestado.com\/danielmatos\/justica-afasta-prefeito-de-bacuri\/#primaryimage","url":"https:\/\/www.blogsoestado.com\/danielmatos\/files\/2014\/12\/prefeito-bacuri.jpg","contentUrl":"https:\/\/www.blogsoestado.com\/danielmatos\/files\/2014\/12\/prefeito-bacuri.jpg"},{"@type":"BreadcrumbList","@id":"https:\/\/www.blogsoestado.com\/danielmatos\/justica-afasta-prefeito-de-bacuri\/#breadcrumb","itemListElement":[{"@type":"ListItem","position":1,"name":"In\u00edcio","item":"https:\/\/www.blogsoestado.com\/danielmatos\/"},{"@type":"ListItem","position":2,"name":"Justi\u00e7a afasta prefeito de Bacuri"}]},{"@type":"WebSite","@id":"https:\/\/www.blogsoestado.com\/danielmatos\/#website","url":"https:\/\/www.blogsoestado.com\/danielmatos\/","name":"Daniel Matos","description":"","potentialAction":[{"@type":"SearchAction","target":{"@type":"EntryPoint","urlTemplate":"https:\/\/www.blogsoestado.com\/danielmatos\/?s={search_term_string}"},"query-input":{"@type":"PropertyValueSpecification","valueRequired":true,"valueName":"search_term_string"}}],"inLanguage":"pt-BR"}]}},"jetpack_featured_media_url":"","_links":{"self":[{"href":"https:\/\/www.blogsoestado.com\/danielmatos\/wp-json\/wp\/v2\/posts\/21227","targetHints":{"allow":["GET"]}}],"collection":[{"href":"https:\/\/www.blogsoestado.com\/danielmatos\/wp-json\/wp\/v2\/posts"}],"about":[{"href":"https:\/\/www.blogsoestado.com\/danielmatos\/wp-json\/wp\/v2\/types\/post"}],"replies":[{"embeddable":true,"href":"https:\/\/www.blogsoestado.com\/danielmatos\/wp-json\/wp\/v2\/comments?post=21227"}],"version-history":[{"count":0,"href":"https:\/\/www.blogsoestado.com\/danielmatos\/wp-json\/wp\/v2\/posts\/21227\/revisions"}],"wp:attachment":[{"href":"https:\/\/www.blogsoestado.com\/danielmatos\/wp-json\/wp\/v2\/media?parent=21227"}],"wp:term":[{"taxonomy":"category","embeddable":true,"href":"https:\/\/www.blogsoestado.com\/danielmatos\/wp-json\/wp\/v2\/categories?post=21227"},{"taxonomy":"post_tag","embeddable":true,"href":"https:\/\/www.blogsoestado.com\/danielmatos\/wp-json\/wp\/v2\/tags?post=21227"}],"curies":[{"name":"wp","href":"https:\/\/api.w.org\/{rel}","templated":true}]}}