{"id":21234,"date":"2014-12-19T16:43:52","date_gmt":"2014-12-19T19:43:52","guid":{"rendered":"https:\/\/www.blogsoestado.com\/danielmatos\/?p=21234"},"modified":"2014-12-19T16:43:52","modified_gmt":"2014-12-19T19:43:52","slug":"reitor-natalino-salgado-assina-ordem-de-servico-para-construcao-de-nucleo-de-artes-da-ufma","status":"publish","type":"post","link":"https:\/\/www.blogsoestado.com\/danielmatos\/reitor-natalino-salgado-assina-ordem-de-servico-para-construcao-de-nucleo-de-artes-da-ufma\/","title":{"rendered":"Reitor Natalino Salgado assina ordem de servi\u00e7o para constru\u00e7\u00e3o de N\u00facleo de Artes da UFMA"},"content":{"rendered":"<figure id=\"attachment_21236\" aria-describedby=\"caption-attachment-21236\" style=\"width: 640px\" class=\"wp-caption aligncenter\"><a href=\"https:\/\/www.blogsoestado.com\/danielmatos\/files\/2014\/12\/Nucleo-de-Artes-da-UFMA.jpg\"><img fetchpriority=\"high\" decoding=\"async\" class=\"size-full wp-image-21236\" src=\"https:\/\/www.blogsoestado.com\/danielmatos\/files\/2014\/12\/Nucleo-de-Artes-da-UFMA.jpg\" alt=\"Natalino Salgado ressaltou que o futuro N\u00facleo de Artes \u00e9 o resultado de uma id\u00e9ia compartilhada, em um processo de integra\u00e7\u00e3o das express\u00f5es art\u00edsticas\" width=\"640\" height=\"428\" \/><\/a><figcaption id=\"caption-attachment-21236\" class=\"wp-caption-text\">Natalino Salgado ressaltou que o futuro N\u00facleo de Artes \u00e9 o resultado de uma id\u00e9ia compartilhada, em um processo de integra\u00e7\u00e3o das express\u00f5es art\u00edsticas<\/figcaption><\/figure>\n<p>Os cursos de Artes Visuais, M\u00fasica e Teatro da UFMA ganhar\u00e3o um novo pr\u00e9dio com dois pavimentos em uma \u00e1rea de nove mil metros quadrados. O reitor Natalino Salgado assinou hoje a ordem de servi\u00e7o para o in\u00edcio das obras do espa\u00e7o, batizado de N\u00facleo de Artes, com prazo de entrega para dezoito meses.<\/p>\n<p>A solenidade foi realizada no Centro de Ci\u00eancias Humanas da UFMA e contou com as presen\u00e7as dos coordenadores e chefes de Departamento das habilita\u00e7\u00f5es art\u00edsticas, de alunos representando o Centro Acad\u00eamico de Teatro e Artes Visuais e dos professores que lideraram o projeto que originou o futuro N\u00facleo de Artes.<\/p>\n<p>O pr\u00e9dio abrigar\u00e1 galeria de artes, salas de cinema e laborat\u00f3rios para o desenvolvimento de atividades dos diferentes segmentos, como pintura, desenho, fotografia, escultura, dentre outras. A obra est\u00e1 or\u00e7ada em R$ 12.757.088,26 e deve come\u00e7ar logo no in\u00edcio do ano.<\/p>\n<p>O curso de Teatro ter\u00e1 em suas instala\u00e7\u00f5es sala para caracteriza\u00e7\u00e3o cenot\u00e9cnica, express\u00e3o vocal, corporal, sala de dan\u00e7a e audit\u00f3rio com dois camarins e um palco. \u201cEsse Centro \u00e9 um sonho se tornando realidade, tendo em vista o comprometimento de todos os professores e do reitor para com as artes\u201d, afirmou a aluna do curso de Teatro, Dayana Gomes.<\/p>\n<p>A professora do Departamento de Artes Visuais, Ana Teresa Desterro Rabelo, conhecida como Estrelinha, lembrou como tudo come\u00e7ou. \u201cEsse projeto do N\u00facleo teve in\u00edcio, primeiramente, com o pessoal do teatro que tinha planos de criar um teatro dentro da UFMA. Ap\u00f3s essa primeira ideia, os demais cursos se uniram\u201d, contou. O diretor do Departamento de Assuntos Culturais &#8211; DAC, Gersino dos Santos, disse ainda que o projeto inicial era no formato de um oct\u00f3gono. \u201cUm espa\u00e7o livre para trabalhar a arte, e hoje se transformou nesse pr\u00e9dio grandioso\u201d, exultou.<\/p>\n<p>Segundo o reitor Natalino Salgado, o futuro N\u00facleo de Artes \u00e9 o resultado de uma id\u00e9ia compartilhada, em um processo de integra\u00e7\u00e3o das express\u00f5es art\u00edsticas, como espa\u00e7o de transdisciplinaridade na Universidade. \u201cEsse \u00e9 um momento para selar o compromisso de v\u00e1rias pessoas na luta pela melhoria da UFMA. N\u00e3o se constr\u00f3i nada de um dia para o outro, pois precisamos de trabalho e uni\u00e3o. Ser\u00e1 feito um esfor\u00e7o imenso para que a inaugura\u00e7\u00e3o aconte\u00e7a at\u00e9 outubro, onde realizaremos uma grande\u00a0comemora\u00e7\u00e3o\u201d, enfatizou.<\/p>\n","protected":false},"excerpt":{"rendered":"<p>Os cursos de Artes Visuais, M\u00fasica e Teatro da UFMA ganhar\u00e3o um novo pr\u00e9dio com dois pavimentos em uma \u00e1rea [&hellip;]<\/p>\n","protected":false},"author":0,"featured_media":0,"comment_status":"open","ping_status":"open","sticky":false,"template":"","format":"standard","meta":{"site-sidebar-layout":"default","site-content-layout":"","ast-site-content-layout":"default","site-content-style":"default","site-sidebar-style":"default","ast-global-header-display":"","ast-banner-title-visibility":"","ast-main-header-display":"","ast-hfb-above-header-display":"","ast-hfb-below-header-display":"","ast-hfb-mobile-header-display":"","site-post-title":"","ast-breadcrumbs-content":"","ast-featured-img":"","footer-sml-layout":"","ast-disable-related-posts":"","theme-transparent-header-meta":"","adv-header-id-meta":"","stick-header-meta":"","header-above-stick-meta":"","header-main-stick-meta":"","header-below-stick-meta":"","astra-migrate-meta-layouts":"default","ast-page-background-enabled":"default","ast-page-background-meta":{"desktop":{"background-color":"var(--ast-global-color-5)","background-image":"","background-repeat":"repeat","background-position":"center center","background-size":"auto","background-attachment":"scroll","background-type":"","background-media":"","overlay-type":"","overlay-color":"","overlay-opacity":"","overlay-gradient":""},"tablet":{"background-color":"","background-image":"","background-repeat":"repeat","background-position":"center center","background-size":"auto","background-attachment":"scroll","background-type":"","background-media":"","overlay-type":"","overlay-color":"","overlay-opacity":"","overlay-gradient":""},"mobile":{"background-color":"","background-image":"","background-repeat":"repeat","background-position":"center center","background-size":"auto","background-attachment":"scroll","background-type":"","background-media":"","overlay-type":"","overlay-color":"","overlay-opacity":"","overlay-gradient":""}},"ast-content-background-meta":{"desktop":{"background-color":"var(--ast-global-color-4)","background-image":"","background-repeat":"repeat","background-position":"center center","background-size":"auto","background-attachment":"scroll","background-type":"","background-media":"","overlay-type":"","overlay-color":"","overlay-opacity":"","overlay-gradient":""},"tablet":{"background-color":"var(--ast-global-color-4)","background-image":"","background-repeat":"repeat","background-position":"center center","background-size":"auto","background-attachment":"scroll","background-type":"","background-media":"","overlay-type":"","overlay-color":"","overlay-opacity":"","overlay-gradient":""},"mobile":{"background-color":"var(--ast-global-color-4)","background-image":"","background-repeat":"repeat","background-position":"center center","background-size":"auto","background-attachment":"scroll","background-type":"","background-media":"","overlay-type":"","overlay-color":"","overlay-opacity":"","overlay-gradient":""}},"footnotes":""},"categories":[1],"tags":[],"class_list":["post-21234","post","type-post","status-publish","format-standard","hentry","category-sem-categoria"],"yoast_head":"<!-- This site is optimized with the Yoast SEO plugin v26.6 - https:\/\/yoast.com\/wordpress\/plugins\/seo\/ -->\n<title>Reitor Natalino Salgado assina ordem de servi\u00e7o para constru\u00e7\u00e3o de N\u00facleo de Artes da UFMA - Daniel Matos<\/title>\n<meta name=\"robots\" content=\"index, follow, max-snippet:-1, max-image-preview:large, max-video-preview:-1\" \/>\n<link rel=\"canonical\" href=\"https:\/\/www.blogsoestado.com\/danielmatos\/reitor-natalino-salgado-assina-ordem-de-servico-para-construcao-de-nucleo-de-artes-da-ufma\/\" \/>\n<meta property=\"og:locale\" content=\"pt_BR\" \/>\n<meta property=\"og:type\" content=\"article\" \/>\n<meta property=\"og:title\" content=\"Reitor Natalino Salgado assina ordem de servi\u00e7o para constru\u00e7\u00e3o de N\u00facleo de Artes da UFMA - Daniel Matos\" \/>\n<meta property=\"og:description\" content=\"Os cursos de Artes Visuais, M\u00fasica e Teatro da UFMA ganhar\u00e3o um novo pr\u00e9dio com dois pavimentos em uma \u00e1rea [&hellip;]\" \/>\n<meta property=\"og:url\" content=\"https:\/\/www.blogsoestado.com\/danielmatos\/reitor-natalino-salgado-assina-ordem-de-servico-para-construcao-de-nucleo-de-artes-da-ufma\/\" \/>\n<meta property=\"og:site_name\" content=\"Daniel Matos\" \/>\n<meta property=\"article:published_time\" content=\"2014-12-19T19:43:52+00:00\" \/>\n<meta property=\"og:image\" content=\"https:\/\/www.blogsoestado.com\/danielmatos\/files\/2014\/12\/Nucleo-de-Artes-da-UFMA.jpg\" \/>\n<meta name=\"twitter:card\" content=\"summary_large_image\" \/>\n<meta name=\"twitter:label1\" content=\"Est. tempo de leitura\" \/>\n\t<meta name=\"twitter:data1\" content=\"2 minutos\" \/>\n<script type=\"application\/ld+json\" class=\"yoast-schema-graph\">{\"@context\":\"https:\/\/schema.org\",\"@graph\":[{\"@type\":\"WebPage\",\"@id\":\"https:\/\/www.blogsoestado.com\/danielmatos\/reitor-natalino-salgado-assina-ordem-de-servico-para-construcao-de-nucleo-de-artes-da-ufma\/\",\"url\":\"https:\/\/www.blogsoestado.com\/danielmatos\/reitor-natalino-salgado-assina-ordem-de-servico-para-construcao-de-nucleo-de-artes-da-ufma\/\",\"name\":\"Reitor Natalino Salgado assina ordem de servi\u00e7o para constru\u00e7\u00e3o de N\u00facleo de Artes da UFMA - Daniel Matos\",\"isPartOf\":{\"@id\":\"https:\/\/www.blogsoestado.com\/danielmatos\/#website\"},\"primaryImageOfPage\":{\"@id\":\"https:\/\/www.blogsoestado.com\/danielmatos\/reitor-natalino-salgado-assina-ordem-de-servico-para-construcao-de-nucleo-de-artes-da-ufma\/#primaryimage\"},\"image\":{\"@id\":\"https:\/\/www.blogsoestado.com\/danielmatos\/reitor-natalino-salgado-assina-ordem-de-servico-para-construcao-de-nucleo-de-artes-da-ufma\/#primaryimage\"},\"thumbnailUrl\":\"https:\/\/www.blogsoestado.com\/danielmatos\/files\/2014\/12\/Nucleo-de-Artes-da-UFMA.jpg\",\"datePublished\":\"2014-12-19T19:43:52+00:00\",\"author\":{\"@id\":\"\"},\"breadcrumb\":{\"@id\":\"https:\/\/www.blogsoestado.com\/danielmatos\/reitor-natalino-salgado-assina-ordem-de-servico-para-construcao-de-nucleo-de-artes-da-ufma\/#breadcrumb\"},\"inLanguage\":\"pt-BR\",\"potentialAction\":[{\"@type\":\"ReadAction\",\"target\":[\"https:\/\/www.blogsoestado.com\/danielmatos\/reitor-natalino-salgado-assina-ordem-de-servico-para-construcao-de-nucleo-de-artes-da-ufma\/\"]}]},{\"@type\":\"ImageObject\",\"inLanguage\":\"pt-BR\",\"@id\":\"https:\/\/www.blogsoestado.com\/danielmatos\/reitor-natalino-salgado-assina-ordem-de-servico-para-construcao-de-nucleo-de-artes-da-ufma\/#primaryimage\",\"url\":\"https:\/\/www.blogsoestado.com\/danielmatos\/files\/2014\/12\/Nucleo-de-Artes-da-UFMA.jpg\",\"contentUrl\":\"https:\/\/www.blogsoestado.com\/danielmatos\/files\/2014\/12\/Nucleo-de-Artes-da-UFMA.jpg\"},{\"@type\":\"BreadcrumbList\",\"@id\":\"https:\/\/www.blogsoestado.com\/danielmatos\/reitor-natalino-salgado-assina-ordem-de-servico-para-construcao-de-nucleo-de-artes-da-ufma\/#breadcrumb\",\"itemListElement\":[{\"@type\":\"ListItem\",\"position\":1,\"name\":\"In\u00edcio\",\"item\":\"https:\/\/www.blogsoestado.com\/danielmatos\/\"},{\"@type\":\"ListItem\",\"position\":2,\"name\":\"Reitor Natalino Salgado assina ordem de servi\u00e7o para constru\u00e7\u00e3o de N\u00facleo de Artes da UFMA\"}]},{\"@type\":\"WebSite\",\"@id\":\"https:\/\/www.blogsoestado.com\/danielmatos\/#website\",\"url\":\"https:\/\/www.blogsoestado.com\/danielmatos\/\",\"name\":\"Daniel Matos\",\"description\":\"\",\"potentialAction\":[{\"@type\":\"SearchAction\",\"target\":{\"@type\":\"EntryPoint\",\"urlTemplate\":\"https:\/\/www.blogsoestado.com\/danielmatos\/?s={search_term_string}\"},\"query-input\":{\"@type\":\"PropertyValueSpecification\",\"valueRequired\":true,\"valueName\":\"search_term_string\"}}],\"inLanguage\":\"pt-BR\"}]}<\/script>\n<!-- \/ Yoast SEO plugin. -->","yoast_head_json":{"title":"Reitor Natalino Salgado assina ordem de servi\u00e7o para constru\u00e7\u00e3o de N\u00facleo de Artes da UFMA - Daniel Matos","robots":{"index":"index","follow":"follow","max-snippet":"max-snippet:-1","max-image-preview":"max-image-preview:large","max-video-preview":"max-video-preview:-1"},"canonical":"https:\/\/www.blogsoestado.com\/danielmatos\/reitor-natalino-salgado-assina-ordem-de-servico-para-construcao-de-nucleo-de-artes-da-ufma\/","og_locale":"pt_BR","og_type":"article","og_title":"Reitor Natalino Salgado assina ordem de servi\u00e7o para constru\u00e7\u00e3o de N\u00facleo de Artes da UFMA - Daniel Matos","og_description":"Os cursos de Artes Visuais, M\u00fasica e Teatro da UFMA ganhar\u00e3o um novo pr\u00e9dio com dois pavimentos em uma \u00e1rea [&hellip;]","og_url":"https:\/\/www.blogsoestado.com\/danielmatos\/reitor-natalino-salgado-assina-ordem-de-servico-para-construcao-de-nucleo-de-artes-da-ufma\/","og_site_name":"Daniel Matos","article_published_time":"2014-12-19T19:43:52+00:00","og_image":[{"url":"https:\/\/www.blogsoestado.com\/danielmatos\/files\/2014\/12\/Nucleo-de-Artes-da-UFMA.jpg","type":"","width":"","height":""}],"twitter_card":"summary_large_image","twitter_misc":{"Est. tempo de leitura":"2 minutos"},"schema":{"@context":"https:\/\/schema.org","@graph":[{"@type":"WebPage","@id":"https:\/\/www.blogsoestado.com\/danielmatos\/reitor-natalino-salgado-assina-ordem-de-servico-para-construcao-de-nucleo-de-artes-da-ufma\/","url":"https:\/\/www.blogsoestado.com\/danielmatos\/reitor-natalino-salgado-assina-ordem-de-servico-para-construcao-de-nucleo-de-artes-da-ufma\/","name":"Reitor Natalino Salgado assina ordem de servi\u00e7o para constru\u00e7\u00e3o de N\u00facleo de Artes da UFMA - Daniel Matos","isPartOf":{"@id":"https:\/\/www.blogsoestado.com\/danielmatos\/#website"},"primaryImageOfPage":{"@id":"https:\/\/www.blogsoestado.com\/danielmatos\/reitor-natalino-salgado-assina-ordem-de-servico-para-construcao-de-nucleo-de-artes-da-ufma\/#primaryimage"},"image":{"@id":"https:\/\/www.blogsoestado.com\/danielmatos\/reitor-natalino-salgado-assina-ordem-de-servico-para-construcao-de-nucleo-de-artes-da-ufma\/#primaryimage"},"thumbnailUrl":"https:\/\/www.blogsoestado.com\/danielmatos\/files\/2014\/12\/Nucleo-de-Artes-da-UFMA.jpg","datePublished":"2014-12-19T19:43:52+00:00","author":{"@id":""},"breadcrumb":{"@id":"https:\/\/www.blogsoestado.com\/danielmatos\/reitor-natalino-salgado-assina-ordem-de-servico-para-construcao-de-nucleo-de-artes-da-ufma\/#breadcrumb"},"inLanguage":"pt-BR","potentialAction":[{"@type":"ReadAction","target":["https:\/\/www.blogsoestado.com\/danielmatos\/reitor-natalino-salgado-assina-ordem-de-servico-para-construcao-de-nucleo-de-artes-da-ufma\/"]}]},{"@type":"ImageObject","inLanguage":"pt-BR","@id":"https:\/\/www.blogsoestado.com\/danielmatos\/reitor-natalino-salgado-assina-ordem-de-servico-para-construcao-de-nucleo-de-artes-da-ufma\/#primaryimage","url":"https:\/\/www.blogsoestado.com\/danielmatos\/files\/2014\/12\/Nucleo-de-Artes-da-UFMA.jpg","contentUrl":"https:\/\/www.blogsoestado.com\/danielmatos\/files\/2014\/12\/Nucleo-de-Artes-da-UFMA.jpg"},{"@type":"BreadcrumbList","@id":"https:\/\/www.blogsoestado.com\/danielmatos\/reitor-natalino-salgado-assina-ordem-de-servico-para-construcao-de-nucleo-de-artes-da-ufma\/#breadcrumb","itemListElement":[{"@type":"ListItem","position":1,"name":"In\u00edcio","item":"https:\/\/www.blogsoestado.com\/danielmatos\/"},{"@type":"ListItem","position":2,"name":"Reitor Natalino Salgado assina ordem de servi\u00e7o para constru\u00e7\u00e3o de N\u00facleo de Artes da UFMA"}]},{"@type":"WebSite","@id":"https:\/\/www.blogsoestado.com\/danielmatos\/#website","url":"https:\/\/www.blogsoestado.com\/danielmatos\/","name":"Daniel Matos","description":"","potentialAction":[{"@type":"SearchAction","target":{"@type":"EntryPoint","urlTemplate":"https:\/\/www.blogsoestado.com\/danielmatos\/?s={search_term_string}"},"query-input":{"@type":"PropertyValueSpecification","valueRequired":true,"valueName":"search_term_string"}}],"inLanguage":"pt-BR"}]}},"jetpack_featured_media_url":"","_links":{"self":[{"href":"https:\/\/www.blogsoestado.com\/danielmatos\/wp-json\/wp\/v2\/posts\/21234","targetHints":{"allow":["GET"]}}],"collection":[{"href":"https:\/\/www.blogsoestado.com\/danielmatos\/wp-json\/wp\/v2\/posts"}],"about":[{"href":"https:\/\/www.blogsoestado.com\/danielmatos\/wp-json\/wp\/v2\/types\/post"}],"replies":[{"embeddable":true,"href":"https:\/\/www.blogsoestado.com\/danielmatos\/wp-json\/wp\/v2\/comments?post=21234"}],"version-history":[{"count":0,"href":"https:\/\/www.blogsoestado.com\/danielmatos\/wp-json\/wp\/v2\/posts\/21234\/revisions"}],"wp:attachment":[{"href":"https:\/\/www.blogsoestado.com\/danielmatos\/wp-json\/wp\/v2\/media?parent=21234"}],"wp:term":[{"taxonomy":"category","embeddable":true,"href":"https:\/\/www.blogsoestado.com\/danielmatos\/wp-json\/wp\/v2\/categories?post=21234"},{"taxonomy":"post_tag","embeddable":true,"href":"https:\/\/www.blogsoestado.com\/danielmatos\/wp-json\/wp\/v2\/tags?post=21234"}],"curies":[{"name":"wp","href":"https:\/\/api.w.org\/{rel}","templated":true}]}}