{"id":21247,"date":"2014-12-22T11:48:16","date_gmt":"2014-12-22T14:48:16","guid":{"rendered":"https:\/\/www.blogsoestado.com\/danielmatos\/?p=21247"},"modified":"2014-12-22T11:48:16","modified_gmt":"2014-12-22T14:48:16","slug":"sociologo-jowberth-alves-e-nomeado-superintendente-do-incra-no-maranhao","status":"publish","type":"post","link":"https:\/\/www.blogsoestado.com\/danielmatos\/sociologo-jowberth-alves-e-nomeado-superintendente-do-incra-no-maranhao\/","title":{"rendered":"Soci\u00f3logo Jowberth Alves \u00e9 nomeado superintendente do Incra no Maranh\u00e3o"},"content":{"rendered":"<figure id=\"attachment_15461\" aria-describedby=\"caption-attachment-15461\" style=\"width: 640px\" class=\"wp-caption aligncenter\"><a href=\"https:\/\/www.blogsoestado.com\/danielmatos\/files\/2014\/03\/jowberth.jpg\"><img fetchpriority=\"high\" decoding=\"async\" class=\"size-full wp-image-15461\" src=\"https:\/\/www.blogsoestado.com\/danielmatos\/files\/2014\/03\/jowberth.jpg\" alt=\"Na presen\u00e7a do superintendente Jos\u00e9 In\u00e1cio Rodrigues, Jowbert fala a fam\u00edlias de trabalhadores rurais durante evento promovido pelo Incra\" width=\"640\" height=\"480\" \/><\/a><figcaption id=\"caption-attachment-15461\" class=\"wp-caption-text\">Na presen\u00e7a do ex-superintendente Jos\u00e9 In\u00e1cio e de lideran\u00e7as rurais, Jowbert fala a fam\u00edlias de\u00a0lavradores<\/figcaption><\/figure>\n<p>O\u00a0soci\u00f3logo Jowberth Frank Alves da Silva, que at\u00e9 recentemente\u00a0coordenava\u00a0o programa Terra Legal no Maranh\u00e3o \u00e9 o novo\u00a0superintendente regional do Instituto Nacional de Coloniza\u00e7\u00e3o e Reforma Agr\u00e1ria (Incra). A portaria informando a nomea\u00e7\u00e3o do novo gestor do \u00f3rg\u00e3o no estado foi publicada nesta segunda-feira (22), no Di\u00e1rio Oficial da Uni\u00e3o (DOU).<\/p>\n<p>Jowberth tem especializa\u00e7\u00e3o acad\u00eamica em Pol\u00edticas P\u00fablicas na Universidade do Amazonas\u00a0e\u00a0j\u00e1 solucionou conflitos de terra e promoveu a regulariza\u00e7\u00e3o fundi\u00e1ria em diferentes regi\u00f5es maranhenses, o que lhe garantiu o apoio de v\u00e1rios segmentos importantes ligados ao setor agr\u00e1rio.<\/p>\n<p>Um dos que reconheceu a efici\u00eancia do trabalho realizado por Jowberth foi o Sindicato Nacional dos Peritos Federais e Agr\u00e1rios (SindPFA), regional Maranh\u00e3o, que recentemente aprovou mo\u00e7\u00e3o defendendo a indica\u00e7\u00e3o dele para o cargo. \u201d a indica\u00e7\u00e3o de Jowberth Frank Alves da Silva desponta como uma, sen\u00e3o a melhor indica\u00e7\u00e3o para a Superintend\u00eancia deste \u00f3rg\u00e3o p\u00fablico (o Incra) de maior aproxima\u00e7\u00e3o do homem do campo e de ineg\u00e1veis a\u00e7\u00f5es promotoras de justi\u00e7a social ao agricultor familiar\u201d, assinala o SindPFA.<\/p>\n<p>\u201cNo desempenho de seu papel como coordenador do programa Terra Legal, contornou com extrema habilidade conflitos existentes entre movimentos sociais no campo e fazendeiros na regi\u00e3o sul do estado, evitando conflitos, como, por exemplo, o da Fazenda Cip\u00f3 Cortado, culminando com a retomada pac\u00edfica da \u00e1rea, permitindo o assentamento de fam\u00edlias pelo Incra\u201d, acrescenta a entidade sindical.<\/p>\n<p><strong>Realiza\u00e7\u00f5es<\/strong><\/p>\n<figure id=\"attachment_21249\" aria-describedby=\"caption-attachment-21249\" style=\"width: 329px\" class=\"wp-caption alignleft\"><a href=\"https:\/\/www.blogsoestado.com\/danielmatos\/files\/2014\/12\/jowberth-incra.jpg\"><img decoding=\"async\" class=\"size-full wp-image-21249\" src=\"https:\/\/www.blogsoestado.com\/danielmatos\/files\/2014\/12\/jowberth-incra.jpg\" alt=\"Portaria informando nomea\u00e7\u00e3o do soci\u00f3logo, publicada hoje no DOU\" width=\"329\" height=\"208\" \/><\/a><figcaption id=\"caption-attachment-21249\" class=\"wp-caption-text\">Portaria informando nomea\u00e7\u00e3o do soci\u00f3logo, publicada hoje no DOU<\/figcaption><\/figure>\n<p>Desde quando assumiu a coordena\u00e7\u00e3o do programa Terra Legal, Jowberth j\u00e1 promoveu uma s\u00e9rie de realiza\u00e7\u00f5es, entre as quais a titula\u00e7\u00e3o de fam\u00edlias posseiras nas regi\u00f5es do Alto Turi, Gurupi e Tocantina, levando o Maranh\u00e3o a se destacar nacionalmente nas a\u00e7\u00f5es de realiza\u00e7\u00e3o fundi\u00e1ria. Ao todo, j\u00e1 foram tituladas, na gest\u00e3o do coordenador, cerca de 1.200 fam\u00edlias de trabalhadores rurais. Tamb\u00e9m j\u00e1 foram destinados cerca de 50 mil hectares para \u00e1reas urbanas dos munic\u00edpios, beneficiando cerca de 200 mil fam\u00edlias.<\/p>\n<p>A atua\u00e7\u00e3o de Jowbert tamb\u00e9m se destaca pela media\u00e7\u00e3o e solu\u00e7\u00e3o de conflitos entre os movimentos de trabalhadores rurais e supostos grileiros da regi\u00e3o Tocantina, para onde, por meio do programa Terra Legal, j\u00e1 foram destinados pelo Incra ceca de 2.700 hectares para cria\u00e7\u00e3o de projetos de assentamento, beneficiando diretamente cerca de 144 fam\u00edlias que h\u00e1 anos estavam em acampamentos nos arredores de fazendas.<\/p>\n<p>Agora superintendente regional do Incra, o soci\u00f3logo tem plenas condi\u00e7\u00f5es de tornar ainda mais din\u00e2mica a pol\u00edtica de reforma agr\u00e1ria no estado.<\/p>\n","protected":false},"excerpt":{"rendered":"<p>O\u00a0soci\u00f3logo Jowberth Frank Alves da Silva, que at\u00e9 recentemente\u00a0coordenava\u00a0o programa Terra Legal no Maranh\u00e3o \u00e9 o novo\u00a0superintendente regional do Instituto [&hellip;]<\/p>\n","protected":false},"author":0,"featured_media":0,"comment_status":"open","ping_status":"open","sticky":false,"template":"","format":"standard","meta":{"site-sidebar-layout":"default","site-content-layout":"","ast-site-content-layout":"default","site-content-style":"default","site-sidebar-style":"default","ast-global-header-display":"","ast-banner-title-visibility":"","ast-main-header-display":"","ast-hfb-above-header-display":"","ast-hfb-below-header-display":"","ast-hfb-mobile-header-display":"","site-post-title":"","ast-breadcrumbs-content":"","ast-featured-img":"","footer-sml-layout":"","ast-disable-related-posts":"","theme-transparent-header-meta":"","adv-header-id-meta":"","stick-header-meta":"","header-above-stick-meta":"","header-main-stick-meta":"","header-below-stick-meta":"","astra-migrate-meta-layouts":"default","ast-page-background-enabled":"default","ast-page-background-meta":{"desktop":{"background-color":"var(--ast-global-color-5)","background-image":"","background-repeat":"repeat","background-position":"center center","background-size":"auto","background-attachment":"scroll","background-type":"","background-media":"","overlay-type":"","overlay-color":"","overlay-opacity":"","overlay-gradient":""},"tablet":{"background-color":"","background-image":"","background-repeat":"repeat","background-position":"center center","background-size":"auto","background-attachment":"scroll","background-type":"","background-media":"","overlay-type":"","overlay-color":"","overlay-opacity":"","overlay-gradient":""},"mobile":{"background-color":"","background-image":"","background-repeat":"repeat","background-position":"center center","background-size":"auto","background-attachment":"scroll","background-type":"","background-media":"","overlay-type":"","overlay-color":"","overlay-opacity":"","overlay-gradient":""}},"ast-content-background-meta":{"desktop":{"background-color":"var(--ast-global-color-4)","background-image":"","background-repeat":"repeat","background-position":"center center","background-size":"auto","background-attachment":"scroll","background-type":"","background-media":"","overlay-type":"","overlay-color":"","overlay-opacity":"","overlay-gradient":""},"tablet":{"background-color":"var(--ast-global-color-4)","background-image":"","background-repeat":"repeat","background-position":"center center","background-size":"auto","background-attachment":"scroll","background-type":"","background-media":"","overlay-type":"","overlay-color":"","overlay-opacity":"","overlay-gradient":""},"mobile":{"background-color":"var(--ast-global-color-4)","background-image":"","background-repeat":"repeat","background-position":"center center","background-size":"auto","background-attachment":"scroll","background-type":"","background-media":"","overlay-type":"","overlay-color":"","overlay-opacity":"","overlay-gradient":""}},"footnotes":""},"categories":[1],"tags":[],"class_list":["post-21247","post","type-post","status-publish","format-standard","hentry","category-sem-categoria"],"yoast_head":"<!-- This site is optimized with the Yoast SEO plugin v26.6 - https:\/\/yoast.com\/wordpress\/plugins\/seo\/ -->\n<title>Soci\u00f3logo Jowberth Alves \u00e9 nomeado superintendente do Incra no Maranh\u00e3o - Daniel Matos<\/title>\n<meta name=\"robots\" content=\"index, follow, max-snippet:-1, max-image-preview:large, max-video-preview:-1\" \/>\n<link rel=\"canonical\" href=\"https:\/\/www.blogsoestado.com\/danielmatos\/sociologo-jowberth-alves-e-nomeado-superintendente-do-incra-no-maranhao\/\" \/>\n<meta property=\"og:locale\" content=\"pt_BR\" \/>\n<meta property=\"og:type\" content=\"article\" \/>\n<meta property=\"og:title\" content=\"Soci\u00f3logo Jowberth Alves \u00e9 nomeado superintendente do Incra no Maranh\u00e3o - Daniel Matos\" \/>\n<meta property=\"og:description\" content=\"O\u00a0soci\u00f3logo Jowberth Frank Alves da Silva, que at\u00e9 recentemente\u00a0coordenava\u00a0o programa Terra Legal no Maranh\u00e3o \u00e9 o novo\u00a0superintendente regional do Instituto [&hellip;]\" \/>\n<meta property=\"og:url\" content=\"https:\/\/www.blogsoestado.com\/danielmatos\/sociologo-jowberth-alves-e-nomeado-superintendente-do-incra-no-maranhao\/\" \/>\n<meta property=\"og:site_name\" content=\"Daniel Matos\" \/>\n<meta property=\"article:published_time\" content=\"2014-12-22T14:48:16+00:00\" \/>\n<meta property=\"og:image\" content=\"https:\/\/www.blogsoestado.com\/danielmatos\/files\/2014\/03\/jowberth.jpg\" \/>\n<meta name=\"twitter:card\" content=\"summary_large_image\" \/>\n<meta name=\"twitter:label1\" content=\"Est. tempo de leitura\" \/>\n\t<meta name=\"twitter:data1\" content=\"2 minutos\" \/>\n<script type=\"application\/ld+json\" class=\"yoast-schema-graph\">{\"@context\":\"https:\/\/schema.org\",\"@graph\":[{\"@type\":\"WebPage\",\"@id\":\"https:\/\/www.blogsoestado.com\/danielmatos\/sociologo-jowberth-alves-e-nomeado-superintendente-do-incra-no-maranhao\/\",\"url\":\"https:\/\/www.blogsoestado.com\/danielmatos\/sociologo-jowberth-alves-e-nomeado-superintendente-do-incra-no-maranhao\/\",\"name\":\"Soci\u00f3logo Jowberth Alves \u00e9 nomeado superintendente do Incra no Maranh\u00e3o - Daniel Matos\",\"isPartOf\":{\"@id\":\"https:\/\/www.blogsoestado.com\/danielmatos\/#website\"},\"primaryImageOfPage\":{\"@id\":\"https:\/\/www.blogsoestado.com\/danielmatos\/sociologo-jowberth-alves-e-nomeado-superintendente-do-incra-no-maranhao\/#primaryimage\"},\"image\":{\"@id\":\"https:\/\/www.blogsoestado.com\/danielmatos\/sociologo-jowberth-alves-e-nomeado-superintendente-do-incra-no-maranhao\/#primaryimage\"},\"thumbnailUrl\":\"https:\/\/www.blogsoestado.com\/danielmatos\/files\/2014\/03\/jowberth.jpg\",\"datePublished\":\"2014-12-22T14:48:16+00:00\",\"author\":{\"@id\":\"\"},\"breadcrumb\":{\"@id\":\"https:\/\/www.blogsoestado.com\/danielmatos\/sociologo-jowberth-alves-e-nomeado-superintendente-do-incra-no-maranhao\/#breadcrumb\"},\"inLanguage\":\"pt-BR\",\"potentialAction\":[{\"@type\":\"ReadAction\",\"target\":[\"https:\/\/www.blogsoestado.com\/danielmatos\/sociologo-jowberth-alves-e-nomeado-superintendente-do-incra-no-maranhao\/\"]}]},{\"@type\":\"ImageObject\",\"inLanguage\":\"pt-BR\",\"@id\":\"https:\/\/www.blogsoestado.com\/danielmatos\/sociologo-jowberth-alves-e-nomeado-superintendente-do-incra-no-maranhao\/#primaryimage\",\"url\":\"https:\/\/www.blogsoestado.com\/danielmatos\/files\/2014\/03\/jowberth.jpg\",\"contentUrl\":\"https:\/\/www.blogsoestado.com\/danielmatos\/files\/2014\/03\/jowberth.jpg\"},{\"@type\":\"BreadcrumbList\",\"@id\":\"https:\/\/www.blogsoestado.com\/danielmatos\/sociologo-jowberth-alves-e-nomeado-superintendente-do-incra-no-maranhao\/#breadcrumb\",\"itemListElement\":[{\"@type\":\"ListItem\",\"position\":1,\"name\":\"In\u00edcio\",\"item\":\"https:\/\/www.blogsoestado.com\/danielmatos\/\"},{\"@type\":\"ListItem\",\"position\":2,\"name\":\"Soci\u00f3logo Jowberth Alves \u00e9 nomeado superintendente do Incra no Maranh\u00e3o\"}]},{\"@type\":\"WebSite\",\"@id\":\"https:\/\/www.blogsoestado.com\/danielmatos\/#website\",\"url\":\"https:\/\/www.blogsoestado.com\/danielmatos\/\",\"name\":\"Daniel Matos\",\"description\":\"\",\"potentialAction\":[{\"@type\":\"SearchAction\",\"target\":{\"@type\":\"EntryPoint\",\"urlTemplate\":\"https:\/\/www.blogsoestado.com\/danielmatos\/?s={search_term_string}\"},\"query-input\":{\"@type\":\"PropertyValueSpecification\",\"valueRequired\":true,\"valueName\":\"search_term_string\"}}],\"inLanguage\":\"pt-BR\"}]}<\/script>\n<!-- \/ Yoast SEO plugin. -->","yoast_head_json":{"title":"Soci\u00f3logo Jowberth Alves \u00e9 nomeado superintendente do Incra no Maranh\u00e3o - Daniel Matos","robots":{"index":"index","follow":"follow","max-snippet":"max-snippet:-1","max-image-preview":"max-image-preview:large","max-video-preview":"max-video-preview:-1"},"canonical":"https:\/\/www.blogsoestado.com\/danielmatos\/sociologo-jowberth-alves-e-nomeado-superintendente-do-incra-no-maranhao\/","og_locale":"pt_BR","og_type":"article","og_title":"Soci\u00f3logo Jowberth Alves \u00e9 nomeado superintendente do Incra no Maranh\u00e3o - Daniel Matos","og_description":"O\u00a0soci\u00f3logo Jowberth Frank Alves da Silva, que at\u00e9 recentemente\u00a0coordenava\u00a0o programa Terra Legal no Maranh\u00e3o \u00e9 o novo\u00a0superintendente regional do Instituto [&hellip;]","og_url":"https:\/\/www.blogsoestado.com\/danielmatos\/sociologo-jowberth-alves-e-nomeado-superintendente-do-incra-no-maranhao\/","og_site_name":"Daniel Matos","article_published_time":"2014-12-22T14:48:16+00:00","og_image":[{"url":"https:\/\/www.blogsoestado.com\/danielmatos\/files\/2014\/03\/jowberth.jpg","type":"","width":"","height":""}],"twitter_card":"summary_large_image","twitter_misc":{"Est. tempo de leitura":"2 minutos"},"schema":{"@context":"https:\/\/schema.org","@graph":[{"@type":"WebPage","@id":"https:\/\/www.blogsoestado.com\/danielmatos\/sociologo-jowberth-alves-e-nomeado-superintendente-do-incra-no-maranhao\/","url":"https:\/\/www.blogsoestado.com\/danielmatos\/sociologo-jowberth-alves-e-nomeado-superintendente-do-incra-no-maranhao\/","name":"Soci\u00f3logo Jowberth Alves \u00e9 nomeado superintendente do Incra no Maranh\u00e3o - Daniel Matos","isPartOf":{"@id":"https:\/\/www.blogsoestado.com\/danielmatos\/#website"},"primaryImageOfPage":{"@id":"https:\/\/www.blogsoestado.com\/danielmatos\/sociologo-jowberth-alves-e-nomeado-superintendente-do-incra-no-maranhao\/#primaryimage"},"image":{"@id":"https:\/\/www.blogsoestado.com\/danielmatos\/sociologo-jowberth-alves-e-nomeado-superintendente-do-incra-no-maranhao\/#primaryimage"},"thumbnailUrl":"https:\/\/www.blogsoestado.com\/danielmatos\/files\/2014\/03\/jowberth.jpg","datePublished":"2014-12-22T14:48:16+00:00","author":{"@id":""},"breadcrumb":{"@id":"https:\/\/www.blogsoestado.com\/danielmatos\/sociologo-jowberth-alves-e-nomeado-superintendente-do-incra-no-maranhao\/#breadcrumb"},"inLanguage":"pt-BR","potentialAction":[{"@type":"ReadAction","target":["https:\/\/www.blogsoestado.com\/danielmatos\/sociologo-jowberth-alves-e-nomeado-superintendente-do-incra-no-maranhao\/"]}]},{"@type":"ImageObject","inLanguage":"pt-BR","@id":"https:\/\/www.blogsoestado.com\/danielmatos\/sociologo-jowberth-alves-e-nomeado-superintendente-do-incra-no-maranhao\/#primaryimage","url":"https:\/\/www.blogsoestado.com\/danielmatos\/files\/2014\/03\/jowberth.jpg","contentUrl":"https:\/\/www.blogsoestado.com\/danielmatos\/files\/2014\/03\/jowberth.jpg"},{"@type":"BreadcrumbList","@id":"https:\/\/www.blogsoestado.com\/danielmatos\/sociologo-jowberth-alves-e-nomeado-superintendente-do-incra-no-maranhao\/#breadcrumb","itemListElement":[{"@type":"ListItem","position":1,"name":"In\u00edcio","item":"https:\/\/www.blogsoestado.com\/danielmatos\/"},{"@type":"ListItem","position":2,"name":"Soci\u00f3logo Jowberth Alves \u00e9 nomeado superintendente do Incra no Maranh\u00e3o"}]},{"@type":"WebSite","@id":"https:\/\/www.blogsoestado.com\/danielmatos\/#website","url":"https:\/\/www.blogsoestado.com\/danielmatos\/","name":"Daniel Matos","description":"","potentialAction":[{"@type":"SearchAction","target":{"@type":"EntryPoint","urlTemplate":"https:\/\/www.blogsoestado.com\/danielmatos\/?s={search_term_string}"},"query-input":{"@type":"PropertyValueSpecification","valueRequired":true,"valueName":"search_term_string"}}],"inLanguage":"pt-BR"}]}},"jetpack_featured_media_url":"","_links":{"self":[{"href":"https:\/\/www.blogsoestado.com\/danielmatos\/wp-json\/wp\/v2\/posts\/21247","targetHints":{"allow":["GET"]}}],"collection":[{"href":"https:\/\/www.blogsoestado.com\/danielmatos\/wp-json\/wp\/v2\/posts"}],"about":[{"href":"https:\/\/www.blogsoestado.com\/danielmatos\/wp-json\/wp\/v2\/types\/post"}],"replies":[{"embeddable":true,"href":"https:\/\/www.blogsoestado.com\/danielmatos\/wp-json\/wp\/v2\/comments?post=21247"}],"version-history":[{"count":0,"href":"https:\/\/www.blogsoestado.com\/danielmatos\/wp-json\/wp\/v2\/posts\/21247\/revisions"}],"wp:attachment":[{"href":"https:\/\/www.blogsoestado.com\/danielmatos\/wp-json\/wp\/v2\/media?parent=21247"}],"wp:term":[{"taxonomy":"category","embeddable":true,"href":"https:\/\/www.blogsoestado.com\/danielmatos\/wp-json\/wp\/v2\/categories?post=21247"},{"taxonomy":"post_tag","embeddable":true,"href":"https:\/\/www.blogsoestado.com\/danielmatos\/wp-json\/wp\/v2\/tags?post=21247"}],"curies":[{"name":"wp","href":"https:\/\/api.w.org\/{rel}","templated":true}]}}