{"id":21251,"date":"2014-12-22T16:55:29","date_gmt":"2014-12-22T19:55:29","guid":{"rendered":"https:\/\/www.blogsoestado.com\/danielmatos\/?p=21251"},"modified":"2014-12-22T16:55:29","modified_gmt":"2014-12-22T19:55:29","slug":"orcamento-de-sao-luis-2015-e-aprovado-sem-emendas","status":"publish","type":"post","link":"https:\/\/www.blogsoestado.com\/danielmatos\/orcamento-de-sao-luis-2015-e-aprovado-sem-emendas\/","title":{"rendered":"Or\u00e7amento de S\u00e3o Lu\u00eds 2015 \u00e9 aprovado sem emendas"},"content":{"rendered":"<figure id=\"attachment_21252\" aria-describedby=\"caption-attachment-21252\" style=\"width: 275px\" class=\"wp-caption alignleft\"><a href=\"https:\/\/www.blogsoestado.com\/danielmatos\/files\/2014\/12\/foto-or\u00e7amento.jpg\"><img fetchpriority=\"high\" decoding=\"async\" class=\"size-full wp-image-21252\" src=\"https:\/\/www.blogsoestado.com\/danielmatos\/files\/2014\/12\/foto-or\u00e7amento.jpg\" alt=\"C\u00e2mara aprovou o or\u00e7amento sem nenhuma emenda das 85 apresentadas\" width=\"275\" height=\"183\" \/><\/a><figcaption id=\"caption-attachment-21252\" class=\"wp-caption-text\">C\u00e2mara aprovou o or\u00e7amento sem nenhuma emenda das 85 apresentadas<\/figcaption><\/figure>\n<p>Contando com a presen\u00e7a de vinte e oito (28) vereadores em plen\u00e1rio, estiveram ausentes da sess\u00e3o Luciana Mendes (PCdoB), Ricardo Diniz (PHS) e Roberto Rocha Junior (PSB), a C\u00e2mara Municipal de S\u00e3o Lu\u00eds aprovou, no in\u00edcio da tarde desta segunda-feira, (22), sem nenhuma emenda das oitenta e cinco (85) apresentadas, a LOA (Lei Or\u00e7ament\u00e1ria Anual) para o Poder Executivo executar no ano de 2015, tendo votado contra a pe\u00e7a or\u00e7ament\u00e1ria F\u00e1bio C\u00e2mara (PMDB) e Rose Sales (PCdoB), a exemplo do comportamento assumido em 2014.<\/p>\n<p>Logo no in\u00edcio da sess\u00e3o o vereador Jos\u00e9 Joaquim (PSDB), relator da LOA, fez a apresenta\u00e7\u00e3o do relat\u00f3rio da Comiss\u00e3o de Or\u00e7amento, informando que seis (06) vereadores apresentaram oitenta e cinco (85) emendas, sendo setenta e oito (78) indicativas e sete (07) modificativas, o que corresponde mais de R$ 169 milh\u00f5es. Todas as emendas foram rejeitadas pois n\u00e3o atendiam aos requisitos do artigo 166 da Constitui\u00e7\u00e3o Federal. O vereador tucano ainda falou que est\u00e3o garantidos na Secretaria Municipal de Governo R$ 32 milh\u00f5es para as emendas impositivas, o que cada vereador tem direito a uma.<\/p>\n<p>Os parlamentares peemedebista e comunista criticaram bastante o or\u00e7amento, tendo o primeiro enfatizado bastante o que considera pressa na vota\u00e7\u00e3o, enquanto a segunda chegou a classificar a LOA como \u201cum engodo\u201d. A dupla centrou seus argumentos principalmente no montante de R$ 23 milh\u00f5es destinados para a \u00e1rea de comunica\u00e7\u00e3o. Respondendo para o vereador do PMDB o presidente do Legislativo Ludovicense, vereador Antonio Isaias Pereirinha (PSL), lembrou que a mat\u00e9ria tramitou na Casa por mais de setenta (70) dias, al\u00e9m da realiza\u00e7\u00e3o de audi\u00eancia e encontros com secret\u00e1rios municipais e entre os vereadores, \u201ce n\u00e3o pode est\u00e1 sendo votada a toque de caixa\u201d, arrematou ele.<\/p>\n<p><strong>Manifesta\u00e7\u00e3o<\/strong><\/p>\n<p>J\u00e1 os vereadores Osmar Filho (PSB) e Marquinhos (PRB) dirigiram-se a dupla oposicionista falando que reconheciam o posicionamento dos colegas, \u201cmas vossa Excel\u00eancia n\u00e3o acompanhou o trabalho da Comiss\u00e3o de Or\u00e7amento, al\u00e9m de dizer que em suas palavras voc\u00ea procura colocar esta Casa numa situa\u00e7\u00e3o delicada, e quero acrescentar que esta Casa tem respeito, altivez e luta\u201d, disse o socialista para o peemedebista. Por sua vez o representante do partido republicano pontuou: \u201cmas \u00e9 necess\u00e1rio que tenhamos coer\u00eancia e respeito com a coisa p\u00fablica\u201d.<\/p>\n<p>O presidente da Comiss\u00e3o de Or\u00e7amento, Ivaldo Rodrigues (PDT), acentuou que \u201cn\u00f3s cumprimos a risca todo o planejamento de trabalho para o tramite da LOA, numa forma de apresentar um trabalho transparente n\u00e3o s\u00f3 para esta Casa como para a popula\u00e7\u00e3o, para a sociedade\u201d. Ainda fizeram uso da palavra os vereadores Pedro Lucas (PTB), Francisco Chaguinhas (PSB), Pav\u00e3o Filho (PDT), fazendo abordagem acerca da pe\u00e7a or\u00e7ament\u00e1ria, e S\u00e9rgio Frota (PSDB), aproveitando para fazer sua despedida da C\u00e2mara Municipal.<\/p>\n","protected":false},"excerpt":{"rendered":"<p>Contando com a presen\u00e7a de vinte e oito (28) vereadores em plen\u00e1rio, estiveram ausentes da sess\u00e3o Luciana Mendes (PCdoB), Ricardo [&hellip;]<\/p>\n","protected":false},"author":0,"featured_media":0,"comment_status":"open","ping_status":"open","sticky":false,"template":"","format":"standard","meta":{"site-sidebar-layout":"default","site-content-layout":"","ast-site-content-layout":"default","site-content-style":"default","site-sidebar-style":"default","ast-global-header-display":"","ast-banner-title-visibility":"","ast-main-header-display":"","ast-hfb-above-header-display":"","ast-hfb-below-header-display":"","ast-hfb-mobile-header-display":"","site-post-title":"","ast-breadcrumbs-content":"","ast-featured-img":"","footer-sml-layout":"","ast-disable-related-posts":"","theme-transparent-header-meta":"","adv-header-id-meta":"","stick-header-meta":"","header-above-stick-meta":"","header-main-stick-meta":"","header-below-stick-meta":"","astra-migrate-meta-layouts":"default","ast-page-background-enabled":"default","ast-page-background-meta":{"desktop":{"background-color":"var(--ast-global-color-5)","background-image":"","background-repeat":"repeat","background-position":"center center","background-size":"auto","background-attachment":"scroll","background-type":"","background-media":"","overlay-type":"","overlay-color":"","overlay-opacity":"","overlay-gradient":""},"tablet":{"background-color":"","background-image":"","background-repeat":"repeat","background-position":"center center","background-size":"auto","background-attachment":"scroll","background-type":"","background-media":"","overlay-type":"","overlay-color":"","overlay-opacity":"","overlay-gradient":""},"mobile":{"background-color":"","background-image":"","background-repeat":"repeat","background-position":"center center","background-size":"auto","background-attachment":"scroll","background-type":"","background-media":"","overlay-type":"","overlay-color":"","overlay-opacity":"","overlay-gradient":""}},"ast-content-background-meta":{"desktop":{"background-color":"var(--ast-global-color-4)","background-image":"","background-repeat":"repeat","background-position":"center center","background-size":"auto","background-attachment":"scroll","background-type":"","background-media":"","overlay-type":"","overlay-color":"","overlay-opacity":"","overlay-gradient":""},"tablet":{"background-color":"var(--ast-global-color-4)","background-image":"","background-repeat":"repeat","background-position":"center center","background-size":"auto","background-attachment":"scroll","background-type":"","background-media":"","overlay-type":"","overlay-color":"","overlay-opacity":"","overlay-gradient":""},"mobile":{"background-color":"var(--ast-global-color-4)","background-image":"","background-repeat":"repeat","background-position":"center center","background-size":"auto","background-attachment":"scroll","background-type":"","background-media":"","overlay-type":"","overlay-color":"","overlay-opacity":"","overlay-gradient":""}},"footnotes":""},"categories":[1],"tags":[],"class_list":["post-21251","post","type-post","status-publish","format-standard","hentry","category-sem-categoria"],"yoast_head":"<!-- This site is optimized with the Yoast SEO plugin v26.6 - https:\/\/yoast.com\/wordpress\/plugins\/seo\/ -->\n<title>Or\u00e7amento de S\u00e3o Lu\u00eds 2015 \u00e9 aprovado sem emendas - Daniel Matos<\/title>\n<meta name=\"robots\" content=\"index, follow, max-snippet:-1, max-image-preview:large, max-video-preview:-1\" \/>\n<link rel=\"canonical\" href=\"https:\/\/www.blogsoestado.com\/danielmatos\/orcamento-de-sao-luis-2015-e-aprovado-sem-emendas\/\" \/>\n<meta property=\"og:locale\" content=\"pt_BR\" \/>\n<meta property=\"og:type\" content=\"article\" \/>\n<meta property=\"og:title\" content=\"Or\u00e7amento de S\u00e3o Lu\u00eds 2015 \u00e9 aprovado sem emendas - Daniel Matos\" \/>\n<meta property=\"og:description\" content=\"Contando com a presen\u00e7a de vinte e oito (28) vereadores em plen\u00e1rio, estiveram ausentes da sess\u00e3o Luciana Mendes (PCdoB), Ricardo [&hellip;]\" \/>\n<meta property=\"og:url\" content=\"https:\/\/www.blogsoestado.com\/danielmatos\/orcamento-de-sao-luis-2015-e-aprovado-sem-emendas\/\" \/>\n<meta property=\"og:site_name\" content=\"Daniel Matos\" \/>\n<meta property=\"article:published_time\" content=\"2014-12-22T19:55:29+00:00\" \/>\n<meta name=\"twitter:card\" content=\"summary_large_image\" \/>\n<meta name=\"twitter:label1\" content=\"Est. tempo de leitura\" \/>\n\t<meta name=\"twitter:data1\" content=\"3 minutos\" \/>\n<script type=\"application\/ld+json\" class=\"yoast-schema-graph\">{\"@context\":\"https:\/\/schema.org\",\"@graph\":[{\"@type\":\"WebPage\",\"@id\":\"https:\/\/www.blogsoestado.com\/danielmatos\/orcamento-de-sao-luis-2015-e-aprovado-sem-emendas\/\",\"url\":\"https:\/\/www.blogsoestado.com\/danielmatos\/orcamento-de-sao-luis-2015-e-aprovado-sem-emendas\/\",\"name\":\"Or\u00e7amento de S\u00e3o Lu\u00eds 2015 \u00e9 aprovado sem emendas - Daniel Matos\",\"isPartOf\":{\"@id\":\"https:\/\/www.blogsoestado.com\/danielmatos\/#website\"},\"datePublished\":\"2014-12-22T19:55:29+00:00\",\"author\":{\"@id\":\"\"},\"breadcrumb\":{\"@id\":\"https:\/\/www.blogsoestado.com\/danielmatos\/orcamento-de-sao-luis-2015-e-aprovado-sem-emendas\/#breadcrumb\"},\"inLanguage\":\"pt-BR\",\"potentialAction\":[{\"@type\":\"ReadAction\",\"target\":[\"https:\/\/www.blogsoestado.com\/danielmatos\/orcamento-de-sao-luis-2015-e-aprovado-sem-emendas\/\"]}]},{\"@type\":\"BreadcrumbList\",\"@id\":\"https:\/\/www.blogsoestado.com\/danielmatos\/orcamento-de-sao-luis-2015-e-aprovado-sem-emendas\/#breadcrumb\",\"itemListElement\":[{\"@type\":\"ListItem\",\"position\":1,\"name\":\"In\u00edcio\",\"item\":\"https:\/\/www.blogsoestado.com\/danielmatos\/\"},{\"@type\":\"ListItem\",\"position\":2,\"name\":\"Or\u00e7amento de S\u00e3o Lu\u00eds 2015 \u00e9 aprovado sem emendas\"}]},{\"@type\":\"WebSite\",\"@id\":\"https:\/\/www.blogsoestado.com\/danielmatos\/#website\",\"url\":\"https:\/\/www.blogsoestado.com\/danielmatos\/\",\"name\":\"Daniel Matos\",\"description\":\"\",\"potentialAction\":[{\"@type\":\"SearchAction\",\"target\":{\"@type\":\"EntryPoint\",\"urlTemplate\":\"https:\/\/www.blogsoestado.com\/danielmatos\/?s={search_term_string}\"},\"query-input\":{\"@type\":\"PropertyValueSpecification\",\"valueRequired\":true,\"valueName\":\"search_term_string\"}}],\"inLanguage\":\"pt-BR\"}]}<\/script>\n<!-- \/ Yoast SEO plugin. -->","yoast_head_json":{"title":"Or\u00e7amento de S\u00e3o Lu\u00eds 2015 \u00e9 aprovado sem emendas - Daniel Matos","robots":{"index":"index","follow":"follow","max-snippet":"max-snippet:-1","max-image-preview":"max-image-preview:large","max-video-preview":"max-video-preview:-1"},"canonical":"https:\/\/www.blogsoestado.com\/danielmatos\/orcamento-de-sao-luis-2015-e-aprovado-sem-emendas\/","og_locale":"pt_BR","og_type":"article","og_title":"Or\u00e7amento de S\u00e3o Lu\u00eds 2015 \u00e9 aprovado sem emendas - Daniel Matos","og_description":"Contando com a presen\u00e7a de vinte e oito (28) vereadores em plen\u00e1rio, estiveram ausentes da sess\u00e3o Luciana Mendes (PCdoB), Ricardo [&hellip;]","og_url":"https:\/\/www.blogsoestado.com\/danielmatos\/orcamento-de-sao-luis-2015-e-aprovado-sem-emendas\/","og_site_name":"Daniel Matos","article_published_time":"2014-12-22T19:55:29+00:00","twitter_card":"summary_large_image","twitter_misc":{"Est. tempo de leitura":"3 minutos"},"schema":{"@context":"https:\/\/schema.org","@graph":[{"@type":"WebPage","@id":"https:\/\/www.blogsoestado.com\/danielmatos\/orcamento-de-sao-luis-2015-e-aprovado-sem-emendas\/","url":"https:\/\/www.blogsoestado.com\/danielmatos\/orcamento-de-sao-luis-2015-e-aprovado-sem-emendas\/","name":"Or\u00e7amento de S\u00e3o Lu\u00eds 2015 \u00e9 aprovado sem emendas - Daniel Matos","isPartOf":{"@id":"https:\/\/www.blogsoestado.com\/danielmatos\/#website"},"datePublished":"2014-12-22T19:55:29+00:00","author":{"@id":""},"breadcrumb":{"@id":"https:\/\/www.blogsoestado.com\/danielmatos\/orcamento-de-sao-luis-2015-e-aprovado-sem-emendas\/#breadcrumb"},"inLanguage":"pt-BR","potentialAction":[{"@type":"ReadAction","target":["https:\/\/www.blogsoestado.com\/danielmatos\/orcamento-de-sao-luis-2015-e-aprovado-sem-emendas\/"]}]},{"@type":"BreadcrumbList","@id":"https:\/\/www.blogsoestado.com\/danielmatos\/orcamento-de-sao-luis-2015-e-aprovado-sem-emendas\/#breadcrumb","itemListElement":[{"@type":"ListItem","position":1,"name":"In\u00edcio","item":"https:\/\/www.blogsoestado.com\/danielmatos\/"},{"@type":"ListItem","position":2,"name":"Or\u00e7amento de S\u00e3o Lu\u00eds 2015 \u00e9 aprovado sem emendas"}]},{"@type":"WebSite","@id":"https:\/\/www.blogsoestado.com\/danielmatos\/#website","url":"https:\/\/www.blogsoestado.com\/danielmatos\/","name":"Daniel Matos","description":"","potentialAction":[{"@type":"SearchAction","target":{"@type":"EntryPoint","urlTemplate":"https:\/\/www.blogsoestado.com\/danielmatos\/?s={search_term_string}"},"query-input":{"@type":"PropertyValueSpecification","valueRequired":true,"valueName":"search_term_string"}}],"inLanguage":"pt-BR"}]}},"jetpack_featured_media_url":"","_links":{"self":[{"href":"https:\/\/www.blogsoestado.com\/danielmatos\/wp-json\/wp\/v2\/posts\/21251","targetHints":{"allow":["GET"]}}],"collection":[{"href":"https:\/\/www.blogsoestado.com\/danielmatos\/wp-json\/wp\/v2\/posts"}],"about":[{"href":"https:\/\/www.blogsoestado.com\/danielmatos\/wp-json\/wp\/v2\/types\/post"}],"replies":[{"embeddable":true,"href":"https:\/\/www.blogsoestado.com\/danielmatos\/wp-json\/wp\/v2\/comments?post=21251"}],"version-history":[{"count":0,"href":"https:\/\/www.blogsoestado.com\/danielmatos\/wp-json\/wp\/v2\/posts\/21251\/revisions"}],"wp:attachment":[{"href":"https:\/\/www.blogsoestado.com\/danielmatos\/wp-json\/wp\/v2\/media?parent=21251"}],"wp:term":[{"taxonomy":"category","embeddable":true,"href":"https:\/\/www.blogsoestado.com\/danielmatos\/wp-json\/wp\/v2\/categories?post=21251"},{"taxonomy":"post_tag","embeddable":true,"href":"https:\/\/www.blogsoestado.com\/danielmatos\/wp-json\/wp\/v2\/tags?post=21251"}],"curies":[{"name":"wp","href":"https:\/\/api.w.org\/{rel}","templated":true}]}}